{"id":890,"date":"2012-03-30T00:00:00","date_gmt":"2012-03-30T03:00:00","guid":{"rendered":"http:\/\/sindmoveis.com.br\/imprensa\/noticias\/designers-avancam-rumo-a-regulamentacao\/"},"modified":"2021-05-26T10:24:55","modified_gmt":"2021-05-26T13:24:55","slug":"designers-avancam-rumo-a-regulamentacao","status":"publish","type":"post","link":"https:\/\/www.sindmoveis.com.br\/es\/designers-avancam-rumo-a-regulamentacao\/","title":{"rendered":"Dise\u00f1adores avanzan rumbo a la reglamentaci\u00f3n"},"content":{"rendered":"<p>Proyecto de ley que tramita en la C\u00e1mara Federal asegura el ejercicio de la actividad a quien compruebe pr\u00e1ctica por un per\u00edodo superior a tres a\u00f1os<br \/>\nFue aprobado el mi\u00e9rcoles 21 de marzo, por la Comisi\u00f3n de Trabajo, Administraci\u00f3n y Servicio P\u00fablico de la C\u00e1mara Federal, el proyecto de ley n\u00famero 1.391\/11, que reglamenta la profesi\u00f3n de dise\u00f1ador en Brasil. Desde la semana pasada, una comisi\u00f3n de dise\u00f1adores ven\u00eda reuni\u00e9ndose con diputados federales para estudiar modificaciones en el texto que facilitasen su aprobaci\u00f3n en la comisi\u00f3n de Constituci\u00f3n y Justicia, para donde el proyecto sigue ahora. La etapa final ser\u00e1 la sanci\u00f3n de la presidenta Dilma Rousseff.<br \/>\nEntre otras determinaciones, el proyecto de ley prev\u00e9 que el registro, control y fiscalizaci\u00f3n de la profesi\u00f3n quedan a cargo del Ministerio del Trabajo. Adem\u00e1s de ello, est\u00e1 asegurado el ejercicio de la actividad a quienes comprueben pr\u00e1ctica por un per\u00edodo superior a tres a\u00f1os, y no m\u00e1s cinco, como hab\u00eda sido propuesto en la primera versi\u00f3n del texto.<br \/>\nEl nuevo director del Sal\u00e3o Design, \u00a0Cristiano Gallina, lamenta el desamparo legal en que el dise\u00f1ador act\u00faa hoy, sin la reglamentaci\u00f3n de la actividad. Gallina cita que, aunque existan diversas asociaciones y entidades de clase, el profesional no tiene ninguna representatividad o reconocimiento jur\u00eddico, por la inexistencia de un consejo nacional. \u201c\u201dEl sector del mobiliario y el propio concurso Sal\u00e3o Design ganar\u00e1n mucho con esta conquista. En el momento en que se tiene una profesi\u00f3n reconocida en el pa\u00eds, se puede actuar con bases m\u00e1s s\u00f3lidas, haciendo que el trabajo sea m\u00e1s profesional y responsable\u201d, destaca.<br \/>\n\u00a0<br \/>\n\u00a0<\/p>\n","protected":false},"excerpt":{"rendered":"<p>Proyecto de ley que tramita en la C\u00e1mara Federal asegura el ejercicio de la actividad a quien compruebe pr\u00e1ctica por un per\u00edodo superior a tres a\u00f1os Fue aprobado el mi\u00e9rcoles&#8230;  <a class=\"excerpt-read-more\" href=\"https:\/\/www.sindmoveis.com.br\/es\/designers-avancam-rumo-a-regulamentacao\/\" title=\"Read Dise\u00f1adores avanzan rumbo a la reglamentaci\u00f3n\">Leia mais &raquo;<\/a><\/p>\n","protected":false},"author":5,"featured_media":0,"comment_status":"closed","ping_status":"open","sticky":false,"template":"","format":"standard","meta":{"footnotes":"","_links_to":"","_links_to_target":""},"categories":[2],"tags":[],"class_list":["post-890","post","type-post","status-publish","format-standard","hentry","category-sindmoveis"],"yoast_head":"<!-- This site is optimized with the Yoast SEO plugin v27.0 - https:\/\/yoast.com\/product\/yoast-seo-wordpress\/ -->\n<title>Dise\u00f1adores avanzan rumbo a la reglamentaci\u00f3n - Sindm\u00f3veis-RS<\/title>\n<meta name=\"robots\" content=\"index, follow, max-snippet:-1, max-image-preview:large, max-video-preview:-1\" \/>\n<link rel=\"canonical\" href=\"https:\/\/www.sindmoveis.com.br\/es\/designers-avancam-rumo-a-regulamentacao\/\" \/>\n<meta property=\"og:locale\" content=\"es_ES\" \/>\n<meta property=\"og:type\" content=\"article\" \/>\n<meta property=\"og:title\" content=\"Dise\u00f1adores avanzan rumbo a la reglamentaci\u00f3n - Sindm\u00f3veis-RS\" \/>\n<meta property=\"og:description\" content=\"Proyecto de ley que tramita en la C\u00e1mara Federal asegura el ejercicio de la actividad a quien compruebe pr\u00e1ctica por un per\u00edodo superior a tres a\u00f1os Fue aprobado el mi\u00e9rcoles... Leia mais &raquo;\" \/>\n<meta property=\"og:url\" content=\"https:\/\/www.sindmoveis.com.br\/es\/designers-avancam-rumo-a-regulamentacao\/\" \/>\n<meta property=\"og:site_name\" content=\"Sindm\u00f3veis-RS\" \/>\n<meta property=\"article:published_time\" content=\"2012-03-30T03:00:00+00:00\" \/>\n<meta property=\"article:modified_time\" content=\"2021-05-26T13:24:55+00:00\" \/>\n<meta name=\"author\" content=\"Imprensa Sindm\u00f3veis\" \/>\n<meta name=\"twitter:card\" content=\"summary_large_image\" \/>\n<meta name=\"twitter:label1\" content=\"Escrito por\" \/>\n\t<meta name=\"twitter:data1\" content=\"Imprensa Sindm\u00f3veis\" \/>\n\t<meta name=\"twitter:label2\" content=\"Tiempo de lectura\" \/>\n\t<meta name=\"twitter:data2\" content=\"2 minutos\" \/>\n<script type=\"application\/ld+json\" class=\"yoast-schema-graph\">{\"@context\":\"https:\/\/schema.org\",\"@graph\":[{\"@type\":\"Article\",\"@id\":\"https:\/\/www.sindmoveis.com.br\/es\/designers-avancam-rumo-a-regulamentacao\/#article\",\"isPartOf\":{\"@id\":\"https:\/\/www.sindmoveis.com.br\/es\/designers-avancam-rumo-a-regulamentacao\/\"},\"author\":{\"name\":\"Imprensa Sindm\u00f3veis\",\"@id\":\"https:\/\/www.sindmoveis.com.br\/es\/#\/schema\/person\/16d379542db1950a17fe188179340d57\"},\"headline\":\"Dise\u00f1adores avanzan rumbo a la reglamentaci\u00f3n\",\"datePublished\":\"2012-03-30T03:00:00+00:00\",\"dateModified\":\"2021-05-26T13:24:55+00:00\",\"mainEntityOfPage\":{\"@id\":\"https:\/\/www.sindmoveis.com.br\/es\/designers-avancam-rumo-a-regulamentacao\/\"},\"wordCount\":309,\"articleSection\":[\"Sindm\u00f3veis\"],\"inLanguage\":\"es\"},{\"@type\":\"WebPage\",\"@id\":\"https:\/\/www.sindmoveis.com.br\/es\/designers-avancam-rumo-a-regulamentacao\/\",\"url\":\"https:\/\/www.sindmoveis.com.br\/es\/designers-avancam-rumo-a-regulamentacao\/\",\"name\":\"Dise\u00f1adores avanzan rumbo a la reglamentaci\u00f3n - Sindm\u00f3veis-RS\",\"isPartOf\":{\"@id\":\"https:\/\/www.sindmoveis.com.br\/es\/#website\"},\"datePublished\":\"2012-03-30T03:00:00+00:00\",\"dateModified\":\"2021-05-26T13:24:55+00:00\",\"author\":{\"@id\":\"https:\/\/www.sindmoveis.com.br\/es\/#\/schema\/person\/16d379542db1950a17fe188179340d57\"},\"inLanguage\":\"es\",\"potentialAction\":[{\"@type\":\"ReadAction\",\"target\":[\"https:\/\/www.sindmoveis.com.br\/es\/designers-avancam-rumo-a-regulamentacao\/\"]}]},{\"@type\":\"WebSite\",\"@id\":\"https:\/\/www.sindmoveis.com.br\/es\/#website\",\"url\":\"https:\/\/www.sindmoveis.com.br\/es\/\",\"name\":\"Sindm\u00f3veis-RS\",\"description\":\"\",\"potentialAction\":[{\"@type\":\"SearchAction\",\"target\":{\"@type\":\"EntryPoint\",\"urlTemplate\":\"https:\/\/www.sindmoveis.com.br\/es\/?s={search_term_string}\"},\"query-input\":{\"@type\":\"PropertyValueSpecification\",\"valueRequired\":true,\"valueName\":\"search_term_string\"}}],\"inLanguage\":\"es\"},{\"@type\":\"Person\",\"@id\":\"https:\/\/www.sindmoveis.com.br\/es\/#\/schema\/person\/16d379542db1950a17fe188179340d57\",\"name\":\"Imprensa Sindm\u00f3veis\",\"image\":{\"@type\":\"ImageObject\",\"inLanguage\":\"es\",\"@id\":\"https:\/\/www.sindmoveis.com.br\/es\/#\/schema\/person\/image\/\",\"url\":\"https:\/\/secure.gravatar.com\/avatar\/4973e2e2c2a0cb5db30b0c7b770041b8e33d048a16b695a1f99c042449d4bfaf?s=96&d=mm&r=g\",\"contentUrl\":\"https:\/\/secure.gravatar.com\/avatar\/4973e2e2c2a0cb5db30b0c7b770041b8e33d048a16b695a1f99c042449d4bfaf?s=96&d=mm&r=g\",\"caption\":\"Imprensa Sindm\u00f3veis\"},\"url\":\"https:\/\/www.sindmoveis.com.br\/es\/author\/ana\/\"}]}<\/script>\n<!-- \/ Yoast SEO plugin. -->","yoast_head_json":{"title":"Dise\u00f1adores avanzan rumbo a la reglamentaci\u00f3n - Sindm\u00f3veis-RS","robots":{"index":"index","follow":"follow","max-snippet":"max-snippet:-1","max-image-preview":"max-image-preview:large","max-video-preview":"max-video-preview:-1"},"canonical":"https:\/\/www.sindmoveis.com.br\/es\/designers-avancam-rumo-a-regulamentacao\/","og_locale":"es_ES","og_type":"article","og_title":"Dise\u00f1adores avanzan rumbo a la reglamentaci\u00f3n - Sindm\u00f3veis-RS","og_description":"Proyecto de ley que tramita en la C\u00e1mara Federal asegura el ejercicio de la actividad a quien compruebe pr\u00e1ctica por un per\u00edodo superior a tres a\u00f1os Fue aprobado el mi\u00e9rcoles... Leia mais &raquo;","og_url":"https:\/\/www.sindmoveis.com.br\/es\/designers-avancam-rumo-a-regulamentacao\/","og_site_name":"Sindm\u00f3veis-RS","article_published_time":"2012-03-30T03:00:00+00:00","article_modified_time":"2021-05-26T13:24:55+00:00","author":"Imprensa Sindm\u00f3veis","twitter_card":"summary_large_image","twitter_misc":{"Escrito por":"Imprensa Sindm\u00f3veis","Tiempo de lectura":"2 minutos"},"schema":{"@context":"https:\/\/schema.org","@graph":[{"@type":"Article","@id":"https:\/\/www.sindmoveis.com.br\/es\/designers-avancam-rumo-a-regulamentacao\/#article","isPartOf":{"@id":"https:\/\/www.sindmoveis.com.br\/es\/designers-avancam-rumo-a-regulamentacao\/"},"author":{"name":"Imprensa Sindm\u00f3veis","@id":"https:\/\/www.sindmoveis.com.br\/es\/#\/schema\/person\/16d379542db1950a17fe188179340d57"},"headline":"Dise\u00f1adores avanzan rumbo a la reglamentaci\u00f3n","datePublished":"2012-03-30T03:00:00+00:00","dateModified":"2021-05-26T13:24:55+00:00","mainEntityOfPage":{"@id":"https:\/\/www.sindmoveis.com.br\/es\/designers-avancam-rumo-a-regulamentacao\/"},"wordCount":309,"articleSection":["Sindm\u00f3veis"],"inLanguage":"es"},{"@type":"WebPage","@id":"https:\/\/www.sindmoveis.com.br\/es\/designers-avancam-rumo-a-regulamentacao\/","url":"https:\/\/www.sindmoveis.com.br\/es\/designers-avancam-rumo-a-regulamentacao\/","name":"Dise\u00f1adores avanzan rumbo a la reglamentaci\u00f3n - Sindm\u00f3veis-RS","isPartOf":{"@id":"https:\/\/www.sindmoveis.com.br\/es\/#website"},"datePublished":"2012-03-30T03:00:00+00:00","dateModified":"2021-05-26T13:24:55+00:00","author":{"@id":"https:\/\/www.sindmoveis.com.br\/es\/#\/schema\/person\/16d379542db1950a17fe188179340d57"},"inLanguage":"es","potentialAction":[{"@type":"ReadAction","target":["https:\/\/www.sindmoveis.com.br\/es\/designers-avancam-rumo-a-regulamentacao\/"]}]},{"@type":"WebSite","@id":"https:\/\/www.sindmoveis.com.br\/es\/#website","url":"https:\/\/www.sindmoveis.com.br\/es\/","name":"Sindm\u00f3veis-RS","description":"","potentialAction":[{"@type":"SearchAction","target":{"@type":"EntryPoint","urlTemplate":"https:\/\/www.sindmoveis.com.br\/es\/?s={search_term_string}"},"query-input":{"@type":"PropertyValueSpecification","valueRequired":true,"valueName":"search_term_string"}}],"inLanguage":"es"},{"@type":"Person","@id":"https:\/\/www.sindmoveis.com.br\/es\/#\/schema\/person\/16d379542db1950a17fe188179340d57","name":"Imprensa Sindm\u00f3veis","image":{"@type":"ImageObject","inLanguage":"es","@id":"https:\/\/www.sindmoveis.com.br\/es\/#\/schema\/person\/image\/","url":"https:\/\/secure.gravatar.com\/avatar\/4973e2e2c2a0cb5db30b0c7b770041b8e33d048a16b695a1f99c042449d4bfaf?s=96&d=mm&r=g","contentUrl":"https:\/\/secure.gravatar.com\/avatar\/4973e2e2c2a0cb5db30b0c7b770041b8e33d048a16b695a1f99c042449d4bfaf?s=96&d=mm&r=g","caption":"Imprensa Sindm\u00f3veis"},"url":"https:\/\/www.sindmoveis.com.br\/es\/author\/ana\/"}]}},"_links":{"self":[{"href":"https:\/\/www.sindmoveis.com.br\/es\/wp-json\/wp\/v2\/posts\/890","targetHints":{"allow":["GET"]}}],"collection":[{"href":"https:\/\/www.sindmoveis.com.br\/es\/wp-json\/wp\/v2\/posts"}],"about":[{"href":"https:\/\/www.sindmoveis.com.br\/es\/wp-json\/wp\/v2\/types\/post"}],"author":[{"embeddable":true,"href":"https:\/\/www.sindmoveis.com.br\/es\/wp-json\/wp\/v2\/users\/5"}],"replies":[{"embeddable":true,"href":"https:\/\/www.sindmoveis.com.br\/es\/wp-json\/wp\/v2\/comments?post=890"}],"version-history":[{"count":2,"href":"https:\/\/www.sindmoveis.com.br\/es\/wp-json\/wp\/v2\/posts\/890\/revisions"}],"predecessor-version":[{"id":3199,"href":"https:\/\/www.sindmoveis.com.br\/es\/wp-json\/wp\/v2\/posts\/890\/revisions\/3199"}],"wp:attachment":[{"href":"https:\/\/www.sindmoveis.com.br\/es\/wp-json\/wp\/v2\/media?parent=890"}],"wp:term":[{"taxonomy":"category","embeddable":true,"href":"https:\/\/www.sindmoveis.com.br\/es\/wp-json\/wp\/v2\/categories?post=890"},{"taxonomy":"post_tag","embeddable":true,"href":"https:\/\/www.sindmoveis.com.br\/es\/wp-json\/wp\/v2\/tags?post=890"}],"curies":[{"name":"wp","href":"https:\/\/api.w.org\/{rel}","templated":true}]}}