{"id":889,"date":"2012-03-30T00:00:00","date_gmt":"2012-03-30T03:00:00","guid":{"rendered":"http:\/\/sindmoveis.com.br\/imprensa\/noticias\/descerramento-da-placa-homenageia-diretoria-da-movelsul-brasil-2012\/"},"modified":"2021-05-26T10:31:44","modified_gmt":"2021-05-26T13:31:44","slug":"descerramento-da-placa-homenageia-diretoria-da-movelsul-brasil-2012","status":"publish","type":"post","link":"https:\/\/www.sindmoveis.com.br\/es\/descerramento-da-placa-homenageia-diretoria-da-movelsul-brasil-2012\/","title":{"rendered":"Descubierta de  placa homenajea directorio de Movelsul Brasil 2012"},"content":{"rendered":"<p>Tradicional acto marc\u00f3 el pen\u00faltimo d\u00eda de la feria, en el Parque de Eventos<br \/>\n\u00a0<br \/>\nUna de las solemnidades m\u00e1s tradicionales de Movelsul Brasil, la descubierta de la placa que homenajea \u00a0los directores de la feria, fue realizada al final de la tarde del jueves 29 de marzo, en el Pabell\u00f3n A. Conducida por la presidente del Sindicato de las Industrias del Mobiliario de Bento Gon\u00e7alves \u2013 Sindm\u00f3veis, C\u00e1tia Scarton, la ceremonia conmemor\u00f3 el \u00e9xito de Movelsul Brasil 2012, que asumi\u00f3 la osad\u00eda de traer al escenario de las ferias de negocios la tem\u00e1tica m\u00e1s desafiadora de la econom\u00eda del pa\u00eds. Tambi\u00e9n reconoci\u00f3 el intenso trabajo realizado por el grupo a lo largo de dos a\u00f1os, que involucr\u00f3 estudios, reuniones y mucho empe\u00f1o.<br \/>\n\u00a0\u201cPara homenajear el directorio de este feria, que con donaci\u00f3n y esfuerzo hizo posible el momento que ahora vivimos, descubrimos hoy esta placa. Es un agradecimiento sencillo pero sincero, de todos los que representan el sector del mobiliario de Bento Gon\u00e7alves a aquellos que ofrecieron sus mejores cualidades para hacer el evento que nos identifica y nos enorgullece. Adem\u00e1s de reconocer el trabajo que voluntariamente hombres y mujeres entregaron todos los d\u00edas a nuestra categor\u00eda para organizar esta feria, queremos tambi\u00e9n que esta placa nos recuerde, a todo momento, los valores que inspiran \u00a0Sindm\u00f3veis y \u00a0Movelsul: trabajo, fe, sue\u00f1o y uni\u00f3n\u201d, discurs\u00f3 C\u00e1tia. \u00a0<br \/>\nFueron homenajeados por Sindm\u00f3veis el presidente Jo\u00e3o Paulo Pompermayer; la vicepresidente, M\u00f4nica Bandeira Bianchi; la directora Financiera, Sandra Peruffo; las directoras de Comunicaci\u00f3n, Adriana Peliciolli y Vanessa Machado; el director Internacional Cesar Nepomuceno; el director de Servicios, Paulo Silva; el director de Infraestructura, Marcos Pilotti y los directores del Sal\u00e3o Design, Alexandre Lazzarotto y Cristiano Gallina.<br \/>\nMovelsul finaliz\u00f3 el viernes 30 de marzo, con la expectativa de generar m\u00e1s de U$ 330 millones en negocios, a ser realizados a lo largo de 12 meses.<br \/>\n\u00a0<\/p>\n","protected":false},"excerpt":{"rendered":"<p>Tradicional acto marc\u00f3 el pen\u00faltimo d\u00eda de la feria, en el Parque de Eventos \u00a0 Una de las solemnidades m\u00e1s tradicionales de Movelsul Brasil, la descubierta de la placa que&#8230;  <a class=\"excerpt-read-more\" href=\"https:\/\/www.sindmoveis.com.br\/es\/descerramento-da-placa-homenageia-diretoria-da-movelsul-brasil-2012\/\" title=\"Read Descubierta de  placa homenajea directorio de Movelsul Brasil 2012\">Leia mais &raquo;<\/a><\/p>\n","protected":false},"author":5,"featured_media":0,"comment_status":"closed","ping_status":"open","sticky":false,"template":"","format":"standard","meta":{"footnotes":"","_links_to":"","_links_to_target":""},"categories":[23,2],"tags":[],"class_list":["post-889","post","type-post","status-publish","format-standard","hentry","category-movelsul","category-sindmoveis"],"yoast_head":"<!-- This site is optimized with the Yoast SEO plugin v27.0 - https:\/\/yoast.com\/product\/yoast-seo-wordpress\/ -->\n<title>Descubierta de placa homenajea directorio de Movelsul Brasil 2012 - Sindm\u00f3veis-RS<\/title>\n<meta name=\"robots\" content=\"index, follow, max-snippet:-1, max-image-preview:large, max-video-preview:-1\" \/>\n<link rel=\"canonical\" href=\"https:\/\/www.sindmoveis.com.br\/es\/descerramento-da-placa-homenageia-diretoria-da-movelsul-brasil-2012\/\" \/>\n<meta property=\"og:locale\" content=\"es_ES\" \/>\n<meta property=\"og:type\" content=\"article\" \/>\n<meta property=\"og:title\" content=\"Descubierta de placa homenajea directorio de Movelsul Brasil 2012 - Sindm\u00f3veis-RS\" \/>\n<meta property=\"og:description\" content=\"Tradicional acto marc\u00f3 el pen\u00faltimo d\u00eda de la feria, en el Parque de Eventos \u00a0 Una de las solemnidades m\u00e1s tradicionales de Movelsul Brasil, la descubierta de la placa que... Leia mais &raquo;\" \/>\n<meta property=\"og:url\" content=\"https:\/\/www.sindmoveis.com.br\/es\/descerramento-da-placa-homenageia-diretoria-da-movelsul-brasil-2012\/\" \/>\n<meta property=\"og:site_name\" content=\"Sindm\u00f3veis-RS\" \/>\n<meta property=\"article:published_time\" content=\"2012-03-30T03:00:00+00:00\" \/>\n<meta property=\"article:modified_time\" content=\"2021-05-26T13:31:44+00:00\" \/>\n<meta name=\"author\" content=\"Imprensa Sindm\u00f3veis\" \/>\n<meta name=\"twitter:card\" content=\"summary_large_image\" \/>\n<meta name=\"twitter:label1\" content=\"Escrito por\" \/>\n\t<meta name=\"twitter:data1\" content=\"Imprensa Sindm\u00f3veis\" \/>\n\t<meta name=\"twitter:label2\" content=\"Tiempo de lectura\" \/>\n\t<meta name=\"twitter:data2\" content=\"2 minutos\" \/>\n<script type=\"application\/ld+json\" class=\"yoast-schema-graph\">{\"@context\":\"https:\/\/schema.org\",\"@graph\":[{\"@type\":\"Article\",\"@id\":\"https:\/\/www.sindmoveis.com.br\/es\/descerramento-da-placa-homenageia-diretoria-da-movelsul-brasil-2012\/#article\",\"isPartOf\":{\"@id\":\"https:\/\/www.sindmoveis.com.br\/es\/descerramento-da-placa-homenageia-diretoria-da-movelsul-brasil-2012\/\"},\"author\":{\"name\":\"Imprensa Sindm\u00f3veis\",\"@id\":\"https:\/\/www.sindmoveis.com.br\/es\/#\/schema\/person\/16d379542db1950a17fe188179340d57\"},\"headline\":\"Descubierta de placa homenajea directorio de Movelsul Brasil 2012\",\"datePublished\":\"2012-03-30T03:00:00+00:00\",\"dateModified\":\"2021-05-26T13:31:44+00:00\",\"mainEntityOfPage\":{\"@id\":\"https:\/\/www.sindmoveis.com.br\/es\/descerramento-da-placa-homenageia-diretoria-da-movelsul-brasil-2012\/\"},\"wordCount\":342,\"articleSection\":[\"Movelsul\",\"Sindm\u00f3veis\"],\"inLanguage\":\"es\"},{\"@type\":\"WebPage\",\"@id\":\"https:\/\/www.sindmoveis.com.br\/es\/descerramento-da-placa-homenageia-diretoria-da-movelsul-brasil-2012\/\",\"url\":\"https:\/\/www.sindmoveis.com.br\/es\/descerramento-da-placa-homenageia-diretoria-da-movelsul-brasil-2012\/\",\"name\":\"Descubierta de placa homenajea directorio de Movelsul Brasil 2012 - Sindm\u00f3veis-RS\",\"isPartOf\":{\"@id\":\"https:\/\/www.sindmoveis.com.br\/es\/#website\"},\"datePublished\":\"2012-03-30T03:00:00+00:00\",\"dateModified\":\"2021-05-26T13:31:44+00:00\",\"author\":{\"@id\":\"https:\/\/www.sindmoveis.com.br\/es\/#\/schema\/person\/16d379542db1950a17fe188179340d57\"},\"inLanguage\":\"es\",\"potentialAction\":[{\"@type\":\"ReadAction\",\"target\":[\"https:\/\/www.sindmoveis.com.br\/es\/descerramento-da-placa-homenageia-diretoria-da-movelsul-brasil-2012\/\"]}]},{\"@type\":\"WebSite\",\"@id\":\"https:\/\/www.sindmoveis.com.br\/es\/#website\",\"url\":\"https:\/\/www.sindmoveis.com.br\/es\/\",\"name\":\"Sindm\u00f3veis-RS\",\"description\":\"\",\"potentialAction\":[{\"@type\":\"SearchAction\",\"target\":{\"@type\":\"EntryPoint\",\"urlTemplate\":\"https:\/\/www.sindmoveis.com.br\/es\/?s={search_term_string}\"},\"query-input\":{\"@type\":\"PropertyValueSpecification\",\"valueRequired\":true,\"valueName\":\"search_term_string\"}}],\"inLanguage\":\"es\"},{\"@type\":\"Person\",\"@id\":\"https:\/\/www.sindmoveis.com.br\/es\/#\/schema\/person\/16d379542db1950a17fe188179340d57\",\"name\":\"Imprensa Sindm\u00f3veis\",\"image\":{\"@type\":\"ImageObject\",\"inLanguage\":\"es\",\"@id\":\"https:\/\/www.sindmoveis.com.br\/es\/#\/schema\/person\/image\/\",\"url\":\"https:\/\/secure.gravatar.com\/avatar\/4973e2e2c2a0cb5db30b0c7b770041b8e33d048a16b695a1f99c042449d4bfaf?s=96&d=mm&r=g\",\"contentUrl\":\"https:\/\/secure.gravatar.com\/avatar\/4973e2e2c2a0cb5db30b0c7b770041b8e33d048a16b695a1f99c042449d4bfaf?s=96&d=mm&r=g\",\"caption\":\"Imprensa Sindm\u00f3veis\"},\"url\":\"https:\/\/www.sindmoveis.com.br\/es\/author\/ana\/\"}]}<\/script>\n<!-- \/ Yoast SEO plugin. -->","yoast_head_json":{"title":"Descubierta de placa homenajea directorio de Movelsul Brasil 2012 - Sindm\u00f3veis-RS","robots":{"index":"index","follow":"follow","max-snippet":"max-snippet:-1","max-image-preview":"max-image-preview:large","max-video-preview":"max-video-preview:-1"},"canonical":"https:\/\/www.sindmoveis.com.br\/es\/descerramento-da-placa-homenageia-diretoria-da-movelsul-brasil-2012\/","og_locale":"es_ES","og_type":"article","og_title":"Descubierta de placa homenajea directorio de Movelsul Brasil 2012 - Sindm\u00f3veis-RS","og_description":"Tradicional acto marc\u00f3 el pen\u00faltimo d\u00eda de la feria, en el Parque de Eventos \u00a0 Una de las solemnidades m\u00e1s tradicionales de Movelsul Brasil, la descubierta de la placa que... Leia mais &raquo;","og_url":"https:\/\/www.sindmoveis.com.br\/es\/descerramento-da-placa-homenageia-diretoria-da-movelsul-brasil-2012\/","og_site_name":"Sindm\u00f3veis-RS","article_published_time":"2012-03-30T03:00:00+00:00","article_modified_time":"2021-05-26T13:31:44+00:00","author":"Imprensa Sindm\u00f3veis","twitter_card":"summary_large_image","twitter_misc":{"Escrito por":"Imprensa Sindm\u00f3veis","Tiempo de lectura":"2 minutos"},"schema":{"@context":"https:\/\/schema.org","@graph":[{"@type":"Article","@id":"https:\/\/www.sindmoveis.com.br\/es\/descerramento-da-placa-homenageia-diretoria-da-movelsul-brasil-2012\/#article","isPartOf":{"@id":"https:\/\/www.sindmoveis.com.br\/es\/descerramento-da-placa-homenageia-diretoria-da-movelsul-brasil-2012\/"},"author":{"name":"Imprensa Sindm\u00f3veis","@id":"https:\/\/www.sindmoveis.com.br\/es\/#\/schema\/person\/16d379542db1950a17fe188179340d57"},"headline":"Descubierta de placa homenajea directorio de Movelsul Brasil 2012","datePublished":"2012-03-30T03:00:00+00:00","dateModified":"2021-05-26T13:31:44+00:00","mainEntityOfPage":{"@id":"https:\/\/www.sindmoveis.com.br\/es\/descerramento-da-placa-homenageia-diretoria-da-movelsul-brasil-2012\/"},"wordCount":342,"articleSection":["Movelsul","Sindm\u00f3veis"],"inLanguage":"es"},{"@type":"WebPage","@id":"https:\/\/www.sindmoveis.com.br\/es\/descerramento-da-placa-homenageia-diretoria-da-movelsul-brasil-2012\/","url":"https:\/\/www.sindmoveis.com.br\/es\/descerramento-da-placa-homenageia-diretoria-da-movelsul-brasil-2012\/","name":"Descubierta de placa homenajea directorio de Movelsul Brasil 2012 - Sindm\u00f3veis-RS","isPartOf":{"@id":"https:\/\/www.sindmoveis.com.br\/es\/#website"},"datePublished":"2012-03-30T03:00:00+00:00","dateModified":"2021-05-26T13:31:44+00:00","author":{"@id":"https:\/\/www.sindmoveis.com.br\/es\/#\/schema\/person\/16d379542db1950a17fe188179340d57"},"inLanguage":"es","potentialAction":[{"@type":"ReadAction","target":["https:\/\/www.sindmoveis.com.br\/es\/descerramento-da-placa-homenageia-diretoria-da-movelsul-brasil-2012\/"]}]},{"@type":"WebSite","@id":"https:\/\/www.sindmoveis.com.br\/es\/#website","url":"https:\/\/www.sindmoveis.com.br\/es\/","name":"Sindm\u00f3veis-RS","description":"","potentialAction":[{"@type":"SearchAction","target":{"@type":"EntryPoint","urlTemplate":"https:\/\/www.sindmoveis.com.br\/es\/?s={search_term_string}"},"query-input":{"@type":"PropertyValueSpecification","valueRequired":true,"valueName":"search_term_string"}}],"inLanguage":"es"},{"@type":"Person","@id":"https:\/\/www.sindmoveis.com.br\/es\/#\/schema\/person\/16d379542db1950a17fe188179340d57","name":"Imprensa Sindm\u00f3veis","image":{"@type":"ImageObject","inLanguage":"es","@id":"https:\/\/www.sindmoveis.com.br\/es\/#\/schema\/person\/image\/","url":"https:\/\/secure.gravatar.com\/avatar\/4973e2e2c2a0cb5db30b0c7b770041b8e33d048a16b695a1f99c042449d4bfaf?s=96&d=mm&r=g","contentUrl":"https:\/\/secure.gravatar.com\/avatar\/4973e2e2c2a0cb5db30b0c7b770041b8e33d048a16b695a1f99c042449d4bfaf?s=96&d=mm&r=g","caption":"Imprensa Sindm\u00f3veis"},"url":"https:\/\/www.sindmoveis.com.br\/es\/author\/ana\/"}]}},"_links":{"self":[{"href":"https:\/\/www.sindmoveis.com.br\/es\/wp-json\/wp\/v2\/posts\/889","targetHints":{"allow":["GET"]}}],"collection":[{"href":"https:\/\/www.sindmoveis.com.br\/es\/wp-json\/wp\/v2\/posts"}],"about":[{"href":"https:\/\/www.sindmoveis.com.br\/es\/wp-json\/wp\/v2\/types\/post"}],"author":[{"embeddable":true,"href":"https:\/\/www.sindmoveis.com.br\/es\/wp-json\/wp\/v2\/users\/5"}],"replies":[{"embeddable":true,"href":"https:\/\/www.sindmoveis.com.br\/es\/wp-json\/wp\/v2\/comments?post=889"}],"version-history":[{"count":2,"href":"https:\/\/www.sindmoveis.com.br\/es\/wp-json\/wp\/v2\/posts\/889\/revisions"}],"predecessor-version":[{"id":3198,"href":"https:\/\/www.sindmoveis.com.br\/es\/wp-json\/wp\/v2\/posts\/889\/revisions\/3198"}],"wp:attachment":[{"href":"https:\/\/www.sindmoveis.com.br\/es\/wp-json\/wp\/v2\/media?parent=889"}],"wp:term":[{"taxonomy":"category","embeddable":true,"href":"https:\/\/www.sindmoveis.com.br\/es\/wp-json\/wp\/v2\/categories?post=889"},{"taxonomy":"post_tag","embeddable":true,"href":"https:\/\/www.sindmoveis.com.br\/es\/wp-json\/wp\/v2\/tags?post=889"}],"curies":[{"name":"wp","href":"https:\/\/api.w.org\/{rel}","templated":true}]}}