{"id":887,"date":"2012-03-30T00:00:00","date_gmt":"2012-03-30T03:00:00","guid":{"rendered":"http:\/\/sindmoveis.com.br\/imprensa\/noticias\/premiados-do-salao-design-recebem-trofeu-em-cerimonia-na-movelsul-brasil\/"},"modified":"2021-05-26T10:31:44","modified_gmt":"2021-05-26T13:31:44","slug":"premiados-do-salao-design-recebem-trofeu-em-cerimonia-na-movelsul-brasil","status":"publish","type":"post","link":"https:\/\/www.sindmoveis.com.br\/es\/premiados-do-salao-design-recebem-trofeu-em-cerimonia-na-movelsul-brasil\/","title":{"rendered":"Premiados del Sal\u00e3o Design reciben trofeo en ceremonia en Movelsul Brasil"},"content":{"rendered":"<p>La noche de mi\u00e9rcoles, d\u00eda 28 de marzo, los autores de los 19 trabajos premiados para la 16\u00aa edici\u00f3n del Sal\u00e3o Design Movelsul, recibieron el trofeo del concurso, en ceremonia realizada en el Grand Hotel Dall\u2019Onder. Este a\u00f1o, la tem\u00e1tica fue alineada a la de la feria, que abord\u00f3 las necesidades y estilo de la clase C.<br \/>\n&#8211; Al dedicar una feria como Movelsul a los productos y creaciones idealizados para la nueva clase media brasile\u00f1a, volvimos nuestros ojos para un mercado que fermenta en el rastro del crecimiento econ\u00f3mico e incluye millones de personas en las carpetas de clientes de las empresas fabricantes de muebles de Brasil \u2013 afirm\u00f3 la presidente del Sindicato de las Industrias del Mobiliario \u2013 Sindm\u00f3veis, C\u00e1tia Scarton.\u00a0<br \/>\nM\u00e1s que en la forma, la edici\u00f3n 2012 del Concurso Sal\u00e3o Design fue focalizada en un nuevo mercado y, principalmente, en c\u00f3mo atenderlo. La ceremonia tambi\u00e9n marc\u00f3 el inicio del nuevo directorio del concurso, que ahora es comandado por el dise\u00f1ador Cristiano Gallina. El comienzo de su gesti\u00f3n tambi\u00e9n ser\u00e1 marcado por la expectativa de la profesionalizaci\u00f3n de la profesi\u00f3n de dise\u00f1ador.<br \/>\nFue aprobado en la Comisi\u00f3n de Trabajo y Previdencia de la C\u00e1mara Federal el Proyecto de Ley 1.391, que reglamenta nuestra profesi\u00f3n. A partir de ahora, la materia sigue para aprobaci\u00f3n por \u00a0la Comisi\u00f3n de Justicia. Como es un proyecto conclusivo, no es necesaria su votaci\u00f3n en el plenario, siguiendo directo para el Senado. El a\u00f1o en que conmemoramos la democratizaci\u00f3n del dise\u00f1o en una feria del porte de Movelsul, contamos con la conclusi\u00f3n de todo el proceso. Ser\u00e1 una victoria y una gran satisfacci\u00f3n para todos nosotros dise\u00f1adores \u2013 discurso Gallina.<br \/>\nhttp:\/\/www.salaodesign.com.br\/blog\/.<br \/>\nEl Concurso Sal\u00e3o Design est\u00e1 en su 16\u00aa edici\u00f3n y ya ha juzgado 9.479 trabajos desde 1988. Adem\u00e1s de los premiados, todos los seleccionados para la fase final de evaluaci\u00f3n hicieron parte de la exposici\u00f3n del Concurso en Movelsul Brasil 2012. M\u00e1s informaciones sobre el premio est\u00e1n publicadas en el blog del Sal\u00e3o Design: http:\/\/www.salaodesign.com.br\/blog\/\u00a0<br \/>\n\u00a0<\/p>\n","protected":false},"excerpt":{"rendered":"<p>La noche de mi\u00e9rcoles, d\u00eda 28 de marzo, los autores de los 19 trabajos premiados para la 16\u00aa edici\u00f3n del Sal\u00e3o Design Movelsul, recibieron el trofeo del concurso, en ceremonia&#8230;  <a class=\"excerpt-read-more\" href=\"https:\/\/www.sindmoveis.com.br\/es\/premiados-do-salao-design-recebem-trofeu-em-cerimonia-na-movelsul-brasil\/\" title=\"Read Premiados del Sal\u00e3o Design reciben trofeo en ceremonia en Movelsul Brasil\">Leia mais &raquo;<\/a><\/p>\n","protected":false},"author":5,"featured_media":0,"comment_status":"closed","ping_status":"open","sticky":false,"template":"","format":"standard","meta":{"footnotes":"","_links_to":"","_links_to_target":""},"categories":[23,21,2],"tags":[],"class_list":["post-887","post","type-post","status-publish","format-standard","hentry","category-movelsul","category-premio-salao-design","category-sindmoveis"],"yoast_head":"<!-- This site is optimized with the Yoast SEO plugin v27.0 - https:\/\/yoast.com\/product\/yoast-seo-wordpress\/ -->\n<title>Premiados del Sal\u00e3o Design reciben trofeo en ceremonia en Movelsul Brasil - Sindm\u00f3veis-RS<\/title>\n<meta name=\"robots\" content=\"index, follow, max-snippet:-1, max-image-preview:large, max-video-preview:-1\" \/>\n<link rel=\"canonical\" href=\"https:\/\/www.sindmoveis.com.br\/es\/premiados-do-salao-design-recebem-trofeu-em-cerimonia-na-movelsul-brasil\/\" \/>\n<meta property=\"og:locale\" content=\"es_ES\" \/>\n<meta property=\"og:type\" content=\"article\" \/>\n<meta property=\"og:title\" content=\"Premiados del Sal\u00e3o Design reciben trofeo en ceremonia en Movelsul Brasil - Sindm\u00f3veis-RS\" \/>\n<meta property=\"og:description\" content=\"La noche de mi\u00e9rcoles, d\u00eda 28 de marzo, los autores de los 19 trabajos premiados para la 16\u00aa edici\u00f3n del Sal\u00e3o Design Movelsul, recibieron el trofeo del concurso, en ceremonia... Leia mais &raquo;\" \/>\n<meta property=\"og:url\" content=\"https:\/\/www.sindmoveis.com.br\/es\/premiados-do-salao-design-recebem-trofeu-em-cerimonia-na-movelsul-brasil\/\" \/>\n<meta property=\"og:site_name\" content=\"Sindm\u00f3veis-RS\" \/>\n<meta property=\"article:published_time\" content=\"2012-03-30T03:00:00+00:00\" \/>\n<meta property=\"article:modified_time\" content=\"2021-05-26T13:31:44+00:00\" \/>\n<meta name=\"author\" content=\"Imprensa Sindm\u00f3veis\" \/>\n<meta name=\"twitter:card\" content=\"summary_large_image\" \/>\n<meta name=\"twitter:label1\" content=\"Escrito por\" \/>\n\t<meta name=\"twitter:data1\" content=\"Imprensa Sindm\u00f3veis\" \/>\n\t<meta name=\"twitter:label2\" content=\"Tiempo de lectura\" \/>\n\t<meta name=\"twitter:data2\" content=\"2 minutos\" \/>\n<script type=\"application\/ld+json\" class=\"yoast-schema-graph\">{\"@context\":\"https:\/\/schema.org\",\"@graph\":[{\"@type\":\"Article\",\"@id\":\"https:\/\/www.sindmoveis.com.br\/es\/premiados-do-salao-design-recebem-trofeu-em-cerimonia-na-movelsul-brasil\/#article\",\"isPartOf\":{\"@id\":\"https:\/\/www.sindmoveis.com.br\/es\/premiados-do-salao-design-recebem-trofeu-em-cerimonia-na-movelsul-brasil\/\"},\"author\":{\"name\":\"Imprensa Sindm\u00f3veis\",\"@id\":\"https:\/\/www.sindmoveis.com.br\/es\/#\/schema\/person\/16d379542db1950a17fe188179340d57\"},\"headline\":\"Premiados del Sal\u00e3o Design reciben trofeo en ceremonia en Movelsul Brasil\",\"datePublished\":\"2012-03-30T03:00:00+00:00\",\"dateModified\":\"2021-05-26T13:31:44+00:00\",\"mainEntityOfPage\":{\"@id\":\"https:\/\/www.sindmoveis.com.br\/es\/premiados-do-salao-design-recebem-trofeu-em-cerimonia-na-movelsul-brasil\/\"},\"wordCount\":385,\"articleSection\":[\"Movelsul\",\"Premio Sal\u00e3o Design\",\"Sindm\u00f3veis\"],\"inLanguage\":\"es\"},{\"@type\":\"WebPage\",\"@id\":\"https:\/\/www.sindmoveis.com.br\/es\/premiados-do-salao-design-recebem-trofeu-em-cerimonia-na-movelsul-brasil\/\",\"url\":\"https:\/\/www.sindmoveis.com.br\/es\/premiados-do-salao-design-recebem-trofeu-em-cerimonia-na-movelsul-brasil\/\",\"name\":\"Premiados del Sal\u00e3o Design reciben trofeo en ceremonia en Movelsul Brasil - Sindm\u00f3veis-RS\",\"isPartOf\":{\"@id\":\"https:\/\/www.sindmoveis.com.br\/es\/#website\"},\"datePublished\":\"2012-03-30T03:00:00+00:00\",\"dateModified\":\"2021-05-26T13:31:44+00:00\",\"author\":{\"@id\":\"https:\/\/www.sindmoveis.com.br\/es\/#\/schema\/person\/16d379542db1950a17fe188179340d57\"},\"inLanguage\":\"es\",\"potentialAction\":[{\"@type\":\"ReadAction\",\"target\":[\"https:\/\/www.sindmoveis.com.br\/es\/premiados-do-salao-design-recebem-trofeu-em-cerimonia-na-movelsul-brasil\/\"]}]},{\"@type\":\"WebSite\",\"@id\":\"https:\/\/www.sindmoveis.com.br\/es\/#website\",\"url\":\"https:\/\/www.sindmoveis.com.br\/es\/\",\"name\":\"Sindm\u00f3veis-RS\",\"description\":\"\",\"potentialAction\":[{\"@type\":\"SearchAction\",\"target\":{\"@type\":\"EntryPoint\",\"urlTemplate\":\"https:\/\/www.sindmoveis.com.br\/es\/?s={search_term_string}\"},\"query-input\":{\"@type\":\"PropertyValueSpecification\",\"valueRequired\":true,\"valueName\":\"search_term_string\"}}],\"inLanguage\":\"es\"},{\"@type\":\"Person\",\"@id\":\"https:\/\/www.sindmoveis.com.br\/es\/#\/schema\/person\/16d379542db1950a17fe188179340d57\",\"name\":\"Imprensa Sindm\u00f3veis\",\"image\":{\"@type\":\"ImageObject\",\"inLanguage\":\"es\",\"@id\":\"https:\/\/www.sindmoveis.com.br\/es\/#\/schema\/person\/image\/\",\"url\":\"https:\/\/secure.gravatar.com\/avatar\/4973e2e2c2a0cb5db30b0c7b770041b8e33d048a16b695a1f99c042449d4bfaf?s=96&d=mm&r=g\",\"contentUrl\":\"https:\/\/secure.gravatar.com\/avatar\/4973e2e2c2a0cb5db30b0c7b770041b8e33d048a16b695a1f99c042449d4bfaf?s=96&d=mm&r=g\",\"caption\":\"Imprensa Sindm\u00f3veis\"},\"url\":\"https:\/\/www.sindmoveis.com.br\/es\/author\/ana\/\"}]}<\/script>\n<!-- \/ Yoast SEO plugin. -->","yoast_head_json":{"title":"Premiados del Sal\u00e3o Design reciben trofeo en ceremonia en Movelsul Brasil - Sindm\u00f3veis-RS","robots":{"index":"index","follow":"follow","max-snippet":"max-snippet:-1","max-image-preview":"max-image-preview:large","max-video-preview":"max-video-preview:-1"},"canonical":"https:\/\/www.sindmoveis.com.br\/es\/premiados-do-salao-design-recebem-trofeu-em-cerimonia-na-movelsul-brasil\/","og_locale":"es_ES","og_type":"article","og_title":"Premiados del Sal\u00e3o Design reciben trofeo en ceremonia en Movelsul Brasil - Sindm\u00f3veis-RS","og_description":"La noche de mi\u00e9rcoles, d\u00eda 28 de marzo, los autores de los 19 trabajos premiados para la 16\u00aa edici\u00f3n del Sal\u00e3o Design Movelsul, recibieron el trofeo del concurso, en ceremonia... Leia mais &raquo;","og_url":"https:\/\/www.sindmoveis.com.br\/es\/premiados-do-salao-design-recebem-trofeu-em-cerimonia-na-movelsul-brasil\/","og_site_name":"Sindm\u00f3veis-RS","article_published_time":"2012-03-30T03:00:00+00:00","article_modified_time":"2021-05-26T13:31:44+00:00","author":"Imprensa Sindm\u00f3veis","twitter_card":"summary_large_image","twitter_misc":{"Escrito por":"Imprensa Sindm\u00f3veis","Tiempo de lectura":"2 minutos"},"schema":{"@context":"https:\/\/schema.org","@graph":[{"@type":"Article","@id":"https:\/\/www.sindmoveis.com.br\/es\/premiados-do-salao-design-recebem-trofeu-em-cerimonia-na-movelsul-brasil\/#article","isPartOf":{"@id":"https:\/\/www.sindmoveis.com.br\/es\/premiados-do-salao-design-recebem-trofeu-em-cerimonia-na-movelsul-brasil\/"},"author":{"name":"Imprensa Sindm\u00f3veis","@id":"https:\/\/www.sindmoveis.com.br\/es\/#\/schema\/person\/16d379542db1950a17fe188179340d57"},"headline":"Premiados del Sal\u00e3o Design reciben trofeo en ceremonia en Movelsul Brasil","datePublished":"2012-03-30T03:00:00+00:00","dateModified":"2021-05-26T13:31:44+00:00","mainEntityOfPage":{"@id":"https:\/\/www.sindmoveis.com.br\/es\/premiados-do-salao-design-recebem-trofeu-em-cerimonia-na-movelsul-brasil\/"},"wordCount":385,"articleSection":["Movelsul","Premio Sal\u00e3o Design","Sindm\u00f3veis"],"inLanguage":"es"},{"@type":"WebPage","@id":"https:\/\/www.sindmoveis.com.br\/es\/premiados-do-salao-design-recebem-trofeu-em-cerimonia-na-movelsul-brasil\/","url":"https:\/\/www.sindmoveis.com.br\/es\/premiados-do-salao-design-recebem-trofeu-em-cerimonia-na-movelsul-brasil\/","name":"Premiados del Sal\u00e3o Design reciben trofeo en ceremonia en Movelsul Brasil - Sindm\u00f3veis-RS","isPartOf":{"@id":"https:\/\/www.sindmoveis.com.br\/es\/#website"},"datePublished":"2012-03-30T03:00:00+00:00","dateModified":"2021-05-26T13:31:44+00:00","author":{"@id":"https:\/\/www.sindmoveis.com.br\/es\/#\/schema\/person\/16d379542db1950a17fe188179340d57"},"inLanguage":"es","potentialAction":[{"@type":"ReadAction","target":["https:\/\/www.sindmoveis.com.br\/es\/premiados-do-salao-design-recebem-trofeu-em-cerimonia-na-movelsul-brasil\/"]}]},{"@type":"WebSite","@id":"https:\/\/www.sindmoveis.com.br\/es\/#website","url":"https:\/\/www.sindmoveis.com.br\/es\/","name":"Sindm\u00f3veis-RS","description":"","potentialAction":[{"@type":"SearchAction","target":{"@type":"EntryPoint","urlTemplate":"https:\/\/www.sindmoveis.com.br\/es\/?s={search_term_string}"},"query-input":{"@type":"PropertyValueSpecification","valueRequired":true,"valueName":"search_term_string"}}],"inLanguage":"es"},{"@type":"Person","@id":"https:\/\/www.sindmoveis.com.br\/es\/#\/schema\/person\/16d379542db1950a17fe188179340d57","name":"Imprensa Sindm\u00f3veis","image":{"@type":"ImageObject","inLanguage":"es","@id":"https:\/\/www.sindmoveis.com.br\/es\/#\/schema\/person\/image\/","url":"https:\/\/secure.gravatar.com\/avatar\/4973e2e2c2a0cb5db30b0c7b770041b8e33d048a16b695a1f99c042449d4bfaf?s=96&d=mm&r=g","contentUrl":"https:\/\/secure.gravatar.com\/avatar\/4973e2e2c2a0cb5db30b0c7b770041b8e33d048a16b695a1f99c042449d4bfaf?s=96&d=mm&r=g","caption":"Imprensa Sindm\u00f3veis"},"url":"https:\/\/www.sindmoveis.com.br\/es\/author\/ana\/"}]}},"_links":{"self":[{"href":"https:\/\/www.sindmoveis.com.br\/es\/wp-json\/wp\/v2\/posts\/887","targetHints":{"allow":["GET"]}}],"collection":[{"href":"https:\/\/www.sindmoveis.com.br\/es\/wp-json\/wp\/v2\/posts"}],"about":[{"href":"https:\/\/www.sindmoveis.com.br\/es\/wp-json\/wp\/v2\/types\/post"}],"author":[{"embeddable":true,"href":"https:\/\/www.sindmoveis.com.br\/es\/wp-json\/wp\/v2\/users\/5"}],"replies":[{"embeddable":true,"href":"https:\/\/www.sindmoveis.com.br\/es\/wp-json\/wp\/v2\/comments?post=887"}],"version-history":[{"count":2,"href":"https:\/\/www.sindmoveis.com.br\/es\/wp-json\/wp\/v2\/posts\/887\/revisions"}],"predecessor-version":[{"id":3196,"href":"https:\/\/www.sindmoveis.com.br\/es\/wp-json\/wp\/v2\/posts\/887\/revisions\/3196"}],"wp:attachment":[{"href":"https:\/\/www.sindmoveis.com.br\/es\/wp-json\/wp\/v2\/media?parent=887"}],"wp:term":[{"taxonomy":"category","embeddable":true,"href":"https:\/\/www.sindmoveis.com.br\/es\/wp-json\/wp\/v2\/categories?post=887"},{"taxonomy":"post_tag","embeddable":true,"href":"https:\/\/www.sindmoveis.com.br\/es\/wp-json\/wp\/v2\/tags?post=887"}],"curies":[{"name":"wp","href":"https:\/\/api.w.org\/{rel}","templated":true}]}}