{"id":885,"date":"2012-03-30T00:00:00","date_gmt":"2012-03-30T03:00:00","guid":{"rendered":"http:\/\/sindmoveis.com.br\/imprensa\/noticias\/personagens-ganham-vida-na-movelsul-2012\/"},"modified":"2021-05-26T10:31:44","modified_gmt":"2021-05-26T13:31:44","slug":"personagens-ganham-vida-na-movelsul-2012","status":"publish","type":"post","link":"https:\/\/www.sindmoveis.com.br\/es\/personagens-ganham-vida-na-movelsul-2012\/","title":{"rendered":"Personajes ganan vida en Movelsul 2012"},"content":{"rendered":"<p>Personajes tuvieron \u00e9xito en los pasillos de Movelsul. Algunas empresas, como la fabricante de colchones de la marca Perfecto, del estado de Paran\u00e1, hicieron uso de este recurso, \u00a0y as\u00ed, la empresa trajo el oso Perfecto, mascota de su l\u00ednea para llamar la atenci\u00f3n de los 35 mil visitantes esperados en el evento.<br \/>\nQuien est\u00e1 robando los corazones, sin embargo, es la princesa instalada en el stand de Pura Magia, empresa de la ciudad de Arapongas, estado de Paran\u00e1, fabricante de muebles para ni\u00f1os y j\u00f3venes, personificada por la modelo Kelin Uess, natural de la ciudad de Caxias do Sul, estado de Rio Grande do Sul y \u00a0con 19 a\u00f1os de edad. Los largos cabellos rubios y los ojos azules que le dan aires de realeza, fueron realzados adem\u00e1s \u00a0por un vaporoso vestido rosa. Los dos principales productos de la empresa son las l\u00edneas Princesa Star y Belli, las cuales Kelin represent\u00f3 con propiedad. Tanto as\u00ed que los visitantes de la feria hicieron fila para fotografiarse a su lado.<br \/>\nFuera de los pabellones de Movelsul, empresas que no estaban entre los expositores de la feria, tambi\u00e9n apelaron para personajes conocidos para divulgar sus productos y servicios. En la tarde del d\u00eda 27 de marzo, Marilyn Monroe, Charles Chaplin y dos piratas circulaban por el hall de entrada para llamar la atenci\u00f3n de los visitantes.<br \/>\n\u00a0<\/p>\n","protected":false},"excerpt":{"rendered":"<p>Personajes tuvieron \u00e9xito en los pasillos de Movelsul. Algunas empresas, como la fabricante de colchones de la marca Perfecto, del estado de Paran\u00e1, hicieron uso de este recurso, \u00a0y as\u00ed,&#8230;  <a class=\"excerpt-read-more\" href=\"https:\/\/www.sindmoveis.com.br\/es\/personagens-ganham-vida-na-movelsul-2012\/\" title=\"Read Personajes ganan vida en Movelsul 2012\">Leia mais &raquo;<\/a><\/p>\n","protected":false},"author":5,"featured_media":0,"comment_status":"closed","ping_status":"open","sticky":false,"template":"","format":"standard","meta":{"footnotes":"","_links_to":"","_links_to_target":""},"categories":[23,2],"tags":[],"class_list":["post-885","post","type-post","status-publish","format-standard","hentry","category-movelsul","category-sindmoveis"],"yoast_head":"<!-- This site is optimized with the Yoast SEO plugin v27.0 - https:\/\/yoast.com\/product\/yoast-seo-wordpress\/ -->\n<title>Personajes ganan vida en Movelsul 2012 - Sindm\u00f3veis-RS<\/title>\n<meta name=\"robots\" content=\"index, follow, max-snippet:-1, max-image-preview:large, max-video-preview:-1\" \/>\n<link rel=\"canonical\" href=\"https:\/\/www.sindmoveis.com.br\/es\/personagens-ganham-vida-na-movelsul-2012\/\" \/>\n<meta property=\"og:locale\" content=\"es_ES\" \/>\n<meta property=\"og:type\" content=\"article\" \/>\n<meta property=\"og:title\" content=\"Personajes ganan vida en Movelsul 2012 - Sindm\u00f3veis-RS\" \/>\n<meta property=\"og:description\" content=\"Personajes tuvieron \u00e9xito en los pasillos de Movelsul. Algunas empresas, como la fabricante de colchones de la marca Perfecto, del estado de Paran\u00e1, hicieron uso de este recurso, \u00a0y as\u00ed,... Leia mais &raquo;\" \/>\n<meta property=\"og:url\" content=\"https:\/\/www.sindmoveis.com.br\/es\/personagens-ganham-vida-na-movelsul-2012\/\" \/>\n<meta property=\"og:site_name\" content=\"Sindm\u00f3veis-RS\" \/>\n<meta property=\"article:published_time\" content=\"2012-03-30T03:00:00+00:00\" \/>\n<meta property=\"article:modified_time\" content=\"2021-05-26T13:31:44+00:00\" \/>\n<meta name=\"author\" content=\"Imprensa Sindm\u00f3veis\" \/>\n<meta name=\"twitter:card\" content=\"summary_large_image\" \/>\n<meta name=\"twitter:label1\" content=\"Escrito por\" \/>\n\t<meta name=\"twitter:data1\" content=\"Imprensa Sindm\u00f3veis\" \/>\n\t<meta name=\"twitter:label2\" content=\"Tiempo de lectura\" \/>\n\t<meta name=\"twitter:data2\" content=\"1 minuto\" \/>\n<script type=\"application\/ld+json\" class=\"yoast-schema-graph\">{\"@context\":\"https:\/\/schema.org\",\"@graph\":[{\"@type\":\"Article\",\"@id\":\"https:\/\/www.sindmoveis.com.br\/es\/personagens-ganham-vida-na-movelsul-2012\/#article\",\"isPartOf\":{\"@id\":\"https:\/\/www.sindmoveis.com.br\/es\/personagens-ganham-vida-na-movelsul-2012\/\"},\"author\":{\"name\":\"Imprensa Sindm\u00f3veis\",\"@id\":\"https:\/\/www.sindmoveis.com.br\/es\/#\/schema\/person\/16d379542db1950a17fe188179340d57\"},\"headline\":\"Personajes ganan vida en Movelsul 2012\",\"datePublished\":\"2012-03-30T03:00:00+00:00\",\"dateModified\":\"2021-05-26T13:31:44+00:00\",\"mainEntityOfPage\":{\"@id\":\"https:\/\/www.sindmoveis.com.br\/es\/personagens-ganham-vida-na-movelsul-2012\/\"},\"wordCount\":236,\"articleSection\":[\"Movelsul\",\"Sindm\u00f3veis\"],\"inLanguage\":\"es\"},{\"@type\":\"WebPage\",\"@id\":\"https:\/\/www.sindmoveis.com.br\/es\/personagens-ganham-vida-na-movelsul-2012\/\",\"url\":\"https:\/\/www.sindmoveis.com.br\/es\/personagens-ganham-vida-na-movelsul-2012\/\",\"name\":\"Personajes ganan vida en Movelsul 2012 - Sindm\u00f3veis-RS\",\"isPartOf\":{\"@id\":\"https:\/\/www.sindmoveis.com.br\/es\/#website\"},\"datePublished\":\"2012-03-30T03:00:00+00:00\",\"dateModified\":\"2021-05-26T13:31:44+00:00\",\"author\":{\"@id\":\"https:\/\/www.sindmoveis.com.br\/es\/#\/schema\/person\/16d379542db1950a17fe188179340d57\"},\"inLanguage\":\"es\",\"potentialAction\":[{\"@type\":\"ReadAction\",\"target\":[\"https:\/\/www.sindmoveis.com.br\/es\/personagens-ganham-vida-na-movelsul-2012\/\"]}]},{\"@type\":\"WebSite\",\"@id\":\"https:\/\/www.sindmoveis.com.br\/es\/#website\",\"url\":\"https:\/\/www.sindmoveis.com.br\/es\/\",\"name\":\"Sindm\u00f3veis-RS\",\"description\":\"\",\"potentialAction\":[{\"@type\":\"SearchAction\",\"target\":{\"@type\":\"EntryPoint\",\"urlTemplate\":\"https:\/\/www.sindmoveis.com.br\/es\/?s={search_term_string}\"},\"query-input\":{\"@type\":\"PropertyValueSpecification\",\"valueRequired\":true,\"valueName\":\"search_term_string\"}}],\"inLanguage\":\"es\"},{\"@type\":\"Person\",\"@id\":\"https:\/\/www.sindmoveis.com.br\/es\/#\/schema\/person\/16d379542db1950a17fe188179340d57\",\"name\":\"Imprensa Sindm\u00f3veis\",\"image\":{\"@type\":\"ImageObject\",\"inLanguage\":\"es\",\"@id\":\"https:\/\/www.sindmoveis.com.br\/es\/#\/schema\/person\/image\/\",\"url\":\"https:\/\/secure.gravatar.com\/avatar\/4973e2e2c2a0cb5db30b0c7b770041b8e33d048a16b695a1f99c042449d4bfaf?s=96&d=mm&r=g\",\"contentUrl\":\"https:\/\/secure.gravatar.com\/avatar\/4973e2e2c2a0cb5db30b0c7b770041b8e33d048a16b695a1f99c042449d4bfaf?s=96&d=mm&r=g\",\"caption\":\"Imprensa Sindm\u00f3veis\"},\"url\":\"https:\/\/www.sindmoveis.com.br\/es\/author\/ana\/\"}]}<\/script>\n<!-- \/ Yoast SEO plugin. -->","yoast_head_json":{"title":"Personajes ganan vida en Movelsul 2012 - Sindm\u00f3veis-RS","robots":{"index":"index","follow":"follow","max-snippet":"max-snippet:-1","max-image-preview":"max-image-preview:large","max-video-preview":"max-video-preview:-1"},"canonical":"https:\/\/www.sindmoveis.com.br\/es\/personagens-ganham-vida-na-movelsul-2012\/","og_locale":"es_ES","og_type":"article","og_title":"Personajes ganan vida en Movelsul 2012 - Sindm\u00f3veis-RS","og_description":"Personajes tuvieron \u00e9xito en los pasillos de Movelsul. Algunas empresas, como la fabricante de colchones de la marca Perfecto, del estado de Paran\u00e1, hicieron uso de este recurso, \u00a0y as\u00ed,... Leia mais &raquo;","og_url":"https:\/\/www.sindmoveis.com.br\/es\/personagens-ganham-vida-na-movelsul-2012\/","og_site_name":"Sindm\u00f3veis-RS","article_published_time":"2012-03-30T03:00:00+00:00","article_modified_time":"2021-05-26T13:31:44+00:00","author":"Imprensa Sindm\u00f3veis","twitter_card":"summary_large_image","twitter_misc":{"Escrito por":"Imprensa Sindm\u00f3veis","Tiempo de lectura":"1 minuto"},"schema":{"@context":"https:\/\/schema.org","@graph":[{"@type":"Article","@id":"https:\/\/www.sindmoveis.com.br\/es\/personagens-ganham-vida-na-movelsul-2012\/#article","isPartOf":{"@id":"https:\/\/www.sindmoveis.com.br\/es\/personagens-ganham-vida-na-movelsul-2012\/"},"author":{"name":"Imprensa Sindm\u00f3veis","@id":"https:\/\/www.sindmoveis.com.br\/es\/#\/schema\/person\/16d379542db1950a17fe188179340d57"},"headline":"Personajes ganan vida en Movelsul 2012","datePublished":"2012-03-30T03:00:00+00:00","dateModified":"2021-05-26T13:31:44+00:00","mainEntityOfPage":{"@id":"https:\/\/www.sindmoveis.com.br\/es\/personagens-ganham-vida-na-movelsul-2012\/"},"wordCount":236,"articleSection":["Movelsul","Sindm\u00f3veis"],"inLanguage":"es"},{"@type":"WebPage","@id":"https:\/\/www.sindmoveis.com.br\/es\/personagens-ganham-vida-na-movelsul-2012\/","url":"https:\/\/www.sindmoveis.com.br\/es\/personagens-ganham-vida-na-movelsul-2012\/","name":"Personajes ganan vida en Movelsul 2012 - Sindm\u00f3veis-RS","isPartOf":{"@id":"https:\/\/www.sindmoveis.com.br\/es\/#website"},"datePublished":"2012-03-30T03:00:00+00:00","dateModified":"2021-05-26T13:31:44+00:00","author":{"@id":"https:\/\/www.sindmoveis.com.br\/es\/#\/schema\/person\/16d379542db1950a17fe188179340d57"},"inLanguage":"es","potentialAction":[{"@type":"ReadAction","target":["https:\/\/www.sindmoveis.com.br\/es\/personagens-ganham-vida-na-movelsul-2012\/"]}]},{"@type":"WebSite","@id":"https:\/\/www.sindmoveis.com.br\/es\/#website","url":"https:\/\/www.sindmoveis.com.br\/es\/","name":"Sindm\u00f3veis-RS","description":"","potentialAction":[{"@type":"SearchAction","target":{"@type":"EntryPoint","urlTemplate":"https:\/\/www.sindmoveis.com.br\/es\/?s={search_term_string}"},"query-input":{"@type":"PropertyValueSpecification","valueRequired":true,"valueName":"search_term_string"}}],"inLanguage":"es"},{"@type":"Person","@id":"https:\/\/www.sindmoveis.com.br\/es\/#\/schema\/person\/16d379542db1950a17fe188179340d57","name":"Imprensa Sindm\u00f3veis","image":{"@type":"ImageObject","inLanguage":"es","@id":"https:\/\/www.sindmoveis.com.br\/es\/#\/schema\/person\/image\/","url":"https:\/\/secure.gravatar.com\/avatar\/4973e2e2c2a0cb5db30b0c7b770041b8e33d048a16b695a1f99c042449d4bfaf?s=96&d=mm&r=g","contentUrl":"https:\/\/secure.gravatar.com\/avatar\/4973e2e2c2a0cb5db30b0c7b770041b8e33d048a16b695a1f99c042449d4bfaf?s=96&d=mm&r=g","caption":"Imprensa Sindm\u00f3veis"},"url":"https:\/\/www.sindmoveis.com.br\/es\/author\/ana\/"}]}},"_links":{"self":[{"href":"https:\/\/www.sindmoveis.com.br\/es\/wp-json\/wp\/v2\/posts\/885","targetHints":{"allow":["GET"]}}],"collection":[{"href":"https:\/\/www.sindmoveis.com.br\/es\/wp-json\/wp\/v2\/posts"}],"about":[{"href":"https:\/\/www.sindmoveis.com.br\/es\/wp-json\/wp\/v2\/types\/post"}],"author":[{"embeddable":true,"href":"https:\/\/www.sindmoveis.com.br\/es\/wp-json\/wp\/v2\/users\/5"}],"replies":[{"embeddable":true,"href":"https:\/\/www.sindmoveis.com.br\/es\/wp-json\/wp\/v2\/comments?post=885"}],"version-history":[{"count":2,"href":"https:\/\/www.sindmoveis.com.br\/es\/wp-json\/wp\/v2\/posts\/885\/revisions"}],"predecessor-version":[{"id":3194,"href":"https:\/\/www.sindmoveis.com.br\/es\/wp-json\/wp\/v2\/posts\/885\/revisions\/3194"}],"wp:attachment":[{"href":"https:\/\/www.sindmoveis.com.br\/es\/wp-json\/wp\/v2\/media?parent=885"}],"wp:term":[{"taxonomy":"category","embeddable":true,"href":"https:\/\/www.sindmoveis.com.br\/es\/wp-json\/wp\/v2\/categories?post=885"},{"taxonomy":"post_tag","embeddable":true,"href":"https:\/\/www.sindmoveis.com.br\/es\/wp-json\/wp\/v2\/tags?post=885"}],"curies":[{"name":"wp","href":"https:\/\/api.w.org\/{rel}","templated":true}]}}