{"id":882,"date":"2012-03-28T00:00:00","date_gmt":"2012-03-28T03:00:00","guid":{"rendered":"http:\/\/sindmoveis.com.br\/imprensa\/noticias\/novos-rumos-para-a-exportacao-dos-moveis-brasileiros\/"},"modified":"2021-05-26T10:30:06","modified_gmt":"2021-05-26T13:30:06","slug":"novos-rumos-para-a-exportacao-dos-moveis-brasileiros","status":"publish","type":"post","link":"https:\/\/www.sindmoveis.com.br\/es\/novos-rumos-para-a-exportacao-dos-moveis-brasileiros\/","title":{"rendered":"Nuevos rumbos para la exportaci\u00f3n de los muebles brasile\u00f1os"},"content":{"rendered":"<p>&nbsp; Seminario Exportar es Innovar presenta pa&iacute;ses con m&aacute;s oportunidades de negocios para la industria nacional del mobiliario&nbsp; &nbsp; Los efectos de la reducci&oacute;n del Impuesto sobre Productos Industrializados &ndash;IPI, &nbsp;en el mercado interno de muebles deben ser percibidos ya durante Movelsul 2012, que finaliza el pr&oacute;ximo viernes, d&iacute;a 30, en Bento gon&ccedil;alves, R&iacute;o Grande do Sul. La medida, que era reivindicada desde el a&ntilde;o pasado, fue anunciada por el ministro de Hacienda Guido Mantega, el lunes pasado, d&iacute;a 26. Sin embargo, al mismo tiempo en que lucha por medidas que ampl&iacute;en el consumo interno de muebles, la industria tambi&eacute;n vuelve su atenci&oacute;n para las exportaciones. En el Seminario &ldquo;Exportar es Innovar&rdquo;, promovido por la Agencia Brasile&ntilde;a de Promoci&oacute;n a las Exportaciones e Inversiones (Apex-Brasil) y el Sindicato de las Industrias del Mobiliario de Bento Gon&ccedil;alves &ndash; Sindm&oacute;veis, Catia Scarton, presidente de la entidad promotora de Movelsul, resalt&oacute; las inversiones realizadas por Sindm&oacute;veis desde el a&ntilde;o de 1988 para promover la importancia del dise&ntilde;o en la industria del mobiliario, cuando fue realizada la primera edici&oacute;n del concurso Sal&atilde;o Design. &ldquo;A partir de 2008, pasamos a contar con el apoyo de Apex-Brasil en esta caminada. Uno de nuestras fuertes inversiones en ese sentido es la promoci&oacute;n mundial del dise&ntilde;o brasile&ntilde;o, pues entendemos que ese es el gran diferencial de competitividad de nuestros productos&rdquo; afirm&oacute;. Durante el seminario, Sindm&oacute;veis y Apex-Brasil firmaron el nuevo convenio de cooperaci&oacute;n t&eacute;cnica y financiera para la promoci&oacute;n de las exportaciones de insumos, componentes, tecnolog&iacute;a y, a partir de ahora, servicios de dise&ntilde;o para la industria del mobiliario. El convenio prev&eacute; inversiones de R$ 4,88 millones, aportados por la Agencia y por Sindm&oacute;veis, para la realizaci&oacute;n de una serie de acciones de promoci&oacute;n comercial y de posicionamiento del sector en el exterior en el per&iacute;odo 2012-2013, organizada en el &aacute;mbito del Proyecto Orchestra Brasil. Los mercados en la mira para las iniciativas ser&aacute;n: Estados Unidos, M&eacute;xico, Colombia, Per&uacute;, Chile, Argentina, Paraguay, Uruguay &Aacute;frica del Sur, Canad&aacute; y Turqu&iacute;a. El director de Negocios de Apex-Brasil, Rogerio Bellini, present&oacute; las iniciativas y servicios de la Agencia para auxiliar a las empresas brasile&ntilde;as a actuar en el mercado internacional. Con relaci&oacute;n al dise&ntilde;o brasile&ntilde;o, resalt&oacute; el Proyecto Brazil S\/A, que ser&aacute; realizado en abril, durante la Semana de Dise&ntilde;o de Mil&aacute;n, para la promoci&oacute;n de la creatividad brasile&ntilde;a en los segmentos de dise&ntilde;o, arquitectura, decoraci&oacute;n y moda. &ldquo;Creemos que el diferencial para la industria del mobiliario de Brasil ser&aacute; un posicionamiento con enfoque en el dise&ntilde;o, en la innovaci&oacute;n y en la sostenibilidad. Trabajamos para ello en nuestros proyectos, agregando tambi&eacute;n la inteligencia comercial, que es decisiva para la inserci&oacute;n de las empresas en los mercados por ellas considerados como un objetivo a ser alcanzado&rdquo;, afirm&oacute; Rogerio Bellini. &nbsp; &nbsp; &nbsp; Oportunidades en el mercado externo El coordinador de Inteligencia Comercial y Competitiva de Apex-Brasil, Marcos L&eacute;lis, resalt&oacute; que el mercado consumidor de muebles de Am&eacute;rica Latina es el que m&aacute;s debe crecer en el mundo entre 2010 y 2014 (4,66%). De acuerdo con L&eacute;lis, Brasil ser&aacute; el quinto pa&iacute;s con mayor crecimiento en el consumo de mobiliario en el mismo per&iacute;odo (4,65%), atr&aacute;s de India, Colombia, Rusia y China.&nbsp; Entre 2005 y 2011, hubo una gran alteraci&oacute;n de los destinos para los cuales Brasil exporta. Hasta 2005, el mercado estaba concentrado en los Estados Unidos, que detentaba 40% del total de las exportaciones brasile&ntilde;as de muebles. Actualmente, existe una diversificaci&oacute;n mayor en este escenario. El a&ntilde;o pasado, 19% de las ventas fueron para Argentina, 11% para los Estados Unidos, 9% para el Reino Unido, 7% para Angola, 6% para Francia y 48% para otros mercados. &ldquo;Hay una tendencia de acomodaci&oacute;n de los destinos de las exportaciones de muebles para Am&eacute;rica del Sur y &Aacute;frica. En Angola, por ejemplo, las ventas han pasado de 1% para 7% en los &uacute;ltimos cinco a&ntilde;os&rdquo;, enfatiza L&eacute;lis.&nbsp; L&eacute;lis tambi&eacute;n se&ntilde;al&oacute; la necesidad de que sea explotado el crecimiento de mercados en Am&eacute;rica Latina, disminuyendo la concentraci&oacute;n relativa a Argentina. El ejecutivo destac&oacute; que los principales pa&iacute;ses con oportunidades para la exportaci&oacute;n de muebles brasile&ntilde;os son &Aacute;frica del Sur y Angola, con productos semejantes al est&aacute;ndar desarrollado para la nueva clase media brasile&ntilde;a, adem&aacute;s de Catar y Rusia, con muebles de alto nivel. &nbsp;<\/p>\n","protected":false},"excerpt":{"rendered":"<p>&nbsp; Seminario Exportar es Innovar presenta pa&iacute;ses con m&aacute;s oportunidades de negocios para la industria nacional del mobiliario&nbsp; &nbsp; Los efectos de la reducci&oacute;n del Impuesto sobre Productos Industrializados &ndash;IPI,&#8230;  <a class=\"excerpt-read-more\" href=\"https:\/\/www.sindmoveis.com.br\/es\/novos-rumos-para-a-exportacao-dos-moveis-brasileiros\/\" title=\"Read Nuevos rumbos para la exportaci\u00f3n de los muebles brasile\u00f1os\">Leia mais &raquo;<\/a><\/p>\n","protected":false},"author":5,"featured_media":0,"comment_status":"closed","ping_status":"open","sticky":false,"template":"","format":"standard","meta":{"footnotes":"","_links_to":"","_links_to_target":""},"categories":[11,2],"tags":[],"class_list":["post-882","post","type-post","status-publish","format-standard","hentry","category-exportaciones","category-sindmoveis"],"yoast_head":"<!-- This site is optimized with the Yoast SEO plugin v27.0 - https:\/\/yoast.com\/product\/yoast-seo-wordpress\/ -->\n<title>Nuevos rumbos para la exportaci\u00f3n de los muebles brasile\u00f1os - Sindm\u00f3veis-RS<\/title>\n<meta name=\"robots\" content=\"index, follow, max-snippet:-1, max-image-preview:large, max-video-preview:-1\" \/>\n<link rel=\"canonical\" href=\"https:\/\/www.sindmoveis.com.br\/es\/novos-rumos-para-a-exportacao-dos-moveis-brasileiros\/\" \/>\n<meta property=\"og:locale\" content=\"es_ES\" \/>\n<meta property=\"og:type\" content=\"article\" \/>\n<meta property=\"og:title\" content=\"Nuevos rumbos para la exportaci\u00f3n de los muebles brasile\u00f1os - Sindm\u00f3veis-RS\" \/>\n<meta property=\"og:description\" content=\"&nbsp; Seminario Exportar es Innovar presenta pa&iacute;ses con m&aacute;s oportunidades de negocios para la industria nacional del mobiliario&nbsp; &nbsp; Los efectos de la reducci&oacute;n del Impuesto sobre Productos Industrializados &ndash;IPI,... Leia mais &raquo;\" \/>\n<meta property=\"og:url\" content=\"https:\/\/www.sindmoveis.com.br\/es\/novos-rumos-para-a-exportacao-dos-moveis-brasileiros\/\" \/>\n<meta property=\"og:site_name\" content=\"Sindm\u00f3veis-RS\" \/>\n<meta property=\"article:published_time\" content=\"2012-03-28T03:00:00+00:00\" \/>\n<meta property=\"article:modified_time\" content=\"2021-05-26T13:30:06+00:00\" \/>\n<meta name=\"author\" content=\"Imprensa Sindm\u00f3veis\" \/>\n<meta name=\"twitter:card\" content=\"summary_large_image\" \/>\n<meta name=\"twitter:label1\" content=\"Escrito por\" \/>\n\t<meta name=\"twitter:data1\" content=\"Imprensa Sindm\u00f3veis\" \/>\n\t<meta name=\"twitter:label2\" content=\"Tiempo de lectura\" \/>\n\t<meta name=\"twitter:data2\" content=\"4 minutos\" \/>\n<script type=\"application\/ld+json\" class=\"yoast-schema-graph\">{\"@context\":\"https:\/\/schema.org\",\"@graph\":[{\"@type\":\"Article\",\"@id\":\"https:\/\/www.sindmoveis.com.br\/es\/novos-rumos-para-a-exportacao-dos-moveis-brasileiros\/#article\",\"isPartOf\":{\"@id\":\"https:\/\/www.sindmoveis.com.br\/es\/novos-rumos-para-a-exportacao-dos-moveis-brasileiros\/\"},\"author\":{\"name\":\"Imprensa Sindm\u00f3veis\",\"@id\":\"https:\/\/www.sindmoveis.com.br\/es\/#\/schema\/person\/16d379542db1950a17fe188179340d57\"},\"headline\":\"Nuevos rumbos para la exportaci\u00f3n de los muebles brasile\u00f1os\",\"datePublished\":\"2012-03-28T03:00:00+00:00\",\"dateModified\":\"2021-05-26T13:30:06+00:00\",\"mainEntityOfPage\":{\"@id\":\"https:\/\/www.sindmoveis.com.br\/es\/novos-rumos-para-a-exportacao-dos-moveis-brasileiros\/\"},\"wordCount\":886,\"articleSection\":[\"Exportaciones\",\"Sindm\u00f3veis\"],\"inLanguage\":\"es\"},{\"@type\":\"WebPage\",\"@id\":\"https:\/\/www.sindmoveis.com.br\/es\/novos-rumos-para-a-exportacao-dos-moveis-brasileiros\/\",\"url\":\"https:\/\/www.sindmoveis.com.br\/es\/novos-rumos-para-a-exportacao-dos-moveis-brasileiros\/\",\"name\":\"Nuevos rumbos para la exportaci\u00f3n de los muebles brasile\u00f1os - Sindm\u00f3veis-RS\",\"isPartOf\":{\"@id\":\"https:\/\/www.sindmoveis.com.br\/es\/#website\"},\"datePublished\":\"2012-03-28T03:00:00+00:00\",\"dateModified\":\"2021-05-26T13:30:06+00:00\",\"author\":{\"@id\":\"https:\/\/www.sindmoveis.com.br\/es\/#\/schema\/person\/16d379542db1950a17fe188179340d57\"},\"inLanguage\":\"es\",\"potentialAction\":[{\"@type\":\"ReadAction\",\"target\":[\"https:\/\/www.sindmoveis.com.br\/es\/novos-rumos-para-a-exportacao-dos-moveis-brasileiros\/\"]}]},{\"@type\":\"WebSite\",\"@id\":\"https:\/\/www.sindmoveis.com.br\/es\/#website\",\"url\":\"https:\/\/www.sindmoveis.com.br\/es\/\",\"name\":\"Sindm\u00f3veis-RS\",\"description\":\"\",\"potentialAction\":[{\"@type\":\"SearchAction\",\"target\":{\"@type\":\"EntryPoint\",\"urlTemplate\":\"https:\/\/www.sindmoveis.com.br\/es\/?s={search_term_string}\"},\"query-input\":{\"@type\":\"PropertyValueSpecification\",\"valueRequired\":true,\"valueName\":\"search_term_string\"}}],\"inLanguage\":\"es\"},{\"@type\":\"Person\",\"@id\":\"https:\/\/www.sindmoveis.com.br\/es\/#\/schema\/person\/16d379542db1950a17fe188179340d57\",\"name\":\"Imprensa Sindm\u00f3veis\",\"image\":{\"@type\":\"ImageObject\",\"inLanguage\":\"es\",\"@id\":\"https:\/\/www.sindmoveis.com.br\/es\/#\/schema\/person\/image\/\",\"url\":\"https:\/\/secure.gravatar.com\/avatar\/4973e2e2c2a0cb5db30b0c7b770041b8e33d048a16b695a1f99c042449d4bfaf?s=96&d=mm&r=g\",\"contentUrl\":\"https:\/\/secure.gravatar.com\/avatar\/4973e2e2c2a0cb5db30b0c7b770041b8e33d048a16b695a1f99c042449d4bfaf?s=96&d=mm&r=g\",\"caption\":\"Imprensa Sindm\u00f3veis\"},\"url\":\"https:\/\/www.sindmoveis.com.br\/es\/author\/ana\/\"}]}<\/script>\n<!-- \/ Yoast SEO plugin. -->","yoast_head_json":{"title":"Nuevos rumbos para la exportaci\u00f3n de los muebles brasile\u00f1os - Sindm\u00f3veis-RS","robots":{"index":"index","follow":"follow","max-snippet":"max-snippet:-1","max-image-preview":"max-image-preview:large","max-video-preview":"max-video-preview:-1"},"canonical":"https:\/\/www.sindmoveis.com.br\/es\/novos-rumos-para-a-exportacao-dos-moveis-brasileiros\/","og_locale":"es_ES","og_type":"article","og_title":"Nuevos rumbos para la exportaci\u00f3n de los muebles brasile\u00f1os - Sindm\u00f3veis-RS","og_description":"&nbsp; Seminario Exportar es Innovar presenta pa&iacute;ses con m&aacute;s oportunidades de negocios para la industria nacional del mobiliario&nbsp; &nbsp; Los efectos de la reducci&oacute;n del Impuesto sobre Productos Industrializados &ndash;IPI,... Leia mais &raquo;","og_url":"https:\/\/www.sindmoveis.com.br\/es\/novos-rumos-para-a-exportacao-dos-moveis-brasileiros\/","og_site_name":"Sindm\u00f3veis-RS","article_published_time":"2012-03-28T03:00:00+00:00","article_modified_time":"2021-05-26T13:30:06+00:00","author":"Imprensa Sindm\u00f3veis","twitter_card":"summary_large_image","twitter_misc":{"Escrito por":"Imprensa Sindm\u00f3veis","Tiempo de lectura":"4 minutos"},"schema":{"@context":"https:\/\/schema.org","@graph":[{"@type":"Article","@id":"https:\/\/www.sindmoveis.com.br\/es\/novos-rumos-para-a-exportacao-dos-moveis-brasileiros\/#article","isPartOf":{"@id":"https:\/\/www.sindmoveis.com.br\/es\/novos-rumos-para-a-exportacao-dos-moveis-brasileiros\/"},"author":{"name":"Imprensa Sindm\u00f3veis","@id":"https:\/\/www.sindmoveis.com.br\/es\/#\/schema\/person\/16d379542db1950a17fe188179340d57"},"headline":"Nuevos rumbos para la exportaci\u00f3n de los muebles brasile\u00f1os","datePublished":"2012-03-28T03:00:00+00:00","dateModified":"2021-05-26T13:30:06+00:00","mainEntityOfPage":{"@id":"https:\/\/www.sindmoveis.com.br\/es\/novos-rumos-para-a-exportacao-dos-moveis-brasileiros\/"},"wordCount":886,"articleSection":["Exportaciones","Sindm\u00f3veis"],"inLanguage":"es"},{"@type":"WebPage","@id":"https:\/\/www.sindmoveis.com.br\/es\/novos-rumos-para-a-exportacao-dos-moveis-brasileiros\/","url":"https:\/\/www.sindmoveis.com.br\/es\/novos-rumos-para-a-exportacao-dos-moveis-brasileiros\/","name":"Nuevos rumbos para la exportaci\u00f3n de los muebles brasile\u00f1os - Sindm\u00f3veis-RS","isPartOf":{"@id":"https:\/\/www.sindmoveis.com.br\/es\/#website"},"datePublished":"2012-03-28T03:00:00+00:00","dateModified":"2021-05-26T13:30:06+00:00","author":{"@id":"https:\/\/www.sindmoveis.com.br\/es\/#\/schema\/person\/16d379542db1950a17fe188179340d57"},"inLanguage":"es","potentialAction":[{"@type":"ReadAction","target":["https:\/\/www.sindmoveis.com.br\/es\/novos-rumos-para-a-exportacao-dos-moveis-brasileiros\/"]}]},{"@type":"WebSite","@id":"https:\/\/www.sindmoveis.com.br\/es\/#website","url":"https:\/\/www.sindmoveis.com.br\/es\/","name":"Sindm\u00f3veis-RS","description":"","potentialAction":[{"@type":"SearchAction","target":{"@type":"EntryPoint","urlTemplate":"https:\/\/www.sindmoveis.com.br\/es\/?s={search_term_string}"},"query-input":{"@type":"PropertyValueSpecification","valueRequired":true,"valueName":"search_term_string"}}],"inLanguage":"es"},{"@type":"Person","@id":"https:\/\/www.sindmoveis.com.br\/es\/#\/schema\/person\/16d379542db1950a17fe188179340d57","name":"Imprensa Sindm\u00f3veis","image":{"@type":"ImageObject","inLanguage":"es","@id":"https:\/\/www.sindmoveis.com.br\/es\/#\/schema\/person\/image\/","url":"https:\/\/secure.gravatar.com\/avatar\/4973e2e2c2a0cb5db30b0c7b770041b8e33d048a16b695a1f99c042449d4bfaf?s=96&d=mm&r=g","contentUrl":"https:\/\/secure.gravatar.com\/avatar\/4973e2e2c2a0cb5db30b0c7b770041b8e33d048a16b695a1f99c042449d4bfaf?s=96&d=mm&r=g","caption":"Imprensa Sindm\u00f3veis"},"url":"https:\/\/www.sindmoveis.com.br\/es\/author\/ana\/"}]}},"_links":{"self":[{"href":"https:\/\/www.sindmoveis.com.br\/es\/wp-json\/wp\/v2\/posts\/882","targetHints":{"allow":["GET"]}}],"collection":[{"href":"https:\/\/www.sindmoveis.com.br\/es\/wp-json\/wp\/v2\/posts"}],"about":[{"href":"https:\/\/www.sindmoveis.com.br\/es\/wp-json\/wp\/v2\/types\/post"}],"author":[{"embeddable":true,"href":"https:\/\/www.sindmoveis.com.br\/es\/wp-json\/wp\/v2\/users\/5"}],"replies":[{"embeddable":true,"href":"https:\/\/www.sindmoveis.com.br\/es\/wp-json\/wp\/v2\/comments?post=882"}],"version-history":[{"count":2,"href":"https:\/\/www.sindmoveis.com.br\/es\/wp-json\/wp\/v2\/posts\/882\/revisions"}],"predecessor-version":[{"id":3191,"href":"https:\/\/www.sindmoveis.com.br\/es\/wp-json\/wp\/v2\/posts\/882\/revisions\/3191"}],"wp:attachment":[{"href":"https:\/\/www.sindmoveis.com.br\/es\/wp-json\/wp\/v2\/media?parent=882"}],"wp:term":[{"taxonomy":"category","embeddable":true,"href":"https:\/\/www.sindmoveis.com.br\/es\/wp-json\/wp\/v2\/categories?post=882"},{"taxonomy":"post_tag","embeddable":true,"href":"https:\/\/www.sindmoveis.com.br\/es\/wp-json\/wp\/v2\/tags?post=882"}],"curies":[{"name":"wp","href":"https:\/\/api.w.org\/{rel}","templated":true}]}}