{"id":881,"date":"2012-03-28T00:00:00","date_gmt":"2012-03-28T03:00:00","guid":{"rendered":"http:\/\/sindmoveis.com.br\/imprensa\/noticias\/vendas-devem-crescer-15-com-reducao-do-ipi\/"},"modified":"2021-05-26T11:01:19","modified_gmt":"2021-05-26T14:01:19","slug":"vendas-devem-crescer-15-com-reducao-do-ipi","status":"publish","type":"post","link":"https:\/\/www.sindmoveis.com.br\/es\/vendas-devem-crescer-15-com-reducao-do-ipi\/","title":{"rendered":"Ventas deben crecer 15% con reducci\u00f3n do IPI"},"content":{"rendered":"<p>\u00a0<br \/>\nMedida, anunciada el primer d\u00eda de Movelsul por el ministro Guido Mantega, tendr\u00e1 vigencia durante tres meses<br \/>\n\u00a0<br \/>\nLa presidente del Sindicato de las Industrias del Mobiliario de Bento Gon\u00e7alves \u2013 Sindm\u00f3veis, conmemor\u00f3 el anuncio de reducci\u00f3n del Impuesto sobre Productos Industrializados \u2013 IPI para los muebles, que reduce a cero la al\u00edcuota de 5% cobrada a todo el sector. En su opini\u00f3n, el reflejo que se producir\u00e1 en los tres meses de validez de la medida ser\u00e1 un incremento de 15% en las ventas en el polo del mobiliario de Bento Gon\u00e7alves.. La expectativa de la directiva de la entidad es que la medida en cuesti\u00f3n pueda ser prorrogada, extendiendo el incentivo al consumo por un tiempo mayor.\u00a0<br \/>\nEntrevista: C\u00e1tia Scarton, presidente de Sindm\u00f3veis<br \/>\n\u00a0\u00bfC\u00f3mo estaba el sector antes del anuncio del corte de IPI para los muebles? \u00bfHab\u00eda se\u00f1ales de estancamiento?<br \/>\nS\u00ed, el sector estaba paralizado. Esa medida fue importante para animar el mercado y equilibrar el consumo de todas las categor\u00edas de productos. Los electrodom\u00e9sticos, por ejemplo, ya hab\u00edan sido beneficiados por la reducci\u00f3n. De esta forma, tendremos un equilibrio en el consumo. Existe tambi\u00e9n la cuesti\u00f3n del per\u00edodo del a\u00f1o que est\u00e1 en curso, o sea, el primer semestre, \u00e9poca en la cual las personas no suelen comprar muebles porque tienen otras prioridades en el presupuesto. Esa medida favorecer\u00e1 este tiempo de ventas bajas.<br \/>\n\u00a0Sindm\u00f3veis fue una de las entidades que trabaj\u00f3 para que el IPI fuese cortado. \u00bfC\u00f3mo fue ese trabajo?<br \/>\nSucedieron muchas discusiones y negociaciones, pero el sector del mobiliario logr\u00f3 demostrar al gobierno que la medida era necesaria y que no habr\u00eda p\u00e9rdida de ingresos. La recaudaci\u00f3n ser\u00eda reducida, sin embargo todos los recursos acaban volviendo en forma de generaci\u00f3n de empleos y aumento de consumo.<br \/>\n\u00a0<br \/>\n\u00bfLa medida anunciada, de corte de este impuesto de IPI por tres meses, ser\u00e1 suficiente para dar un impulso al sector?\u00a0<br \/>\nSin Duda, el corte en el IPI es positivo. Lo ideal, sin embargo, ser\u00eda que ese incentivo al consumo se estabilizase y se volviese permanente. Pero sabemos que ello es dif\u00edcil. Entonces, vamos a continuar trabajando para que el gobierno observe atentamente nuestro sector. Reducir el IPI es apenas una de las cuestiones relativas al mercado del mobiliario, especialmente en R\u00edo Grande do Sul. Tenemos muchas otras demandas.<br \/>\n\u00a0\u00bfCu\u00e1les son las principales? Tenemos una lista extensa de reivindicaciones, por las que Sindm\u00f3veis trabaja constantemente. Podemos citar como principales la exoneraci\u00f3n de la planilla de pago, con la contribuci\u00f3n porcentual basada en facturaci\u00f3n y no en dicha planilla, y la financiaci\u00f3n de mobiliario por el programa \u201cMinha Casa, Minha Vida\u201d (Mi Casa, Mi Vida). Con ello tendr\u00edamos un gran impacto positivo en toda la cadena del mobiliario, con m\u00e1s consumo y m\u00e1s competitividad.<br \/>\n\u00a0<\/p>\n","protected":false},"excerpt":{"rendered":"<p>\u00a0 Medida, anunciada el primer d\u00eda de Movelsul por el ministro Guido Mantega, tendr\u00e1 vigencia durante tres meses \u00a0 La presidente del Sindicato de las Industrias del Mobiliario de Bento&#8230;  <a class=\"excerpt-read-more\" href=\"https:\/\/www.sindmoveis.com.br\/es\/vendas-devem-crescer-15-com-reducao-do-ipi\/\" title=\"Read Ventas deben crecer 15% con reducci\u00f3n do IPI\">Leia mais &raquo;<\/a><\/p>\n","protected":false},"author":5,"featured_media":0,"comment_status":"closed","ping_status":"open","sticky":false,"template":"","format":"standard","meta":{"footnotes":"","_links_to":"","_links_to_target":""},"categories":[12,2],"tags":[],"class_list":["post-881","post","type-post","status-publish","format-standard","hentry","category-datos","category-sindmoveis"],"yoast_head":"<!-- This site is optimized with the Yoast SEO plugin v27.0 - https:\/\/yoast.com\/product\/yoast-seo-wordpress\/ -->\n<title>Ventas deben crecer 15% con reducci\u00f3n do IPI - Sindm\u00f3veis-RS<\/title>\n<meta name=\"robots\" content=\"index, follow, max-snippet:-1, max-image-preview:large, max-video-preview:-1\" \/>\n<link rel=\"canonical\" href=\"https:\/\/www.sindmoveis.com.br\/es\/vendas-devem-crescer-15-com-reducao-do-ipi\/\" \/>\n<meta property=\"og:locale\" content=\"es_ES\" \/>\n<meta property=\"og:type\" content=\"article\" \/>\n<meta property=\"og:title\" content=\"Ventas deben crecer 15% con reducci\u00f3n do IPI - Sindm\u00f3veis-RS\" \/>\n<meta property=\"og:description\" content=\"\u00a0 Medida, anunciada el primer d\u00eda de Movelsul por el ministro Guido Mantega, tendr\u00e1 vigencia durante tres meses \u00a0 La presidente del Sindicato de las Industrias del Mobiliario de Bento... Leia mais &raquo;\" \/>\n<meta property=\"og:url\" content=\"https:\/\/www.sindmoveis.com.br\/es\/vendas-devem-crescer-15-com-reducao-do-ipi\/\" \/>\n<meta property=\"og:site_name\" content=\"Sindm\u00f3veis-RS\" \/>\n<meta property=\"article:published_time\" content=\"2012-03-28T03:00:00+00:00\" \/>\n<meta property=\"article:modified_time\" content=\"2021-05-26T14:01:19+00:00\" \/>\n<meta name=\"author\" content=\"Imprensa Sindm\u00f3veis\" \/>\n<meta name=\"twitter:card\" content=\"summary_large_image\" \/>\n<meta name=\"twitter:label1\" content=\"Escrito por\" \/>\n\t<meta name=\"twitter:data1\" content=\"Imprensa Sindm\u00f3veis\" \/>\n\t<meta name=\"twitter:label2\" content=\"Tiempo de lectura\" \/>\n\t<meta name=\"twitter:data2\" content=\"2 minutos\" \/>\n<script type=\"application\/ld+json\" class=\"yoast-schema-graph\">{\"@context\":\"https:\/\/schema.org\",\"@graph\":[{\"@type\":\"Article\",\"@id\":\"https:\/\/www.sindmoveis.com.br\/es\/vendas-devem-crescer-15-com-reducao-do-ipi\/#article\",\"isPartOf\":{\"@id\":\"https:\/\/www.sindmoveis.com.br\/es\/vendas-devem-crescer-15-com-reducao-do-ipi\/\"},\"author\":{\"name\":\"Imprensa Sindm\u00f3veis\",\"@id\":\"https:\/\/www.sindmoveis.com.br\/es\/#\/schema\/person\/16d379542db1950a17fe188179340d57\"},\"headline\":\"Ventas deben crecer 15% con reducci\u00f3n do IPI\",\"datePublished\":\"2012-03-28T03:00:00+00:00\",\"dateModified\":\"2021-05-26T14:01:19+00:00\",\"mainEntityOfPage\":{\"@id\":\"https:\/\/www.sindmoveis.com.br\/es\/vendas-devem-crescer-15-com-reducao-do-ipi\/\"},\"wordCount\":499,\"articleSection\":[\"Datos\",\"Sindm\u00f3veis\"],\"inLanguage\":\"es\"},{\"@type\":\"WebPage\",\"@id\":\"https:\/\/www.sindmoveis.com.br\/es\/vendas-devem-crescer-15-com-reducao-do-ipi\/\",\"url\":\"https:\/\/www.sindmoveis.com.br\/es\/vendas-devem-crescer-15-com-reducao-do-ipi\/\",\"name\":\"Ventas deben crecer 15% con reducci\u00f3n do IPI - Sindm\u00f3veis-RS\",\"isPartOf\":{\"@id\":\"https:\/\/www.sindmoveis.com.br\/es\/#website\"},\"datePublished\":\"2012-03-28T03:00:00+00:00\",\"dateModified\":\"2021-05-26T14:01:19+00:00\",\"author\":{\"@id\":\"https:\/\/www.sindmoveis.com.br\/es\/#\/schema\/person\/16d379542db1950a17fe188179340d57\"},\"inLanguage\":\"es\",\"potentialAction\":[{\"@type\":\"ReadAction\",\"target\":[\"https:\/\/www.sindmoveis.com.br\/es\/vendas-devem-crescer-15-com-reducao-do-ipi\/\"]}]},{\"@type\":\"WebSite\",\"@id\":\"https:\/\/www.sindmoveis.com.br\/es\/#website\",\"url\":\"https:\/\/www.sindmoveis.com.br\/es\/\",\"name\":\"Sindm\u00f3veis-RS\",\"description\":\"\",\"potentialAction\":[{\"@type\":\"SearchAction\",\"target\":{\"@type\":\"EntryPoint\",\"urlTemplate\":\"https:\/\/www.sindmoveis.com.br\/es\/?s={search_term_string}\"},\"query-input\":{\"@type\":\"PropertyValueSpecification\",\"valueRequired\":true,\"valueName\":\"search_term_string\"}}],\"inLanguage\":\"es\"},{\"@type\":\"Person\",\"@id\":\"https:\/\/www.sindmoveis.com.br\/es\/#\/schema\/person\/16d379542db1950a17fe188179340d57\",\"name\":\"Imprensa Sindm\u00f3veis\",\"image\":{\"@type\":\"ImageObject\",\"inLanguage\":\"es\",\"@id\":\"https:\/\/www.sindmoveis.com.br\/es\/#\/schema\/person\/image\/\",\"url\":\"https:\/\/secure.gravatar.com\/avatar\/4973e2e2c2a0cb5db30b0c7b770041b8e33d048a16b695a1f99c042449d4bfaf?s=96&d=mm&r=g\",\"contentUrl\":\"https:\/\/secure.gravatar.com\/avatar\/4973e2e2c2a0cb5db30b0c7b770041b8e33d048a16b695a1f99c042449d4bfaf?s=96&d=mm&r=g\",\"caption\":\"Imprensa Sindm\u00f3veis\"},\"url\":\"https:\/\/www.sindmoveis.com.br\/es\/author\/ana\/\"}]}<\/script>\n<!-- \/ Yoast SEO plugin. -->","yoast_head_json":{"title":"Ventas deben crecer 15% con reducci\u00f3n do IPI - Sindm\u00f3veis-RS","robots":{"index":"index","follow":"follow","max-snippet":"max-snippet:-1","max-image-preview":"max-image-preview:large","max-video-preview":"max-video-preview:-1"},"canonical":"https:\/\/www.sindmoveis.com.br\/es\/vendas-devem-crescer-15-com-reducao-do-ipi\/","og_locale":"es_ES","og_type":"article","og_title":"Ventas deben crecer 15% con reducci\u00f3n do IPI - Sindm\u00f3veis-RS","og_description":"\u00a0 Medida, anunciada el primer d\u00eda de Movelsul por el ministro Guido Mantega, tendr\u00e1 vigencia durante tres meses \u00a0 La presidente del Sindicato de las Industrias del Mobiliario de Bento... Leia mais &raquo;","og_url":"https:\/\/www.sindmoveis.com.br\/es\/vendas-devem-crescer-15-com-reducao-do-ipi\/","og_site_name":"Sindm\u00f3veis-RS","article_published_time":"2012-03-28T03:00:00+00:00","article_modified_time":"2021-05-26T14:01:19+00:00","author":"Imprensa Sindm\u00f3veis","twitter_card":"summary_large_image","twitter_misc":{"Escrito por":"Imprensa Sindm\u00f3veis","Tiempo de lectura":"2 minutos"},"schema":{"@context":"https:\/\/schema.org","@graph":[{"@type":"Article","@id":"https:\/\/www.sindmoveis.com.br\/es\/vendas-devem-crescer-15-com-reducao-do-ipi\/#article","isPartOf":{"@id":"https:\/\/www.sindmoveis.com.br\/es\/vendas-devem-crescer-15-com-reducao-do-ipi\/"},"author":{"name":"Imprensa Sindm\u00f3veis","@id":"https:\/\/www.sindmoveis.com.br\/es\/#\/schema\/person\/16d379542db1950a17fe188179340d57"},"headline":"Ventas deben crecer 15% con reducci\u00f3n do IPI","datePublished":"2012-03-28T03:00:00+00:00","dateModified":"2021-05-26T14:01:19+00:00","mainEntityOfPage":{"@id":"https:\/\/www.sindmoveis.com.br\/es\/vendas-devem-crescer-15-com-reducao-do-ipi\/"},"wordCount":499,"articleSection":["Datos","Sindm\u00f3veis"],"inLanguage":"es"},{"@type":"WebPage","@id":"https:\/\/www.sindmoveis.com.br\/es\/vendas-devem-crescer-15-com-reducao-do-ipi\/","url":"https:\/\/www.sindmoveis.com.br\/es\/vendas-devem-crescer-15-com-reducao-do-ipi\/","name":"Ventas deben crecer 15% con reducci\u00f3n do IPI - Sindm\u00f3veis-RS","isPartOf":{"@id":"https:\/\/www.sindmoveis.com.br\/es\/#website"},"datePublished":"2012-03-28T03:00:00+00:00","dateModified":"2021-05-26T14:01:19+00:00","author":{"@id":"https:\/\/www.sindmoveis.com.br\/es\/#\/schema\/person\/16d379542db1950a17fe188179340d57"},"inLanguage":"es","potentialAction":[{"@type":"ReadAction","target":["https:\/\/www.sindmoveis.com.br\/es\/vendas-devem-crescer-15-com-reducao-do-ipi\/"]}]},{"@type":"WebSite","@id":"https:\/\/www.sindmoveis.com.br\/es\/#website","url":"https:\/\/www.sindmoveis.com.br\/es\/","name":"Sindm\u00f3veis-RS","description":"","potentialAction":[{"@type":"SearchAction","target":{"@type":"EntryPoint","urlTemplate":"https:\/\/www.sindmoveis.com.br\/es\/?s={search_term_string}"},"query-input":{"@type":"PropertyValueSpecification","valueRequired":true,"valueName":"search_term_string"}}],"inLanguage":"es"},{"@type":"Person","@id":"https:\/\/www.sindmoveis.com.br\/es\/#\/schema\/person\/16d379542db1950a17fe188179340d57","name":"Imprensa Sindm\u00f3veis","image":{"@type":"ImageObject","inLanguage":"es","@id":"https:\/\/www.sindmoveis.com.br\/es\/#\/schema\/person\/image\/","url":"https:\/\/secure.gravatar.com\/avatar\/4973e2e2c2a0cb5db30b0c7b770041b8e33d048a16b695a1f99c042449d4bfaf?s=96&d=mm&r=g","contentUrl":"https:\/\/secure.gravatar.com\/avatar\/4973e2e2c2a0cb5db30b0c7b770041b8e33d048a16b695a1f99c042449d4bfaf?s=96&d=mm&r=g","caption":"Imprensa Sindm\u00f3veis"},"url":"https:\/\/www.sindmoveis.com.br\/es\/author\/ana\/"}]}},"_links":{"self":[{"href":"https:\/\/www.sindmoveis.com.br\/es\/wp-json\/wp\/v2\/posts\/881","targetHints":{"allow":["GET"]}}],"collection":[{"href":"https:\/\/www.sindmoveis.com.br\/es\/wp-json\/wp\/v2\/posts"}],"about":[{"href":"https:\/\/www.sindmoveis.com.br\/es\/wp-json\/wp\/v2\/types\/post"}],"author":[{"embeddable":true,"href":"https:\/\/www.sindmoveis.com.br\/es\/wp-json\/wp\/v2\/users\/5"}],"replies":[{"embeddable":true,"href":"https:\/\/www.sindmoveis.com.br\/es\/wp-json\/wp\/v2\/comments?post=881"}],"version-history":[{"count":2,"href":"https:\/\/www.sindmoveis.com.br\/es\/wp-json\/wp\/v2\/posts\/881\/revisions"}],"predecessor-version":[{"id":3190,"href":"https:\/\/www.sindmoveis.com.br\/es\/wp-json\/wp\/v2\/posts\/881\/revisions\/3190"}],"wp:attachment":[{"href":"https:\/\/www.sindmoveis.com.br\/es\/wp-json\/wp\/v2\/media?parent=881"}],"wp:term":[{"taxonomy":"category","embeddable":true,"href":"https:\/\/www.sindmoveis.com.br\/es\/wp-json\/wp\/v2\/categories?post=881"},{"taxonomy":"post_tag","embeddable":true,"href":"https:\/\/www.sindmoveis.com.br\/es\/wp-json\/wp\/v2\/tags?post=881"}],"curies":[{"name":"wp","href":"https:\/\/api.w.org\/{rel}","templated":true}]}}