{"id":880,"date":"2012-03-28T00:00:00","date_gmt":"2012-03-28T03:00:00","guid":{"rendered":"http:\/\/sindmoveis.com.br\/imprensa\/noticias\/reducao-do-ipi-da-novo-impulso-a-movelsul\/"},"modified":"2021-05-26T10:31:44","modified_gmt":"2021-05-26T13:31:44","slug":"reducao-do-ipi-da-novo-impulso-a-movelsul","status":"publish","type":"post","link":"https:\/\/www.sindmoveis.com.br\/es\/reducao-do-ipi-da-novo-impulso-a-movelsul\/","title":{"rendered":"Reducci\u00f3n  del Impuesto Sobre Productos Industrializados -IPI da nuevo impulso a Movelsul"},"content":{"rendered":"<p>Mayor feria de muebles de Am\u00e9rica Latina debe vender 10% \u00a0m\u00e1s \u00a0que lo previsto debido al corte en el impuesto<br \/>\n\u00a0<br \/>\nLa expectativa rondaba los pasillos de Movelsul, em Bento Gon\u00e7alves, desde antes de la apertura de los pabellones. La semana antes de esta apertura, cuando el equipo del Sindicato de las Industrias del Mobiliario de Bento Gon\u00e7alves \u2013 Sindm\u00f3veis acertaba los \u00faltimos detalles del evento, la medida del gobierno que reducir\u00eda el Impuesto sobre Productos Industrializados \u2013 IPI, de los muebles era aguardada. En la noche del d\u00eda 23 de marzo, durante una cena con los patrocinadores de la feria, el asunto m\u00e1s comentado era si el IPI ser\u00eda o no reducido en los pr\u00f3ximos d\u00edas.<br \/>\nConfirmada en la noche, despu\u00e9s del anuncio del Ministro de Hacienda Guido Mantega, la noticia no lleg\u00f3 a tiempo durante la cena, para que pudiese ser brindada por los dirigentes e inversionistas de Movelsul. Pero tambi\u00e9n hay mucho m\u00e1s a ser conmemorado. Al final, los 327 expositores de la mayor feria del sector del mobiliario de Am\u00e9rica Latina a\u00fan tuvieron cuatro d\u00edas para negociar con los compradores productos 5% m\u00e1s baratos \u2013 esa era la al\u00edcuota de IPI pagada por los fabricantes. En una edici\u00f3n extra del Diario Oficial, que circul\u00f3 el d\u00eda 23 de marzo, la presidente Dilma Rousseff firm\u00f3 la retirada del IPI para la l\u00ednea de muebles por tres meses. La medida tambi\u00e9n contempla los revestimientos laminados y reduce las al\u00edcuotas de luminarias y l\u00e1mparas (de 15% para 5%) y de papeles de pared (de 20% para 10%).\u00a0<br \/>\nLa noticia lleg\u00f3 como un est\u00edmulo extra para una feria que ya presentaba n\u00fameros positivos. Solamente el primer d\u00eda, cinco mil personas visitaron el evento \u2013 mil m\u00e1s que el primer d\u00eda de la edici\u00f3n de 2010. Con la reducci\u00f3n del IPI, el presidente de Movelsul, Jo\u00e3o Paulo Pompermayer, espera que la previsi\u00f3n inicial de negocios, que era de U$ 330 millones, sea aumentada en 10%. \u201cAqu\u00ed en la feria tendremos un impacto inmediato, de cort\u00edsimo plazo. Pero la medida contin\u00faa favoreciendo las ventas en el sector durante toda su vigencia\u201d, afirm\u00f3.<br \/>\n\u00a0<br \/>\nEntrevista: Jo\u00e3o Paulo Pompermayer, presidente de Movelsul<br \/>\n\u00a0<br \/>\n\u00a0<br \/>\n\u00bfCu\u00e1l el impacto de esta medida para la industria del mobiliario y para el consumidor?<br \/>\nLa medida tiene impacto inmediato, pues reduce en 5% el costo del producto. Esto significa que podr\u00e1 ser sentida inmediatamente, con los productos costando 5% menos para los comerciantes de muebles. Ya para el consumidor, la reducci\u00f3n podr\u00e1 ser a\u00fan mayor, pues este corte tiene efecto en cadena. Es una medida importante, que muestra que el gobierno est\u00e1 mirando para el sector con cari\u00f1o.\u00a0<br \/>\n\u00a0<br \/>\n\u00a0<br \/>\n\u00bfEl anuncio del gobierno era lo que el sector esperaba?<br \/>\nEl sector del mobiliario ya reclamaba desde hace mucho tiempo esa reducci\u00f3n, que demor\u00f3 para llegar, pero, al final, fue anunciada. Tambi\u00e9n consideramos que solamente tres meses es muy poco tiempo. Esper\u00e1bamos esa medida como un paliativo, pero sabemos que ella no es suficiente para resolver los problemas que enfrentamos en la industria.<br \/>\n\u00bfCu\u00e1les son los otros problemas que a\u00fan afligen a los fabricantes de muebles?\u00a0<br \/>\nTenemos una carga tributaria excesiva. La propia reducci\u00f3n del IPI como medida de incentivo a la industria y al consumo comprueba que pagamos impuestos en exceso. Los liderazgos del sector del mobiliario y de muchos otros sectores est\u00e1n en lucha constante para que una reforma tributaria pueda exonerar la cadena productiva y lograr que nuestra industria sea m\u00e1s competitiva. Tambi\u00e9n tenemos problemas de log\u00edstica, con un sistema vial mal conservado que por su vez genera fletes m\u00e1s caros. Y, por fin, necesitamos de una pol\u00edtica cambial m\u00e1s efectiva, que favorezca las exportaciones.\u00a0<br \/>\n\u00bfC\u00f3mo ese anuncio impactar\u00e1 la realizaci\u00f3n de Movelsul?<br \/>\nPodemos decir que, considerando la reducci\u00f3n del IPI, tendremos por lo menos 10% m\u00e1s negocios en la feria. El impacto es inmediato, de cort\u00edsimo plazo.<br \/>\n\u00bfY c\u00f3mo queda la industria despu\u00e9s de esos tres meses?<br \/>\nContinuaremos negociando con el gobierno para que esa medida se prolongue, pues creemos que el per\u00edodo de exenci\u00f3n es corto. Mientras la medida est\u00e9 en vigor, tendremos un incremento en el consumo, que se acentuar\u00e1 en los pr\u00f3ximos d\u00edas. La medida contin\u00faa favoreciendo las ventas en el sector durante toda su vigencia.<br \/>\n\u00a0<\/p>\n","protected":false},"excerpt":{"rendered":"<p>Mayor feria de muebles de Am\u00e9rica Latina debe vender 10% \u00a0m\u00e1s \u00a0que lo previsto debido al corte en el impuesto \u00a0 La expectativa rondaba los pasillos de Movelsul, em Bento&#8230;  <a class=\"excerpt-read-more\" href=\"https:\/\/www.sindmoveis.com.br\/es\/reducao-do-ipi-da-novo-impulso-a-movelsul\/\" title=\"Read Reducci\u00f3n  del Impuesto Sobre Productos Industrializados -IPI da nuevo impulso a Movelsul\">Leia mais &raquo;<\/a><\/p>\n","protected":false},"author":5,"featured_media":0,"comment_status":"closed","ping_status":"open","sticky":false,"template":"","format":"standard","meta":{"footnotes":"","_links_to":"","_links_to_target":""},"categories":[23,2],"tags":[],"class_list":["post-880","post","type-post","status-publish","format-standard","hentry","category-movelsul","category-sindmoveis"],"yoast_head":"<!-- This site is optimized with the Yoast SEO plugin v27.0 - https:\/\/yoast.com\/product\/yoast-seo-wordpress\/ -->\n<title>Reducci\u00f3n del Impuesto Sobre Productos Industrializados -IPI da nuevo impulso a Movelsul - Sindm\u00f3veis-RS<\/title>\n<meta name=\"robots\" content=\"index, follow, max-snippet:-1, max-image-preview:large, max-video-preview:-1\" \/>\n<link rel=\"canonical\" href=\"https:\/\/www.sindmoveis.com.br\/es\/reducao-do-ipi-da-novo-impulso-a-movelsul\/\" \/>\n<meta property=\"og:locale\" content=\"es_ES\" \/>\n<meta property=\"og:type\" content=\"article\" \/>\n<meta property=\"og:title\" content=\"Reducci\u00f3n del Impuesto Sobre Productos Industrializados -IPI da nuevo impulso a Movelsul - Sindm\u00f3veis-RS\" \/>\n<meta property=\"og:description\" content=\"Mayor feria de muebles de Am\u00e9rica Latina debe vender 10% \u00a0m\u00e1s \u00a0que lo previsto debido al corte en el impuesto \u00a0 La expectativa rondaba los pasillos de Movelsul, em Bento... Leia mais &raquo;\" \/>\n<meta property=\"og:url\" content=\"https:\/\/www.sindmoveis.com.br\/es\/reducao-do-ipi-da-novo-impulso-a-movelsul\/\" \/>\n<meta property=\"og:site_name\" content=\"Sindm\u00f3veis-RS\" \/>\n<meta property=\"article:published_time\" content=\"2012-03-28T03:00:00+00:00\" \/>\n<meta property=\"article:modified_time\" content=\"2021-05-26T13:31:44+00:00\" \/>\n<meta name=\"author\" content=\"Imprensa Sindm\u00f3veis\" \/>\n<meta name=\"twitter:card\" content=\"summary_large_image\" \/>\n<meta name=\"twitter:label1\" content=\"Escrito por\" \/>\n\t<meta name=\"twitter:data1\" content=\"Imprensa Sindm\u00f3veis\" \/>\n\t<meta name=\"twitter:label2\" content=\"Tiempo de lectura\" \/>\n\t<meta name=\"twitter:data2\" content=\"4 minutos\" \/>\n<script type=\"application\/ld+json\" class=\"yoast-schema-graph\">{\"@context\":\"https:\/\/schema.org\",\"@graph\":[{\"@type\":\"Article\",\"@id\":\"https:\/\/www.sindmoveis.com.br\/es\/reducao-do-ipi-da-novo-impulso-a-movelsul\/#article\",\"isPartOf\":{\"@id\":\"https:\/\/www.sindmoveis.com.br\/es\/reducao-do-ipi-da-novo-impulso-a-movelsul\/\"},\"author\":{\"name\":\"Imprensa Sindm\u00f3veis\",\"@id\":\"https:\/\/www.sindmoveis.com.br\/es\/#\/schema\/person\/16d379542db1950a17fe188179340d57\"},\"headline\":\"Reducci\u00f3n del Impuesto Sobre Productos Industrializados -IPI da nuevo impulso a Movelsul\",\"datePublished\":\"2012-03-28T03:00:00+00:00\",\"dateModified\":\"2021-05-26T13:31:44+00:00\",\"mainEntityOfPage\":{\"@id\":\"https:\/\/www.sindmoveis.com.br\/es\/reducao-do-ipi-da-novo-impulso-a-movelsul\/\"},\"wordCount\":758,\"articleSection\":[\"Movelsul\",\"Sindm\u00f3veis\"],\"inLanguage\":\"es\"},{\"@type\":\"WebPage\",\"@id\":\"https:\/\/www.sindmoveis.com.br\/es\/reducao-do-ipi-da-novo-impulso-a-movelsul\/\",\"url\":\"https:\/\/www.sindmoveis.com.br\/es\/reducao-do-ipi-da-novo-impulso-a-movelsul\/\",\"name\":\"Reducci\u00f3n del Impuesto Sobre Productos Industrializados -IPI da nuevo impulso a Movelsul - Sindm\u00f3veis-RS\",\"isPartOf\":{\"@id\":\"https:\/\/www.sindmoveis.com.br\/es\/#website\"},\"datePublished\":\"2012-03-28T03:00:00+00:00\",\"dateModified\":\"2021-05-26T13:31:44+00:00\",\"author\":{\"@id\":\"https:\/\/www.sindmoveis.com.br\/es\/#\/schema\/person\/16d379542db1950a17fe188179340d57\"},\"inLanguage\":\"es\",\"potentialAction\":[{\"@type\":\"ReadAction\",\"target\":[\"https:\/\/www.sindmoveis.com.br\/es\/reducao-do-ipi-da-novo-impulso-a-movelsul\/\"]}]},{\"@type\":\"WebSite\",\"@id\":\"https:\/\/www.sindmoveis.com.br\/es\/#website\",\"url\":\"https:\/\/www.sindmoveis.com.br\/es\/\",\"name\":\"Sindm\u00f3veis-RS\",\"description\":\"\",\"potentialAction\":[{\"@type\":\"SearchAction\",\"target\":{\"@type\":\"EntryPoint\",\"urlTemplate\":\"https:\/\/www.sindmoveis.com.br\/es\/?s={search_term_string}\"},\"query-input\":{\"@type\":\"PropertyValueSpecification\",\"valueRequired\":true,\"valueName\":\"search_term_string\"}}],\"inLanguage\":\"es\"},{\"@type\":\"Person\",\"@id\":\"https:\/\/www.sindmoveis.com.br\/es\/#\/schema\/person\/16d379542db1950a17fe188179340d57\",\"name\":\"Imprensa Sindm\u00f3veis\",\"image\":{\"@type\":\"ImageObject\",\"inLanguage\":\"es\",\"@id\":\"https:\/\/www.sindmoveis.com.br\/es\/#\/schema\/person\/image\/\",\"url\":\"https:\/\/secure.gravatar.com\/avatar\/4973e2e2c2a0cb5db30b0c7b770041b8e33d048a16b695a1f99c042449d4bfaf?s=96&d=mm&r=g\",\"contentUrl\":\"https:\/\/secure.gravatar.com\/avatar\/4973e2e2c2a0cb5db30b0c7b770041b8e33d048a16b695a1f99c042449d4bfaf?s=96&d=mm&r=g\",\"caption\":\"Imprensa Sindm\u00f3veis\"},\"url\":\"https:\/\/www.sindmoveis.com.br\/es\/author\/ana\/\"}]}<\/script>\n<!-- \/ Yoast SEO plugin. -->","yoast_head_json":{"title":"Reducci\u00f3n del Impuesto Sobre Productos Industrializados -IPI da nuevo impulso a Movelsul - Sindm\u00f3veis-RS","robots":{"index":"index","follow":"follow","max-snippet":"max-snippet:-1","max-image-preview":"max-image-preview:large","max-video-preview":"max-video-preview:-1"},"canonical":"https:\/\/www.sindmoveis.com.br\/es\/reducao-do-ipi-da-novo-impulso-a-movelsul\/","og_locale":"es_ES","og_type":"article","og_title":"Reducci\u00f3n del Impuesto Sobre Productos Industrializados -IPI da nuevo impulso a Movelsul - Sindm\u00f3veis-RS","og_description":"Mayor feria de muebles de Am\u00e9rica Latina debe vender 10% \u00a0m\u00e1s \u00a0que lo previsto debido al corte en el impuesto \u00a0 La expectativa rondaba los pasillos de Movelsul, em Bento... Leia mais &raquo;","og_url":"https:\/\/www.sindmoveis.com.br\/es\/reducao-do-ipi-da-novo-impulso-a-movelsul\/","og_site_name":"Sindm\u00f3veis-RS","article_published_time":"2012-03-28T03:00:00+00:00","article_modified_time":"2021-05-26T13:31:44+00:00","author":"Imprensa Sindm\u00f3veis","twitter_card":"summary_large_image","twitter_misc":{"Escrito por":"Imprensa Sindm\u00f3veis","Tiempo de lectura":"4 minutos"},"schema":{"@context":"https:\/\/schema.org","@graph":[{"@type":"Article","@id":"https:\/\/www.sindmoveis.com.br\/es\/reducao-do-ipi-da-novo-impulso-a-movelsul\/#article","isPartOf":{"@id":"https:\/\/www.sindmoveis.com.br\/es\/reducao-do-ipi-da-novo-impulso-a-movelsul\/"},"author":{"name":"Imprensa Sindm\u00f3veis","@id":"https:\/\/www.sindmoveis.com.br\/es\/#\/schema\/person\/16d379542db1950a17fe188179340d57"},"headline":"Reducci\u00f3n del Impuesto Sobre Productos Industrializados -IPI da nuevo impulso a Movelsul","datePublished":"2012-03-28T03:00:00+00:00","dateModified":"2021-05-26T13:31:44+00:00","mainEntityOfPage":{"@id":"https:\/\/www.sindmoveis.com.br\/es\/reducao-do-ipi-da-novo-impulso-a-movelsul\/"},"wordCount":758,"articleSection":["Movelsul","Sindm\u00f3veis"],"inLanguage":"es"},{"@type":"WebPage","@id":"https:\/\/www.sindmoveis.com.br\/es\/reducao-do-ipi-da-novo-impulso-a-movelsul\/","url":"https:\/\/www.sindmoveis.com.br\/es\/reducao-do-ipi-da-novo-impulso-a-movelsul\/","name":"Reducci\u00f3n del Impuesto Sobre Productos Industrializados -IPI da nuevo impulso a Movelsul - Sindm\u00f3veis-RS","isPartOf":{"@id":"https:\/\/www.sindmoveis.com.br\/es\/#website"},"datePublished":"2012-03-28T03:00:00+00:00","dateModified":"2021-05-26T13:31:44+00:00","author":{"@id":"https:\/\/www.sindmoveis.com.br\/es\/#\/schema\/person\/16d379542db1950a17fe188179340d57"},"inLanguage":"es","potentialAction":[{"@type":"ReadAction","target":["https:\/\/www.sindmoveis.com.br\/es\/reducao-do-ipi-da-novo-impulso-a-movelsul\/"]}]},{"@type":"WebSite","@id":"https:\/\/www.sindmoveis.com.br\/es\/#website","url":"https:\/\/www.sindmoveis.com.br\/es\/","name":"Sindm\u00f3veis-RS","description":"","potentialAction":[{"@type":"SearchAction","target":{"@type":"EntryPoint","urlTemplate":"https:\/\/www.sindmoveis.com.br\/es\/?s={search_term_string}"},"query-input":{"@type":"PropertyValueSpecification","valueRequired":true,"valueName":"search_term_string"}}],"inLanguage":"es"},{"@type":"Person","@id":"https:\/\/www.sindmoveis.com.br\/es\/#\/schema\/person\/16d379542db1950a17fe188179340d57","name":"Imprensa Sindm\u00f3veis","image":{"@type":"ImageObject","inLanguage":"es","@id":"https:\/\/www.sindmoveis.com.br\/es\/#\/schema\/person\/image\/","url":"https:\/\/secure.gravatar.com\/avatar\/4973e2e2c2a0cb5db30b0c7b770041b8e33d048a16b695a1f99c042449d4bfaf?s=96&d=mm&r=g","contentUrl":"https:\/\/secure.gravatar.com\/avatar\/4973e2e2c2a0cb5db30b0c7b770041b8e33d048a16b695a1f99c042449d4bfaf?s=96&d=mm&r=g","caption":"Imprensa Sindm\u00f3veis"},"url":"https:\/\/www.sindmoveis.com.br\/es\/author\/ana\/"}]}},"_links":{"self":[{"href":"https:\/\/www.sindmoveis.com.br\/es\/wp-json\/wp\/v2\/posts\/880","targetHints":{"allow":["GET"]}}],"collection":[{"href":"https:\/\/www.sindmoveis.com.br\/es\/wp-json\/wp\/v2\/posts"}],"about":[{"href":"https:\/\/www.sindmoveis.com.br\/es\/wp-json\/wp\/v2\/types\/post"}],"author":[{"embeddable":true,"href":"https:\/\/www.sindmoveis.com.br\/es\/wp-json\/wp\/v2\/users\/5"}],"replies":[{"embeddable":true,"href":"https:\/\/www.sindmoveis.com.br\/es\/wp-json\/wp\/v2\/comments?post=880"}],"version-history":[{"count":2,"href":"https:\/\/www.sindmoveis.com.br\/es\/wp-json\/wp\/v2\/posts\/880\/revisions"}],"predecessor-version":[{"id":3189,"href":"https:\/\/www.sindmoveis.com.br\/es\/wp-json\/wp\/v2\/posts\/880\/revisions\/3189"}],"wp:attachment":[{"href":"https:\/\/www.sindmoveis.com.br\/es\/wp-json\/wp\/v2\/media?parent=880"}],"wp:term":[{"taxonomy":"category","embeddable":true,"href":"https:\/\/www.sindmoveis.com.br\/es\/wp-json\/wp\/v2\/categories?post=880"},{"taxonomy":"post_tag","embeddable":true,"href":"https:\/\/www.sindmoveis.com.br\/es\/wp-json\/wp\/v2\/tags?post=880"}],"curies":[{"name":"wp","href":"https:\/\/api.w.org\/{rel}","templated":true}]}}