{"id":879,"date":"2012-03-27T00:00:00","date_gmt":"2012-03-27T03:00:00","guid":{"rendered":"http:\/\/sindmoveis.com.br\/imprensa\/noticias\/apex-brasil-e-sindmoveis-assinam-novo-convenio-para-promover-exportacoes-de-fornecedores-da-industria-moveleira\/"},"modified":"2021-05-26T10:30:06","modified_gmt":"2021-05-26T13:30:06","slug":"apex-brasil-e-sindmoveis-assinam-novo-convenio-para-promover-exportacoes-de-fornecedores-da-industria-moveleira","status":"publish","type":"post","link":"https:\/\/www.sindmoveis.com.br\/es\/apex-brasil-e-sindmoveis-assinam-novo-convenio-para-promover-exportacoes-de-fornecedores-da-industria-moveleira\/","title":{"rendered":"Apex-Brasil y Sindm\u00f3veis firman nuevo convenio para promover exportaciones de proveedores de la industria del mobiliario"},"content":{"rendered":"<p>\u00a0<br \/>\nAsociados invertir\u00e1n R$ 4,88 millones en la realizaci\u00f3n del Proyecto Orchestra Brasil, que prev\u00e9 acciones de promoci\u00f3n comercial durante los pr\u00f3ximos 12 meses<br \/>\nMeta es que exportaciones de las empresas participantes aumenten 11% entre 2011 y 2013<br \/>\n\u00a0<br \/>\nLa Agencia Brasile\u00f1a de Promoci\u00f3n de Exportaciones e Inversiones (Apex-Brasil) y el Sindicato de las Industrias del Mobiliario de Bento Gon\u00e7alves (Sindm\u00f3veis) el d\u00eda 27 de los corrientes, durante el Seminario \u201cExportar es Innovar\u201d, firmaron el nuevo convenio de cooperaci\u00f3n t\u00e9cnica y financiera para la promoci\u00f3n de las exportaciones de insumos, componentes, tecnolog\u00eda y servicios de dise\u00f1o para la industria del mobiliario.<br \/>\nEl convenio prev\u00e9 inversiones de R$ 4,8 millones, aportados por la Agencia antes mencionada y por Sindm\u00f3veis, para la realizaci\u00f3n de una serie de acciones de promoci\u00f3n comercial y de posicionamiento del sector en el exterior en el per\u00edodo 2012-2013, organizada en el \u00e1mbito del Proyecto Orchestra Brasil. Los mercados en la mira para las iniciativas ser\u00e1n: Estados Unidos, M\u00e9xico, Colombia, Per\u00fa, chile, Argentina, Paraguay, Uruguay, \u00c1frica del Sur, Canad\u00e1 y Turqu\u00eda.<br \/>\nActualmente, 70 empresas integran el Proyecto Orchestra Brasuil. La meta prevista en el nuevo convenio es que las exportaciones de las empresas participantes pasen de U$ 83 millones (en 2011) para U$ \u00a093 millones (en 2013), alcanzando un crecimiento de 11%.<br \/>\n\u00a0\u201cNuestro objetivo con la renovaci\u00f3n de esta asociaci\u00f3n es promover las exportaciones y la internacionalizaci\u00f3n de las marcas brasile\u00f1as, trabajando con los diferenciales de innovaci\u00f3n, dise\u00f1o y sostenibilidad de los productos. El sector tiene potencial para destacarse cada vez m\u00e1s en el comercio internacional, y el Proyecto deber\u00e1 contribuir con el posicionamiento y la imagen de la cadena productiva del mobiliario por medio de iniciativas como la promoci\u00f3n de los dise\u00f1adores en el mercado internacional\u201d, afirma Rogerio Bellini, director de Negocios de Apex-Brasil.<br \/>\nLa presidente de Sindm\u00f3veis, Catia Scarton, hace hincapi\u00e9 en el \u00e9xito del convenio: \u201cLa oportunidad de integrar el empe\u00f1o de las empresas proveedoras de la industria del mobiliario al Proyecto Orchestra Brasuil ha permitido el acceso a informaciones concretas sobre el mercado externo, optimizando las estrategias para ventas y encaminando los esfuerzos para un intercambio real de experiencias con los mercados que son nuestro objetivo. A partir de este a\u00f1o, al agregar servicios al Proyecto, vamos a potenciar los resultados, pues nuestras industrias y nuestros dise\u00f1adores est\u00e1n capacitados para abrir m\u00e1s mercados fuera de Brasil\u201d.\u00a0<br \/>\nAdem\u00e1s del Proyecto Orchestra Brasil, dedicado a los proveedores de la industria del mobiliario, Apex-Brasil, apoya tambi\u00e9n a los fabricantes de muebles por medio del Proyecto Brazilian Furniture (convenio con el Sindicato de las Industrias de Muebles de la Madera y del Mobiliario \u2013 Sindiman \u2013 y con la Asociaci\u00f3n Brasile\u00f1a de las Industrias del Mobiliario \u2013 Abim\u00f3vel -, en vigor hasta 2013.<br \/>\n\u00a0<br \/>\nCrecimiento de las exportaciones<br \/>\nLas empresas integrantes de los Proyectos Orchestra Brasil y Brazilian Furniture est\u00e1n logrando aumentar sus exportaciones m\u00e1s all\u00e1 del promedio de las empresas brasile\u00f1as del sector. En el caso del Proyecto Orchestra Brasil, el crecimiento promedio anual de las exportaciones de las empresas participantes, entre 2006 y 2011, fue de 10,6%, mientras que el \u00edndice brasile\u00f1o de las empresas del mismo segmento qued\u00f3 en 6,9%.\u00a0<br \/>\nNo caso do BrazilianFurniture, as exporta\u00e7\u00f5es gerais do Brasil para a ind\u00fastria de m\u00f3vel tiveram queda entre 2006 e 2011 (-7,7%), enquanto as empresas participantes do Projeto aumentaram suas vendas externas em 11,9%.<br \/>\nEn el caso del Proyecto Brazilian Furniture, las exportaciones generales de Brasil para la industria del mueble tuvieron un descenso entre 2006 y 2011 (-7,7%), al contrario de las empresas participantes del Proyecto, que aumentaron sus ventas en 11,9%.<br \/>\n\u00a0Acciones previstas<br \/>\nEl \u00a0nuevo Proyecto Orchestra Brasil prev\u00e9 las siguientes acciones:<br \/>\n\u2022 \u00a0 \u00a0 \u00a0 \u00a0 Participaci\u00f3n en las principales ferias internacionales del sector (M&#038;M \u2013 Colombia, KBS \u2013 Estados Unidos, XYLEXPO \u2013 Italia, Tecnomueble \u2013 M\u00e9xico, IWF \u2013 Estados Unidos, Expoferretera \u2013 M\u00e9xico, FENAFOR \u2013 Per\u00fa, \u00a0INTERMOB \u2013 Turqu\u00eda, Maison&#038;Object \u2013 Francia, etc.);<br \/>\n\u2022 \u00a0 \u00a0 \u00a0 \u00a0 Proyectos Comprador (presencia de importadores en Brasil para participar dos eventos ForM\u00f3bile \u2013 S\u00e3o Paulo y FIMMA \u2013 Bento Gon\u00e7alves -RS);<br \/>\n\u2022 \u00a0 \u00a0 \u00a0 \u00a0 Proyecto Vendedor (Road show de empresas del sector por Am\u00e9rica del Sur);<br \/>\n\u2022 \u00a0 \u00a0 \u00a0 \u00a0 Estudios de mercado (Turqu\u00eda y \u00c1frica del Sur);<br \/>\n\u2022 \u00a0 \u00a0 \u00a0 \u00a0 Promoci\u00f3n del dise\u00f1o \u2013asociaci\u00f3n con entidades del segmento de moda en eventos como S\u00e3o Paulo Fashion Week, Fashion Rio, Minas Trend Preview, Brazil S\/A \u2013 Mil\u00e1n (Italia), 100% Design (Londres);<br \/>\n\u2022 \u00a0 \u00a0 \u00a0 \u00a0 Planificaci\u00f3n estrat\u00e9gica sectorial y segmentaci\u00f3n de empresas;<br \/>\n\u2022 \u00a0 \u00a0 \u00a0 \u00a0 Capacitaci\u00f3n en dise\u00f1o y competitividad;<br \/>\n\u2022 \u00a0 \u00a0 \u00a0 \u00a0 Misi\u00f3n Comercial a China;<br \/>\n\u2022 \u00a0 \u00a0 \u00a0 \u00a0 Showroom en Miami (EEUU), en el Centro de Negocios de Apex-Brasil.<br \/>\n\u00a0Seminario \u201cExportar es Innovar\u201d.<br \/>\nEl Seminario \u201cExportar es Innovar\u201d es una iniciativa de \u00e1pex-Brasil adoptada, a partir de 2012, en diversos eventos sectoriales por todo Brasil con el objetivo de aproximar la Agencia y los empresarios, present\u00e1ndoles los servicios ofrecidos para facilitar su entrada y la ampliaci\u00f3n de su presencia en el mercado internacional.<br \/>\n\u00a0<\/p>\n","protected":false},"excerpt":{"rendered":"<p>\u00a0 Asociados invertir\u00e1n R$ 4,88 millones en la realizaci\u00f3n del Proyecto Orchestra Brasil, que prev\u00e9 acciones de promoci\u00f3n comercial durante los pr\u00f3ximos 12 meses Meta es que exportaciones de las&#8230;  <a class=\"excerpt-read-more\" href=\"https:\/\/www.sindmoveis.com.br\/es\/apex-brasil-e-sindmoveis-assinam-novo-convenio-para-promover-exportacoes-de-fornecedores-da-industria-moveleira\/\" title=\"Read Apex-Brasil y Sindm\u00f3veis firman nuevo convenio para promover exportaciones de proveedores de la industria del mobiliario\">Leia mais &raquo;<\/a><\/p>\n","protected":false},"author":5,"featured_media":0,"comment_status":"closed","ping_status":"open","sticky":false,"template":"","format":"standard","meta":{"footnotes":"","_links_to":"","_links_to_target":""},"categories":[11,2],"tags":[],"class_list":["post-879","post","type-post","status-publish","format-standard","hentry","category-exportaciones","category-sindmoveis"],"yoast_head":"<!-- This site is optimized with the Yoast SEO plugin v27.0 - https:\/\/yoast.com\/product\/yoast-seo-wordpress\/ -->\n<title>Apex-Brasil y Sindm\u00f3veis firman nuevo convenio para promover exportaciones de proveedores de la industria del mobiliario - Sindm\u00f3veis-RS<\/title>\n<meta name=\"robots\" content=\"index, follow, max-snippet:-1, max-image-preview:large, max-video-preview:-1\" \/>\n<link rel=\"canonical\" href=\"https:\/\/www.sindmoveis.com.br\/es\/apex-brasil-e-sindmoveis-assinam-novo-convenio-para-promover-exportacoes-de-fornecedores-da-industria-moveleira\/\" \/>\n<meta property=\"og:locale\" content=\"es_ES\" \/>\n<meta property=\"og:type\" content=\"article\" \/>\n<meta property=\"og:title\" content=\"Apex-Brasil y Sindm\u00f3veis firman nuevo convenio para promover exportaciones de proveedores de la industria del mobiliario - Sindm\u00f3veis-RS\" \/>\n<meta property=\"og:description\" content=\"\u00a0 Asociados invertir\u00e1n R$ 4,88 millones en la realizaci\u00f3n del Proyecto Orchestra Brasil, que prev\u00e9 acciones de promoci\u00f3n comercial durante los pr\u00f3ximos 12 meses Meta es que exportaciones de las... Leia mais &raquo;\" \/>\n<meta property=\"og:url\" content=\"https:\/\/www.sindmoveis.com.br\/es\/apex-brasil-e-sindmoveis-assinam-novo-convenio-para-promover-exportacoes-de-fornecedores-da-industria-moveleira\/\" \/>\n<meta property=\"og:site_name\" content=\"Sindm\u00f3veis-RS\" \/>\n<meta property=\"article:published_time\" content=\"2012-03-27T03:00:00+00:00\" \/>\n<meta property=\"article:modified_time\" content=\"2021-05-26T13:30:06+00:00\" \/>\n<meta name=\"author\" content=\"Imprensa Sindm\u00f3veis\" \/>\n<meta name=\"twitter:card\" content=\"summary_large_image\" \/>\n<meta name=\"twitter:label1\" content=\"Escrito por\" \/>\n\t<meta name=\"twitter:data1\" content=\"Imprensa Sindm\u00f3veis\" \/>\n\t<meta name=\"twitter:label2\" content=\"Tiempo de lectura\" \/>\n\t<meta name=\"twitter:data2\" content=\"4 minutos\" \/>\n<script type=\"application\/ld+json\" class=\"yoast-schema-graph\">{\"@context\":\"https:\/\/schema.org\",\"@graph\":[{\"@type\":\"Article\",\"@id\":\"https:\/\/www.sindmoveis.com.br\/es\/apex-brasil-e-sindmoveis-assinam-novo-convenio-para-promover-exportacoes-de-fornecedores-da-industria-moveleira\/#article\",\"isPartOf\":{\"@id\":\"https:\/\/www.sindmoveis.com.br\/es\/apex-brasil-e-sindmoveis-assinam-novo-convenio-para-promover-exportacoes-de-fornecedores-da-industria-moveleira\/\"},\"author\":{\"name\":\"Imprensa Sindm\u00f3veis\",\"@id\":\"https:\/\/www.sindmoveis.com.br\/es\/#\/schema\/person\/16d379542db1950a17fe188179340d57\"},\"headline\":\"Apex-Brasil y Sindm\u00f3veis firman nuevo convenio para promover exportaciones de proveedores de la industria del mobiliario\",\"datePublished\":\"2012-03-27T03:00:00+00:00\",\"dateModified\":\"2021-05-26T13:30:06+00:00\",\"mainEntityOfPage\":{\"@id\":\"https:\/\/www.sindmoveis.com.br\/es\/apex-brasil-e-sindmoveis-assinam-novo-convenio-para-promover-exportacoes-de-fornecedores-da-industria-moveleira\/\"},\"wordCount\":844,\"articleSection\":[\"Exportaciones\",\"Sindm\u00f3veis\"],\"inLanguage\":\"es\"},{\"@type\":\"WebPage\",\"@id\":\"https:\/\/www.sindmoveis.com.br\/es\/apex-brasil-e-sindmoveis-assinam-novo-convenio-para-promover-exportacoes-de-fornecedores-da-industria-moveleira\/\",\"url\":\"https:\/\/www.sindmoveis.com.br\/es\/apex-brasil-e-sindmoveis-assinam-novo-convenio-para-promover-exportacoes-de-fornecedores-da-industria-moveleira\/\",\"name\":\"Apex-Brasil y Sindm\u00f3veis firman nuevo convenio para promover exportaciones de proveedores de la industria del mobiliario - Sindm\u00f3veis-RS\",\"isPartOf\":{\"@id\":\"https:\/\/www.sindmoveis.com.br\/es\/#website\"},\"datePublished\":\"2012-03-27T03:00:00+00:00\",\"dateModified\":\"2021-05-26T13:30:06+00:00\",\"author\":{\"@id\":\"https:\/\/www.sindmoveis.com.br\/es\/#\/schema\/person\/16d379542db1950a17fe188179340d57\"},\"inLanguage\":\"es\",\"potentialAction\":[{\"@type\":\"ReadAction\",\"target\":[\"https:\/\/www.sindmoveis.com.br\/es\/apex-brasil-e-sindmoveis-assinam-novo-convenio-para-promover-exportacoes-de-fornecedores-da-industria-moveleira\/\"]}]},{\"@type\":\"WebSite\",\"@id\":\"https:\/\/www.sindmoveis.com.br\/es\/#website\",\"url\":\"https:\/\/www.sindmoveis.com.br\/es\/\",\"name\":\"Sindm\u00f3veis-RS\",\"description\":\"\",\"potentialAction\":[{\"@type\":\"SearchAction\",\"target\":{\"@type\":\"EntryPoint\",\"urlTemplate\":\"https:\/\/www.sindmoveis.com.br\/es\/?s={search_term_string}\"},\"query-input\":{\"@type\":\"PropertyValueSpecification\",\"valueRequired\":true,\"valueName\":\"search_term_string\"}}],\"inLanguage\":\"es\"},{\"@type\":\"Person\",\"@id\":\"https:\/\/www.sindmoveis.com.br\/es\/#\/schema\/person\/16d379542db1950a17fe188179340d57\",\"name\":\"Imprensa Sindm\u00f3veis\",\"image\":{\"@type\":\"ImageObject\",\"inLanguage\":\"es\",\"@id\":\"https:\/\/www.sindmoveis.com.br\/es\/#\/schema\/person\/image\/\",\"url\":\"https:\/\/secure.gravatar.com\/avatar\/4973e2e2c2a0cb5db30b0c7b770041b8e33d048a16b695a1f99c042449d4bfaf?s=96&d=mm&r=g\",\"contentUrl\":\"https:\/\/secure.gravatar.com\/avatar\/4973e2e2c2a0cb5db30b0c7b770041b8e33d048a16b695a1f99c042449d4bfaf?s=96&d=mm&r=g\",\"caption\":\"Imprensa Sindm\u00f3veis\"},\"url\":\"https:\/\/www.sindmoveis.com.br\/es\/author\/ana\/\"}]}<\/script>\n<!-- \/ Yoast SEO plugin. -->","yoast_head_json":{"title":"Apex-Brasil y Sindm\u00f3veis firman nuevo convenio para promover exportaciones de proveedores de la industria del mobiliario - Sindm\u00f3veis-RS","robots":{"index":"index","follow":"follow","max-snippet":"max-snippet:-1","max-image-preview":"max-image-preview:large","max-video-preview":"max-video-preview:-1"},"canonical":"https:\/\/www.sindmoveis.com.br\/es\/apex-brasil-e-sindmoveis-assinam-novo-convenio-para-promover-exportacoes-de-fornecedores-da-industria-moveleira\/","og_locale":"es_ES","og_type":"article","og_title":"Apex-Brasil y Sindm\u00f3veis firman nuevo convenio para promover exportaciones de proveedores de la industria del mobiliario - Sindm\u00f3veis-RS","og_description":"\u00a0 Asociados invertir\u00e1n R$ 4,88 millones en la realizaci\u00f3n del Proyecto Orchestra Brasil, que prev\u00e9 acciones de promoci\u00f3n comercial durante los pr\u00f3ximos 12 meses Meta es que exportaciones de las... Leia mais &raquo;","og_url":"https:\/\/www.sindmoveis.com.br\/es\/apex-brasil-e-sindmoveis-assinam-novo-convenio-para-promover-exportacoes-de-fornecedores-da-industria-moveleira\/","og_site_name":"Sindm\u00f3veis-RS","article_published_time":"2012-03-27T03:00:00+00:00","article_modified_time":"2021-05-26T13:30:06+00:00","author":"Imprensa Sindm\u00f3veis","twitter_card":"summary_large_image","twitter_misc":{"Escrito por":"Imprensa Sindm\u00f3veis","Tiempo de lectura":"4 minutos"},"schema":{"@context":"https:\/\/schema.org","@graph":[{"@type":"Article","@id":"https:\/\/www.sindmoveis.com.br\/es\/apex-brasil-e-sindmoveis-assinam-novo-convenio-para-promover-exportacoes-de-fornecedores-da-industria-moveleira\/#article","isPartOf":{"@id":"https:\/\/www.sindmoveis.com.br\/es\/apex-brasil-e-sindmoveis-assinam-novo-convenio-para-promover-exportacoes-de-fornecedores-da-industria-moveleira\/"},"author":{"name":"Imprensa Sindm\u00f3veis","@id":"https:\/\/www.sindmoveis.com.br\/es\/#\/schema\/person\/16d379542db1950a17fe188179340d57"},"headline":"Apex-Brasil y Sindm\u00f3veis firman nuevo convenio para promover exportaciones de proveedores de la industria del mobiliario","datePublished":"2012-03-27T03:00:00+00:00","dateModified":"2021-05-26T13:30:06+00:00","mainEntityOfPage":{"@id":"https:\/\/www.sindmoveis.com.br\/es\/apex-brasil-e-sindmoveis-assinam-novo-convenio-para-promover-exportacoes-de-fornecedores-da-industria-moveleira\/"},"wordCount":844,"articleSection":["Exportaciones","Sindm\u00f3veis"],"inLanguage":"es"},{"@type":"WebPage","@id":"https:\/\/www.sindmoveis.com.br\/es\/apex-brasil-e-sindmoveis-assinam-novo-convenio-para-promover-exportacoes-de-fornecedores-da-industria-moveleira\/","url":"https:\/\/www.sindmoveis.com.br\/es\/apex-brasil-e-sindmoveis-assinam-novo-convenio-para-promover-exportacoes-de-fornecedores-da-industria-moveleira\/","name":"Apex-Brasil y Sindm\u00f3veis firman nuevo convenio para promover exportaciones de proveedores de la industria del mobiliario - Sindm\u00f3veis-RS","isPartOf":{"@id":"https:\/\/www.sindmoveis.com.br\/es\/#website"},"datePublished":"2012-03-27T03:00:00+00:00","dateModified":"2021-05-26T13:30:06+00:00","author":{"@id":"https:\/\/www.sindmoveis.com.br\/es\/#\/schema\/person\/16d379542db1950a17fe188179340d57"},"inLanguage":"es","potentialAction":[{"@type":"ReadAction","target":["https:\/\/www.sindmoveis.com.br\/es\/apex-brasil-e-sindmoveis-assinam-novo-convenio-para-promover-exportacoes-de-fornecedores-da-industria-moveleira\/"]}]},{"@type":"WebSite","@id":"https:\/\/www.sindmoveis.com.br\/es\/#website","url":"https:\/\/www.sindmoveis.com.br\/es\/","name":"Sindm\u00f3veis-RS","description":"","potentialAction":[{"@type":"SearchAction","target":{"@type":"EntryPoint","urlTemplate":"https:\/\/www.sindmoveis.com.br\/es\/?s={search_term_string}"},"query-input":{"@type":"PropertyValueSpecification","valueRequired":true,"valueName":"search_term_string"}}],"inLanguage":"es"},{"@type":"Person","@id":"https:\/\/www.sindmoveis.com.br\/es\/#\/schema\/person\/16d379542db1950a17fe188179340d57","name":"Imprensa Sindm\u00f3veis","image":{"@type":"ImageObject","inLanguage":"es","@id":"https:\/\/www.sindmoveis.com.br\/es\/#\/schema\/person\/image\/","url":"https:\/\/secure.gravatar.com\/avatar\/4973e2e2c2a0cb5db30b0c7b770041b8e33d048a16b695a1f99c042449d4bfaf?s=96&d=mm&r=g","contentUrl":"https:\/\/secure.gravatar.com\/avatar\/4973e2e2c2a0cb5db30b0c7b770041b8e33d048a16b695a1f99c042449d4bfaf?s=96&d=mm&r=g","caption":"Imprensa Sindm\u00f3veis"},"url":"https:\/\/www.sindmoveis.com.br\/es\/author\/ana\/"}]}},"_links":{"self":[{"href":"https:\/\/www.sindmoveis.com.br\/es\/wp-json\/wp\/v2\/posts\/879","targetHints":{"allow":["GET"]}}],"collection":[{"href":"https:\/\/www.sindmoveis.com.br\/es\/wp-json\/wp\/v2\/posts"}],"about":[{"href":"https:\/\/www.sindmoveis.com.br\/es\/wp-json\/wp\/v2\/types\/post"}],"author":[{"embeddable":true,"href":"https:\/\/www.sindmoveis.com.br\/es\/wp-json\/wp\/v2\/users\/5"}],"replies":[{"embeddable":true,"href":"https:\/\/www.sindmoveis.com.br\/es\/wp-json\/wp\/v2\/comments?post=879"}],"version-history":[{"count":2,"href":"https:\/\/www.sindmoveis.com.br\/es\/wp-json\/wp\/v2\/posts\/879\/revisions"}],"predecessor-version":[{"id":3188,"href":"https:\/\/www.sindmoveis.com.br\/es\/wp-json\/wp\/v2\/posts\/879\/revisions\/3188"}],"wp:attachment":[{"href":"https:\/\/www.sindmoveis.com.br\/es\/wp-json\/wp\/v2\/media?parent=879"}],"wp:term":[{"taxonomy":"category","embeddable":true,"href":"https:\/\/www.sindmoveis.com.br\/es\/wp-json\/wp\/v2\/categories?post=879"},{"taxonomy":"post_tag","embeddable":true,"href":"https:\/\/www.sindmoveis.com.br\/es\/wp-json\/wp\/v2\/tags?post=879"}],"curies":[{"name":"wp","href":"https:\/\/api.w.org\/{rel}","templated":true}]}}