{"id":878,"date":"2012-03-27T00:00:00","date_gmt":"2012-03-27T03:00:00","guid":{"rendered":"http:\/\/sindmoveis.com.br\/imprensa\/noticias\/movesul-brasil-2012-abre-com-festa-e-reivindicacoes\/"},"modified":"2021-05-26T10:24:55","modified_gmt":"2021-05-26T13:24:55","slug":"movesul-brasil-2012-abre-com-festa-e-reivindicacoes","status":"publish","type":"post","link":"https:\/\/www.sindmoveis.com.br\/es\/movesul-brasil-2012-abre-com-festa-e-reivindicacoes\/","title":{"rendered":"Movesul Brasil 2012 abre con fiesta y reivindicaciones"},"content":{"rendered":"<p>Mayor feria del sector del mobiliario de Am\u00e9rica Latina abri\u00f3 hoy (26\/3) y finaliza el pr\u00f3ximo viernes (30\/3)<br \/>\n\u00a0<br \/>\nFestejos y reivindicaciones. Fue en este clima que inici\u00f3, oficialmente, Movelsul Brasil 2012, mayor feria del sector del mobiliario de Am\u00e9rica Latina. Hasta el viernes (30\/03), 327 expositores exponen sus creaciones, lanzamientos y principales productos a los cerca de 35 mil visitantes, que deben pasar por los pabellones en los cinco d\u00edas de programaci\u00f3n. En el evento que pretende festejar una facturaci\u00f3n de aproximadamente R$ 300 millones en negocios, tambi\u00e9n se discute el futuro de las industrias y los rumbos de la pol\u00edtica industrial del estado de R\u00edo Grande do Sul y de Brasil.\u00a0<br \/>\nAtender las necesidades y los anhelos de un p\u00fablico que recientemente ha ganado potencial de consumo. Este fue el reto presentado por el presidente de Movelsul, Jo\u00e3o Paulo Pompermayer. Seg\u00fan \u00e9l, m\u00e1s de 100 millones de brasile\u00f1os han ascendido socialmente en los \u00faltimos a\u00f1os, pasando a integrar la nueva clase media. \u201cYa hemos entendido ese fen\u00f3meno, y lo estamos enfrentando con nuevos parques industriales y con inversiones en innovaci\u00f3n, tecnolog\u00eda y dise\u00f1o. La prueba de que estamos aptos para ofrecer el producto ideal a ese p\u00fablico est\u00e1 aqu\u00ed, en los pabellones de Movelsul\u201d, destac\u00f3.<br \/>\nPara mostrar en la pr\u00e1ctica lo que la industria del mobiliario de Bento Gon\u00e7alves est\u00e1 desarrollando para atender las expectativas de la nueva clase media, fue montado, dentro de la feria, un apartamento de 60 metros cuadrados, exactamente en las medidas de los inmuebles financiados por el programa Minha Casa, Minha Vida (Mi Casa, Mi Vida). Seg\u00fan Pompermayer, muebles de calidad aplicados en habitaciones bien proyectadas son capaces de agradar a las miradas m\u00e1s exigentes, como es el caso del nuevo consumidor.<br \/>\nLa presidente de Sindm\u00f3veis, Catia Scarton, afirmo que una de las misiones de la entidad es pautar la industria nacional del mobiliario. En su opini\u00f3n, al darse prioridad a la inversi\u00f3n en dise\u00f1o e innovaci\u00f3n, los 300 asociados del sindicato comprueban que calidad, versatilidad y funcionalidad son los elementos que realmente conquistan el consumidor de la nueva clase media. Muestran, as\u00ed, el camino para el crecimiento en el mercado nacional.<br \/>\nCatia aprovecho tambi\u00e9n para reivindicar demandas antiguas del sector, que a\u00fan frenan el crecimiento de los empresarios del sector. Una de las m\u00e1s urgentes, seg\u00fan ella, es la reducci\u00f3n del Impuesto sobre productos Industrializados \u2013 IPI, medida que ser\u00eda capaz de reducir costos y, as\u00ed impulsar el consumo. El exceso de tributos que perjudica la competitividad de los muebles brasile\u00f1os en el mercado internacional tambi\u00e9n fue motivo de protesta. Por fin, pidi\u00f3 el apoyo de las autoridades pol\u00edticas presentes para que el mobiliario tambi\u00e9n sea financiado por el programa Minha Casa, Minha Vida (Mi Casa, Mi Vida). Seg\u00fan ella, con m\u00e1s cr\u00e9ditos para la adquisici\u00f3n de muebles, el sector tendr\u00e1 impactos positivos inmediatamente.<br \/>\nEl presidente de Badesul, Marcelo Lopes, que represento al gobernador Tarso Genro, el ministro interino de Desarrollo, Industria y Comercio Exterior, Alessandro Teixeira, y el presidente de la Asamblea Legislativa, Alexandre Postal, se manifestaron sobre las reivindicaciones del sector. Todos garantizaron que trabajar\u00e1n a favor de las demandas del sector del mobiliario, consideradas urgentes para garantizar el crecimiento de la actividad en R\u00edo Grande do Sul y en el pa\u00eds.<br \/>\n\u00a0<\/p>\n","protected":false},"excerpt":{"rendered":"<p>Mayor feria del sector del mobiliario de Am\u00e9rica Latina abri\u00f3 hoy (26\/3) y finaliza el pr\u00f3ximo viernes (30\/3) \u00a0 Festejos y reivindicaciones. Fue en este clima que inici\u00f3, oficialmente, Movelsul&#8230;  <a class=\"excerpt-read-more\" href=\"https:\/\/www.sindmoveis.com.br\/es\/movesul-brasil-2012-abre-com-festa-e-reivindicacoes\/\" title=\"Read Movesul Brasil 2012 abre con fiesta y reivindicaciones\">Leia mais &raquo;<\/a><\/p>\n","protected":false},"author":5,"featured_media":0,"comment_status":"closed","ping_status":"open","sticky":false,"template":"","format":"standard","meta":{"footnotes":"","_links_to":"","_links_to_target":""},"categories":[2],"tags":[],"class_list":["post-878","post","type-post","status-publish","format-standard","hentry","category-sindmoveis"],"yoast_head":"<!-- This site is optimized with the Yoast SEO plugin v27.0 - https:\/\/yoast.com\/product\/yoast-seo-wordpress\/ -->\n<title>Movesul Brasil 2012 abre con fiesta y reivindicaciones - Sindm\u00f3veis-RS<\/title>\n<meta name=\"robots\" content=\"index, follow, max-snippet:-1, max-image-preview:large, max-video-preview:-1\" \/>\n<link rel=\"canonical\" href=\"https:\/\/www.sindmoveis.com.br\/es\/movesul-brasil-2012-abre-com-festa-e-reivindicacoes\/\" \/>\n<meta property=\"og:locale\" content=\"es_ES\" \/>\n<meta property=\"og:type\" content=\"article\" \/>\n<meta property=\"og:title\" content=\"Movesul Brasil 2012 abre con fiesta y reivindicaciones - Sindm\u00f3veis-RS\" \/>\n<meta property=\"og:description\" content=\"Mayor feria del sector del mobiliario de Am\u00e9rica Latina abri\u00f3 hoy (26\/3) y finaliza el pr\u00f3ximo viernes (30\/3) \u00a0 Festejos y reivindicaciones. Fue en este clima que inici\u00f3, oficialmente, Movelsul... Leia mais &raquo;\" \/>\n<meta property=\"og:url\" content=\"https:\/\/www.sindmoveis.com.br\/es\/movesul-brasil-2012-abre-com-festa-e-reivindicacoes\/\" \/>\n<meta property=\"og:site_name\" content=\"Sindm\u00f3veis-RS\" \/>\n<meta property=\"article:published_time\" content=\"2012-03-27T03:00:00+00:00\" \/>\n<meta property=\"article:modified_time\" content=\"2021-05-26T13:24:55+00:00\" \/>\n<meta name=\"author\" content=\"Imprensa Sindm\u00f3veis\" \/>\n<meta name=\"twitter:card\" content=\"summary_large_image\" \/>\n<meta name=\"twitter:label1\" content=\"Escrito por\" \/>\n\t<meta name=\"twitter:data1\" content=\"Imprensa Sindm\u00f3veis\" \/>\n\t<meta name=\"twitter:label2\" content=\"Tiempo de lectura\" \/>\n\t<meta name=\"twitter:data2\" content=\"3 minutos\" \/>\n<script type=\"application\/ld+json\" class=\"yoast-schema-graph\">{\"@context\":\"https:\/\/schema.org\",\"@graph\":[{\"@type\":\"Article\",\"@id\":\"https:\/\/www.sindmoveis.com.br\/es\/movesul-brasil-2012-abre-com-festa-e-reivindicacoes\/#article\",\"isPartOf\":{\"@id\":\"https:\/\/www.sindmoveis.com.br\/es\/movesul-brasil-2012-abre-com-festa-e-reivindicacoes\/\"},\"author\":{\"name\":\"Imprensa Sindm\u00f3veis\",\"@id\":\"https:\/\/www.sindmoveis.com.br\/es\/#\/schema\/person\/16d379542db1950a17fe188179340d57\"},\"headline\":\"Movesul Brasil 2012 abre con fiesta y reivindicaciones\",\"datePublished\":\"2012-03-27T03:00:00+00:00\",\"dateModified\":\"2021-05-26T13:24:55+00:00\",\"mainEntityOfPage\":{\"@id\":\"https:\/\/www.sindmoveis.com.br\/es\/movesul-brasil-2012-abre-com-festa-e-reivindicacoes\/\"},\"wordCount\":583,\"articleSection\":[\"Sindm\u00f3veis\"],\"inLanguage\":\"es\"},{\"@type\":\"WebPage\",\"@id\":\"https:\/\/www.sindmoveis.com.br\/es\/movesul-brasil-2012-abre-com-festa-e-reivindicacoes\/\",\"url\":\"https:\/\/www.sindmoveis.com.br\/es\/movesul-brasil-2012-abre-com-festa-e-reivindicacoes\/\",\"name\":\"Movesul Brasil 2012 abre con fiesta y reivindicaciones - Sindm\u00f3veis-RS\",\"isPartOf\":{\"@id\":\"https:\/\/www.sindmoveis.com.br\/es\/#website\"},\"datePublished\":\"2012-03-27T03:00:00+00:00\",\"dateModified\":\"2021-05-26T13:24:55+00:00\",\"author\":{\"@id\":\"https:\/\/www.sindmoveis.com.br\/es\/#\/schema\/person\/16d379542db1950a17fe188179340d57\"},\"inLanguage\":\"es\",\"potentialAction\":[{\"@type\":\"ReadAction\",\"target\":[\"https:\/\/www.sindmoveis.com.br\/es\/movesul-brasil-2012-abre-com-festa-e-reivindicacoes\/\"]}]},{\"@type\":\"WebSite\",\"@id\":\"https:\/\/www.sindmoveis.com.br\/es\/#website\",\"url\":\"https:\/\/www.sindmoveis.com.br\/es\/\",\"name\":\"Sindm\u00f3veis-RS\",\"description\":\"\",\"potentialAction\":[{\"@type\":\"SearchAction\",\"target\":{\"@type\":\"EntryPoint\",\"urlTemplate\":\"https:\/\/www.sindmoveis.com.br\/es\/?s={search_term_string}\"},\"query-input\":{\"@type\":\"PropertyValueSpecification\",\"valueRequired\":true,\"valueName\":\"search_term_string\"}}],\"inLanguage\":\"es\"},{\"@type\":\"Person\",\"@id\":\"https:\/\/www.sindmoveis.com.br\/es\/#\/schema\/person\/16d379542db1950a17fe188179340d57\",\"name\":\"Imprensa Sindm\u00f3veis\",\"image\":{\"@type\":\"ImageObject\",\"inLanguage\":\"es\",\"@id\":\"https:\/\/www.sindmoveis.com.br\/es\/#\/schema\/person\/image\/\",\"url\":\"https:\/\/secure.gravatar.com\/avatar\/4973e2e2c2a0cb5db30b0c7b770041b8e33d048a16b695a1f99c042449d4bfaf?s=96&d=mm&r=g\",\"contentUrl\":\"https:\/\/secure.gravatar.com\/avatar\/4973e2e2c2a0cb5db30b0c7b770041b8e33d048a16b695a1f99c042449d4bfaf?s=96&d=mm&r=g\",\"caption\":\"Imprensa Sindm\u00f3veis\"},\"url\":\"https:\/\/www.sindmoveis.com.br\/es\/author\/ana\/\"}]}<\/script>\n<!-- \/ Yoast SEO plugin. -->","yoast_head_json":{"title":"Movesul Brasil 2012 abre con fiesta y reivindicaciones - Sindm\u00f3veis-RS","robots":{"index":"index","follow":"follow","max-snippet":"max-snippet:-1","max-image-preview":"max-image-preview:large","max-video-preview":"max-video-preview:-1"},"canonical":"https:\/\/www.sindmoveis.com.br\/es\/movesul-brasil-2012-abre-com-festa-e-reivindicacoes\/","og_locale":"es_ES","og_type":"article","og_title":"Movesul Brasil 2012 abre con fiesta y reivindicaciones - Sindm\u00f3veis-RS","og_description":"Mayor feria del sector del mobiliario de Am\u00e9rica Latina abri\u00f3 hoy (26\/3) y finaliza el pr\u00f3ximo viernes (30\/3) \u00a0 Festejos y reivindicaciones. Fue en este clima que inici\u00f3, oficialmente, Movelsul... Leia mais &raquo;","og_url":"https:\/\/www.sindmoveis.com.br\/es\/movesul-brasil-2012-abre-com-festa-e-reivindicacoes\/","og_site_name":"Sindm\u00f3veis-RS","article_published_time":"2012-03-27T03:00:00+00:00","article_modified_time":"2021-05-26T13:24:55+00:00","author":"Imprensa Sindm\u00f3veis","twitter_card":"summary_large_image","twitter_misc":{"Escrito por":"Imprensa Sindm\u00f3veis","Tiempo de lectura":"3 minutos"},"schema":{"@context":"https:\/\/schema.org","@graph":[{"@type":"Article","@id":"https:\/\/www.sindmoveis.com.br\/es\/movesul-brasil-2012-abre-com-festa-e-reivindicacoes\/#article","isPartOf":{"@id":"https:\/\/www.sindmoveis.com.br\/es\/movesul-brasil-2012-abre-com-festa-e-reivindicacoes\/"},"author":{"name":"Imprensa Sindm\u00f3veis","@id":"https:\/\/www.sindmoveis.com.br\/es\/#\/schema\/person\/16d379542db1950a17fe188179340d57"},"headline":"Movesul Brasil 2012 abre con fiesta y reivindicaciones","datePublished":"2012-03-27T03:00:00+00:00","dateModified":"2021-05-26T13:24:55+00:00","mainEntityOfPage":{"@id":"https:\/\/www.sindmoveis.com.br\/es\/movesul-brasil-2012-abre-com-festa-e-reivindicacoes\/"},"wordCount":583,"articleSection":["Sindm\u00f3veis"],"inLanguage":"es"},{"@type":"WebPage","@id":"https:\/\/www.sindmoveis.com.br\/es\/movesul-brasil-2012-abre-com-festa-e-reivindicacoes\/","url":"https:\/\/www.sindmoveis.com.br\/es\/movesul-brasil-2012-abre-com-festa-e-reivindicacoes\/","name":"Movesul Brasil 2012 abre con fiesta y reivindicaciones - Sindm\u00f3veis-RS","isPartOf":{"@id":"https:\/\/www.sindmoveis.com.br\/es\/#website"},"datePublished":"2012-03-27T03:00:00+00:00","dateModified":"2021-05-26T13:24:55+00:00","author":{"@id":"https:\/\/www.sindmoveis.com.br\/es\/#\/schema\/person\/16d379542db1950a17fe188179340d57"},"inLanguage":"es","potentialAction":[{"@type":"ReadAction","target":["https:\/\/www.sindmoveis.com.br\/es\/movesul-brasil-2012-abre-com-festa-e-reivindicacoes\/"]}]},{"@type":"WebSite","@id":"https:\/\/www.sindmoveis.com.br\/es\/#website","url":"https:\/\/www.sindmoveis.com.br\/es\/","name":"Sindm\u00f3veis-RS","description":"","potentialAction":[{"@type":"SearchAction","target":{"@type":"EntryPoint","urlTemplate":"https:\/\/www.sindmoveis.com.br\/es\/?s={search_term_string}"},"query-input":{"@type":"PropertyValueSpecification","valueRequired":true,"valueName":"search_term_string"}}],"inLanguage":"es"},{"@type":"Person","@id":"https:\/\/www.sindmoveis.com.br\/es\/#\/schema\/person\/16d379542db1950a17fe188179340d57","name":"Imprensa Sindm\u00f3veis","image":{"@type":"ImageObject","inLanguage":"es","@id":"https:\/\/www.sindmoveis.com.br\/es\/#\/schema\/person\/image\/","url":"https:\/\/secure.gravatar.com\/avatar\/4973e2e2c2a0cb5db30b0c7b770041b8e33d048a16b695a1f99c042449d4bfaf?s=96&d=mm&r=g","contentUrl":"https:\/\/secure.gravatar.com\/avatar\/4973e2e2c2a0cb5db30b0c7b770041b8e33d048a16b695a1f99c042449d4bfaf?s=96&d=mm&r=g","caption":"Imprensa Sindm\u00f3veis"},"url":"https:\/\/www.sindmoveis.com.br\/es\/author\/ana\/"}]}},"_links":{"self":[{"href":"https:\/\/www.sindmoveis.com.br\/es\/wp-json\/wp\/v2\/posts\/878","targetHints":{"allow":["GET"]}}],"collection":[{"href":"https:\/\/www.sindmoveis.com.br\/es\/wp-json\/wp\/v2\/posts"}],"about":[{"href":"https:\/\/www.sindmoveis.com.br\/es\/wp-json\/wp\/v2\/types\/post"}],"author":[{"embeddable":true,"href":"https:\/\/www.sindmoveis.com.br\/es\/wp-json\/wp\/v2\/users\/5"}],"replies":[{"embeddable":true,"href":"https:\/\/www.sindmoveis.com.br\/es\/wp-json\/wp\/v2\/comments?post=878"}],"version-history":[{"count":2,"href":"https:\/\/www.sindmoveis.com.br\/es\/wp-json\/wp\/v2\/posts\/878\/revisions"}],"predecessor-version":[{"id":3187,"href":"https:\/\/www.sindmoveis.com.br\/es\/wp-json\/wp\/v2\/posts\/878\/revisions\/3187"}],"wp:attachment":[{"href":"https:\/\/www.sindmoveis.com.br\/es\/wp-json\/wp\/v2\/media?parent=878"}],"wp:term":[{"taxonomy":"category","embeddable":true,"href":"https:\/\/www.sindmoveis.com.br\/es\/wp-json\/wp\/v2\/categories?post=878"},{"taxonomy":"post_tag","embeddable":true,"href":"https:\/\/www.sindmoveis.com.br\/es\/wp-json\/wp\/v2\/tags?post=878"}],"curies":[{"name":"wp","href":"https:\/\/api.w.org\/{rel}","templated":true}]}}