{"id":877,"date":"2012-03-26T00:00:00","date_gmt":"2012-03-26T03:00:00","guid":{"rendered":"http:\/\/sindmoveis.com.br\/imprensa\/noticias\/movelsul-entrega-moveis-a-familia-do-vila-nova-3\/"},"modified":"2021-05-26T10:31:44","modified_gmt":"2021-05-26T13:31:44","slug":"movelsul-entrega-moveis-a-familia-do-vila-nova-3","status":"publish","type":"post","link":"https:\/\/www.sindmoveis.com.br\/es\/movelsul-entrega-moveis-a-familia-do-vila-nova-3\/","title":{"rendered":"Movelsul entrega muebles a fam\u00edlia de Vila Nova 3"},"content":{"rendered":"<p>\u00a0<br \/>\nCinco familias en situaci\u00f3n de vulnerabilidad social, habitantes de Bento Gon\u00e7alves, est\u00e1n experimentando una nueva realidad desde el d\u00eda 21 de los corrientes. Ellas fueron beneficiadas por el programa de otorgaci\u00f3n de viviendas Lar Feliz \u00a0promovido por la Alcald\u00eda de Bento Gon\u00e7alves, con inmuebles construidos en la Urbanizaci\u00f3n Vila Nova 3. Una de esas familias recibi\u00f3 tambi\u00e9n el mobiliario completo para la casa, donado por Movelsul Brasil. Los muebles hicieron parte, en 2010, del Proyecto Consumidor del Nuevo Brasil \u2013 una casa modelo construida en tama\u00f1o real para representar el estilo de vida de una familia de la clase C.<br \/>\nAngelita Wiebbelling fue seleccionada por la Secretar\u00eda de Habitaci\u00f3n de Bento Gon\u00e7alves para recibir el mobiliario por ser la integrante del programa en situaci\u00f3n de mayor vulnerabilidad social. Fueron entregados muebles para dos habitaciones, sala, cocina y ba\u00f1o \u2013 con un valor total de R$ 6.000,00, adem\u00e1s de refrigerador, cocina y lavadero. El mobiliario fue cedido por la empresa Carraro; los complementos y decoraci\u00f3n por la tienda Tok&#038;Stok y los electrodom\u00e9sticos, por Lave Mais y Venax.<br \/>\nEl director jur\u00eddico laboral de Sindm\u00f3veis, Gilberto Bertarello, represent\u00f3 Movelsul en la entrega de las llaves y resalt\u00f3 el comprometimiento de la entidad en las cuestiones sociales del municipio. \u201cLa misi\u00f3n de Sindm\u00f3veis es generar desarrollo y renta, ayudando para que las empresas del polo del mobiliario de Bento Gon\u00e7alves, sean cada vez m\u00e1s competitivas. Pero, tambi\u00e9n, debe cumplir su papel social, pues es ah\u00ed que est\u00e1 la fuerza del trabajo\u201d, resalta.<br \/>\nConsumidor del Nuevo Brasil<br \/>\nEl proyecto est\u00e1 en su segunda edici\u00f3n y, en Movelsul Brasil 2012, consiste en un apartamento modelo de 60 metros cuadrados, construido en tama\u00f1o real en el pabell\u00f3n C y amueblado por empresas expositoras de la feria. La idea es mostrar como vive una familia ficticia de la nueva clase media brasile\u00f1a, compuesta por una pareja, dos hijas y el abuelo paterno. Movelsul Brasil ocurre de 26 a 30 de marzo, en el Parque de Eventos de Bento Gon\u00e7alves. Para mayores informaciones entre en www.movelsul.com.br l<br \/>\n\u00a0<\/p>\n","protected":false},"excerpt":{"rendered":"<p>\u00a0 Cinco familias en situaci\u00f3n de vulnerabilidad social, habitantes de Bento Gon\u00e7alves, est\u00e1n experimentando una nueva realidad desde el d\u00eda 21 de los corrientes. Ellas fueron beneficiadas por el programa&#8230;  <a class=\"excerpt-read-more\" href=\"https:\/\/www.sindmoveis.com.br\/es\/movelsul-entrega-moveis-a-familia-do-vila-nova-3\/\" title=\"Read Movelsul entrega muebles a fam\u00edlia de Vila Nova 3\">Leia mais &raquo;<\/a><\/p>\n","protected":false},"author":5,"featured_media":0,"comment_status":"closed","ping_status":"open","sticky":false,"template":"","format":"standard","meta":{"footnotes":"","_links_to":"","_links_to_target":""},"categories":[23,2],"tags":[],"class_list":["post-877","post","type-post","status-publish","format-standard","hentry","category-movelsul","category-sindmoveis"],"yoast_head":"<!-- This site is optimized with the Yoast SEO plugin v27.0 - https:\/\/yoast.com\/product\/yoast-seo-wordpress\/ -->\n<title>Movelsul entrega muebles a fam\u00edlia de Vila Nova 3 - Sindm\u00f3veis-RS<\/title>\n<meta name=\"robots\" content=\"index, follow, max-snippet:-1, max-image-preview:large, max-video-preview:-1\" \/>\n<link rel=\"canonical\" href=\"https:\/\/www.sindmoveis.com.br\/es\/movelsul-entrega-moveis-a-familia-do-vila-nova-3\/\" \/>\n<meta property=\"og:locale\" content=\"es_ES\" \/>\n<meta property=\"og:type\" content=\"article\" \/>\n<meta property=\"og:title\" content=\"Movelsul entrega muebles a fam\u00edlia de Vila Nova 3 - Sindm\u00f3veis-RS\" \/>\n<meta property=\"og:description\" content=\"\u00a0 Cinco familias en situaci\u00f3n de vulnerabilidad social, habitantes de Bento Gon\u00e7alves, est\u00e1n experimentando una nueva realidad desde el d\u00eda 21 de los corrientes. Ellas fueron beneficiadas por el programa... Leia mais &raquo;\" \/>\n<meta property=\"og:url\" content=\"https:\/\/www.sindmoveis.com.br\/es\/movelsul-entrega-moveis-a-familia-do-vila-nova-3\/\" \/>\n<meta property=\"og:site_name\" content=\"Sindm\u00f3veis-RS\" \/>\n<meta property=\"article:published_time\" content=\"2012-03-26T03:00:00+00:00\" \/>\n<meta property=\"article:modified_time\" content=\"2021-05-26T13:31:44+00:00\" \/>\n<meta name=\"author\" content=\"Imprensa Sindm\u00f3veis\" \/>\n<meta name=\"twitter:card\" content=\"summary_large_image\" \/>\n<meta name=\"twitter:label1\" content=\"Escrito por\" \/>\n\t<meta name=\"twitter:data1\" content=\"Imprensa Sindm\u00f3veis\" \/>\n\t<meta name=\"twitter:label2\" content=\"Tiempo de lectura\" \/>\n\t<meta name=\"twitter:data2\" content=\"2 minutos\" \/>\n<script type=\"application\/ld+json\" class=\"yoast-schema-graph\">{\"@context\":\"https:\/\/schema.org\",\"@graph\":[{\"@type\":\"Article\",\"@id\":\"https:\/\/www.sindmoveis.com.br\/es\/movelsul-entrega-moveis-a-familia-do-vila-nova-3\/#article\",\"isPartOf\":{\"@id\":\"https:\/\/www.sindmoveis.com.br\/es\/movelsul-entrega-moveis-a-familia-do-vila-nova-3\/\"},\"author\":{\"name\":\"Imprensa Sindm\u00f3veis\",\"@id\":\"https:\/\/www.sindmoveis.com.br\/es\/#\/schema\/person\/16d379542db1950a17fe188179340d57\"},\"headline\":\"Movelsul entrega muebles a fam\u00edlia de Vila Nova 3\",\"datePublished\":\"2012-03-26T03:00:00+00:00\",\"dateModified\":\"2021-05-26T13:31:44+00:00\",\"mainEntityOfPage\":{\"@id\":\"https:\/\/www.sindmoveis.com.br\/es\/movelsul-entrega-moveis-a-familia-do-vila-nova-3\/\"},\"wordCount\":371,\"articleSection\":[\"Movelsul\",\"Sindm\u00f3veis\"],\"inLanguage\":\"es\"},{\"@type\":\"WebPage\",\"@id\":\"https:\/\/www.sindmoveis.com.br\/es\/movelsul-entrega-moveis-a-familia-do-vila-nova-3\/\",\"url\":\"https:\/\/www.sindmoveis.com.br\/es\/movelsul-entrega-moveis-a-familia-do-vila-nova-3\/\",\"name\":\"Movelsul entrega muebles a fam\u00edlia de Vila Nova 3 - Sindm\u00f3veis-RS\",\"isPartOf\":{\"@id\":\"https:\/\/www.sindmoveis.com.br\/es\/#website\"},\"datePublished\":\"2012-03-26T03:00:00+00:00\",\"dateModified\":\"2021-05-26T13:31:44+00:00\",\"author\":{\"@id\":\"https:\/\/www.sindmoveis.com.br\/es\/#\/schema\/person\/16d379542db1950a17fe188179340d57\"},\"inLanguage\":\"es\",\"potentialAction\":[{\"@type\":\"ReadAction\",\"target\":[\"https:\/\/www.sindmoveis.com.br\/es\/movelsul-entrega-moveis-a-familia-do-vila-nova-3\/\"]}]},{\"@type\":\"WebSite\",\"@id\":\"https:\/\/www.sindmoveis.com.br\/es\/#website\",\"url\":\"https:\/\/www.sindmoveis.com.br\/es\/\",\"name\":\"Sindm\u00f3veis-RS\",\"description\":\"\",\"potentialAction\":[{\"@type\":\"SearchAction\",\"target\":{\"@type\":\"EntryPoint\",\"urlTemplate\":\"https:\/\/www.sindmoveis.com.br\/es\/?s={search_term_string}\"},\"query-input\":{\"@type\":\"PropertyValueSpecification\",\"valueRequired\":true,\"valueName\":\"search_term_string\"}}],\"inLanguage\":\"es\"},{\"@type\":\"Person\",\"@id\":\"https:\/\/www.sindmoveis.com.br\/es\/#\/schema\/person\/16d379542db1950a17fe188179340d57\",\"name\":\"Imprensa Sindm\u00f3veis\",\"image\":{\"@type\":\"ImageObject\",\"inLanguage\":\"es\",\"@id\":\"https:\/\/www.sindmoveis.com.br\/es\/#\/schema\/person\/image\/\",\"url\":\"https:\/\/secure.gravatar.com\/avatar\/4973e2e2c2a0cb5db30b0c7b770041b8e33d048a16b695a1f99c042449d4bfaf?s=96&d=mm&r=g\",\"contentUrl\":\"https:\/\/secure.gravatar.com\/avatar\/4973e2e2c2a0cb5db30b0c7b770041b8e33d048a16b695a1f99c042449d4bfaf?s=96&d=mm&r=g\",\"caption\":\"Imprensa Sindm\u00f3veis\"},\"url\":\"https:\/\/www.sindmoveis.com.br\/es\/author\/ana\/\"}]}<\/script>\n<!-- \/ Yoast SEO plugin. -->","yoast_head_json":{"title":"Movelsul entrega muebles a fam\u00edlia de Vila Nova 3 - Sindm\u00f3veis-RS","robots":{"index":"index","follow":"follow","max-snippet":"max-snippet:-1","max-image-preview":"max-image-preview:large","max-video-preview":"max-video-preview:-1"},"canonical":"https:\/\/www.sindmoveis.com.br\/es\/movelsul-entrega-moveis-a-familia-do-vila-nova-3\/","og_locale":"es_ES","og_type":"article","og_title":"Movelsul entrega muebles a fam\u00edlia de Vila Nova 3 - Sindm\u00f3veis-RS","og_description":"\u00a0 Cinco familias en situaci\u00f3n de vulnerabilidad social, habitantes de Bento Gon\u00e7alves, est\u00e1n experimentando una nueva realidad desde el d\u00eda 21 de los corrientes. Ellas fueron beneficiadas por el programa... Leia mais &raquo;","og_url":"https:\/\/www.sindmoveis.com.br\/es\/movelsul-entrega-moveis-a-familia-do-vila-nova-3\/","og_site_name":"Sindm\u00f3veis-RS","article_published_time":"2012-03-26T03:00:00+00:00","article_modified_time":"2021-05-26T13:31:44+00:00","author":"Imprensa Sindm\u00f3veis","twitter_card":"summary_large_image","twitter_misc":{"Escrito por":"Imprensa Sindm\u00f3veis","Tiempo de lectura":"2 minutos"},"schema":{"@context":"https:\/\/schema.org","@graph":[{"@type":"Article","@id":"https:\/\/www.sindmoveis.com.br\/es\/movelsul-entrega-moveis-a-familia-do-vila-nova-3\/#article","isPartOf":{"@id":"https:\/\/www.sindmoveis.com.br\/es\/movelsul-entrega-moveis-a-familia-do-vila-nova-3\/"},"author":{"name":"Imprensa Sindm\u00f3veis","@id":"https:\/\/www.sindmoveis.com.br\/es\/#\/schema\/person\/16d379542db1950a17fe188179340d57"},"headline":"Movelsul entrega muebles a fam\u00edlia de Vila Nova 3","datePublished":"2012-03-26T03:00:00+00:00","dateModified":"2021-05-26T13:31:44+00:00","mainEntityOfPage":{"@id":"https:\/\/www.sindmoveis.com.br\/es\/movelsul-entrega-moveis-a-familia-do-vila-nova-3\/"},"wordCount":371,"articleSection":["Movelsul","Sindm\u00f3veis"],"inLanguage":"es"},{"@type":"WebPage","@id":"https:\/\/www.sindmoveis.com.br\/es\/movelsul-entrega-moveis-a-familia-do-vila-nova-3\/","url":"https:\/\/www.sindmoveis.com.br\/es\/movelsul-entrega-moveis-a-familia-do-vila-nova-3\/","name":"Movelsul entrega muebles a fam\u00edlia de Vila Nova 3 - Sindm\u00f3veis-RS","isPartOf":{"@id":"https:\/\/www.sindmoveis.com.br\/es\/#website"},"datePublished":"2012-03-26T03:00:00+00:00","dateModified":"2021-05-26T13:31:44+00:00","author":{"@id":"https:\/\/www.sindmoveis.com.br\/es\/#\/schema\/person\/16d379542db1950a17fe188179340d57"},"inLanguage":"es","potentialAction":[{"@type":"ReadAction","target":["https:\/\/www.sindmoveis.com.br\/es\/movelsul-entrega-moveis-a-familia-do-vila-nova-3\/"]}]},{"@type":"WebSite","@id":"https:\/\/www.sindmoveis.com.br\/es\/#website","url":"https:\/\/www.sindmoveis.com.br\/es\/","name":"Sindm\u00f3veis-RS","description":"","potentialAction":[{"@type":"SearchAction","target":{"@type":"EntryPoint","urlTemplate":"https:\/\/www.sindmoveis.com.br\/es\/?s={search_term_string}"},"query-input":{"@type":"PropertyValueSpecification","valueRequired":true,"valueName":"search_term_string"}}],"inLanguage":"es"},{"@type":"Person","@id":"https:\/\/www.sindmoveis.com.br\/es\/#\/schema\/person\/16d379542db1950a17fe188179340d57","name":"Imprensa Sindm\u00f3veis","image":{"@type":"ImageObject","inLanguage":"es","@id":"https:\/\/www.sindmoveis.com.br\/es\/#\/schema\/person\/image\/","url":"https:\/\/secure.gravatar.com\/avatar\/4973e2e2c2a0cb5db30b0c7b770041b8e33d048a16b695a1f99c042449d4bfaf?s=96&d=mm&r=g","contentUrl":"https:\/\/secure.gravatar.com\/avatar\/4973e2e2c2a0cb5db30b0c7b770041b8e33d048a16b695a1f99c042449d4bfaf?s=96&d=mm&r=g","caption":"Imprensa Sindm\u00f3veis"},"url":"https:\/\/www.sindmoveis.com.br\/es\/author\/ana\/"}]}},"_links":{"self":[{"href":"https:\/\/www.sindmoveis.com.br\/es\/wp-json\/wp\/v2\/posts\/877","targetHints":{"allow":["GET"]}}],"collection":[{"href":"https:\/\/www.sindmoveis.com.br\/es\/wp-json\/wp\/v2\/posts"}],"about":[{"href":"https:\/\/www.sindmoveis.com.br\/es\/wp-json\/wp\/v2\/types\/post"}],"author":[{"embeddable":true,"href":"https:\/\/www.sindmoveis.com.br\/es\/wp-json\/wp\/v2\/users\/5"}],"replies":[{"embeddable":true,"href":"https:\/\/www.sindmoveis.com.br\/es\/wp-json\/wp\/v2\/comments?post=877"}],"version-history":[{"count":2,"href":"https:\/\/www.sindmoveis.com.br\/es\/wp-json\/wp\/v2\/posts\/877\/revisions"}],"predecessor-version":[{"id":3186,"href":"https:\/\/www.sindmoveis.com.br\/es\/wp-json\/wp\/v2\/posts\/877\/revisions\/3186"}],"wp:attachment":[{"href":"https:\/\/www.sindmoveis.com.br\/es\/wp-json\/wp\/v2\/media?parent=877"}],"wp:term":[{"taxonomy":"category","embeddable":true,"href":"https:\/\/www.sindmoveis.com.br\/es\/wp-json\/wp\/v2\/categories?post=877"},{"taxonomy":"post_tag","embeddable":true,"href":"https:\/\/www.sindmoveis.com.br\/es\/wp-json\/wp\/v2\/tags?post=877"}],"curies":[{"name":"wp","href":"https:\/\/api.w.org\/{rel}","templated":true}]}}