{"id":875,"date":"2012-03-16T00:00:00","date_gmt":"2012-03-16T03:00:00","guid":{"rendered":"http:\/\/sindmoveis.com.br\/imprensa\/noticias\/movelsul-busca-apoio-da-prefeitura-e-orgaos-de-seguranca-para-periodo-da-feira\/"},"modified":"2021-05-26T10:31:44","modified_gmt":"2021-05-26T13:31:44","slug":"movelsul-busca-apoio-da-prefeitura-e-orgaos-de-seguranca-para-periodo-da-feira","status":"publish","type":"post","link":"https:\/\/www.sindmoveis.com.br\/es\/movelsul-busca-apoio-da-prefeitura-e-orgaos-de-seguranca-para-periodo-da-feira\/","title":{"rendered":"Movelsul busca apoyo de la municipalidad  y \u00f3rganos de seguridad para per\u00edodo de la feria"},"content":{"rendered":"<p>\u00a0<br \/>\nEl Directorio de Servicios de Movelsul 2012 promovi\u00f3 \u00a0la semana pasada, una reuni\u00f3n con el Poder P\u00fablico Municipal \u00a0y \u00f3rganos de seguridad para reforzar la necesidad de realizar algunas acciones en el entorno del Parque de Eventos durante la realizaci\u00f3n de la feria. El presidente de Movelsul, Jo\u00e3o Paulo Pompermayer, solicit\u00f3 a tal efecto la participaci\u00f3n de las Secretar\u00edas de Obras, Medio Ambiente, Salud y del Departamento Municipal de Tr\u00e1nsito en la ejecuci\u00f3n de mejor\u00edas en la se\u00f1alizaci\u00f3n, mantenimiento y limpieza de las v\u00edas p\u00fablicas y organizaci\u00f3n del tr\u00e1nsito.<br \/>\nRepresentantes del Cuerpo de Bomberos, Polic\u00eda Militar y Polic\u00eda Viaria de R\u00edo Grande do Sul, tambi\u00e9n participaron del encuentro, comprometi\u00e9ndose a reforzar el patrullaje en la ciudad y la vigilancia en los accesos al Parque de Eventos. El flujo de veh\u00edculos pesados en Bento Gon\u00e7alves se intensifica ya a partir del d\u00eda 13, cuando empieza el per\u00edodo de montaje de stands para los 300 expositores de la feria. Durante Movelsul Brasil 2012, de 26 a 30 de marzo, son esperados m\u00e1s de 35 mil visitantes.<br \/>\n\u00a0<\/p>\n","protected":false},"excerpt":{"rendered":"<p>\u00a0 El Directorio de Servicios de Movelsul 2012 promovi\u00f3 \u00a0la semana pasada, una reuni\u00f3n con el Poder P\u00fablico Municipal \u00a0y \u00f3rganos de seguridad para reforzar la necesidad de realizar algunas&#8230;  <a class=\"excerpt-read-more\" href=\"https:\/\/www.sindmoveis.com.br\/es\/movelsul-busca-apoio-da-prefeitura-e-orgaos-de-seguranca-para-periodo-da-feira\/\" title=\"Read Movelsul busca apoyo de la municipalidad  y \u00f3rganos de seguridad para per\u00edodo de la feria\">Leia mais &raquo;<\/a><\/p>\n","protected":false},"author":5,"featured_media":0,"comment_status":"closed","ping_status":"open","sticky":false,"template":"","format":"standard","meta":{"footnotes":"","_links_to":"","_links_to_target":""},"categories":[23,2],"tags":[],"class_list":["post-875","post","type-post","status-publish","format-standard","hentry","category-movelsul","category-sindmoveis"],"yoast_head":"<!-- This site is optimized with the Yoast SEO plugin v27.0 - https:\/\/yoast.com\/product\/yoast-seo-wordpress\/ -->\n<title>Movelsul busca apoyo de la municipalidad y \u00f3rganos de seguridad para per\u00edodo de la feria - Sindm\u00f3veis-RS<\/title>\n<meta name=\"robots\" content=\"index, follow, max-snippet:-1, max-image-preview:large, max-video-preview:-1\" \/>\n<link rel=\"canonical\" href=\"https:\/\/www.sindmoveis.com.br\/es\/movelsul-busca-apoio-da-prefeitura-e-orgaos-de-seguranca-para-periodo-da-feira\/\" \/>\n<meta property=\"og:locale\" content=\"es_ES\" \/>\n<meta property=\"og:type\" content=\"article\" \/>\n<meta property=\"og:title\" content=\"Movelsul busca apoyo de la municipalidad y \u00f3rganos de seguridad para per\u00edodo de la feria - Sindm\u00f3veis-RS\" \/>\n<meta property=\"og:description\" content=\"\u00a0 El Directorio de Servicios de Movelsul 2012 promovi\u00f3 \u00a0la semana pasada, una reuni\u00f3n con el Poder P\u00fablico Municipal \u00a0y \u00f3rganos de seguridad para reforzar la necesidad de realizar algunas... Leia mais &raquo;\" \/>\n<meta property=\"og:url\" content=\"https:\/\/www.sindmoveis.com.br\/es\/movelsul-busca-apoio-da-prefeitura-e-orgaos-de-seguranca-para-periodo-da-feira\/\" \/>\n<meta property=\"og:site_name\" content=\"Sindm\u00f3veis-RS\" \/>\n<meta property=\"article:published_time\" content=\"2012-03-16T03:00:00+00:00\" \/>\n<meta property=\"article:modified_time\" content=\"2021-05-26T13:31:44+00:00\" \/>\n<meta name=\"author\" content=\"Imprensa Sindm\u00f3veis\" \/>\n<meta name=\"twitter:card\" content=\"summary_large_image\" \/>\n<meta name=\"twitter:label1\" content=\"Escrito por\" \/>\n\t<meta name=\"twitter:data1\" content=\"Imprensa Sindm\u00f3veis\" \/>\n\t<meta name=\"twitter:label2\" content=\"Tiempo de lectura\" \/>\n\t<meta name=\"twitter:data2\" content=\"1 minuto\" \/>\n<script type=\"application\/ld+json\" class=\"yoast-schema-graph\">{\"@context\":\"https:\/\/schema.org\",\"@graph\":[{\"@type\":\"Article\",\"@id\":\"https:\/\/www.sindmoveis.com.br\/es\/movelsul-busca-apoio-da-prefeitura-e-orgaos-de-seguranca-para-periodo-da-feira\/#article\",\"isPartOf\":{\"@id\":\"https:\/\/www.sindmoveis.com.br\/es\/movelsul-busca-apoio-da-prefeitura-e-orgaos-de-seguranca-para-periodo-da-feira\/\"},\"author\":{\"name\":\"Imprensa Sindm\u00f3veis\",\"@id\":\"https:\/\/www.sindmoveis.com.br\/es\/#\/schema\/person\/16d379542db1950a17fe188179340d57\"},\"headline\":\"Movelsul busca apoyo de la municipalidad y \u00f3rganos de seguridad para per\u00edodo de la feria\",\"datePublished\":\"2012-03-16T03:00:00+00:00\",\"dateModified\":\"2021-05-26T13:31:44+00:00\",\"mainEntityOfPage\":{\"@id\":\"https:\/\/www.sindmoveis.com.br\/es\/movelsul-busca-apoio-da-prefeitura-e-orgaos-de-seguranca-para-periodo-da-feira\/\"},\"wordCount\":208,\"articleSection\":[\"Movelsul\",\"Sindm\u00f3veis\"],\"inLanguage\":\"es\"},{\"@type\":\"WebPage\",\"@id\":\"https:\/\/www.sindmoveis.com.br\/es\/movelsul-busca-apoio-da-prefeitura-e-orgaos-de-seguranca-para-periodo-da-feira\/\",\"url\":\"https:\/\/www.sindmoveis.com.br\/es\/movelsul-busca-apoio-da-prefeitura-e-orgaos-de-seguranca-para-periodo-da-feira\/\",\"name\":\"Movelsul busca apoyo de la municipalidad y \u00f3rganos de seguridad para per\u00edodo de la feria - Sindm\u00f3veis-RS\",\"isPartOf\":{\"@id\":\"https:\/\/www.sindmoveis.com.br\/es\/#website\"},\"datePublished\":\"2012-03-16T03:00:00+00:00\",\"dateModified\":\"2021-05-26T13:31:44+00:00\",\"author\":{\"@id\":\"https:\/\/www.sindmoveis.com.br\/es\/#\/schema\/person\/16d379542db1950a17fe188179340d57\"},\"inLanguage\":\"es\",\"potentialAction\":[{\"@type\":\"ReadAction\",\"target\":[\"https:\/\/www.sindmoveis.com.br\/es\/movelsul-busca-apoio-da-prefeitura-e-orgaos-de-seguranca-para-periodo-da-feira\/\"]}]},{\"@type\":\"WebSite\",\"@id\":\"https:\/\/www.sindmoveis.com.br\/es\/#website\",\"url\":\"https:\/\/www.sindmoveis.com.br\/es\/\",\"name\":\"Sindm\u00f3veis-RS\",\"description\":\"\",\"potentialAction\":[{\"@type\":\"SearchAction\",\"target\":{\"@type\":\"EntryPoint\",\"urlTemplate\":\"https:\/\/www.sindmoveis.com.br\/es\/?s={search_term_string}\"},\"query-input\":{\"@type\":\"PropertyValueSpecification\",\"valueRequired\":true,\"valueName\":\"search_term_string\"}}],\"inLanguage\":\"es\"},{\"@type\":\"Person\",\"@id\":\"https:\/\/www.sindmoveis.com.br\/es\/#\/schema\/person\/16d379542db1950a17fe188179340d57\",\"name\":\"Imprensa Sindm\u00f3veis\",\"image\":{\"@type\":\"ImageObject\",\"inLanguage\":\"es\",\"@id\":\"https:\/\/www.sindmoveis.com.br\/es\/#\/schema\/person\/image\/\",\"url\":\"https:\/\/secure.gravatar.com\/avatar\/4973e2e2c2a0cb5db30b0c7b770041b8e33d048a16b695a1f99c042449d4bfaf?s=96&d=mm&r=g\",\"contentUrl\":\"https:\/\/secure.gravatar.com\/avatar\/4973e2e2c2a0cb5db30b0c7b770041b8e33d048a16b695a1f99c042449d4bfaf?s=96&d=mm&r=g\",\"caption\":\"Imprensa Sindm\u00f3veis\"},\"url\":\"https:\/\/www.sindmoveis.com.br\/es\/author\/ana\/\"}]}<\/script>\n<!-- \/ Yoast SEO plugin. -->","yoast_head_json":{"title":"Movelsul busca apoyo de la municipalidad y \u00f3rganos de seguridad para per\u00edodo de la feria - Sindm\u00f3veis-RS","robots":{"index":"index","follow":"follow","max-snippet":"max-snippet:-1","max-image-preview":"max-image-preview:large","max-video-preview":"max-video-preview:-1"},"canonical":"https:\/\/www.sindmoveis.com.br\/es\/movelsul-busca-apoio-da-prefeitura-e-orgaos-de-seguranca-para-periodo-da-feira\/","og_locale":"es_ES","og_type":"article","og_title":"Movelsul busca apoyo de la municipalidad y \u00f3rganos de seguridad para per\u00edodo de la feria - Sindm\u00f3veis-RS","og_description":"\u00a0 El Directorio de Servicios de Movelsul 2012 promovi\u00f3 \u00a0la semana pasada, una reuni\u00f3n con el Poder P\u00fablico Municipal \u00a0y \u00f3rganos de seguridad para reforzar la necesidad de realizar algunas... Leia mais &raquo;","og_url":"https:\/\/www.sindmoveis.com.br\/es\/movelsul-busca-apoio-da-prefeitura-e-orgaos-de-seguranca-para-periodo-da-feira\/","og_site_name":"Sindm\u00f3veis-RS","article_published_time":"2012-03-16T03:00:00+00:00","article_modified_time":"2021-05-26T13:31:44+00:00","author":"Imprensa Sindm\u00f3veis","twitter_card":"summary_large_image","twitter_misc":{"Escrito por":"Imprensa Sindm\u00f3veis","Tiempo de lectura":"1 minuto"},"schema":{"@context":"https:\/\/schema.org","@graph":[{"@type":"Article","@id":"https:\/\/www.sindmoveis.com.br\/es\/movelsul-busca-apoio-da-prefeitura-e-orgaos-de-seguranca-para-periodo-da-feira\/#article","isPartOf":{"@id":"https:\/\/www.sindmoveis.com.br\/es\/movelsul-busca-apoio-da-prefeitura-e-orgaos-de-seguranca-para-periodo-da-feira\/"},"author":{"name":"Imprensa Sindm\u00f3veis","@id":"https:\/\/www.sindmoveis.com.br\/es\/#\/schema\/person\/16d379542db1950a17fe188179340d57"},"headline":"Movelsul busca apoyo de la municipalidad y \u00f3rganos de seguridad para per\u00edodo de la feria","datePublished":"2012-03-16T03:00:00+00:00","dateModified":"2021-05-26T13:31:44+00:00","mainEntityOfPage":{"@id":"https:\/\/www.sindmoveis.com.br\/es\/movelsul-busca-apoio-da-prefeitura-e-orgaos-de-seguranca-para-periodo-da-feira\/"},"wordCount":208,"articleSection":["Movelsul","Sindm\u00f3veis"],"inLanguage":"es"},{"@type":"WebPage","@id":"https:\/\/www.sindmoveis.com.br\/es\/movelsul-busca-apoio-da-prefeitura-e-orgaos-de-seguranca-para-periodo-da-feira\/","url":"https:\/\/www.sindmoveis.com.br\/es\/movelsul-busca-apoio-da-prefeitura-e-orgaos-de-seguranca-para-periodo-da-feira\/","name":"Movelsul busca apoyo de la municipalidad y \u00f3rganos de seguridad para per\u00edodo de la feria - Sindm\u00f3veis-RS","isPartOf":{"@id":"https:\/\/www.sindmoveis.com.br\/es\/#website"},"datePublished":"2012-03-16T03:00:00+00:00","dateModified":"2021-05-26T13:31:44+00:00","author":{"@id":"https:\/\/www.sindmoveis.com.br\/es\/#\/schema\/person\/16d379542db1950a17fe188179340d57"},"inLanguage":"es","potentialAction":[{"@type":"ReadAction","target":["https:\/\/www.sindmoveis.com.br\/es\/movelsul-busca-apoio-da-prefeitura-e-orgaos-de-seguranca-para-periodo-da-feira\/"]}]},{"@type":"WebSite","@id":"https:\/\/www.sindmoveis.com.br\/es\/#website","url":"https:\/\/www.sindmoveis.com.br\/es\/","name":"Sindm\u00f3veis-RS","description":"","potentialAction":[{"@type":"SearchAction","target":{"@type":"EntryPoint","urlTemplate":"https:\/\/www.sindmoveis.com.br\/es\/?s={search_term_string}"},"query-input":{"@type":"PropertyValueSpecification","valueRequired":true,"valueName":"search_term_string"}}],"inLanguage":"es"},{"@type":"Person","@id":"https:\/\/www.sindmoveis.com.br\/es\/#\/schema\/person\/16d379542db1950a17fe188179340d57","name":"Imprensa Sindm\u00f3veis","image":{"@type":"ImageObject","inLanguage":"es","@id":"https:\/\/www.sindmoveis.com.br\/es\/#\/schema\/person\/image\/","url":"https:\/\/secure.gravatar.com\/avatar\/4973e2e2c2a0cb5db30b0c7b770041b8e33d048a16b695a1f99c042449d4bfaf?s=96&d=mm&r=g","contentUrl":"https:\/\/secure.gravatar.com\/avatar\/4973e2e2c2a0cb5db30b0c7b770041b8e33d048a16b695a1f99c042449d4bfaf?s=96&d=mm&r=g","caption":"Imprensa Sindm\u00f3veis"},"url":"https:\/\/www.sindmoveis.com.br\/es\/author\/ana\/"}]}},"_links":{"self":[{"href":"https:\/\/www.sindmoveis.com.br\/es\/wp-json\/wp\/v2\/posts\/875","targetHints":{"allow":["GET"]}}],"collection":[{"href":"https:\/\/www.sindmoveis.com.br\/es\/wp-json\/wp\/v2\/posts"}],"about":[{"href":"https:\/\/www.sindmoveis.com.br\/es\/wp-json\/wp\/v2\/types\/post"}],"author":[{"embeddable":true,"href":"https:\/\/www.sindmoveis.com.br\/es\/wp-json\/wp\/v2\/users\/5"}],"replies":[{"embeddable":true,"href":"https:\/\/www.sindmoveis.com.br\/es\/wp-json\/wp\/v2\/comments?post=875"}],"version-history":[{"count":2,"href":"https:\/\/www.sindmoveis.com.br\/es\/wp-json\/wp\/v2\/posts\/875\/revisions"}],"predecessor-version":[{"id":3185,"href":"https:\/\/www.sindmoveis.com.br\/es\/wp-json\/wp\/v2\/posts\/875\/revisions\/3185"}],"wp:attachment":[{"href":"https:\/\/www.sindmoveis.com.br\/es\/wp-json\/wp\/v2\/media?parent=875"}],"wp:term":[{"taxonomy":"category","embeddable":true,"href":"https:\/\/www.sindmoveis.com.br\/es\/wp-json\/wp\/v2\/categories?post=875"},{"taxonomy":"post_tag","embeddable":true,"href":"https:\/\/www.sindmoveis.com.br\/es\/wp-json\/wp\/v2\/tags?post=875"}],"curies":[{"name":"wp","href":"https:\/\/api.w.org\/{rel}","templated":true}]}}