{"id":873,"date":"2012-03-06T00:00:00","date_gmt":"2012-03-06T03:00:00","guid":{"rendered":"http:\/\/sindmoveis.com.br\/imprensa\/noticias\/movelsul-excelencia-o-sucesso-compartilhado\/"},"modified":"2021-05-26T10:31:44","modified_gmt":"2021-05-26T13:31:44","slug":"movelsul-excelencia-o-sucesso-compartilhado","status":"publish","type":"post","link":"https:\/\/www.sindmoveis.com.br\/es\/movelsul-excelencia-o-sucesso-compartilhado\/","title":{"rendered":"Movelsul Excelencia: el \u00e9xito compartido Movelsul Excelencia: el \u00e9xito compartido"},"content":{"rendered":"<p>\u00a0<br \/>\n\u00a0<br \/>\nProyecto llega a la cuarta edici\u00f3n involucrando la comunidad en los preparativos para la feria<br \/>\n\u00a0<br \/>\nPara Movelsul Brasil, tener \u00e9xito es superar las expectativas de expositores y visitantes dentro y fuera del Parque de Eventos \u2013 lo que abarca el entrenamiento y motivaci\u00f3n no apenas de los profesionales involucrados directamente en la feria, sino de las empresas de transporte, hoteles, restaurantes, bares, taxis y del comercio local. Esa es la propuesta del proyecto Movelsul Excelencia, que busca calificar la atenci\u00f3n que debe ser prestada al p\u00fablico en Bento Gon\u00e7alves y dem\u00e1s ciudades de la regi\u00f3n.\u00a0<br \/>\nEste a\u00f1o, la acci\u00f3n ser\u00e1 realizada el d\u00eda 12 de marzo, con la conferencia Lucrando con la Felicidad, proferida por el coaching Fernando C. Oliveira. El conferencista enfatiza que tener una postura atrayente y ser una persona receptiva hace una gran diferencia en el mundo de los negocios. En su opini\u00f3n, los profesionales \u201cmacanudos\u201d son mejor aceptados por los compa\u00f1eros de trabajo, clientes y por la comunidad donde est\u00e1n incluidos. \u201cEl secreto es conocer t\u00e9cnicas capaces de romper el bloqueo que impide que las personas sean felices. Hago esto con herramientas visuales, auditivas y de sinestesia que llevan al p\u00fablico a una experiencia muy din\u00e1mica en mis conferencias\u201d, afirma.\u00a0<br \/>\nLa conferencia del proyecto Movelsul Excelencia ser\u00e1 el d\u00eda 12 de marzo, a las 19:30 en el Club Susfa (Garibaldi,559 &#8211; Barrio San Francisco). Para participar, es necesario hacer inscripci\u00f3n, sin costo alguno, en el sitio de Movelsul Brasil: www.movelsul.com.br \u00a0Informaciones por el tel\u00e9fono (54) 2102-6800.<br \/>\n\u00a0<br \/>\nSobre el conferencista\u00a0<br \/>\nFernando C. Oliveira es coach con certificaci\u00f3n internacional, director general de Four Training Consulting, m\u00e1ster en Coaching y Programaci\u00f3n Neuroling\u00fc\u00edstica y miembro de International Coaching Community. Ha desarrollado y realizado proyectos de organizaci\u00f3n, mejor\u00eda empresarial, entrenamiento de ventas y franchising en grandes empresas de Brasil y del exterior. En el mercado, ha tenido actuaci\u00f3n como vendedor, gerente, administrador y director en empresas como Hochest do Brasil, Biolab Marie, Merck Sharp y Editora Abril (en el Grupo Exame), Polangol Company y Urbanova. Tambi\u00e9n fue director de Marketing de AT&#038;N do Brasil.\u00a0<br \/>\n\u00a0<\/p>\n","protected":false},"excerpt":{"rendered":"<p>\u00a0 \u00a0 Proyecto llega a la cuarta edici\u00f3n involucrando la comunidad en los preparativos para la feria \u00a0 Para Movelsul Brasil, tener \u00e9xito es superar las expectativas de expositores y&#8230;  <a class=\"excerpt-read-more\" href=\"https:\/\/www.sindmoveis.com.br\/es\/movelsul-excelencia-o-sucesso-compartilhado\/\" title=\"Read Movelsul Excelencia: el \u00e9xito compartido Movelsul Excelencia: el \u00e9xito compartido\">Leia mais &raquo;<\/a><\/p>\n","protected":false},"author":5,"featured_media":0,"comment_status":"closed","ping_status":"open","sticky":false,"template":"","format":"standard","meta":{"footnotes":"","_links_to":"","_links_to_target":""},"categories":[23,2],"tags":[],"class_list":["post-873","post","type-post","status-publish","format-standard","hentry","category-movelsul","category-sindmoveis"],"yoast_head":"<!-- This site is optimized with the Yoast SEO plugin v27.0 - https:\/\/yoast.com\/product\/yoast-seo-wordpress\/ -->\n<title>Movelsul Excelencia: el \u00e9xito compartido Movelsul Excelencia: el \u00e9xito compartido - Sindm\u00f3veis-RS<\/title>\n<meta name=\"robots\" content=\"index, follow, max-snippet:-1, max-image-preview:large, max-video-preview:-1\" \/>\n<link rel=\"canonical\" href=\"https:\/\/www.sindmoveis.com.br\/es\/movelsul-excelencia-o-sucesso-compartilhado\/\" \/>\n<meta property=\"og:locale\" content=\"es_ES\" \/>\n<meta property=\"og:type\" content=\"article\" \/>\n<meta property=\"og:title\" content=\"Movelsul Excelencia: el \u00e9xito compartido Movelsul Excelencia: el \u00e9xito compartido - Sindm\u00f3veis-RS\" \/>\n<meta property=\"og:description\" content=\"\u00a0 \u00a0 Proyecto llega a la cuarta edici\u00f3n involucrando la comunidad en los preparativos para la feria \u00a0 Para Movelsul Brasil, tener \u00e9xito es superar las expectativas de expositores y... Leia mais &raquo;\" \/>\n<meta property=\"og:url\" content=\"https:\/\/www.sindmoveis.com.br\/es\/movelsul-excelencia-o-sucesso-compartilhado\/\" \/>\n<meta property=\"og:site_name\" content=\"Sindm\u00f3veis-RS\" \/>\n<meta property=\"article:published_time\" content=\"2012-03-06T03:00:00+00:00\" \/>\n<meta property=\"article:modified_time\" content=\"2021-05-26T13:31:44+00:00\" \/>\n<meta name=\"author\" content=\"Imprensa Sindm\u00f3veis\" \/>\n<meta name=\"twitter:card\" content=\"summary_large_image\" \/>\n<meta name=\"twitter:label1\" content=\"Escrito por\" \/>\n\t<meta name=\"twitter:data1\" content=\"Imprensa Sindm\u00f3veis\" \/>\n\t<meta name=\"twitter:label2\" content=\"Tiempo de lectura\" \/>\n\t<meta name=\"twitter:data2\" content=\"2 minutos\" \/>\n<script type=\"application\/ld+json\" class=\"yoast-schema-graph\">{\"@context\":\"https:\/\/schema.org\",\"@graph\":[{\"@type\":\"Article\",\"@id\":\"https:\/\/www.sindmoveis.com.br\/es\/movelsul-excelencia-o-sucesso-compartilhado\/#article\",\"isPartOf\":{\"@id\":\"https:\/\/www.sindmoveis.com.br\/es\/movelsul-excelencia-o-sucesso-compartilhado\/\"},\"author\":{\"name\":\"Imprensa Sindm\u00f3veis\",\"@id\":\"https:\/\/www.sindmoveis.com.br\/es\/#\/schema\/person\/16d379542db1950a17fe188179340d57\"},\"headline\":\"Movelsul Excelencia: el \u00e9xito compartido Movelsul Excelencia: el \u00e9xito compartido\",\"datePublished\":\"2012-03-06T03:00:00+00:00\",\"dateModified\":\"2021-05-26T13:31:44+00:00\",\"mainEntityOfPage\":{\"@id\":\"https:\/\/www.sindmoveis.com.br\/es\/movelsul-excelencia-o-sucesso-compartilhado\/\"},\"wordCount\":379,\"articleSection\":[\"Movelsul\",\"Sindm\u00f3veis\"],\"inLanguage\":\"es\"},{\"@type\":\"WebPage\",\"@id\":\"https:\/\/www.sindmoveis.com.br\/es\/movelsul-excelencia-o-sucesso-compartilhado\/\",\"url\":\"https:\/\/www.sindmoveis.com.br\/es\/movelsul-excelencia-o-sucesso-compartilhado\/\",\"name\":\"Movelsul Excelencia: el \u00e9xito compartido Movelsul Excelencia: el \u00e9xito compartido - Sindm\u00f3veis-RS\",\"isPartOf\":{\"@id\":\"https:\/\/www.sindmoveis.com.br\/es\/#website\"},\"datePublished\":\"2012-03-06T03:00:00+00:00\",\"dateModified\":\"2021-05-26T13:31:44+00:00\",\"author\":{\"@id\":\"https:\/\/www.sindmoveis.com.br\/es\/#\/schema\/person\/16d379542db1950a17fe188179340d57\"},\"inLanguage\":\"es\",\"potentialAction\":[{\"@type\":\"ReadAction\",\"target\":[\"https:\/\/www.sindmoveis.com.br\/es\/movelsul-excelencia-o-sucesso-compartilhado\/\"]}]},{\"@type\":\"WebSite\",\"@id\":\"https:\/\/www.sindmoveis.com.br\/es\/#website\",\"url\":\"https:\/\/www.sindmoveis.com.br\/es\/\",\"name\":\"Sindm\u00f3veis-RS\",\"description\":\"\",\"potentialAction\":[{\"@type\":\"SearchAction\",\"target\":{\"@type\":\"EntryPoint\",\"urlTemplate\":\"https:\/\/www.sindmoveis.com.br\/es\/?s={search_term_string}\"},\"query-input\":{\"@type\":\"PropertyValueSpecification\",\"valueRequired\":true,\"valueName\":\"search_term_string\"}}],\"inLanguage\":\"es\"},{\"@type\":\"Person\",\"@id\":\"https:\/\/www.sindmoveis.com.br\/es\/#\/schema\/person\/16d379542db1950a17fe188179340d57\",\"name\":\"Imprensa Sindm\u00f3veis\",\"image\":{\"@type\":\"ImageObject\",\"inLanguage\":\"es\",\"@id\":\"https:\/\/www.sindmoveis.com.br\/es\/#\/schema\/person\/image\/\",\"url\":\"https:\/\/secure.gravatar.com\/avatar\/4973e2e2c2a0cb5db30b0c7b770041b8e33d048a16b695a1f99c042449d4bfaf?s=96&d=mm&r=g\",\"contentUrl\":\"https:\/\/secure.gravatar.com\/avatar\/4973e2e2c2a0cb5db30b0c7b770041b8e33d048a16b695a1f99c042449d4bfaf?s=96&d=mm&r=g\",\"caption\":\"Imprensa Sindm\u00f3veis\"},\"url\":\"https:\/\/www.sindmoveis.com.br\/es\/author\/ana\/\"}]}<\/script>\n<!-- \/ Yoast SEO plugin. -->","yoast_head_json":{"title":"Movelsul Excelencia: el \u00e9xito compartido Movelsul Excelencia: el \u00e9xito compartido - Sindm\u00f3veis-RS","robots":{"index":"index","follow":"follow","max-snippet":"max-snippet:-1","max-image-preview":"max-image-preview:large","max-video-preview":"max-video-preview:-1"},"canonical":"https:\/\/www.sindmoveis.com.br\/es\/movelsul-excelencia-o-sucesso-compartilhado\/","og_locale":"es_ES","og_type":"article","og_title":"Movelsul Excelencia: el \u00e9xito compartido Movelsul Excelencia: el \u00e9xito compartido - Sindm\u00f3veis-RS","og_description":"\u00a0 \u00a0 Proyecto llega a la cuarta edici\u00f3n involucrando la comunidad en los preparativos para la feria \u00a0 Para Movelsul Brasil, tener \u00e9xito es superar las expectativas de expositores y... Leia mais &raquo;","og_url":"https:\/\/www.sindmoveis.com.br\/es\/movelsul-excelencia-o-sucesso-compartilhado\/","og_site_name":"Sindm\u00f3veis-RS","article_published_time":"2012-03-06T03:00:00+00:00","article_modified_time":"2021-05-26T13:31:44+00:00","author":"Imprensa Sindm\u00f3veis","twitter_card":"summary_large_image","twitter_misc":{"Escrito por":"Imprensa Sindm\u00f3veis","Tiempo de lectura":"2 minutos"},"schema":{"@context":"https:\/\/schema.org","@graph":[{"@type":"Article","@id":"https:\/\/www.sindmoveis.com.br\/es\/movelsul-excelencia-o-sucesso-compartilhado\/#article","isPartOf":{"@id":"https:\/\/www.sindmoveis.com.br\/es\/movelsul-excelencia-o-sucesso-compartilhado\/"},"author":{"name":"Imprensa Sindm\u00f3veis","@id":"https:\/\/www.sindmoveis.com.br\/es\/#\/schema\/person\/16d379542db1950a17fe188179340d57"},"headline":"Movelsul Excelencia: el \u00e9xito compartido Movelsul Excelencia: el \u00e9xito compartido","datePublished":"2012-03-06T03:00:00+00:00","dateModified":"2021-05-26T13:31:44+00:00","mainEntityOfPage":{"@id":"https:\/\/www.sindmoveis.com.br\/es\/movelsul-excelencia-o-sucesso-compartilhado\/"},"wordCount":379,"articleSection":["Movelsul","Sindm\u00f3veis"],"inLanguage":"es"},{"@type":"WebPage","@id":"https:\/\/www.sindmoveis.com.br\/es\/movelsul-excelencia-o-sucesso-compartilhado\/","url":"https:\/\/www.sindmoveis.com.br\/es\/movelsul-excelencia-o-sucesso-compartilhado\/","name":"Movelsul Excelencia: el \u00e9xito compartido Movelsul Excelencia: el \u00e9xito compartido - Sindm\u00f3veis-RS","isPartOf":{"@id":"https:\/\/www.sindmoveis.com.br\/es\/#website"},"datePublished":"2012-03-06T03:00:00+00:00","dateModified":"2021-05-26T13:31:44+00:00","author":{"@id":"https:\/\/www.sindmoveis.com.br\/es\/#\/schema\/person\/16d379542db1950a17fe188179340d57"},"inLanguage":"es","potentialAction":[{"@type":"ReadAction","target":["https:\/\/www.sindmoveis.com.br\/es\/movelsul-excelencia-o-sucesso-compartilhado\/"]}]},{"@type":"WebSite","@id":"https:\/\/www.sindmoveis.com.br\/es\/#website","url":"https:\/\/www.sindmoveis.com.br\/es\/","name":"Sindm\u00f3veis-RS","description":"","potentialAction":[{"@type":"SearchAction","target":{"@type":"EntryPoint","urlTemplate":"https:\/\/www.sindmoveis.com.br\/es\/?s={search_term_string}"},"query-input":{"@type":"PropertyValueSpecification","valueRequired":true,"valueName":"search_term_string"}}],"inLanguage":"es"},{"@type":"Person","@id":"https:\/\/www.sindmoveis.com.br\/es\/#\/schema\/person\/16d379542db1950a17fe188179340d57","name":"Imprensa Sindm\u00f3veis","image":{"@type":"ImageObject","inLanguage":"es","@id":"https:\/\/www.sindmoveis.com.br\/es\/#\/schema\/person\/image\/","url":"https:\/\/secure.gravatar.com\/avatar\/4973e2e2c2a0cb5db30b0c7b770041b8e33d048a16b695a1f99c042449d4bfaf?s=96&d=mm&r=g","contentUrl":"https:\/\/secure.gravatar.com\/avatar\/4973e2e2c2a0cb5db30b0c7b770041b8e33d048a16b695a1f99c042449d4bfaf?s=96&d=mm&r=g","caption":"Imprensa Sindm\u00f3veis"},"url":"https:\/\/www.sindmoveis.com.br\/es\/author\/ana\/"}]}},"_links":{"self":[{"href":"https:\/\/www.sindmoveis.com.br\/es\/wp-json\/wp\/v2\/posts\/873","targetHints":{"allow":["GET"]}}],"collection":[{"href":"https:\/\/www.sindmoveis.com.br\/es\/wp-json\/wp\/v2\/posts"}],"about":[{"href":"https:\/\/www.sindmoveis.com.br\/es\/wp-json\/wp\/v2\/types\/post"}],"author":[{"embeddable":true,"href":"https:\/\/www.sindmoveis.com.br\/es\/wp-json\/wp\/v2\/users\/5"}],"replies":[{"embeddable":true,"href":"https:\/\/www.sindmoveis.com.br\/es\/wp-json\/wp\/v2\/comments?post=873"}],"version-history":[{"count":2,"href":"https:\/\/www.sindmoveis.com.br\/es\/wp-json\/wp\/v2\/posts\/873\/revisions"}],"predecessor-version":[{"id":3183,"href":"https:\/\/www.sindmoveis.com.br\/es\/wp-json\/wp\/v2\/posts\/873\/revisions\/3183"}],"wp:attachment":[{"href":"https:\/\/www.sindmoveis.com.br\/es\/wp-json\/wp\/v2\/media?parent=873"}],"wp:term":[{"taxonomy":"category","embeddable":true,"href":"https:\/\/www.sindmoveis.com.br\/es\/wp-json\/wp\/v2\/categories?post=873"},{"taxonomy":"post_tag","embeddable":true,"href":"https:\/\/www.sindmoveis.com.br\/es\/wp-json\/wp\/v2\/tags?post=873"}],"curies":[{"name":"wp","href":"https:\/\/api.w.org\/{rel}","templated":true}]}}