{"id":870,"date":"2012-03-01T00:00:00","date_gmt":"2012-03-01T03:00:00","guid":{"rendered":"http:\/\/sindmoveis.com.br\/imprensa\/noticias\/convencao-coletiva-moveleira-amplia-beneficios-ao-trabalhador\/"},"modified":"2021-05-26T10:24:55","modified_gmt":"2021-05-26T13:24:55","slug":"convencao-coletiva-moveleira-amplia-beneficios-ao-trabalhador","status":"publish","type":"post","link":"https:\/\/www.sindmoveis.com.br\/es\/convencao-coletiva-moveleira-amplia-beneficios-ao-trabalhador\/","title":{"rendered":"Convenci\u00f3n colectiva de la industria del mobiliario ampl\u00eda beneficios al trabajador"},"content":{"rendered":"<p>Despu\u00e9s de ocho encuentros de negociaci\u00f3n, el Sindicato de las Industrias del Mobiliario de Bento Gon\u00e7alves (Sindm\u00f3veis) y el Sindicato de los Trabajadores en las Industrias de la Construcci\u00f3n y del Mobiliario de Bento Gon\u00e7alves (Sitracom) finalizaron la Convenci\u00f3n Colectiva de Trabajo vigente de febrero de 2012 a enero de 2013. La elaboraci\u00f3n del documento fue acompa\u00f1ada por los departamentos jur\u00eddicos de ambas entidades y firmado por sus respectivos presidentes, Catia Scarton e Itajiba Soares Lopes, la semana pasada. El reajuste acordado fue de 7,8% correspondiente a la reposici\u00f3n del \u00cdndice Nacional de Precios al Consumidor \u2013 INPC, del per\u00edodo m\u00e1s una ganancia real de 2,18%.<br \/>\n\u00a0 \u00a0 \u00a0 \u00a0 \u00a0 \u00a0 \u00a0El director jur\u00eddico laboral de Sindm\u00f3veis, Gilberto Bertarello, explica que las negociaciones fueron bastante intensas. Sin embargo, al fin de las reuniones, los sindicatos lograron beneficios satisfactorios tanto para los empleados como para los empleadores \u2013 los principales fueron la concesi\u00f3n del auxilio guarder\u00eda, el pago del 31\u00b0 d\u00eda trabajado hasta el quinto d\u00eda \u00fatil del mes subsiguiente, la posibilidad de ausencia abonada y la prorrogaci\u00f3n de la compensaci\u00f3n del banco de horas hasta 30 de abril de 2013, as\u00ed como la entrega de licencias en un plazo de hasta 72 horas. \u201cEn 2011, la Convenci\u00f3n Colectiva del sector del mobiliario s\u00f3lo fue finalizada en el mes de julio, despu\u00e9s de 12 encuentros. \u00a0\u201cEn esta ocasi\u00f3n, hemos llegado a un acuerdo muy coherente en menos tiempo\u201d, afirma.<br \/>\nLa convenci\u00f3n decide, entre otras determinaciones, sobre los pisos de salario y beneficios al trabajador. El salario de admisi\u00f3n de la categor\u00eda (para el per\u00edodo de experiencia de 60 d\u00edas) es de R$ 820,00, a contar de 1\u00b0 de febrero de 2012. El salario intermediario es de R$ 850,00 e, a partir de seis meses de trabajo en la empresa, el empleado pasa a recibir R$ 950,00. El acuerdo tambi\u00e9n realiz\u00f3 una revisi\u00f3n de los salarios entre febrero de 2011 y enero de 2012, quedando definido un reajuste de 7,80% como compensaci\u00f3n por la p\u00e9rdida ocasionada por la inflaci\u00f3n. Trabajadores con salario superior a R$ 3.800,00 tendr\u00e1n correcci\u00f3n de 7,80 hasta ese l\u00edmite y de 5,62 sobre el valor excedente.<br \/>\nFueron definidos tambi\u00e9n otros beneficios, como auxilio funeral de 2,5 salarios normativos, auxilio guarder\u00eda de hasta 10% del salario normativo de la categor\u00eda, y la prohibici\u00f3n del despido sin justa causa en el per\u00edodo de 12 meses anteriores a la adquisici\u00f3n del derecho a la jubilaci\u00f3n voluntaria o por edad\u201d. \u201cConsideramos que la convenci\u00f3n fue satisfactoria para empleados y empleadores\u201d, declar\u00f3 la presidente de Sindm\u00f3veis, Catia Scarton.\u00a0<\/p>\n","protected":false},"excerpt":{"rendered":"<p>Despu\u00e9s de ocho encuentros de negociaci\u00f3n, el Sindicato de las Industrias del Mobiliario de Bento Gon\u00e7alves (Sindm\u00f3veis) y el Sindicato de los Trabajadores en las Industrias de la Construcci\u00f3n y&#8230;  <a class=\"excerpt-read-more\" href=\"https:\/\/www.sindmoveis.com.br\/es\/convencao-coletiva-moveleira-amplia-beneficios-ao-trabalhador\/\" title=\"Read Convenci\u00f3n colectiva de la industria del mobiliario ampl\u00eda beneficios al trabajador\">Leia mais &raquo;<\/a><\/p>\n","protected":false},"author":5,"featured_media":0,"comment_status":"closed","ping_status":"open","sticky":false,"template":"","format":"standard","meta":{"footnotes":"","_links_to":"","_links_to_target":""},"categories":[2],"tags":[],"class_list":["post-870","post","type-post","status-publish","format-standard","hentry","category-sindmoveis"],"yoast_head":"<!-- This site is optimized with the Yoast SEO plugin v27.0 - https:\/\/yoast.com\/product\/yoast-seo-wordpress\/ -->\n<title>Convenci\u00f3n colectiva de la industria del mobiliario ampl\u00eda beneficios al trabajador - Sindm\u00f3veis-RS<\/title>\n<meta name=\"robots\" content=\"index, follow, max-snippet:-1, max-image-preview:large, max-video-preview:-1\" \/>\n<link rel=\"canonical\" href=\"https:\/\/www.sindmoveis.com.br\/es\/convencao-coletiva-moveleira-amplia-beneficios-ao-trabalhador\/\" \/>\n<meta property=\"og:locale\" content=\"es_ES\" \/>\n<meta property=\"og:type\" content=\"article\" \/>\n<meta property=\"og:title\" content=\"Convenci\u00f3n colectiva de la industria del mobiliario ampl\u00eda beneficios al trabajador - Sindm\u00f3veis-RS\" \/>\n<meta property=\"og:description\" content=\"Despu\u00e9s de ocho encuentros de negociaci\u00f3n, el Sindicato de las Industrias del Mobiliario de Bento Gon\u00e7alves (Sindm\u00f3veis) y el Sindicato de los Trabajadores en las Industrias de la Construcci\u00f3n y... Leia mais &raquo;\" \/>\n<meta property=\"og:url\" content=\"https:\/\/www.sindmoveis.com.br\/es\/convencao-coletiva-moveleira-amplia-beneficios-ao-trabalhador\/\" \/>\n<meta property=\"og:site_name\" content=\"Sindm\u00f3veis-RS\" \/>\n<meta property=\"article:published_time\" content=\"2012-03-01T03:00:00+00:00\" \/>\n<meta property=\"article:modified_time\" content=\"2021-05-26T13:24:55+00:00\" \/>\n<meta name=\"author\" content=\"Imprensa Sindm\u00f3veis\" \/>\n<meta name=\"twitter:card\" content=\"summary_large_image\" \/>\n<meta name=\"twitter:label1\" content=\"Escrito por\" \/>\n\t<meta name=\"twitter:data1\" content=\"Imprensa Sindm\u00f3veis\" \/>\n\t<meta name=\"twitter:label2\" content=\"Tiempo de lectura\" \/>\n\t<meta name=\"twitter:data2\" content=\"2 minutos\" \/>\n<script type=\"application\/ld+json\" class=\"yoast-schema-graph\">{\"@context\":\"https:\/\/schema.org\",\"@graph\":[{\"@type\":\"Article\",\"@id\":\"https:\/\/www.sindmoveis.com.br\/es\/convencao-coletiva-moveleira-amplia-beneficios-ao-trabalhador\/#article\",\"isPartOf\":{\"@id\":\"https:\/\/www.sindmoveis.com.br\/es\/convencao-coletiva-moveleira-amplia-beneficios-ao-trabalhador\/\"},\"author\":{\"name\":\"Imprensa Sindm\u00f3veis\",\"@id\":\"https:\/\/www.sindmoveis.com.br\/es\/#\/schema\/person\/16d379542db1950a17fe188179340d57\"},\"headline\":\"Convenci\u00f3n colectiva de la industria del mobiliario ampl\u00eda beneficios al trabajador\",\"datePublished\":\"2012-03-01T03:00:00+00:00\",\"dateModified\":\"2021-05-26T13:24:55+00:00\",\"mainEntityOfPage\":{\"@id\":\"https:\/\/www.sindmoveis.com.br\/es\/convencao-coletiva-moveleira-amplia-beneficios-ao-trabalhador\/\"},\"wordCount\":453,\"articleSection\":[\"Sindm\u00f3veis\"],\"inLanguage\":\"es\"},{\"@type\":\"WebPage\",\"@id\":\"https:\/\/www.sindmoveis.com.br\/es\/convencao-coletiva-moveleira-amplia-beneficios-ao-trabalhador\/\",\"url\":\"https:\/\/www.sindmoveis.com.br\/es\/convencao-coletiva-moveleira-amplia-beneficios-ao-trabalhador\/\",\"name\":\"Convenci\u00f3n colectiva de la industria del mobiliario ampl\u00eda beneficios al trabajador - Sindm\u00f3veis-RS\",\"isPartOf\":{\"@id\":\"https:\/\/www.sindmoveis.com.br\/es\/#website\"},\"datePublished\":\"2012-03-01T03:00:00+00:00\",\"dateModified\":\"2021-05-26T13:24:55+00:00\",\"author\":{\"@id\":\"https:\/\/www.sindmoveis.com.br\/es\/#\/schema\/person\/16d379542db1950a17fe188179340d57\"},\"inLanguage\":\"es\",\"potentialAction\":[{\"@type\":\"ReadAction\",\"target\":[\"https:\/\/www.sindmoveis.com.br\/es\/convencao-coletiva-moveleira-amplia-beneficios-ao-trabalhador\/\"]}]},{\"@type\":\"WebSite\",\"@id\":\"https:\/\/www.sindmoveis.com.br\/es\/#website\",\"url\":\"https:\/\/www.sindmoveis.com.br\/es\/\",\"name\":\"Sindm\u00f3veis-RS\",\"description\":\"\",\"potentialAction\":[{\"@type\":\"SearchAction\",\"target\":{\"@type\":\"EntryPoint\",\"urlTemplate\":\"https:\/\/www.sindmoveis.com.br\/es\/?s={search_term_string}\"},\"query-input\":{\"@type\":\"PropertyValueSpecification\",\"valueRequired\":true,\"valueName\":\"search_term_string\"}}],\"inLanguage\":\"es\"},{\"@type\":\"Person\",\"@id\":\"https:\/\/www.sindmoveis.com.br\/es\/#\/schema\/person\/16d379542db1950a17fe188179340d57\",\"name\":\"Imprensa Sindm\u00f3veis\",\"image\":{\"@type\":\"ImageObject\",\"inLanguage\":\"es\",\"@id\":\"https:\/\/www.sindmoveis.com.br\/es\/#\/schema\/person\/image\/\",\"url\":\"https:\/\/secure.gravatar.com\/avatar\/4973e2e2c2a0cb5db30b0c7b770041b8e33d048a16b695a1f99c042449d4bfaf?s=96&d=mm&r=g\",\"contentUrl\":\"https:\/\/secure.gravatar.com\/avatar\/4973e2e2c2a0cb5db30b0c7b770041b8e33d048a16b695a1f99c042449d4bfaf?s=96&d=mm&r=g\",\"caption\":\"Imprensa Sindm\u00f3veis\"},\"url\":\"https:\/\/www.sindmoveis.com.br\/es\/author\/ana\/\"}]}<\/script>\n<!-- \/ Yoast SEO plugin. -->","yoast_head_json":{"title":"Convenci\u00f3n colectiva de la industria del mobiliario ampl\u00eda beneficios al trabajador - Sindm\u00f3veis-RS","robots":{"index":"index","follow":"follow","max-snippet":"max-snippet:-1","max-image-preview":"max-image-preview:large","max-video-preview":"max-video-preview:-1"},"canonical":"https:\/\/www.sindmoveis.com.br\/es\/convencao-coletiva-moveleira-amplia-beneficios-ao-trabalhador\/","og_locale":"es_ES","og_type":"article","og_title":"Convenci\u00f3n colectiva de la industria del mobiliario ampl\u00eda beneficios al trabajador - Sindm\u00f3veis-RS","og_description":"Despu\u00e9s de ocho encuentros de negociaci\u00f3n, el Sindicato de las Industrias del Mobiliario de Bento Gon\u00e7alves (Sindm\u00f3veis) y el Sindicato de los Trabajadores en las Industrias de la Construcci\u00f3n y... Leia mais &raquo;","og_url":"https:\/\/www.sindmoveis.com.br\/es\/convencao-coletiva-moveleira-amplia-beneficios-ao-trabalhador\/","og_site_name":"Sindm\u00f3veis-RS","article_published_time":"2012-03-01T03:00:00+00:00","article_modified_time":"2021-05-26T13:24:55+00:00","author":"Imprensa Sindm\u00f3veis","twitter_card":"summary_large_image","twitter_misc":{"Escrito por":"Imprensa Sindm\u00f3veis","Tiempo de lectura":"2 minutos"},"schema":{"@context":"https:\/\/schema.org","@graph":[{"@type":"Article","@id":"https:\/\/www.sindmoveis.com.br\/es\/convencao-coletiva-moveleira-amplia-beneficios-ao-trabalhador\/#article","isPartOf":{"@id":"https:\/\/www.sindmoveis.com.br\/es\/convencao-coletiva-moveleira-amplia-beneficios-ao-trabalhador\/"},"author":{"name":"Imprensa Sindm\u00f3veis","@id":"https:\/\/www.sindmoveis.com.br\/es\/#\/schema\/person\/16d379542db1950a17fe188179340d57"},"headline":"Convenci\u00f3n colectiva de la industria del mobiliario ampl\u00eda beneficios al trabajador","datePublished":"2012-03-01T03:00:00+00:00","dateModified":"2021-05-26T13:24:55+00:00","mainEntityOfPage":{"@id":"https:\/\/www.sindmoveis.com.br\/es\/convencao-coletiva-moveleira-amplia-beneficios-ao-trabalhador\/"},"wordCount":453,"articleSection":["Sindm\u00f3veis"],"inLanguage":"es"},{"@type":"WebPage","@id":"https:\/\/www.sindmoveis.com.br\/es\/convencao-coletiva-moveleira-amplia-beneficios-ao-trabalhador\/","url":"https:\/\/www.sindmoveis.com.br\/es\/convencao-coletiva-moveleira-amplia-beneficios-ao-trabalhador\/","name":"Convenci\u00f3n colectiva de la industria del mobiliario ampl\u00eda beneficios al trabajador - Sindm\u00f3veis-RS","isPartOf":{"@id":"https:\/\/www.sindmoveis.com.br\/es\/#website"},"datePublished":"2012-03-01T03:00:00+00:00","dateModified":"2021-05-26T13:24:55+00:00","author":{"@id":"https:\/\/www.sindmoveis.com.br\/es\/#\/schema\/person\/16d379542db1950a17fe188179340d57"},"inLanguage":"es","potentialAction":[{"@type":"ReadAction","target":["https:\/\/www.sindmoveis.com.br\/es\/convencao-coletiva-moveleira-amplia-beneficios-ao-trabalhador\/"]}]},{"@type":"WebSite","@id":"https:\/\/www.sindmoveis.com.br\/es\/#website","url":"https:\/\/www.sindmoveis.com.br\/es\/","name":"Sindm\u00f3veis-RS","description":"","potentialAction":[{"@type":"SearchAction","target":{"@type":"EntryPoint","urlTemplate":"https:\/\/www.sindmoveis.com.br\/es\/?s={search_term_string}"},"query-input":{"@type":"PropertyValueSpecification","valueRequired":true,"valueName":"search_term_string"}}],"inLanguage":"es"},{"@type":"Person","@id":"https:\/\/www.sindmoveis.com.br\/es\/#\/schema\/person\/16d379542db1950a17fe188179340d57","name":"Imprensa Sindm\u00f3veis","image":{"@type":"ImageObject","inLanguage":"es","@id":"https:\/\/www.sindmoveis.com.br\/es\/#\/schema\/person\/image\/","url":"https:\/\/secure.gravatar.com\/avatar\/4973e2e2c2a0cb5db30b0c7b770041b8e33d048a16b695a1f99c042449d4bfaf?s=96&d=mm&r=g","contentUrl":"https:\/\/secure.gravatar.com\/avatar\/4973e2e2c2a0cb5db30b0c7b770041b8e33d048a16b695a1f99c042449d4bfaf?s=96&d=mm&r=g","caption":"Imprensa Sindm\u00f3veis"},"url":"https:\/\/www.sindmoveis.com.br\/es\/author\/ana\/"}]}},"_links":{"self":[{"href":"https:\/\/www.sindmoveis.com.br\/es\/wp-json\/wp\/v2\/posts\/870","targetHints":{"allow":["GET"]}}],"collection":[{"href":"https:\/\/www.sindmoveis.com.br\/es\/wp-json\/wp\/v2\/posts"}],"about":[{"href":"https:\/\/www.sindmoveis.com.br\/es\/wp-json\/wp\/v2\/types\/post"}],"author":[{"embeddable":true,"href":"https:\/\/www.sindmoveis.com.br\/es\/wp-json\/wp\/v2\/users\/5"}],"replies":[{"embeddable":true,"href":"https:\/\/www.sindmoveis.com.br\/es\/wp-json\/wp\/v2\/comments?post=870"}],"version-history":[{"count":2,"href":"https:\/\/www.sindmoveis.com.br\/es\/wp-json\/wp\/v2\/posts\/870\/revisions"}],"predecessor-version":[{"id":3180,"href":"https:\/\/www.sindmoveis.com.br\/es\/wp-json\/wp\/v2\/posts\/870\/revisions\/3180"}],"wp:attachment":[{"href":"https:\/\/www.sindmoveis.com.br\/es\/wp-json\/wp\/v2\/media?parent=870"}],"wp:term":[{"taxonomy":"category","embeddable":true,"href":"https:\/\/www.sindmoveis.com.br\/es\/wp-json\/wp\/v2\/categories?post=870"},{"taxonomy":"post_tag","embeddable":true,"href":"https:\/\/www.sindmoveis.com.br\/es\/wp-json\/wp\/v2\/tags?post=870"}],"curies":[{"name":"wp","href":"https:\/\/api.w.org\/{rel}","templated":true}]}}