{"id":869,"date":"2012-02-27T00:00:00","date_gmt":"2012-02-27T03:00:00","guid":{"rendered":"http:\/\/sindmoveis.com.br\/imprensa\/noticias\/projeto-comprador-ganha-novo-formato-na-movelsul-brasil-2012\/"},"modified":"2021-05-26T10:31:44","modified_gmt":"2021-05-26T13:31:44","slug":"projeto-comprador-ganha-novo-formato-na-movelsul-brasil-2012","status":"publish","type":"post","link":"https:\/\/www.sindmoveis.com.br\/es\/projeto-comprador-ganha-novo-formato-na-movelsul-brasil-2012\/","title":{"rendered":"Proyecto Comprador adquiere nuevo formato en Movelsul Brasil 2012"},"content":{"rendered":"<p>En 2012, Movelsul Brasil promueve la mayor edici\u00f3n del Proyecto Comprador ya organizada para el sector del mobiliario brasile\u00f1o. M\u00e1s de 100 industrias nacionales est\u00e1n inscritas para las rondas de negocios con importadores de diversos pa\u00edses, las cuales ser\u00e1n realizadas los d\u00edas 27 y 28 de marzo. La programaci\u00f3n incluye tambi\u00e9n, visitas t\u00e9cnicas a dos empresas de la regi\u00f3n y una conferencia con el coordinador de la Unidad de Inteligencia Comercial y Competitiva de Apex-Brasil, Marcos Lelis.\u00a0<br \/>\nLa iniciativa adquiere nuevo formato en esta edici\u00f3n de la feria, con reuniones de corta duraci\u00f3n hechas en los stands de los expositores inscritos, de modo a tornar la negociaci\u00f3n y formaci\u00f3n de asociaciones un proceso a\u00fan m\u00e1s eficaz. Un equipo del Sindicato de las Industrias del Mobiliario de Bento Gon\u00e7alves \u2013 Sindm\u00f3veis, intermediar\u00e1 los encuentros, garantizando que los visitantes cumplan su agenda y obtengan el mayor provecho posible de las rondas de negocios.<br \/>\nEs una oportunidad para que la industria brasile\u00f1a de muebles estreche lazos con compradores de por lo menos 15 pa\u00edses, ense\u00f1\u00e1ndoles la calidad y competitividad de los muebles brasile\u00f1os. Este a\u00f1o, el proyecto estar\u00e1 focalizado en los pa\u00edses de Am\u00e9rica como un todo, ya que los mercados tradicionalmente consumidores del mueble brasile\u00f1o, sobre todo Europa, han disminuido sus importaciones. Ya est\u00e1n confirmados 24 importadores y la organizaci\u00f3n de la feria pretende llegar a 30 hasta el inicio de Movelsul Brasil. El Proyecto Comprador tiene el apoyo de la Agencia Brasile\u00f1a de Promoci\u00f3n de Exportaciones e Inversiones \u2013 Apex-Brasil.<br \/>\nMovelsul Brasil ser\u00e1 realizada de 26 a 30 de marzo de 2012, exponiendo los lanzamientos de las principales industrias nacionales para oficina, cocina, dormitorios, lavadero\/\u00e1rea de servicio y ba\u00f1o; comedores de diario, juegos de comedor y estar, muebles tapizados y colchones, electrodom\u00e9sticos y alfombras. La feria es la mayor del sector del mobiliario en Am\u00e9rica Latina y la primera volcada al mercado de la clase media. Creada en 1977, ya ha recibido visitantes de m\u00e1s de 40 pa\u00edses y, en su \u00faltima edici\u00f3n, un p\u00fablico superior a 34 mil personas. Para m\u00e1s informaciones sobre la feria y sus proyectos, entre en www.movelsul.com.br<\/p>\n","protected":false},"excerpt":{"rendered":"<p>En 2012, Movelsul Brasil promueve la mayor edici\u00f3n del Proyecto Comprador ya organizada para el sector del mobiliario brasile\u00f1o. M\u00e1s de 100 industrias nacionales est\u00e1n inscritas para las rondas de&#8230;  <a class=\"excerpt-read-more\" href=\"https:\/\/www.sindmoveis.com.br\/es\/projeto-comprador-ganha-novo-formato-na-movelsul-brasil-2012\/\" title=\"Read Proyecto Comprador adquiere nuevo formato en Movelsul Brasil 2012\">Leia mais &raquo;<\/a><\/p>\n","protected":false},"author":5,"featured_media":0,"comment_status":"closed","ping_status":"open","sticky":false,"template":"","format":"standard","meta":{"footnotes":"","_links_to":"","_links_to_target":""},"categories":[23,2],"tags":[],"class_list":["post-869","post","type-post","status-publish","format-standard","hentry","category-movelsul","category-sindmoveis"],"yoast_head":"<!-- This site is optimized with the Yoast SEO plugin v27.0 - https:\/\/yoast.com\/product\/yoast-seo-wordpress\/ -->\n<title>Proyecto Comprador adquiere nuevo formato en Movelsul Brasil 2012 - Sindm\u00f3veis-RS<\/title>\n<meta name=\"robots\" content=\"index, follow, max-snippet:-1, max-image-preview:large, max-video-preview:-1\" \/>\n<link rel=\"canonical\" href=\"https:\/\/www.sindmoveis.com.br\/es\/projeto-comprador-ganha-novo-formato-na-movelsul-brasil-2012\/\" \/>\n<meta property=\"og:locale\" content=\"es_ES\" \/>\n<meta property=\"og:type\" content=\"article\" \/>\n<meta property=\"og:title\" content=\"Proyecto Comprador adquiere nuevo formato en Movelsul Brasil 2012 - Sindm\u00f3veis-RS\" \/>\n<meta property=\"og:description\" content=\"En 2012, Movelsul Brasil promueve la mayor edici\u00f3n del Proyecto Comprador ya organizada para el sector del mobiliario brasile\u00f1o. M\u00e1s de 100 industrias nacionales est\u00e1n inscritas para las rondas de... Leia mais &raquo;\" \/>\n<meta property=\"og:url\" content=\"https:\/\/www.sindmoveis.com.br\/es\/projeto-comprador-ganha-novo-formato-na-movelsul-brasil-2012\/\" \/>\n<meta property=\"og:site_name\" content=\"Sindm\u00f3veis-RS\" \/>\n<meta property=\"article:published_time\" content=\"2012-02-27T03:00:00+00:00\" \/>\n<meta property=\"article:modified_time\" content=\"2021-05-26T13:31:44+00:00\" \/>\n<meta name=\"author\" content=\"Imprensa Sindm\u00f3veis\" \/>\n<meta name=\"twitter:card\" content=\"summary_large_image\" \/>\n<meta name=\"twitter:label1\" content=\"Escrito por\" \/>\n\t<meta name=\"twitter:data1\" content=\"Imprensa Sindm\u00f3veis\" \/>\n\t<meta name=\"twitter:label2\" content=\"Tiempo de lectura\" \/>\n\t<meta name=\"twitter:data2\" content=\"2 minutos\" \/>\n<script type=\"application\/ld+json\" class=\"yoast-schema-graph\">{\"@context\":\"https:\/\/schema.org\",\"@graph\":[{\"@type\":\"Article\",\"@id\":\"https:\/\/www.sindmoveis.com.br\/es\/projeto-comprador-ganha-novo-formato-na-movelsul-brasil-2012\/#article\",\"isPartOf\":{\"@id\":\"https:\/\/www.sindmoveis.com.br\/es\/projeto-comprador-ganha-novo-formato-na-movelsul-brasil-2012\/\"},\"author\":{\"name\":\"Imprensa Sindm\u00f3veis\",\"@id\":\"https:\/\/www.sindmoveis.com.br\/es\/#\/schema\/person\/16d379542db1950a17fe188179340d57\"},\"headline\":\"Proyecto Comprador adquiere nuevo formato en Movelsul Brasil 2012\",\"datePublished\":\"2012-02-27T03:00:00+00:00\",\"dateModified\":\"2021-05-26T13:31:44+00:00\",\"mainEntityOfPage\":{\"@id\":\"https:\/\/www.sindmoveis.com.br\/es\/projeto-comprador-ganha-novo-formato-na-movelsul-brasil-2012\/\"},\"wordCount\":387,\"articleSection\":[\"Movelsul\",\"Sindm\u00f3veis\"],\"inLanguage\":\"es\"},{\"@type\":\"WebPage\",\"@id\":\"https:\/\/www.sindmoveis.com.br\/es\/projeto-comprador-ganha-novo-formato-na-movelsul-brasil-2012\/\",\"url\":\"https:\/\/www.sindmoveis.com.br\/es\/projeto-comprador-ganha-novo-formato-na-movelsul-brasil-2012\/\",\"name\":\"Proyecto Comprador adquiere nuevo formato en Movelsul Brasil 2012 - Sindm\u00f3veis-RS\",\"isPartOf\":{\"@id\":\"https:\/\/www.sindmoveis.com.br\/es\/#website\"},\"datePublished\":\"2012-02-27T03:00:00+00:00\",\"dateModified\":\"2021-05-26T13:31:44+00:00\",\"author\":{\"@id\":\"https:\/\/www.sindmoveis.com.br\/es\/#\/schema\/person\/16d379542db1950a17fe188179340d57\"},\"inLanguage\":\"es\",\"potentialAction\":[{\"@type\":\"ReadAction\",\"target\":[\"https:\/\/www.sindmoveis.com.br\/es\/projeto-comprador-ganha-novo-formato-na-movelsul-brasil-2012\/\"]}]},{\"@type\":\"WebSite\",\"@id\":\"https:\/\/www.sindmoveis.com.br\/es\/#website\",\"url\":\"https:\/\/www.sindmoveis.com.br\/es\/\",\"name\":\"Sindm\u00f3veis-RS\",\"description\":\"\",\"potentialAction\":[{\"@type\":\"SearchAction\",\"target\":{\"@type\":\"EntryPoint\",\"urlTemplate\":\"https:\/\/www.sindmoveis.com.br\/es\/?s={search_term_string}\"},\"query-input\":{\"@type\":\"PropertyValueSpecification\",\"valueRequired\":true,\"valueName\":\"search_term_string\"}}],\"inLanguage\":\"es\"},{\"@type\":\"Person\",\"@id\":\"https:\/\/www.sindmoveis.com.br\/es\/#\/schema\/person\/16d379542db1950a17fe188179340d57\",\"name\":\"Imprensa Sindm\u00f3veis\",\"image\":{\"@type\":\"ImageObject\",\"inLanguage\":\"es\",\"@id\":\"https:\/\/www.sindmoveis.com.br\/es\/#\/schema\/person\/image\/\",\"url\":\"https:\/\/secure.gravatar.com\/avatar\/4973e2e2c2a0cb5db30b0c7b770041b8e33d048a16b695a1f99c042449d4bfaf?s=96&d=mm&r=g\",\"contentUrl\":\"https:\/\/secure.gravatar.com\/avatar\/4973e2e2c2a0cb5db30b0c7b770041b8e33d048a16b695a1f99c042449d4bfaf?s=96&d=mm&r=g\",\"caption\":\"Imprensa Sindm\u00f3veis\"},\"url\":\"https:\/\/www.sindmoveis.com.br\/es\/author\/ana\/\"}]}<\/script>\n<!-- \/ Yoast SEO plugin. -->","yoast_head_json":{"title":"Proyecto Comprador adquiere nuevo formato en Movelsul Brasil 2012 - Sindm\u00f3veis-RS","robots":{"index":"index","follow":"follow","max-snippet":"max-snippet:-1","max-image-preview":"max-image-preview:large","max-video-preview":"max-video-preview:-1"},"canonical":"https:\/\/www.sindmoveis.com.br\/es\/projeto-comprador-ganha-novo-formato-na-movelsul-brasil-2012\/","og_locale":"es_ES","og_type":"article","og_title":"Proyecto Comprador adquiere nuevo formato en Movelsul Brasil 2012 - Sindm\u00f3veis-RS","og_description":"En 2012, Movelsul Brasil promueve la mayor edici\u00f3n del Proyecto Comprador ya organizada para el sector del mobiliario brasile\u00f1o. M\u00e1s de 100 industrias nacionales est\u00e1n inscritas para las rondas de... Leia mais &raquo;","og_url":"https:\/\/www.sindmoveis.com.br\/es\/projeto-comprador-ganha-novo-formato-na-movelsul-brasil-2012\/","og_site_name":"Sindm\u00f3veis-RS","article_published_time":"2012-02-27T03:00:00+00:00","article_modified_time":"2021-05-26T13:31:44+00:00","author":"Imprensa Sindm\u00f3veis","twitter_card":"summary_large_image","twitter_misc":{"Escrito por":"Imprensa Sindm\u00f3veis","Tiempo de lectura":"2 minutos"},"schema":{"@context":"https:\/\/schema.org","@graph":[{"@type":"Article","@id":"https:\/\/www.sindmoveis.com.br\/es\/projeto-comprador-ganha-novo-formato-na-movelsul-brasil-2012\/#article","isPartOf":{"@id":"https:\/\/www.sindmoveis.com.br\/es\/projeto-comprador-ganha-novo-formato-na-movelsul-brasil-2012\/"},"author":{"name":"Imprensa Sindm\u00f3veis","@id":"https:\/\/www.sindmoveis.com.br\/es\/#\/schema\/person\/16d379542db1950a17fe188179340d57"},"headline":"Proyecto Comprador adquiere nuevo formato en Movelsul Brasil 2012","datePublished":"2012-02-27T03:00:00+00:00","dateModified":"2021-05-26T13:31:44+00:00","mainEntityOfPage":{"@id":"https:\/\/www.sindmoveis.com.br\/es\/projeto-comprador-ganha-novo-formato-na-movelsul-brasil-2012\/"},"wordCount":387,"articleSection":["Movelsul","Sindm\u00f3veis"],"inLanguage":"es"},{"@type":"WebPage","@id":"https:\/\/www.sindmoveis.com.br\/es\/projeto-comprador-ganha-novo-formato-na-movelsul-brasil-2012\/","url":"https:\/\/www.sindmoveis.com.br\/es\/projeto-comprador-ganha-novo-formato-na-movelsul-brasil-2012\/","name":"Proyecto Comprador adquiere nuevo formato en Movelsul Brasil 2012 - Sindm\u00f3veis-RS","isPartOf":{"@id":"https:\/\/www.sindmoveis.com.br\/es\/#website"},"datePublished":"2012-02-27T03:00:00+00:00","dateModified":"2021-05-26T13:31:44+00:00","author":{"@id":"https:\/\/www.sindmoveis.com.br\/es\/#\/schema\/person\/16d379542db1950a17fe188179340d57"},"inLanguage":"es","potentialAction":[{"@type":"ReadAction","target":["https:\/\/www.sindmoveis.com.br\/es\/projeto-comprador-ganha-novo-formato-na-movelsul-brasil-2012\/"]}]},{"@type":"WebSite","@id":"https:\/\/www.sindmoveis.com.br\/es\/#website","url":"https:\/\/www.sindmoveis.com.br\/es\/","name":"Sindm\u00f3veis-RS","description":"","potentialAction":[{"@type":"SearchAction","target":{"@type":"EntryPoint","urlTemplate":"https:\/\/www.sindmoveis.com.br\/es\/?s={search_term_string}"},"query-input":{"@type":"PropertyValueSpecification","valueRequired":true,"valueName":"search_term_string"}}],"inLanguage":"es"},{"@type":"Person","@id":"https:\/\/www.sindmoveis.com.br\/es\/#\/schema\/person\/16d379542db1950a17fe188179340d57","name":"Imprensa Sindm\u00f3veis","image":{"@type":"ImageObject","inLanguage":"es","@id":"https:\/\/www.sindmoveis.com.br\/es\/#\/schema\/person\/image\/","url":"https:\/\/secure.gravatar.com\/avatar\/4973e2e2c2a0cb5db30b0c7b770041b8e33d048a16b695a1f99c042449d4bfaf?s=96&d=mm&r=g","contentUrl":"https:\/\/secure.gravatar.com\/avatar\/4973e2e2c2a0cb5db30b0c7b770041b8e33d048a16b695a1f99c042449d4bfaf?s=96&d=mm&r=g","caption":"Imprensa Sindm\u00f3veis"},"url":"https:\/\/www.sindmoveis.com.br\/es\/author\/ana\/"}]}},"_links":{"self":[{"href":"https:\/\/www.sindmoveis.com.br\/es\/wp-json\/wp\/v2\/posts\/869","targetHints":{"allow":["GET"]}}],"collection":[{"href":"https:\/\/www.sindmoveis.com.br\/es\/wp-json\/wp\/v2\/posts"}],"about":[{"href":"https:\/\/www.sindmoveis.com.br\/es\/wp-json\/wp\/v2\/types\/post"}],"author":[{"embeddable":true,"href":"https:\/\/www.sindmoveis.com.br\/es\/wp-json\/wp\/v2\/users\/5"}],"replies":[{"embeddable":true,"href":"https:\/\/www.sindmoveis.com.br\/es\/wp-json\/wp\/v2\/comments?post=869"}],"version-history":[{"count":2,"href":"https:\/\/www.sindmoveis.com.br\/es\/wp-json\/wp\/v2\/posts\/869\/revisions"}],"predecessor-version":[{"id":3179,"href":"https:\/\/www.sindmoveis.com.br\/es\/wp-json\/wp\/v2\/posts\/869\/revisions\/3179"}],"wp:attachment":[{"href":"https:\/\/www.sindmoveis.com.br\/es\/wp-json\/wp\/v2\/media?parent=869"}],"wp:term":[{"taxonomy":"category","embeddable":true,"href":"https:\/\/www.sindmoveis.com.br\/es\/wp-json\/wp\/v2\/categories?post=869"},{"taxonomy":"post_tag","embeddable":true,"href":"https:\/\/www.sindmoveis.com.br\/es\/wp-json\/wp\/v2\/tags?post=869"}],"curies":[{"name":"wp","href":"https:\/\/api.w.org\/{rel}","templated":true}]}}