{"id":866,"date":"2012-02-22T00:00:00","date_gmt":"2012-02-22T02:00:00","guid":{"rendered":"http:\/\/sindmoveis.com.br\/imprensa\/noticias\/cooperativa-florestal-do-acre-visita-o-sindmoveis\/"},"modified":"2021-05-26T10:24:55","modified_gmt":"2021-05-26T13:24:55","slug":"cooperativa-florestal-do-acre-visita-o-sindmoveis","status":"publish","type":"post","link":"https:\/\/www.sindmoveis.com.br\/es\/cooperativa-florestal-do-acre-visita-o-sindmoveis\/","title":{"rendered":"Cooperativa forestal do Acre visita  Sindm\u00f3veis"},"content":{"rendered":"<p>El Sindicato de las Industrias del Mobiliario de Bento Gon\u00e7alves \u2013SINDM\u00d3VEIS, recibi\u00f3 representantes de la Cooperativa de Productores Forestales Comunitarios del Estado de Acre. La comitiva conoci\u00f3 la actuaci\u00f3n del sindicato y visit\u00f3 algunas empresas locales, ya que es proveedora de la industria del mobiliario de S\u00e3o Paulo y pretende expandir sus operaciones para el Sur de Brasil. Cooperfloresta re\u00fane siete comunidades de Acre, totalizando 100 familias productoras de madera cultivada en florestas comunitarias y certificadas, con manejo de 42 especies de \u00e1rboles.<br \/>\nEl manejo correcto de la madera es comprobado por el sello del Forest Stewardship Council (Concejo de Manejo Forestal). Ello significa que la extracci\u00f3n fue realizada adecuadamente y que el proceso fue acompa\u00f1ado por un equipo capaz de certificar el origen de la madera extra\u00edda. Cooperfloresta tambi\u00e9n posee la certificaci\u00f3n de su cadena de custodia \u2013lo que representa el rastreo de toda la cadena productiva, independientemente de su utilizaci\u00f3n y destino. Los criterios para la obtenci\u00f3n de ese certificado son m\u00e1s r\u00edgidos que la legislaci\u00f3n nacional. Por lo tanto, se trata de una garant\u00eda de procedencia.<br \/>\nEl asesor t\u00e9cnico de WWF \u2013 entidad asociada con Cooperfloresta, Joachim Meier-D\u00f6rnberg, indica que la previsi\u00f3n de la cooperativa es alcanzar 200 familias este a\u00f1o, aumentando la capacidad de suministro de materia prima para el sector del mobiliario. En su opini\u00f3n, el gobierno del estado de Acre, est\u00e1 se\u00f1alizando la intenci\u00f3n de subsidiar la legalizaci\u00f3n de los carpinteros locales.<br \/>\nCooperfloresta auxilia en los procesos de licenciamiento, producci\u00f3n, beneficio y comercializaci\u00f3n de la madera, encortando el camino hasta el mercado y agregando valor a la producci\u00f3n. Con esto, se pretende garantizar condiciones de permanencia de los pueblos de la selva en sus comunidades, conservando su cultura y costumbres, viabilizando la explotaci\u00f3n sostenible como actividad econ\u00f3mica. Para saber m\u00e1s sobre Cooperfloresta, entre en www.cooperfloresta.com.br<\/p>\n","protected":false},"excerpt":{"rendered":"<p>El Sindicato de las Industrias del Mobiliario de Bento Gon\u00e7alves \u2013SINDM\u00d3VEIS, recibi\u00f3 representantes de la Cooperativa de Productores Forestales Comunitarios del Estado de Acre. La comitiva conoci\u00f3 la actuaci\u00f3n del&#8230;  <a class=\"excerpt-read-more\" href=\"https:\/\/www.sindmoveis.com.br\/es\/cooperativa-florestal-do-acre-visita-o-sindmoveis\/\" title=\"Read Cooperativa forestal do Acre visita  Sindm\u00f3veis\">Leia mais &raquo;<\/a><\/p>\n","protected":false},"author":5,"featured_media":0,"comment_status":"closed","ping_status":"open","sticky":false,"template":"","format":"standard","meta":{"footnotes":"","_links_to":"","_links_to_target":""},"categories":[2],"tags":[],"class_list":["post-866","post","type-post","status-publish","format-standard","hentry","category-sindmoveis"],"yoast_head":"<!-- This site is optimized with the Yoast SEO plugin v27.0 - https:\/\/yoast.com\/product\/yoast-seo-wordpress\/ -->\n<title>Cooperativa forestal do Acre visita Sindm\u00f3veis - Sindm\u00f3veis-RS<\/title>\n<meta name=\"robots\" content=\"index, follow, max-snippet:-1, max-image-preview:large, max-video-preview:-1\" \/>\n<link rel=\"canonical\" href=\"https:\/\/www.sindmoveis.com.br\/es\/cooperativa-florestal-do-acre-visita-o-sindmoveis\/\" \/>\n<meta property=\"og:locale\" content=\"es_ES\" \/>\n<meta property=\"og:type\" content=\"article\" \/>\n<meta property=\"og:title\" content=\"Cooperativa forestal do Acre visita Sindm\u00f3veis - Sindm\u00f3veis-RS\" \/>\n<meta property=\"og:description\" content=\"El Sindicato de las Industrias del Mobiliario de Bento Gon\u00e7alves \u2013SINDM\u00d3VEIS, recibi\u00f3 representantes de la Cooperativa de Productores Forestales Comunitarios del Estado de Acre. La comitiva conoci\u00f3 la actuaci\u00f3n del... Leia mais &raquo;\" \/>\n<meta property=\"og:url\" content=\"https:\/\/www.sindmoveis.com.br\/es\/cooperativa-florestal-do-acre-visita-o-sindmoveis\/\" \/>\n<meta property=\"og:site_name\" content=\"Sindm\u00f3veis-RS\" \/>\n<meta property=\"article:published_time\" content=\"2012-02-22T02:00:00+00:00\" \/>\n<meta property=\"article:modified_time\" content=\"2021-05-26T13:24:55+00:00\" \/>\n<meta name=\"author\" content=\"Imprensa Sindm\u00f3veis\" \/>\n<meta name=\"twitter:card\" content=\"summary_large_image\" \/>\n<meta name=\"twitter:label1\" content=\"Escrito por\" \/>\n\t<meta name=\"twitter:data1\" content=\"Imprensa Sindm\u00f3veis\" \/>\n\t<meta name=\"twitter:label2\" content=\"Tiempo de lectura\" \/>\n\t<meta name=\"twitter:data2\" content=\"2 minutos\" \/>\n<script type=\"application\/ld+json\" class=\"yoast-schema-graph\">{\"@context\":\"https:\/\/schema.org\",\"@graph\":[{\"@type\":\"Article\",\"@id\":\"https:\/\/www.sindmoveis.com.br\/es\/cooperativa-florestal-do-acre-visita-o-sindmoveis\/#article\",\"isPartOf\":{\"@id\":\"https:\/\/www.sindmoveis.com.br\/es\/cooperativa-florestal-do-acre-visita-o-sindmoveis\/\"},\"author\":{\"name\":\"Imprensa Sindm\u00f3veis\",\"@id\":\"https:\/\/www.sindmoveis.com.br\/es\/#\/schema\/person\/16d379542db1950a17fe188179340d57\"},\"headline\":\"Cooperativa forestal do Acre visita Sindm\u00f3veis\",\"datePublished\":\"2012-02-22T02:00:00+00:00\",\"dateModified\":\"2021-05-26T13:24:55+00:00\",\"mainEntityOfPage\":{\"@id\":\"https:\/\/www.sindmoveis.com.br\/es\/cooperativa-florestal-do-acre-visita-o-sindmoveis\/\"},\"wordCount\":337,\"articleSection\":[\"Sindm\u00f3veis\"],\"inLanguage\":\"es\"},{\"@type\":\"WebPage\",\"@id\":\"https:\/\/www.sindmoveis.com.br\/es\/cooperativa-florestal-do-acre-visita-o-sindmoveis\/\",\"url\":\"https:\/\/www.sindmoveis.com.br\/es\/cooperativa-florestal-do-acre-visita-o-sindmoveis\/\",\"name\":\"Cooperativa forestal do Acre visita Sindm\u00f3veis - Sindm\u00f3veis-RS\",\"isPartOf\":{\"@id\":\"https:\/\/www.sindmoveis.com.br\/es\/#website\"},\"datePublished\":\"2012-02-22T02:00:00+00:00\",\"dateModified\":\"2021-05-26T13:24:55+00:00\",\"author\":{\"@id\":\"https:\/\/www.sindmoveis.com.br\/es\/#\/schema\/person\/16d379542db1950a17fe188179340d57\"},\"inLanguage\":\"es\",\"potentialAction\":[{\"@type\":\"ReadAction\",\"target\":[\"https:\/\/www.sindmoveis.com.br\/es\/cooperativa-florestal-do-acre-visita-o-sindmoveis\/\"]}]},{\"@type\":\"WebSite\",\"@id\":\"https:\/\/www.sindmoveis.com.br\/es\/#website\",\"url\":\"https:\/\/www.sindmoveis.com.br\/es\/\",\"name\":\"Sindm\u00f3veis-RS\",\"description\":\"\",\"potentialAction\":[{\"@type\":\"SearchAction\",\"target\":{\"@type\":\"EntryPoint\",\"urlTemplate\":\"https:\/\/www.sindmoveis.com.br\/es\/?s={search_term_string}\"},\"query-input\":{\"@type\":\"PropertyValueSpecification\",\"valueRequired\":true,\"valueName\":\"search_term_string\"}}],\"inLanguage\":\"es\"},{\"@type\":\"Person\",\"@id\":\"https:\/\/www.sindmoveis.com.br\/es\/#\/schema\/person\/16d379542db1950a17fe188179340d57\",\"name\":\"Imprensa Sindm\u00f3veis\",\"image\":{\"@type\":\"ImageObject\",\"inLanguage\":\"es\",\"@id\":\"https:\/\/www.sindmoveis.com.br\/es\/#\/schema\/person\/image\/\",\"url\":\"https:\/\/secure.gravatar.com\/avatar\/4973e2e2c2a0cb5db30b0c7b770041b8e33d048a16b695a1f99c042449d4bfaf?s=96&d=mm&r=g\",\"contentUrl\":\"https:\/\/secure.gravatar.com\/avatar\/4973e2e2c2a0cb5db30b0c7b770041b8e33d048a16b695a1f99c042449d4bfaf?s=96&d=mm&r=g\",\"caption\":\"Imprensa Sindm\u00f3veis\"},\"url\":\"https:\/\/www.sindmoveis.com.br\/es\/author\/ana\/\"}]}<\/script>\n<!-- \/ Yoast SEO plugin. -->","yoast_head_json":{"title":"Cooperativa forestal do Acre visita Sindm\u00f3veis - Sindm\u00f3veis-RS","robots":{"index":"index","follow":"follow","max-snippet":"max-snippet:-1","max-image-preview":"max-image-preview:large","max-video-preview":"max-video-preview:-1"},"canonical":"https:\/\/www.sindmoveis.com.br\/es\/cooperativa-florestal-do-acre-visita-o-sindmoveis\/","og_locale":"es_ES","og_type":"article","og_title":"Cooperativa forestal do Acre visita Sindm\u00f3veis - Sindm\u00f3veis-RS","og_description":"El Sindicato de las Industrias del Mobiliario de Bento Gon\u00e7alves \u2013SINDM\u00d3VEIS, recibi\u00f3 representantes de la Cooperativa de Productores Forestales Comunitarios del Estado de Acre. La comitiva conoci\u00f3 la actuaci\u00f3n del... Leia mais &raquo;","og_url":"https:\/\/www.sindmoveis.com.br\/es\/cooperativa-florestal-do-acre-visita-o-sindmoveis\/","og_site_name":"Sindm\u00f3veis-RS","article_published_time":"2012-02-22T02:00:00+00:00","article_modified_time":"2021-05-26T13:24:55+00:00","author":"Imprensa Sindm\u00f3veis","twitter_card":"summary_large_image","twitter_misc":{"Escrito por":"Imprensa Sindm\u00f3veis","Tiempo de lectura":"2 minutos"},"schema":{"@context":"https:\/\/schema.org","@graph":[{"@type":"Article","@id":"https:\/\/www.sindmoveis.com.br\/es\/cooperativa-florestal-do-acre-visita-o-sindmoveis\/#article","isPartOf":{"@id":"https:\/\/www.sindmoveis.com.br\/es\/cooperativa-florestal-do-acre-visita-o-sindmoveis\/"},"author":{"name":"Imprensa Sindm\u00f3veis","@id":"https:\/\/www.sindmoveis.com.br\/es\/#\/schema\/person\/16d379542db1950a17fe188179340d57"},"headline":"Cooperativa forestal do Acre visita Sindm\u00f3veis","datePublished":"2012-02-22T02:00:00+00:00","dateModified":"2021-05-26T13:24:55+00:00","mainEntityOfPage":{"@id":"https:\/\/www.sindmoveis.com.br\/es\/cooperativa-florestal-do-acre-visita-o-sindmoveis\/"},"wordCount":337,"articleSection":["Sindm\u00f3veis"],"inLanguage":"es"},{"@type":"WebPage","@id":"https:\/\/www.sindmoveis.com.br\/es\/cooperativa-florestal-do-acre-visita-o-sindmoveis\/","url":"https:\/\/www.sindmoveis.com.br\/es\/cooperativa-florestal-do-acre-visita-o-sindmoveis\/","name":"Cooperativa forestal do Acre visita Sindm\u00f3veis - Sindm\u00f3veis-RS","isPartOf":{"@id":"https:\/\/www.sindmoveis.com.br\/es\/#website"},"datePublished":"2012-02-22T02:00:00+00:00","dateModified":"2021-05-26T13:24:55+00:00","author":{"@id":"https:\/\/www.sindmoveis.com.br\/es\/#\/schema\/person\/16d379542db1950a17fe188179340d57"},"inLanguage":"es","potentialAction":[{"@type":"ReadAction","target":["https:\/\/www.sindmoveis.com.br\/es\/cooperativa-florestal-do-acre-visita-o-sindmoveis\/"]}]},{"@type":"WebSite","@id":"https:\/\/www.sindmoveis.com.br\/es\/#website","url":"https:\/\/www.sindmoveis.com.br\/es\/","name":"Sindm\u00f3veis-RS","description":"","potentialAction":[{"@type":"SearchAction","target":{"@type":"EntryPoint","urlTemplate":"https:\/\/www.sindmoveis.com.br\/es\/?s={search_term_string}"},"query-input":{"@type":"PropertyValueSpecification","valueRequired":true,"valueName":"search_term_string"}}],"inLanguage":"es"},{"@type":"Person","@id":"https:\/\/www.sindmoveis.com.br\/es\/#\/schema\/person\/16d379542db1950a17fe188179340d57","name":"Imprensa Sindm\u00f3veis","image":{"@type":"ImageObject","inLanguage":"es","@id":"https:\/\/www.sindmoveis.com.br\/es\/#\/schema\/person\/image\/","url":"https:\/\/secure.gravatar.com\/avatar\/4973e2e2c2a0cb5db30b0c7b770041b8e33d048a16b695a1f99c042449d4bfaf?s=96&d=mm&r=g","contentUrl":"https:\/\/secure.gravatar.com\/avatar\/4973e2e2c2a0cb5db30b0c7b770041b8e33d048a16b695a1f99c042449d4bfaf?s=96&d=mm&r=g","caption":"Imprensa Sindm\u00f3veis"},"url":"https:\/\/www.sindmoveis.com.br\/es\/author\/ana\/"}]}},"_links":{"self":[{"href":"https:\/\/www.sindmoveis.com.br\/es\/wp-json\/wp\/v2\/posts\/866","targetHints":{"allow":["GET"]}}],"collection":[{"href":"https:\/\/www.sindmoveis.com.br\/es\/wp-json\/wp\/v2\/posts"}],"about":[{"href":"https:\/\/www.sindmoveis.com.br\/es\/wp-json\/wp\/v2\/types\/post"}],"author":[{"embeddable":true,"href":"https:\/\/www.sindmoveis.com.br\/es\/wp-json\/wp\/v2\/users\/5"}],"replies":[{"embeddable":true,"href":"https:\/\/www.sindmoveis.com.br\/es\/wp-json\/wp\/v2\/comments?post=866"}],"version-history":[{"count":2,"href":"https:\/\/www.sindmoveis.com.br\/es\/wp-json\/wp\/v2\/posts\/866\/revisions"}],"predecessor-version":[{"id":3178,"href":"https:\/\/www.sindmoveis.com.br\/es\/wp-json\/wp\/v2\/posts\/866\/revisions\/3178"}],"wp:attachment":[{"href":"https:\/\/www.sindmoveis.com.br\/es\/wp-json\/wp\/v2\/media?parent=866"}],"wp:term":[{"taxonomy":"category","embeddable":true,"href":"https:\/\/www.sindmoveis.com.br\/es\/wp-json\/wp\/v2\/categories?post=866"},{"taxonomy":"post_tag","embeddable":true,"href":"https:\/\/www.sindmoveis.com.br\/es\/wp-json\/wp\/v2\/tags?post=866"}],"curies":[{"name":"wp","href":"https:\/\/api.w.org\/{rel}","templated":true}]}}