{"id":864,"date":"2012-02-09T00:00:00","date_gmt":"2012-02-09T02:00:00","guid":{"rendered":"http:\/\/sindmoveis.com.br\/imprensa\/noticias\/expositores-da-movelsul-mobiliam-apartamento-modelo\/"},"modified":"2021-05-26T10:31:44","modified_gmt":"2021-05-26T13:31:44","slug":"expositores-da-movelsul-mobiliam-apartamento-modelo","status":"publish","type":"post","link":"https:\/\/www.sindmoveis.com.br\/es\/expositores-da-movelsul-mobiliam-apartamento-modelo\/","title":{"rendered":"Expositores da Movelsul amueblan apartamento modelo"},"content":{"rendered":"<p>\u00a0<br \/>\nQuince empresas han sido escogidas para amueblar la Casa del Consumidor del Nuevo Brasil, proyecto que est\u00e1 en su segunda edici\u00f3n, coordinado por el concurso Sal\u00e3o Design y que podr\u00e1 ser conocido durante Movelsul 2012, de 25 a 30 de marzo. Entre las empresas que ambientar\u00e1n un apartamento de 60m\u00b2 en las bases \u00a0del programa Minha Casa, Minha Vida (Mi casa, Mi Vida) est\u00e1n: Bertolini, Bartzen, Multim\u00f3veis, Pomzan, BRV M\u00f3veis y M\u00f3veis Stein.<br \/>\nEl inmueble, donde vive una familia de la nueva clase media brasile\u00f1a, formada por una pareja, dos hijas y el abuelo paterno, tiene tres habitaciones, sala de estar y comedor, cocina, lavadero y ba\u00f1o. Las necesidades de esos personajes inspiraron los proyectos presentados para la creaci\u00f3n de este hogar.<br \/>\nLos proyectos fueron seleccionados por el estudio de arquitectura ArqMAD, responsable por la ambientaci\u00f3n de la feria. Fueron llevados en consideraci\u00f3n, adem\u00e1s de las sugerencias de los expositores, el uso de materia prima de los patrocinadores Impress y Berneck.<br \/>\nDatos del estudio solicitado por el Sindicato de las Industrias del Mobiliario de Bento Gon\u00e7alves \u2013 Sindm\u00f3veis a la empresa de consultor\u00eda Data Popular, con informaciones espec\u00edficas para el sector del mobiliario, muestran que las clases C y D \u2013 formadoras de la nueva clase media brasile\u00f1a- representan m\u00e1s de 50% de la poblaci\u00f3n de Brasil. Esa nueva clase media la constituye un p\u00fablico exigente, que quiere conocer el producto que desea comprar y proporcionar m\u00e1s educaci\u00f3n, esparcimiento y calidad de vida a su familia.<br \/>\nLa lista con los nombres de todas las empresas que van a amueblar y complementar la Casa del Consumidor del Nuevo Brasil puede ser vista en el blog \u00a0http:\/\/www.salaodesign.com.br\u00a0<br \/>\n\u00a0<\/p>\n","protected":false},"excerpt":{"rendered":"<p>\u00a0 Quince empresas han sido escogidas para amueblar la Casa del Consumidor del Nuevo Brasil, proyecto que est\u00e1 en su segunda edici\u00f3n, coordinado por el concurso Sal\u00e3o Design y que&#8230;  <a class=\"excerpt-read-more\" href=\"https:\/\/www.sindmoveis.com.br\/es\/expositores-da-movelsul-mobiliam-apartamento-modelo\/\" title=\"Read Expositores da Movelsul amueblan apartamento modelo\">Leia mais &raquo;<\/a><\/p>\n","protected":false},"author":5,"featured_media":0,"comment_status":"closed","ping_status":"open","sticky":false,"template":"","format":"standard","meta":{"footnotes":"","_links_to":"","_links_to_target":""},"categories":[23,2],"tags":[],"class_list":["post-864","post","type-post","status-publish","format-standard","hentry","category-movelsul","category-sindmoveis"],"yoast_head":"<!-- This site is optimized with the Yoast SEO plugin v27.0 - https:\/\/yoast.com\/product\/yoast-seo-wordpress\/ -->\n<title>Expositores da Movelsul amueblan apartamento modelo - Sindm\u00f3veis-RS<\/title>\n<meta name=\"robots\" content=\"index, follow, max-snippet:-1, max-image-preview:large, max-video-preview:-1\" \/>\n<link rel=\"canonical\" href=\"https:\/\/www.sindmoveis.com.br\/es\/expositores-da-movelsul-mobiliam-apartamento-modelo\/\" \/>\n<meta property=\"og:locale\" content=\"es_ES\" \/>\n<meta property=\"og:type\" content=\"article\" \/>\n<meta property=\"og:title\" content=\"Expositores da Movelsul amueblan apartamento modelo - Sindm\u00f3veis-RS\" \/>\n<meta property=\"og:description\" content=\"\u00a0 Quince empresas han sido escogidas para amueblar la Casa del Consumidor del Nuevo Brasil, proyecto que est\u00e1 en su segunda edici\u00f3n, coordinado por el concurso Sal\u00e3o Design y que... Leia mais &raquo;\" \/>\n<meta property=\"og:url\" content=\"https:\/\/www.sindmoveis.com.br\/es\/expositores-da-movelsul-mobiliam-apartamento-modelo\/\" \/>\n<meta property=\"og:site_name\" content=\"Sindm\u00f3veis-RS\" \/>\n<meta property=\"article:published_time\" content=\"2012-02-09T02:00:00+00:00\" \/>\n<meta property=\"article:modified_time\" content=\"2021-05-26T13:31:44+00:00\" \/>\n<meta name=\"author\" content=\"Imprensa Sindm\u00f3veis\" \/>\n<meta name=\"twitter:card\" content=\"summary_large_image\" \/>\n<meta name=\"twitter:label1\" content=\"Escrito por\" \/>\n\t<meta name=\"twitter:data1\" content=\"Imprensa Sindm\u00f3veis\" \/>\n\t<meta name=\"twitter:label2\" content=\"Tiempo de lectura\" \/>\n\t<meta name=\"twitter:data2\" content=\"1 minuto\" \/>\n<script type=\"application\/ld+json\" class=\"yoast-schema-graph\">{\"@context\":\"https:\/\/schema.org\",\"@graph\":[{\"@type\":\"Article\",\"@id\":\"https:\/\/www.sindmoveis.com.br\/es\/expositores-da-movelsul-mobiliam-apartamento-modelo\/#article\",\"isPartOf\":{\"@id\":\"https:\/\/www.sindmoveis.com.br\/es\/expositores-da-movelsul-mobiliam-apartamento-modelo\/\"},\"author\":{\"name\":\"Imprensa Sindm\u00f3veis\",\"@id\":\"https:\/\/www.sindmoveis.com.br\/es\/#\/schema\/person\/16d379542db1950a17fe188179340d57\"},\"headline\":\"Expositores da Movelsul amueblan apartamento modelo\",\"datePublished\":\"2012-02-09T02:00:00+00:00\",\"dateModified\":\"2021-05-26T13:31:44+00:00\",\"mainEntityOfPage\":{\"@id\":\"https:\/\/www.sindmoveis.com.br\/es\/expositores-da-movelsul-mobiliam-apartamento-modelo\/\"},\"wordCount\":302,\"articleSection\":[\"Movelsul\",\"Sindm\u00f3veis\"],\"inLanguage\":\"es\"},{\"@type\":\"WebPage\",\"@id\":\"https:\/\/www.sindmoveis.com.br\/es\/expositores-da-movelsul-mobiliam-apartamento-modelo\/\",\"url\":\"https:\/\/www.sindmoveis.com.br\/es\/expositores-da-movelsul-mobiliam-apartamento-modelo\/\",\"name\":\"Expositores da Movelsul amueblan apartamento modelo - Sindm\u00f3veis-RS\",\"isPartOf\":{\"@id\":\"https:\/\/www.sindmoveis.com.br\/es\/#website\"},\"datePublished\":\"2012-02-09T02:00:00+00:00\",\"dateModified\":\"2021-05-26T13:31:44+00:00\",\"author\":{\"@id\":\"https:\/\/www.sindmoveis.com.br\/es\/#\/schema\/person\/16d379542db1950a17fe188179340d57\"},\"inLanguage\":\"es\",\"potentialAction\":[{\"@type\":\"ReadAction\",\"target\":[\"https:\/\/www.sindmoveis.com.br\/es\/expositores-da-movelsul-mobiliam-apartamento-modelo\/\"]}]},{\"@type\":\"WebSite\",\"@id\":\"https:\/\/www.sindmoveis.com.br\/es\/#website\",\"url\":\"https:\/\/www.sindmoveis.com.br\/es\/\",\"name\":\"Sindm\u00f3veis-RS\",\"description\":\"\",\"potentialAction\":[{\"@type\":\"SearchAction\",\"target\":{\"@type\":\"EntryPoint\",\"urlTemplate\":\"https:\/\/www.sindmoveis.com.br\/es\/?s={search_term_string}\"},\"query-input\":{\"@type\":\"PropertyValueSpecification\",\"valueRequired\":true,\"valueName\":\"search_term_string\"}}],\"inLanguage\":\"es\"},{\"@type\":\"Person\",\"@id\":\"https:\/\/www.sindmoveis.com.br\/es\/#\/schema\/person\/16d379542db1950a17fe188179340d57\",\"name\":\"Imprensa Sindm\u00f3veis\",\"image\":{\"@type\":\"ImageObject\",\"inLanguage\":\"es\",\"@id\":\"https:\/\/www.sindmoveis.com.br\/es\/#\/schema\/person\/image\/\",\"url\":\"https:\/\/secure.gravatar.com\/avatar\/4973e2e2c2a0cb5db30b0c7b770041b8e33d048a16b695a1f99c042449d4bfaf?s=96&d=mm&r=g\",\"contentUrl\":\"https:\/\/secure.gravatar.com\/avatar\/4973e2e2c2a0cb5db30b0c7b770041b8e33d048a16b695a1f99c042449d4bfaf?s=96&d=mm&r=g\",\"caption\":\"Imprensa Sindm\u00f3veis\"},\"url\":\"https:\/\/www.sindmoveis.com.br\/es\/author\/ana\/\"}]}<\/script>\n<!-- \/ Yoast SEO plugin. -->","yoast_head_json":{"title":"Expositores da Movelsul amueblan apartamento modelo - Sindm\u00f3veis-RS","robots":{"index":"index","follow":"follow","max-snippet":"max-snippet:-1","max-image-preview":"max-image-preview:large","max-video-preview":"max-video-preview:-1"},"canonical":"https:\/\/www.sindmoveis.com.br\/es\/expositores-da-movelsul-mobiliam-apartamento-modelo\/","og_locale":"es_ES","og_type":"article","og_title":"Expositores da Movelsul amueblan apartamento modelo - Sindm\u00f3veis-RS","og_description":"\u00a0 Quince empresas han sido escogidas para amueblar la Casa del Consumidor del Nuevo Brasil, proyecto que est\u00e1 en su segunda edici\u00f3n, coordinado por el concurso Sal\u00e3o Design y que... Leia mais &raquo;","og_url":"https:\/\/www.sindmoveis.com.br\/es\/expositores-da-movelsul-mobiliam-apartamento-modelo\/","og_site_name":"Sindm\u00f3veis-RS","article_published_time":"2012-02-09T02:00:00+00:00","article_modified_time":"2021-05-26T13:31:44+00:00","author":"Imprensa Sindm\u00f3veis","twitter_card":"summary_large_image","twitter_misc":{"Escrito por":"Imprensa Sindm\u00f3veis","Tiempo de lectura":"1 minuto"},"schema":{"@context":"https:\/\/schema.org","@graph":[{"@type":"Article","@id":"https:\/\/www.sindmoveis.com.br\/es\/expositores-da-movelsul-mobiliam-apartamento-modelo\/#article","isPartOf":{"@id":"https:\/\/www.sindmoveis.com.br\/es\/expositores-da-movelsul-mobiliam-apartamento-modelo\/"},"author":{"name":"Imprensa Sindm\u00f3veis","@id":"https:\/\/www.sindmoveis.com.br\/es\/#\/schema\/person\/16d379542db1950a17fe188179340d57"},"headline":"Expositores da Movelsul amueblan apartamento modelo","datePublished":"2012-02-09T02:00:00+00:00","dateModified":"2021-05-26T13:31:44+00:00","mainEntityOfPage":{"@id":"https:\/\/www.sindmoveis.com.br\/es\/expositores-da-movelsul-mobiliam-apartamento-modelo\/"},"wordCount":302,"articleSection":["Movelsul","Sindm\u00f3veis"],"inLanguage":"es"},{"@type":"WebPage","@id":"https:\/\/www.sindmoveis.com.br\/es\/expositores-da-movelsul-mobiliam-apartamento-modelo\/","url":"https:\/\/www.sindmoveis.com.br\/es\/expositores-da-movelsul-mobiliam-apartamento-modelo\/","name":"Expositores da Movelsul amueblan apartamento modelo - Sindm\u00f3veis-RS","isPartOf":{"@id":"https:\/\/www.sindmoveis.com.br\/es\/#website"},"datePublished":"2012-02-09T02:00:00+00:00","dateModified":"2021-05-26T13:31:44+00:00","author":{"@id":"https:\/\/www.sindmoveis.com.br\/es\/#\/schema\/person\/16d379542db1950a17fe188179340d57"},"inLanguage":"es","potentialAction":[{"@type":"ReadAction","target":["https:\/\/www.sindmoveis.com.br\/es\/expositores-da-movelsul-mobiliam-apartamento-modelo\/"]}]},{"@type":"WebSite","@id":"https:\/\/www.sindmoveis.com.br\/es\/#website","url":"https:\/\/www.sindmoveis.com.br\/es\/","name":"Sindm\u00f3veis-RS","description":"","potentialAction":[{"@type":"SearchAction","target":{"@type":"EntryPoint","urlTemplate":"https:\/\/www.sindmoveis.com.br\/es\/?s={search_term_string}"},"query-input":{"@type":"PropertyValueSpecification","valueRequired":true,"valueName":"search_term_string"}}],"inLanguage":"es"},{"@type":"Person","@id":"https:\/\/www.sindmoveis.com.br\/es\/#\/schema\/person\/16d379542db1950a17fe188179340d57","name":"Imprensa Sindm\u00f3veis","image":{"@type":"ImageObject","inLanguage":"es","@id":"https:\/\/www.sindmoveis.com.br\/es\/#\/schema\/person\/image\/","url":"https:\/\/secure.gravatar.com\/avatar\/4973e2e2c2a0cb5db30b0c7b770041b8e33d048a16b695a1f99c042449d4bfaf?s=96&d=mm&r=g","contentUrl":"https:\/\/secure.gravatar.com\/avatar\/4973e2e2c2a0cb5db30b0c7b770041b8e33d048a16b695a1f99c042449d4bfaf?s=96&d=mm&r=g","caption":"Imprensa Sindm\u00f3veis"},"url":"https:\/\/www.sindmoveis.com.br\/es\/author\/ana\/"}]}},"_links":{"self":[{"href":"https:\/\/www.sindmoveis.com.br\/es\/wp-json\/wp\/v2\/posts\/864","targetHints":{"allow":["GET"]}}],"collection":[{"href":"https:\/\/www.sindmoveis.com.br\/es\/wp-json\/wp\/v2\/posts"}],"about":[{"href":"https:\/\/www.sindmoveis.com.br\/es\/wp-json\/wp\/v2\/types\/post"}],"author":[{"embeddable":true,"href":"https:\/\/www.sindmoveis.com.br\/es\/wp-json\/wp\/v2\/users\/5"}],"replies":[{"embeddable":true,"href":"https:\/\/www.sindmoveis.com.br\/es\/wp-json\/wp\/v2\/comments?post=864"}],"version-history":[{"count":2,"href":"https:\/\/www.sindmoveis.com.br\/es\/wp-json\/wp\/v2\/posts\/864\/revisions"}],"predecessor-version":[{"id":3176,"href":"https:\/\/www.sindmoveis.com.br\/es\/wp-json\/wp\/v2\/posts\/864\/revisions\/3176"}],"wp:attachment":[{"href":"https:\/\/www.sindmoveis.com.br\/es\/wp-json\/wp\/v2\/media?parent=864"}],"wp:term":[{"taxonomy":"category","embeddable":true,"href":"https:\/\/www.sindmoveis.com.br\/es\/wp-json\/wp\/v2\/categories?post=864"},{"taxonomy":"post_tag","embeddable":true,"href":"https:\/\/www.sindmoveis.com.br\/es\/wp-json\/wp\/v2\/tags?post=864"}],"curies":[{"name":"wp","href":"https:\/\/api.w.org\/{rel}","templated":true}]}}