{"id":863,"date":"2012-02-08T00:00:00","date_gmt":"2012-02-08T02:00:00","guid":{"rendered":"http:\/\/sindmoveis.com.br\/imprensa\/noticias\/movelsul-brasil-presente-na-expo-mueble-guadalajara\/"},"modified":"2021-05-26T10:31:44","modified_gmt":"2021-05-26T13:31:44","slug":"movelsul-brasil-presente-na-expo-mueble-guadalajara","status":"publish","type":"post","link":"https:\/\/www.sindmoveis.com.br\/es\/movelsul-brasil-presente-na-expo-mueble-guadalajara\/","title":{"rendered":"Movelsul Brasil presente en  Expo Mueble Guadalajara Movelsul Brasil estar\u00e1 presente en la 31\u00aa edici\u00f3n de Expo Mueble Guadalajara, que ocurre de 15 a 18 de febrero en esta ciudad mexicana. Esta es la mayor feria de muebles de M\u00e9xico y se realiza dos veces"},"content":{"rendered":"<p>\u00a0<br \/>\nMovelsul Brasil estar\u00e1 presente en la 31\u00aa edici\u00f3n de Expo Mueble Guadalajara, que ocurre de 15 a 18 de febrero en esta ciudad mexicana. Esta es la mayor feria de muebles de M\u00e9xico y se realiza dos veces al a\u00f1o, contando con la participaci\u00f3n de Movelsul siempre en su edici\u00f3n de inverno. Esta feria recibe la presencia de personas ligadas al sector, tanto nacionales como extranjeras, en b\u00fasqueda de los lanzamientos para el a\u00f1o. Son m\u00e1s de 500 expositores en 52 mil metros cuadrados de \u00e1rea, con muestra de mobiliario para el hogar, jard\u00edn, oficina, art\u00edculos de iluminaci\u00f3n y objetos de decoraci\u00f3n.<br \/>\nLa importaci\u00f3n mexicana de muebles de madera, pl\u00e1stico, grifer\u00eda y otros materiales diversos, excluy\u00e9ndose asientos y colchones, fue de 390 millones de d\u00f3lares hasta septiembre de 2011. El crecimiento es de 17% en comparaci\u00f3n con el mismo periodo del a\u00f1o anterior. Brasil detiene aproximadamente 1% de ese mercado, habiendo exportado U$ 5,8 millones en 2010 y en 2011, solamente hasta septiembre, U$ 3,5 millones. Los mayores competidores de Brasil en ese mercado con los Estados Unidos y China, cuya participaci\u00f3n es superior a 70% en las importaciones mexicanas de muebles.<br \/>\nEl director Internacional de Movelsul Brasil, C\u00e9sar Boeira Nepomuceno, explica que el mercado mexicano es muy importante y tiene caracter\u00edsticas semejantes al brasile\u00f1o. Por ello, los muebles no necesitan de adaptaciones para su aceptaci\u00f3n en ese pa\u00eds en lo que se refiere al dise\u00f1o. \u201cUna de las pocas dificultades que tenemos es la necesidad de trabajar en asociaci\u00f3n con personas que sean del pa\u00eds para la comercializaci\u00f3n de los productos, pues la forma de negociar con los compradores y tambi\u00e9n la log\u00edstica son bien particulares\u201d, afirma.<br \/>\n\u00a0<\/p>\n","protected":false},"excerpt":{"rendered":"<p>\u00a0 Movelsul Brasil estar\u00e1 presente en la 31\u00aa edici\u00f3n de Expo Mueble Guadalajara, que ocurre de 15 a 18 de febrero en esta ciudad mexicana. Esta es la mayor feria&#8230;  <a class=\"excerpt-read-more\" href=\"https:\/\/www.sindmoveis.com.br\/es\/movelsul-brasil-presente-na-expo-mueble-guadalajara\/\" title=\"Read Movelsul Brasil presente en  Expo Mueble Guadalajara Movelsul Brasil estar\u00e1 presente en la 31\u00aa edici\u00f3n de Expo Mueble Guadalajara, que ocurre de 15 a 18 de febrero en esta ciudad mexicana. Esta es la mayor feria de muebles de M\u00e9xico y se realiza dos veces\">Leia mais &raquo;<\/a><\/p>\n","protected":false},"author":5,"featured_media":0,"comment_status":"closed","ping_status":"open","sticky":false,"template":"","format":"standard","meta":{"footnotes":"","_links_to":"","_links_to_target":""},"categories":[23,2],"tags":[],"class_list":["post-863","post","type-post","status-publish","format-standard","hentry","category-movelsul","category-sindmoveis"],"yoast_head":"<!-- This site is optimized with the Yoast SEO plugin v27.0 - https:\/\/yoast.com\/product\/yoast-seo-wordpress\/ -->\n<title>Movelsul Brasil presente en Expo Mueble Guadalajara Movelsul Brasil estar\u00e1 presente en la 31\u00aa edici\u00f3n de Expo Mueble Guadalajara, que ocurre de 15 a 18 de febrero en esta ciudad mexicana. Esta es la mayor feria de muebles de M\u00e9xico y se realiza dos veces - Sindm\u00f3veis-RS<\/title>\n<meta name=\"robots\" content=\"index, follow, max-snippet:-1, max-image-preview:large, max-video-preview:-1\" \/>\n<link rel=\"canonical\" href=\"https:\/\/www.sindmoveis.com.br\/es\/movelsul-brasil-presente-na-expo-mueble-guadalajara\/\" \/>\n<meta property=\"og:locale\" content=\"es_ES\" \/>\n<meta property=\"og:type\" content=\"article\" \/>\n<meta property=\"og:title\" content=\"Movelsul Brasil presente en Expo Mueble Guadalajara Movelsul Brasil estar\u00e1 presente en la 31\u00aa edici\u00f3n de Expo Mueble Guadalajara, que ocurre de 15 a 18 de febrero en esta ciudad mexicana. Esta es la mayor feria de muebles de M\u00e9xico y se realiza dos veces - Sindm\u00f3veis-RS\" \/>\n<meta property=\"og:description\" content=\"\u00a0 Movelsul Brasil estar\u00e1 presente en la 31\u00aa edici\u00f3n de Expo Mueble Guadalajara, que ocurre de 15 a 18 de febrero en esta ciudad mexicana. Esta es la mayor feria... Leia mais &raquo;\" \/>\n<meta property=\"og:url\" content=\"https:\/\/www.sindmoveis.com.br\/es\/movelsul-brasil-presente-na-expo-mueble-guadalajara\/\" \/>\n<meta property=\"og:site_name\" content=\"Sindm\u00f3veis-RS\" \/>\n<meta property=\"article:published_time\" content=\"2012-02-08T02:00:00+00:00\" \/>\n<meta property=\"article:modified_time\" content=\"2021-05-26T13:31:44+00:00\" \/>\n<meta name=\"author\" content=\"Imprensa Sindm\u00f3veis\" \/>\n<meta name=\"twitter:card\" content=\"summary_large_image\" \/>\n<meta name=\"twitter:label1\" content=\"Escrito por\" \/>\n\t<meta name=\"twitter:data1\" content=\"Imprensa Sindm\u00f3veis\" \/>\n\t<meta name=\"twitter:label2\" content=\"Tiempo de lectura\" \/>\n\t<meta name=\"twitter:data2\" content=\"1 minuto\" \/>\n<script type=\"application\/ld+json\" class=\"yoast-schema-graph\">{\"@context\":\"https:\/\/schema.org\",\"@graph\":[{\"@type\":\"Article\",\"@id\":\"https:\/\/www.sindmoveis.com.br\/es\/movelsul-brasil-presente-na-expo-mueble-guadalajara\/#article\",\"isPartOf\":{\"@id\":\"https:\/\/www.sindmoveis.com.br\/es\/movelsul-brasil-presente-na-expo-mueble-guadalajara\/\"},\"author\":{\"name\":\"Imprensa Sindm\u00f3veis\",\"@id\":\"https:\/\/www.sindmoveis.com.br\/es\/#\/schema\/person\/16d379542db1950a17fe188179340d57\"},\"headline\":\"Movelsul Brasil presente en Expo Mueble Guadalajara Movelsul Brasil estar\u00e1 presente en la 31\u00aa edici\u00f3n de Expo Mueble Guadalajara, que ocurre de 15 a 18 de febrero en esta ciudad mexicana. Esta es la mayor feria de muebles de M\u00e9xico y se realiza dos veces\",\"datePublished\":\"2012-02-08T02:00:00+00:00\",\"dateModified\":\"2021-05-26T13:31:44+00:00\",\"mainEntityOfPage\":{\"@id\":\"https:\/\/www.sindmoveis.com.br\/es\/movelsul-brasil-presente-na-expo-mueble-guadalajara\/\"},\"wordCount\":339,\"articleSection\":[\"Movelsul\",\"Sindm\u00f3veis\"],\"inLanguage\":\"es\"},{\"@type\":\"WebPage\",\"@id\":\"https:\/\/www.sindmoveis.com.br\/es\/movelsul-brasil-presente-na-expo-mueble-guadalajara\/\",\"url\":\"https:\/\/www.sindmoveis.com.br\/es\/movelsul-brasil-presente-na-expo-mueble-guadalajara\/\",\"name\":\"Movelsul Brasil presente en Expo Mueble Guadalajara Movelsul Brasil estar\u00e1 presente en la 31\u00aa edici\u00f3n de Expo Mueble Guadalajara, que ocurre de 15 a 18 de febrero en esta ciudad mexicana. Esta es la mayor feria de muebles de M\u00e9xico y se realiza dos veces - Sindm\u00f3veis-RS\",\"isPartOf\":{\"@id\":\"https:\/\/www.sindmoveis.com.br\/es\/#website\"},\"datePublished\":\"2012-02-08T02:00:00+00:00\",\"dateModified\":\"2021-05-26T13:31:44+00:00\",\"author\":{\"@id\":\"https:\/\/www.sindmoveis.com.br\/es\/#\/schema\/person\/16d379542db1950a17fe188179340d57\"},\"inLanguage\":\"es\",\"potentialAction\":[{\"@type\":\"ReadAction\",\"target\":[\"https:\/\/www.sindmoveis.com.br\/es\/movelsul-brasil-presente-na-expo-mueble-guadalajara\/\"]}]},{\"@type\":\"WebSite\",\"@id\":\"https:\/\/www.sindmoveis.com.br\/es\/#website\",\"url\":\"https:\/\/www.sindmoveis.com.br\/es\/\",\"name\":\"Sindm\u00f3veis-RS\",\"description\":\"\",\"potentialAction\":[{\"@type\":\"SearchAction\",\"target\":{\"@type\":\"EntryPoint\",\"urlTemplate\":\"https:\/\/www.sindmoveis.com.br\/es\/?s={search_term_string}\"},\"query-input\":{\"@type\":\"PropertyValueSpecification\",\"valueRequired\":true,\"valueName\":\"search_term_string\"}}],\"inLanguage\":\"es\"},{\"@type\":\"Person\",\"@id\":\"https:\/\/www.sindmoveis.com.br\/es\/#\/schema\/person\/16d379542db1950a17fe188179340d57\",\"name\":\"Imprensa Sindm\u00f3veis\",\"image\":{\"@type\":\"ImageObject\",\"inLanguage\":\"es\",\"@id\":\"https:\/\/www.sindmoveis.com.br\/es\/#\/schema\/person\/image\/\",\"url\":\"https:\/\/secure.gravatar.com\/avatar\/4973e2e2c2a0cb5db30b0c7b770041b8e33d048a16b695a1f99c042449d4bfaf?s=96&d=mm&r=g\",\"contentUrl\":\"https:\/\/secure.gravatar.com\/avatar\/4973e2e2c2a0cb5db30b0c7b770041b8e33d048a16b695a1f99c042449d4bfaf?s=96&d=mm&r=g\",\"caption\":\"Imprensa Sindm\u00f3veis\"},\"url\":\"https:\/\/www.sindmoveis.com.br\/es\/author\/ana\/\"}]}<\/script>\n<!-- \/ Yoast SEO plugin. -->","yoast_head_json":{"title":"Movelsul Brasil presente en Expo Mueble Guadalajara Movelsul Brasil estar\u00e1 presente en la 31\u00aa edici\u00f3n de Expo Mueble Guadalajara, que ocurre de 15 a 18 de febrero en esta ciudad mexicana. Esta es la mayor feria de muebles de M\u00e9xico y se realiza dos veces - Sindm\u00f3veis-RS","robots":{"index":"index","follow":"follow","max-snippet":"max-snippet:-1","max-image-preview":"max-image-preview:large","max-video-preview":"max-video-preview:-1"},"canonical":"https:\/\/www.sindmoveis.com.br\/es\/movelsul-brasil-presente-na-expo-mueble-guadalajara\/","og_locale":"es_ES","og_type":"article","og_title":"Movelsul Brasil presente en Expo Mueble Guadalajara Movelsul Brasil estar\u00e1 presente en la 31\u00aa edici\u00f3n de Expo Mueble Guadalajara, que ocurre de 15 a 18 de febrero en esta ciudad mexicana. Esta es la mayor feria de muebles de M\u00e9xico y se realiza dos veces - Sindm\u00f3veis-RS","og_description":"\u00a0 Movelsul Brasil estar\u00e1 presente en la 31\u00aa edici\u00f3n de Expo Mueble Guadalajara, que ocurre de 15 a 18 de febrero en esta ciudad mexicana. Esta es la mayor feria... Leia mais &raquo;","og_url":"https:\/\/www.sindmoveis.com.br\/es\/movelsul-brasil-presente-na-expo-mueble-guadalajara\/","og_site_name":"Sindm\u00f3veis-RS","article_published_time":"2012-02-08T02:00:00+00:00","article_modified_time":"2021-05-26T13:31:44+00:00","author":"Imprensa Sindm\u00f3veis","twitter_card":"summary_large_image","twitter_misc":{"Escrito por":"Imprensa Sindm\u00f3veis","Tiempo de lectura":"1 minuto"},"schema":{"@context":"https:\/\/schema.org","@graph":[{"@type":"Article","@id":"https:\/\/www.sindmoveis.com.br\/es\/movelsul-brasil-presente-na-expo-mueble-guadalajara\/#article","isPartOf":{"@id":"https:\/\/www.sindmoveis.com.br\/es\/movelsul-brasil-presente-na-expo-mueble-guadalajara\/"},"author":{"name":"Imprensa Sindm\u00f3veis","@id":"https:\/\/www.sindmoveis.com.br\/es\/#\/schema\/person\/16d379542db1950a17fe188179340d57"},"headline":"Movelsul Brasil presente en Expo Mueble Guadalajara Movelsul Brasil estar\u00e1 presente en la 31\u00aa edici\u00f3n de Expo Mueble Guadalajara, que ocurre de 15 a 18 de febrero en esta ciudad mexicana. Esta es la mayor feria de muebles de M\u00e9xico y se realiza dos veces","datePublished":"2012-02-08T02:00:00+00:00","dateModified":"2021-05-26T13:31:44+00:00","mainEntityOfPage":{"@id":"https:\/\/www.sindmoveis.com.br\/es\/movelsul-brasil-presente-na-expo-mueble-guadalajara\/"},"wordCount":339,"articleSection":["Movelsul","Sindm\u00f3veis"],"inLanguage":"es"},{"@type":"WebPage","@id":"https:\/\/www.sindmoveis.com.br\/es\/movelsul-brasil-presente-na-expo-mueble-guadalajara\/","url":"https:\/\/www.sindmoveis.com.br\/es\/movelsul-brasil-presente-na-expo-mueble-guadalajara\/","name":"Movelsul Brasil presente en Expo Mueble Guadalajara Movelsul Brasil estar\u00e1 presente en la 31\u00aa edici\u00f3n de Expo Mueble Guadalajara, que ocurre de 15 a 18 de febrero en esta ciudad mexicana. Esta es la mayor feria de muebles de M\u00e9xico y se realiza dos veces - Sindm\u00f3veis-RS","isPartOf":{"@id":"https:\/\/www.sindmoveis.com.br\/es\/#website"},"datePublished":"2012-02-08T02:00:00+00:00","dateModified":"2021-05-26T13:31:44+00:00","author":{"@id":"https:\/\/www.sindmoveis.com.br\/es\/#\/schema\/person\/16d379542db1950a17fe188179340d57"},"inLanguage":"es","potentialAction":[{"@type":"ReadAction","target":["https:\/\/www.sindmoveis.com.br\/es\/movelsul-brasil-presente-na-expo-mueble-guadalajara\/"]}]},{"@type":"WebSite","@id":"https:\/\/www.sindmoveis.com.br\/es\/#website","url":"https:\/\/www.sindmoveis.com.br\/es\/","name":"Sindm\u00f3veis-RS","description":"","potentialAction":[{"@type":"SearchAction","target":{"@type":"EntryPoint","urlTemplate":"https:\/\/www.sindmoveis.com.br\/es\/?s={search_term_string}"},"query-input":{"@type":"PropertyValueSpecification","valueRequired":true,"valueName":"search_term_string"}}],"inLanguage":"es"},{"@type":"Person","@id":"https:\/\/www.sindmoveis.com.br\/es\/#\/schema\/person\/16d379542db1950a17fe188179340d57","name":"Imprensa Sindm\u00f3veis","image":{"@type":"ImageObject","inLanguage":"es","@id":"https:\/\/www.sindmoveis.com.br\/es\/#\/schema\/person\/image\/","url":"https:\/\/secure.gravatar.com\/avatar\/4973e2e2c2a0cb5db30b0c7b770041b8e33d048a16b695a1f99c042449d4bfaf?s=96&d=mm&r=g","contentUrl":"https:\/\/secure.gravatar.com\/avatar\/4973e2e2c2a0cb5db30b0c7b770041b8e33d048a16b695a1f99c042449d4bfaf?s=96&d=mm&r=g","caption":"Imprensa Sindm\u00f3veis"},"url":"https:\/\/www.sindmoveis.com.br\/es\/author\/ana\/"}]}},"_links":{"self":[{"href":"https:\/\/www.sindmoveis.com.br\/es\/wp-json\/wp\/v2\/posts\/863","targetHints":{"allow":["GET"]}}],"collection":[{"href":"https:\/\/www.sindmoveis.com.br\/es\/wp-json\/wp\/v2\/posts"}],"about":[{"href":"https:\/\/www.sindmoveis.com.br\/es\/wp-json\/wp\/v2\/types\/post"}],"author":[{"embeddable":true,"href":"https:\/\/www.sindmoveis.com.br\/es\/wp-json\/wp\/v2\/users\/5"}],"replies":[{"embeddable":true,"href":"https:\/\/www.sindmoveis.com.br\/es\/wp-json\/wp\/v2\/comments?post=863"}],"version-history":[{"count":2,"href":"https:\/\/www.sindmoveis.com.br\/es\/wp-json\/wp\/v2\/posts\/863\/revisions"}],"predecessor-version":[{"id":3175,"href":"https:\/\/www.sindmoveis.com.br\/es\/wp-json\/wp\/v2\/posts\/863\/revisions\/3175"}],"wp:attachment":[{"href":"https:\/\/www.sindmoveis.com.br\/es\/wp-json\/wp\/v2\/media?parent=863"}],"wp:term":[{"taxonomy":"category","embeddable":true,"href":"https:\/\/www.sindmoveis.com.br\/es\/wp-json\/wp\/v2\/categories?post=863"},{"taxonomy":"post_tag","embeddable":true,"href":"https:\/\/www.sindmoveis.com.br\/es\/wp-json\/wp\/v2\/tags?post=863"}],"curies":[{"name":"wp","href":"https:\/\/api.w.org\/{rel}","templated":true}]}}