{"id":860,"date":"2012-01-27T00:00:00","date_gmt":"2012-01-27T02:00:00","guid":{"rendered":"http:\/\/sindmoveis.com.br\/imprensa\/noticias\/feira-do-movel-da-nova-classe-media-brasileira-e-divulgada-na-las-vegas-market\/"},"modified":"2021-05-26T10:24:56","modified_gmt":"2021-05-26T13:24:56","slug":"feira-do-movel-da-nova-classe-media-brasileira-e-divulgada-na-las-vegas-market","status":"publish","type":"post","link":"https:\/\/www.sindmoveis.com.br\/es\/feira-do-movel-da-nova-classe-media-brasileira-e-divulgada-na-las-vegas-market\/","title":{"rendered":"Feria del mueble de la nueva clase mediana brasile\u00f1a es promovida en la Las Vegas Market"},"content":{"rendered":"<p>Movelsul Brasil, la mayor feria de muebles de Am\u00e9rica Latina, sigue en suya intensa agenda de promoci\u00f3n en ferias internacionales. Despu\u00e9s de participar en IMM Cologne 2012, en Alemania, de 16 a 22 de enero, los representantes de Movelsul Brasil presentaran la feria para el p\u00fablico de Las Vegas Market, en los Estados Unidos. La edici\u00f3n de 2012 de Movelsul Brasil tiene como foco la nueva clase mediana brasile\u00f1a y ocurrir\u00e1 entre los d\u00edas 26 hasta 30 de marzo, en Bento Gon\u00e7alves, moviendo cerca de 330 millones en negocios.<br \/>\nLas Vegas Market ocurre dos veces al a\u00f1o y re\u00fane aproximadamente 1,5 mil expositores de 115 pa\u00edses. El evento, que acontece de 30 de enero hasta 3 de febrero, en el World Market Center Las Vegas, es palco para lanzamientos de tendencias y oportunidades, y acontece simult\u00e1neamente con las ferias Gift+Home y Vegas Kids.<\/p>\n","protected":false},"excerpt":{"rendered":"<p>Movelsul Brasil, la mayor feria de muebles de Am\u00e9rica Latina, sigue en suya intensa agenda de promoci\u00f3n en ferias internacionales. Despu\u00e9s de participar en IMM Cologne 2012, en Alemania, de&#8230;  <a class=\"excerpt-read-more\" href=\"https:\/\/www.sindmoveis.com.br\/es\/feira-do-movel-da-nova-classe-media-brasileira-e-divulgada-na-las-vegas-market\/\" title=\"Read Feria del mueble de la nueva clase mediana brasile\u00f1a es promovida en la Las Vegas Market\">Leia mais &raquo;<\/a><\/p>\n","protected":false},"author":5,"featured_media":0,"comment_status":"closed","ping_status":"open","sticky":false,"template":"","format":"standard","meta":{"footnotes":"","_links_to":"","_links_to_target":""},"categories":[2],"tags":[],"class_list":["post-860","post","type-post","status-publish","format-standard","hentry","category-sindmoveis"],"yoast_head":"<!-- This site is optimized with the Yoast SEO plugin v27.0 - https:\/\/yoast.com\/product\/yoast-seo-wordpress\/ -->\n<title>Feria del mueble de la nueva clase mediana brasile\u00f1a es promovida en la Las Vegas Market - Sindm\u00f3veis-RS<\/title>\n<meta name=\"robots\" content=\"index, follow, max-snippet:-1, max-image-preview:large, max-video-preview:-1\" \/>\n<link rel=\"canonical\" href=\"https:\/\/www.sindmoveis.com.br\/es\/feira-do-movel-da-nova-classe-media-brasileira-e-divulgada-na-las-vegas-market\/\" \/>\n<meta property=\"og:locale\" content=\"es_ES\" \/>\n<meta property=\"og:type\" content=\"article\" \/>\n<meta property=\"og:title\" content=\"Feria del mueble de la nueva clase mediana brasile\u00f1a es promovida en la Las Vegas Market - Sindm\u00f3veis-RS\" \/>\n<meta property=\"og:description\" content=\"Movelsul Brasil, la mayor feria de muebles de Am\u00e9rica Latina, sigue en suya intensa agenda de promoci\u00f3n en ferias internacionales. Despu\u00e9s de participar en IMM Cologne 2012, en Alemania, de... Leia mais &raquo;\" \/>\n<meta property=\"og:url\" content=\"https:\/\/www.sindmoveis.com.br\/es\/feira-do-movel-da-nova-classe-media-brasileira-e-divulgada-na-las-vegas-market\/\" \/>\n<meta property=\"og:site_name\" content=\"Sindm\u00f3veis-RS\" \/>\n<meta property=\"article:published_time\" content=\"2012-01-27T02:00:00+00:00\" \/>\n<meta property=\"article:modified_time\" content=\"2021-05-26T13:24:56+00:00\" \/>\n<meta name=\"author\" content=\"Imprensa Sindm\u00f3veis\" \/>\n<meta name=\"twitter:card\" content=\"summary_large_image\" \/>\n<meta name=\"twitter:label1\" content=\"Escrito por\" \/>\n\t<meta name=\"twitter:data1\" content=\"Imprensa Sindm\u00f3veis\" \/>\n\t<meta name=\"twitter:label2\" content=\"Tiempo de lectura\" \/>\n\t<meta name=\"twitter:data2\" content=\"1 minuto\" \/>\n<script type=\"application\/ld+json\" class=\"yoast-schema-graph\">{\"@context\":\"https:\/\/schema.org\",\"@graph\":[{\"@type\":\"Article\",\"@id\":\"https:\/\/www.sindmoveis.com.br\/es\/feira-do-movel-da-nova-classe-media-brasileira-e-divulgada-na-las-vegas-market\/#article\",\"isPartOf\":{\"@id\":\"https:\/\/www.sindmoveis.com.br\/es\/feira-do-movel-da-nova-classe-media-brasileira-e-divulgada-na-las-vegas-market\/\"},\"author\":{\"name\":\"Imprensa Sindm\u00f3veis\",\"@id\":\"https:\/\/www.sindmoveis.com.br\/es\/#\/schema\/person\/16d379542db1950a17fe188179340d57\"},\"headline\":\"Feria del mueble de la nueva clase mediana brasile\u00f1a es promovida en la Las Vegas Market\",\"datePublished\":\"2012-01-27T02:00:00+00:00\",\"dateModified\":\"2021-05-26T13:24:56+00:00\",\"mainEntityOfPage\":{\"@id\":\"https:\/\/www.sindmoveis.com.br\/es\/feira-do-movel-da-nova-classe-media-brasileira-e-divulgada-na-las-vegas-market\/\"},\"wordCount\":162,\"articleSection\":[\"Sindm\u00f3veis\"],\"inLanguage\":\"es\"},{\"@type\":\"WebPage\",\"@id\":\"https:\/\/www.sindmoveis.com.br\/es\/feira-do-movel-da-nova-classe-media-brasileira-e-divulgada-na-las-vegas-market\/\",\"url\":\"https:\/\/www.sindmoveis.com.br\/es\/feira-do-movel-da-nova-classe-media-brasileira-e-divulgada-na-las-vegas-market\/\",\"name\":\"Feria del mueble de la nueva clase mediana brasile\u00f1a es promovida en la Las Vegas Market - Sindm\u00f3veis-RS\",\"isPartOf\":{\"@id\":\"https:\/\/www.sindmoveis.com.br\/es\/#website\"},\"datePublished\":\"2012-01-27T02:00:00+00:00\",\"dateModified\":\"2021-05-26T13:24:56+00:00\",\"author\":{\"@id\":\"https:\/\/www.sindmoveis.com.br\/es\/#\/schema\/person\/16d379542db1950a17fe188179340d57\"},\"inLanguage\":\"es\",\"potentialAction\":[{\"@type\":\"ReadAction\",\"target\":[\"https:\/\/www.sindmoveis.com.br\/es\/feira-do-movel-da-nova-classe-media-brasileira-e-divulgada-na-las-vegas-market\/\"]}]},{\"@type\":\"WebSite\",\"@id\":\"https:\/\/www.sindmoveis.com.br\/es\/#website\",\"url\":\"https:\/\/www.sindmoveis.com.br\/es\/\",\"name\":\"Sindm\u00f3veis-RS\",\"description\":\"\",\"potentialAction\":[{\"@type\":\"SearchAction\",\"target\":{\"@type\":\"EntryPoint\",\"urlTemplate\":\"https:\/\/www.sindmoveis.com.br\/es\/?s={search_term_string}\"},\"query-input\":{\"@type\":\"PropertyValueSpecification\",\"valueRequired\":true,\"valueName\":\"search_term_string\"}}],\"inLanguage\":\"es\"},{\"@type\":\"Person\",\"@id\":\"https:\/\/www.sindmoveis.com.br\/es\/#\/schema\/person\/16d379542db1950a17fe188179340d57\",\"name\":\"Imprensa Sindm\u00f3veis\",\"image\":{\"@type\":\"ImageObject\",\"inLanguage\":\"es\",\"@id\":\"https:\/\/www.sindmoveis.com.br\/es\/#\/schema\/person\/image\/\",\"url\":\"https:\/\/secure.gravatar.com\/avatar\/4973e2e2c2a0cb5db30b0c7b770041b8e33d048a16b695a1f99c042449d4bfaf?s=96&d=mm&r=g\",\"contentUrl\":\"https:\/\/secure.gravatar.com\/avatar\/4973e2e2c2a0cb5db30b0c7b770041b8e33d048a16b695a1f99c042449d4bfaf?s=96&d=mm&r=g\",\"caption\":\"Imprensa Sindm\u00f3veis\"},\"url\":\"https:\/\/www.sindmoveis.com.br\/es\/author\/ana\/\"}]}<\/script>\n<!-- \/ Yoast SEO plugin. -->","yoast_head_json":{"title":"Feria del mueble de la nueva clase mediana brasile\u00f1a es promovida en la Las Vegas Market - Sindm\u00f3veis-RS","robots":{"index":"index","follow":"follow","max-snippet":"max-snippet:-1","max-image-preview":"max-image-preview:large","max-video-preview":"max-video-preview:-1"},"canonical":"https:\/\/www.sindmoveis.com.br\/es\/feira-do-movel-da-nova-classe-media-brasileira-e-divulgada-na-las-vegas-market\/","og_locale":"es_ES","og_type":"article","og_title":"Feria del mueble de la nueva clase mediana brasile\u00f1a es promovida en la Las Vegas Market - Sindm\u00f3veis-RS","og_description":"Movelsul Brasil, la mayor feria de muebles de Am\u00e9rica Latina, sigue en suya intensa agenda de promoci\u00f3n en ferias internacionales. Despu\u00e9s de participar en IMM Cologne 2012, en Alemania, de... Leia mais &raquo;","og_url":"https:\/\/www.sindmoveis.com.br\/es\/feira-do-movel-da-nova-classe-media-brasileira-e-divulgada-na-las-vegas-market\/","og_site_name":"Sindm\u00f3veis-RS","article_published_time":"2012-01-27T02:00:00+00:00","article_modified_time":"2021-05-26T13:24:56+00:00","author":"Imprensa Sindm\u00f3veis","twitter_card":"summary_large_image","twitter_misc":{"Escrito por":"Imprensa Sindm\u00f3veis","Tiempo de lectura":"1 minuto"},"schema":{"@context":"https:\/\/schema.org","@graph":[{"@type":"Article","@id":"https:\/\/www.sindmoveis.com.br\/es\/feira-do-movel-da-nova-classe-media-brasileira-e-divulgada-na-las-vegas-market\/#article","isPartOf":{"@id":"https:\/\/www.sindmoveis.com.br\/es\/feira-do-movel-da-nova-classe-media-brasileira-e-divulgada-na-las-vegas-market\/"},"author":{"name":"Imprensa Sindm\u00f3veis","@id":"https:\/\/www.sindmoveis.com.br\/es\/#\/schema\/person\/16d379542db1950a17fe188179340d57"},"headline":"Feria del mueble de la nueva clase mediana brasile\u00f1a es promovida en la Las Vegas Market","datePublished":"2012-01-27T02:00:00+00:00","dateModified":"2021-05-26T13:24:56+00:00","mainEntityOfPage":{"@id":"https:\/\/www.sindmoveis.com.br\/es\/feira-do-movel-da-nova-classe-media-brasileira-e-divulgada-na-las-vegas-market\/"},"wordCount":162,"articleSection":["Sindm\u00f3veis"],"inLanguage":"es"},{"@type":"WebPage","@id":"https:\/\/www.sindmoveis.com.br\/es\/feira-do-movel-da-nova-classe-media-brasileira-e-divulgada-na-las-vegas-market\/","url":"https:\/\/www.sindmoveis.com.br\/es\/feira-do-movel-da-nova-classe-media-brasileira-e-divulgada-na-las-vegas-market\/","name":"Feria del mueble de la nueva clase mediana brasile\u00f1a es promovida en la Las Vegas Market - Sindm\u00f3veis-RS","isPartOf":{"@id":"https:\/\/www.sindmoveis.com.br\/es\/#website"},"datePublished":"2012-01-27T02:00:00+00:00","dateModified":"2021-05-26T13:24:56+00:00","author":{"@id":"https:\/\/www.sindmoveis.com.br\/es\/#\/schema\/person\/16d379542db1950a17fe188179340d57"},"inLanguage":"es","potentialAction":[{"@type":"ReadAction","target":["https:\/\/www.sindmoveis.com.br\/es\/feira-do-movel-da-nova-classe-media-brasileira-e-divulgada-na-las-vegas-market\/"]}]},{"@type":"WebSite","@id":"https:\/\/www.sindmoveis.com.br\/es\/#website","url":"https:\/\/www.sindmoveis.com.br\/es\/","name":"Sindm\u00f3veis-RS","description":"","potentialAction":[{"@type":"SearchAction","target":{"@type":"EntryPoint","urlTemplate":"https:\/\/www.sindmoveis.com.br\/es\/?s={search_term_string}"},"query-input":{"@type":"PropertyValueSpecification","valueRequired":true,"valueName":"search_term_string"}}],"inLanguage":"es"},{"@type":"Person","@id":"https:\/\/www.sindmoveis.com.br\/es\/#\/schema\/person\/16d379542db1950a17fe188179340d57","name":"Imprensa Sindm\u00f3veis","image":{"@type":"ImageObject","inLanguage":"es","@id":"https:\/\/www.sindmoveis.com.br\/es\/#\/schema\/person\/image\/","url":"https:\/\/secure.gravatar.com\/avatar\/4973e2e2c2a0cb5db30b0c7b770041b8e33d048a16b695a1f99c042449d4bfaf?s=96&d=mm&r=g","contentUrl":"https:\/\/secure.gravatar.com\/avatar\/4973e2e2c2a0cb5db30b0c7b770041b8e33d048a16b695a1f99c042449d4bfaf?s=96&d=mm&r=g","caption":"Imprensa Sindm\u00f3veis"},"url":"https:\/\/www.sindmoveis.com.br\/es\/author\/ana\/"}]}},"_links":{"self":[{"href":"https:\/\/www.sindmoveis.com.br\/es\/wp-json\/wp\/v2\/posts\/860","targetHints":{"allow":["GET"]}}],"collection":[{"href":"https:\/\/www.sindmoveis.com.br\/es\/wp-json\/wp\/v2\/posts"}],"about":[{"href":"https:\/\/www.sindmoveis.com.br\/es\/wp-json\/wp\/v2\/types\/post"}],"author":[{"embeddable":true,"href":"https:\/\/www.sindmoveis.com.br\/es\/wp-json\/wp\/v2\/users\/5"}],"replies":[{"embeddable":true,"href":"https:\/\/www.sindmoveis.com.br\/es\/wp-json\/wp\/v2\/comments?post=860"}],"version-history":[{"count":2,"href":"https:\/\/www.sindmoveis.com.br\/es\/wp-json\/wp\/v2\/posts\/860\/revisions"}],"predecessor-version":[{"id":3173,"href":"https:\/\/www.sindmoveis.com.br\/es\/wp-json\/wp\/v2\/posts\/860\/revisions\/3173"}],"wp:attachment":[{"href":"https:\/\/www.sindmoveis.com.br\/es\/wp-json\/wp\/v2\/media?parent=860"}],"wp:term":[{"taxonomy":"category","embeddable":true,"href":"https:\/\/www.sindmoveis.com.br\/es\/wp-json\/wp\/v2\/categories?post=860"},{"taxonomy":"post_tag","embeddable":true,"href":"https:\/\/www.sindmoveis.com.br\/es\/wp-json\/wp\/v2\/tags?post=860"}],"curies":[{"name":"wp","href":"https:\/\/api.w.org\/{rel}","templated":true}]}}