{"id":859,"date":"2012-01-25T00:00:00","date_gmt":"2012-01-25T02:00:00","guid":{"rendered":"http:\/\/sindmoveis.com.br\/imprensa\/noticias\/lounges-do-sao-paulo-fashion-week-dao-nova-previa-do-talento-de-designers-da-casa-brasil\/"},"modified":"2021-05-26T10:24:56","modified_gmt":"2021-05-26T13:24:56","slug":"lounges-do-sao-paulo-fashion-week-dao-nova-previa-do-talento-de-designers-da-casa-brasil","status":"publish","type":"post","link":"https:\/\/www.sindmoveis.com.br\/es\/lounges-do-sao-paulo-fashion-week-dao-nova-previa-do-talento-de-designers-da-casa-brasil\/","title":{"rendered":"Lounges de la Semana de Moda de S\u00e3o Paulo &#8211; S\u00e3o Paulo Fashion Week dan muestra previa del talento de los dise\u00f1adores de Casa Brasil"},"content":{"rendered":"<p>\u00a0<br \/>\nMuebles de importantes dise\u00f1adores ambientar\u00e1n el lounge de la Asociaci\u00f3n Brasile\u00f1a de las Industrias Textiles \u00a0&#8211; ABIT, y de la Asociaci\u00f3n Brasile\u00f1a de Estilistas \u2013 ABEST, a partir del d\u00eda 19 de este mes, en la Semana de Moda de S\u00e3o Paulo \u2013 S\u00e3o Paulo Fashion Week. Es algo m\u00e1s que un ambiente de descanso. Es una nueva uni\u00f3n entre la m\u00e1s importante semana de moda del pa\u00eds con Casa Brasil, mayor evento del dise\u00f1o de mobiliario de Brasil. Esta asociaci\u00f3n que inici\u00f3 en 2011, presenta m\u00e1s una selecci\u00f3n de nombres importantes de nuestro mobiliario \u2013 Ilse Lang, Eulalia Anselmo, Flavia Pagotti, Alexsandro Lohn, Rodrigo y Reni Delazzeri, Juliano Bettim, Amelia Tarozzo, Carlos Motta y Mila Rodrigues.El \u00e9xito de esta asociaci\u00f3n un a\u00f1o atr\u00e1s, dio como resultado esta nueva invitaci\u00f3n de la Agencia Brasile\u00f1a de Promoci\u00f3n de Exportaciones e Inversiones (Apex) al Sindicato de las Industrias del Mobiliario de Bento Gon\u00e7alves (Sindm\u00f3veis), que busca con estos trabajos oportunidades de negocios, al unir dos frentes creativos.Las piezas \u2013 entre ellas sof\u00e1s, butacas y mesas auxiliares, son un preview de las tecnolog\u00edas en constante expansi\u00f3n de la regi\u00f3n de Bento Gon\u00e7alves y de expositores de la feria, que tendr\u00e1 su nueva edici\u00f3n en 2013. Materiales como cuerda, aluminio y trama de fibra natural son combinados a propuestas con madera, en esta pasarela funcional para los invitados de ABIT y ABEST.<br \/>\n\u00a0<\/p>\n","protected":false},"excerpt":{"rendered":"<p>\u00a0 Muebles de importantes dise\u00f1adores ambientar\u00e1n el lounge de la Asociaci\u00f3n Brasile\u00f1a de las Industrias Textiles \u00a0&#8211; ABIT, y de la Asociaci\u00f3n Brasile\u00f1a de Estilistas \u2013 ABEST, a partir del&#8230;  <a class=\"excerpt-read-more\" href=\"https:\/\/www.sindmoveis.com.br\/es\/lounges-do-sao-paulo-fashion-week-dao-nova-previa-do-talento-de-designers-da-casa-brasil\/\" title=\"Read Lounges de la Semana de Moda de S\u00e3o Paulo &#8211; S\u00e3o Paulo Fashion Week dan muestra previa del talento de los dise\u00f1adores de Casa Brasil\">Leia mais &raquo;<\/a><\/p>\n","protected":false},"author":5,"featured_media":0,"comment_status":"closed","ping_status":"open","sticky":false,"template":"","format":"standard","meta":{"footnotes":"","_links_to":"","_links_to_target":""},"categories":[2],"tags":[],"class_list":["post-859","post","type-post","status-publish","format-standard","hentry","category-sindmoveis"],"yoast_head":"<!-- This site is optimized with the Yoast SEO plugin v27.0 - https:\/\/yoast.com\/product\/yoast-seo-wordpress\/ -->\n<title>Lounges de la Semana de Moda de S\u00e3o Paulo - S\u00e3o Paulo Fashion Week dan muestra previa del talento de los dise\u00f1adores de Casa Brasil - Sindm\u00f3veis-RS<\/title>\n<meta name=\"robots\" content=\"index, follow, max-snippet:-1, max-image-preview:large, max-video-preview:-1\" \/>\n<link rel=\"canonical\" href=\"https:\/\/www.sindmoveis.com.br\/es\/lounges-do-sao-paulo-fashion-week-dao-nova-previa-do-talento-de-designers-da-casa-brasil\/\" \/>\n<meta property=\"og:locale\" content=\"es_ES\" \/>\n<meta property=\"og:type\" content=\"article\" \/>\n<meta property=\"og:title\" content=\"Lounges de la Semana de Moda de S\u00e3o Paulo - S\u00e3o Paulo Fashion Week dan muestra previa del talento de los dise\u00f1adores de Casa Brasil - Sindm\u00f3veis-RS\" \/>\n<meta property=\"og:description\" content=\"\u00a0 Muebles de importantes dise\u00f1adores ambientar\u00e1n el lounge de la Asociaci\u00f3n Brasile\u00f1a de las Industrias Textiles \u00a0&#8211; ABIT, y de la Asociaci\u00f3n Brasile\u00f1a de Estilistas \u2013 ABEST, a partir del... Leia mais &raquo;\" \/>\n<meta property=\"og:url\" content=\"https:\/\/www.sindmoveis.com.br\/es\/lounges-do-sao-paulo-fashion-week-dao-nova-previa-do-talento-de-designers-da-casa-brasil\/\" \/>\n<meta property=\"og:site_name\" content=\"Sindm\u00f3veis-RS\" \/>\n<meta property=\"article:published_time\" content=\"2012-01-25T02:00:00+00:00\" \/>\n<meta property=\"article:modified_time\" content=\"2021-05-26T13:24:56+00:00\" \/>\n<meta name=\"author\" content=\"Imprensa Sindm\u00f3veis\" \/>\n<meta name=\"twitter:card\" content=\"summary_large_image\" \/>\n<meta name=\"twitter:label1\" content=\"Escrito por\" \/>\n\t<meta name=\"twitter:data1\" content=\"Imprensa Sindm\u00f3veis\" \/>\n\t<meta name=\"twitter:label2\" content=\"Tiempo de lectura\" \/>\n\t<meta name=\"twitter:data2\" content=\"1 minuto\" \/>\n<script type=\"application\/ld+json\" class=\"yoast-schema-graph\">{\"@context\":\"https:\/\/schema.org\",\"@graph\":[{\"@type\":\"Article\",\"@id\":\"https:\/\/www.sindmoveis.com.br\/es\/lounges-do-sao-paulo-fashion-week-dao-nova-previa-do-talento-de-designers-da-casa-brasil\/#article\",\"isPartOf\":{\"@id\":\"https:\/\/www.sindmoveis.com.br\/es\/lounges-do-sao-paulo-fashion-week-dao-nova-previa-do-talento-de-designers-da-casa-brasil\/\"},\"author\":{\"name\":\"Imprensa Sindm\u00f3veis\",\"@id\":\"https:\/\/www.sindmoveis.com.br\/es\/#\/schema\/person\/16d379542db1950a17fe188179340d57\"},\"headline\":\"Lounges de la Semana de Moda de S\u00e3o Paulo &#8211; S\u00e3o Paulo Fashion Week dan muestra previa del talento de los dise\u00f1adores de Casa Brasil\",\"datePublished\":\"2012-01-25T02:00:00+00:00\",\"dateModified\":\"2021-05-26T13:24:56+00:00\",\"mainEntityOfPage\":{\"@id\":\"https:\/\/www.sindmoveis.com.br\/es\/lounges-do-sao-paulo-fashion-week-dao-nova-previa-do-talento-de-designers-da-casa-brasil\/\"},\"wordCount\":282,\"articleSection\":[\"Sindm\u00f3veis\"],\"inLanguage\":\"es\"},{\"@type\":\"WebPage\",\"@id\":\"https:\/\/www.sindmoveis.com.br\/es\/lounges-do-sao-paulo-fashion-week-dao-nova-previa-do-talento-de-designers-da-casa-brasil\/\",\"url\":\"https:\/\/www.sindmoveis.com.br\/es\/lounges-do-sao-paulo-fashion-week-dao-nova-previa-do-talento-de-designers-da-casa-brasil\/\",\"name\":\"Lounges de la Semana de Moda de S\u00e3o Paulo - S\u00e3o Paulo Fashion Week dan muestra previa del talento de los dise\u00f1adores de Casa Brasil - Sindm\u00f3veis-RS\",\"isPartOf\":{\"@id\":\"https:\/\/www.sindmoveis.com.br\/es\/#website\"},\"datePublished\":\"2012-01-25T02:00:00+00:00\",\"dateModified\":\"2021-05-26T13:24:56+00:00\",\"author\":{\"@id\":\"https:\/\/www.sindmoveis.com.br\/es\/#\/schema\/person\/16d379542db1950a17fe188179340d57\"},\"inLanguage\":\"es\",\"potentialAction\":[{\"@type\":\"ReadAction\",\"target\":[\"https:\/\/www.sindmoveis.com.br\/es\/lounges-do-sao-paulo-fashion-week-dao-nova-previa-do-talento-de-designers-da-casa-brasil\/\"]}]},{\"@type\":\"WebSite\",\"@id\":\"https:\/\/www.sindmoveis.com.br\/es\/#website\",\"url\":\"https:\/\/www.sindmoveis.com.br\/es\/\",\"name\":\"Sindm\u00f3veis-RS\",\"description\":\"\",\"potentialAction\":[{\"@type\":\"SearchAction\",\"target\":{\"@type\":\"EntryPoint\",\"urlTemplate\":\"https:\/\/www.sindmoveis.com.br\/es\/?s={search_term_string}\"},\"query-input\":{\"@type\":\"PropertyValueSpecification\",\"valueRequired\":true,\"valueName\":\"search_term_string\"}}],\"inLanguage\":\"es\"},{\"@type\":\"Person\",\"@id\":\"https:\/\/www.sindmoveis.com.br\/es\/#\/schema\/person\/16d379542db1950a17fe188179340d57\",\"name\":\"Imprensa Sindm\u00f3veis\",\"image\":{\"@type\":\"ImageObject\",\"inLanguage\":\"es\",\"@id\":\"https:\/\/www.sindmoveis.com.br\/es\/#\/schema\/person\/image\/\",\"url\":\"https:\/\/secure.gravatar.com\/avatar\/4973e2e2c2a0cb5db30b0c7b770041b8e33d048a16b695a1f99c042449d4bfaf?s=96&d=mm&r=g\",\"contentUrl\":\"https:\/\/secure.gravatar.com\/avatar\/4973e2e2c2a0cb5db30b0c7b770041b8e33d048a16b695a1f99c042449d4bfaf?s=96&d=mm&r=g\",\"caption\":\"Imprensa Sindm\u00f3veis\"},\"url\":\"https:\/\/www.sindmoveis.com.br\/es\/author\/ana\/\"}]}<\/script>\n<!-- \/ Yoast SEO plugin. -->","yoast_head_json":{"title":"Lounges de la Semana de Moda de S\u00e3o Paulo - S\u00e3o Paulo Fashion Week dan muestra previa del talento de los dise\u00f1adores de Casa Brasil - Sindm\u00f3veis-RS","robots":{"index":"index","follow":"follow","max-snippet":"max-snippet:-1","max-image-preview":"max-image-preview:large","max-video-preview":"max-video-preview:-1"},"canonical":"https:\/\/www.sindmoveis.com.br\/es\/lounges-do-sao-paulo-fashion-week-dao-nova-previa-do-talento-de-designers-da-casa-brasil\/","og_locale":"es_ES","og_type":"article","og_title":"Lounges de la Semana de Moda de S\u00e3o Paulo - S\u00e3o Paulo Fashion Week dan muestra previa del talento de los dise\u00f1adores de Casa Brasil - Sindm\u00f3veis-RS","og_description":"\u00a0 Muebles de importantes dise\u00f1adores ambientar\u00e1n el lounge de la Asociaci\u00f3n Brasile\u00f1a de las Industrias Textiles \u00a0&#8211; ABIT, y de la Asociaci\u00f3n Brasile\u00f1a de Estilistas \u2013 ABEST, a partir del... Leia mais &raquo;","og_url":"https:\/\/www.sindmoveis.com.br\/es\/lounges-do-sao-paulo-fashion-week-dao-nova-previa-do-talento-de-designers-da-casa-brasil\/","og_site_name":"Sindm\u00f3veis-RS","article_published_time":"2012-01-25T02:00:00+00:00","article_modified_time":"2021-05-26T13:24:56+00:00","author":"Imprensa Sindm\u00f3veis","twitter_card":"summary_large_image","twitter_misc":{"Escrito por":"Imprensa Sindm\u00f3veis","Tiempo de lectura":"1 minuto"},"schema":{"@context":"https:\/\/schema.org","@graph":[{"@type":"Article","@id":"https:\/\/www.sindmoveis.com.br\/es\/lounges-do-sao-paulo-fashion-week-dao-nova-previa-do-talento-de-designers-da-casa-brasil\/#article","isPartOf":{"@id":"https:\/\/www.sindmoveis.com.br\/es\/lounges-do-sao-paulo-fashion-week-dao-nova-previa-do-talento-de-designers-da-casa-brasil\/"},"author":{"name":"Imprensa Sindm\u00f3veis","@id":"https:\/\/www.sindmoveis.com.br\/es\/#\/schema\/person\/16d379542db1950a17fe188179340d57"},"headline":"Lounges de la Semana de Moda de S\u00e3o Paulo &#8211; S\u00e3o Paulo Fashion Week dan muestra previa del talento de los dise\u00f1adores de Casa Brasil","datePublished":"2012-01-25T02:00:00+00:00","dateModified":"2021-05-26T13:24:56+00:00","mainEntityOfPage":{"@id":"https:\/\/www.sindmoveis.com.br\/es\/lounges-do-sao-paulo-fashion-week-dao-nova-previa-do-talento-de-designers-da-casa-brasil\/"},"wordCount":282,"articleSection":["Sindm\u00f3veis"],"inLanguage":"es"},{"@type":"WebPage","@id":"https:\/\/www.sindmoveis.com.br\/es\/lounges-do-sao-paulo-fashion-week-dao-nova-previa-do-talento-de-designers-da-casa-brasil\/","url":"https:\/\/www.sindmoveis.com.br\/es\/lounges-do-sao-paulo-fashion-week-dao-nova-previa-do-talento-de-designers-da-casa-brasil\/","name":"Lounges de la Semana de Moda de S\u00e3o Paulo - S\u00e3o Paulo Fashion Week dan muestra previa del talento de los dise\u00f1adores de Casa Brasil - Sindm\u00f3veis-RS","isPartOf":{"@id":"https:\/\/www.sindmoveis.com.br\/es\/#website"},"datePublished":"2012-01-25T02:00:00+00:00","dateModified":"2021-05-26T13:24:56+00:00","author":{"@id":"https:\/\/www.sindmoveis.com.br\/es\/#\/schema\/person\/16d379542db1950a17fe188179340d57"},"inLanguage":"es","potentialAction":[{"@type":"ReadAction","target":["https:\/\/www.sindmoveis.com.br\/es\/lounges-do-sao-paulo-fashion-week-dao-nova-previa-do-talento-de-designers-da-casa-brasil\/"]}]},{"@type":"WebSite","@id":"https:\/\/www.sindmoveis.com.br\/es\/#website","url":"https:\/\/www.sindmoveis.com.br\/es\/","name":"Sindm\u00f3veis-RS","description":"","potentialAction":[{"@type":"SearchAction","target":{"@type":"EntryPoint","urlTemplate":"https:\/\/www.sindmoveis.com.br\/es\/?s={search_term_string}"},"query-input":{"@type":"PropertyValueSpecification","valueRequired":true,"valueName":"search_term_string"}}],"inLanguage":"es"},{"@type":"Person","@id":"https:\/\/www.sindmoveis.com.br\/es\/#\/schema\/person\/16d379542db1950a17fe188179340d57","name":"Imprensa Sindm\u00f3veis","image":{"@type":"ImageObject","inLanguage":"es","@id":"https:\/\/www.sindmoveis.com.br\/es\/#\/schema\/person\/image\/","url":"https:\/\/secure.gravatar.com\/avatar\/4973e2e2c2a0cb5db30b0c7b770041b8e33d048a16b695a1f99c042449d4bfaf?s=96&d=mm&r=g","contentUrl":"https:\/\/secure.gravatar.com\/avatar\/4973e2e2c2a0cb5db30b0c7b770041b8e33d048a16b695a1f99c042449d4bfaf?s=96&d=mm&r=g","caption":"Imprensa Sindm\u00f3veis"},"url":"https:\/\/www.sindmoveis.com.br\/es\/author\/ana\/"}]}},"_links":{"self":[{"href":"https:\/\/www.sindmoveis.com.br\/es\/wp-json\/wp\/v2\/posts\/859","targetHints":{"allow":["GET"]}}],"collection":[{"href":"https:\/\/www.sindmoveis.com.br\/es\/wp-json\/wp\/v2\/posts"}],"about":[{"href":"https:\/\/www.sindmoveis.com.br\/es\/wp-json\/wp\/v2\/types\/post"}],"author":[{"embeddable":true,"href":"https:\/\/www.sindmoveis.com.br\/es\/wp-json\/wp\/v2\/users\/5"}],"replies":[{"embeddable":true,"href":"https:\/\/www.sindmoveis.com.br\/es\/wp-json\/wp\/v2\/comments?post=859"}],"version-history":[{"count":2,"href":"https:\/\/www.sindmoveis.com.br\/es\/wp-json\/wp\/v2\/posts\/859\/revisions"}],"predecessor-version":[{"id":3172,"href":"https:\/\/www.sindmoveis.com.br\/es\/wp-json\/wp\/v2\/posts\/859\/revisions\/3172"}],"wp:attachment":[{"href":"https:\/\/www.sindmoveis.com.br\/es\/wp-json\/wp\/v2\/media?parent=859"}],"wp:term":[{"taxonomy":"category","embeddable":true,"href":"https:\/\/www.sindmoveis.com.br\/es\/wp-json\/wp\/v2\/categories?post=859"},{"taxonomy":"post_tag","embeddable":true,"href":"https:\/\/www.sindmoveis.com.br\/es\/wp-json\/wp\/v2\/tags?post=859"}],"curies":[{"name":"wp","href":"https:\/\/api.w.org\/{rel}","templated":true}]}}