{"id":857,"date":"2012-01-20T00:00:00","date_gmt":"2012-01-20T02:00:00","guid":{"rendered":"http:\/\/sindmoveis.com.br\/imprensa\/noticias\/moveis-da-casa-brasil-ambientam-lounges-no-fashion-rio\/"},"modified":"2021-05-26T10:24:56","modified_gmt":"2021-05-26T13:24:56","slug":"moveis-da-casa-brasil-ambientam-lounges-no-fashion-rio","status":"publish","type":"post","link":"https:\/\/www.sindmoveis.com.br\/es\/moveis-da-casa-brasil-ambientam-lounges-no-fashion-rio\/","title":{"rendered":"Muebles de Casa Brasil ambientan  lounges de Fashion R\u00edo"},"content":{"rendered":"<p>Casa Brasil, mayor evento del dise\u00f1o de mobiliario en Brasil, estuvo presente en la Semana de Moda de R\u00edo de Janeiro \u2013 Fashion R\u00edo 2012. Los muebles proyectados por importantes dise\u00f1adores ambientaron el lounge de la Asociaci\u00f3n Brasile\u00f1a de las Industrias Textiles \u2013 ABIT y de la Asociaci\u00f3n Brasile\u00f1a de los Estilistas \u2013 ABEST, durante la semana de moda carioca. La invitaci\u00f3n parti\u00f3 de la Agencia Brasile\u00f1a de Promoci\u00f3n de Exportaciones e Inversiones (Apex), que despu\u00e9s del \u00e9xito de la asociaci\u00f3n efectuada en 2011, invit\u00f3 el Sindicato de las Industrias del Mobiliario de Bento Gon\u00e7alves (Sindm\u00f3veis) a participar nuevamente del evento, confiando en su potencial creativo e innovador, capaz de integrar dos vertientes diferentes de\u00a0<br \/>\ncreaci\u00f3n. Mesas de comedor, de centro, butacas, sillas y sof\u00e1s, llamaron la atenci\u00f3n de quien aprovech\u00f3 para descansar un poco entre un desfile y otro. Con dise\u00f1o diferenciado que valora el confort, los muebles de Casa Brasil robaron la escena en Fashion Rio y son un anticipo de lo que podemos esperar en la pr\u00f3xima edici\u00f3n de la feria, en 2013, en la ciudad de Bento Gon\u00e7alves, R\u00edo Grande do Sul. La semana de moda, que ocurri\u00f3 en el Pier Mau\u00e1, termin\u00f3 el pasado s\u00e1bado 14. De all\u00e1 los muebles siguieron para S\u00e3o Paulo, donde nuevamente est\u00e1n ambientando los lounges de ABIT y ABEST durante la Semana de Moda de S\u00e3o Paulo \u2013 S\u00e3o Paulo Fashion Week entre los d\u00edas 19 y 24 del corriente mes.<\/p>\n","protected":false},"excerpt":{"rendered":"<p>Casa Brasil, mayor evento del dise\u00f1o de mobiliario en Brasil, estuvo presente en la Semana de Moda de R\u00edo de Janeiro \u2013 Fashion R\u00edo 2012. Los muebles proyectados por importantes&#8230;  <a class=\"excerpt-read-more\" href=\"https:\/\/www.sindmoveis.com.br\/es\/moveis-da-casa-brasil-ambientam-lounges-no-fashion-rio\/\" title=\"Read Muebles de Casa Brasil ambientan  lounges de Fashion R\u00edo\">Leia mais &raquo;<\/a><\/p>\n","protected":false},"author":5,"featured_media":0,"comment_status":"closed","ping_status":"open","sticky":false,"template":"","format":"standard","meta":{"footnotes":"","_links_to":"","_links_to_target":""},"categories":[2],"tags":[],"class_list":["post-857","post","type-post","status-publish","format-standard","hentry","category-sindmoveis"],"yoast_head":"<!-- This site is optimized with the Yoast SEO plugin v27.0 - https:\/\/yoast.com\/product\/yoast-seo-wordpress\/ -->\n<title>Muebles de Casa Brasil ambientan lounges de Fashion R\u00edo - Sindm\u00f3veis-RS<\/title>\n<meta name=\"robots\" content=\"index, follow, max-snippet:-1, max-image-preview:large, max-video-preview:-1\" \/>\n<link rel=\"canonical\" href=\"https:\/\/www.sindmoveis.com.br\/es\/moveis-da-casa-brasil-ambientam-lounges-no-fashion-rio\/\" \/>\n<meta property=\"og:locale\" content=\"es_ES\" \/>\n<meta property=\"og:type\" content=\"article\" \/>\n<meta property=\"og:title\" content=\"Muebles de Casa Brasil ambientan lounges de Fashion R\u00edo - Sindm\u00f3veis-RS\" \/>\n<meta property=\"og:description\" content=\"Casa Brasil, mayor evento del dise\u00f1o de mobiliario en Brasil, estuvo presente en la Semana de Moda de R\u00edo de Janeiro \u2013 Fashion R\u00edo 2012. Los muebles proyectados por importantes... Leia mais &raquo;\" \/>\n<meta property=\"og:url\" content=\"https:\/\/www.sindmoveis.com.br\/es\/moveis-da-casa-brasil-ambientam-lounges-no-fashion-rio\/\" \/>\n<meta property=\"og:site_name\" content=\"Sindm\u00f3veis-RS\" \/>\n<meta property=\"article:published_time\" content=\"2012-01-20T02:00:00+00:00\" \/>\n<meta property=\"article:modified_time\" content=\"2021-05-26T13:24:56+00:00\" \/>\n<meta name=\"author\" content=\"Imprensa Sindm\u00f3veis\" \/>\n<meta name=\"twitter:card\" content=\"summary_large_image\" \/>\n<meta name=\"twitter:label1\" content=\"Escrito por\" \/>\n\t<meta name=\"twitter:data1\" content=\"Imprensa Sindm\u00f3veis\" \/>\n\t<meta name=\"twitter:label2\" content=\"Tiempo de lectura\" \/>\n\t<meta name=\"twitter:data2\" content=\"1 minuto\" \/>\n<script type=\"application\/ld+json\" class=\"yoast-schema-graph\">{\"@context\":\"https:\/\/schema.org\",\"@graph\":[{\"@type\":\"Article\",\"@id\":\"https:\/\/www.sindmoveis.com.br\/es\/moveis-da-casa-brasil-ambientam-lounges-no-fashion-rio\/#article\",\"isPartOf\":{\"@id\":\"https:\/\/www.sindmoveis.com.br\/es\/moveis-da-casa-brasil-ambientam-lounges-no-fashion-rio\/\"},\"author\":{\"name\":\"Imprensa Sindm\u00f3veis\",\"@id\":\"https:\/\/www.sindmoveis.com.br\/es\/#\/schema\/person\/16d379542db1950a17fe188179340d57\"},\"headline\":\"Muebles de Casa Brasil ambientan lounges de Fashion R\u00edo\",\"datePublished\":\"2012-01-20T02:00:00+00:00\",\"dateModified\":\"2021-05-26T13:24:56+00:00\",\"mainEntityOfPage\":{\"@id\":\"https:\/\/www.sindmoveis.com.br\/es\/moveis-da-casa-brasil-ambientam-lounges-no-fashion-rio\/\"},\"wordCount\":270,\"articleSection\":[\"Sindm\u00f3veis\"],\"inLanguage\":\"es\"},{\"@type\":\"WebPage\",\"@id\":\"https:\/\/www.sindmoveis.com.br\/es\/moveis-da-casa-brasil-ambientam-lounges-no-fashion-rio\/\",\"url\":\"https:\/\/www.sindmoveis.com.br\/es\/moveis-da-casa-brasil-ambientam-lounges-no-fashion-rio\/\",\"name\":\"Muebles de Casa Brasil ambientan lounges de Fashion R\u00edo - Sindm\u00f3veis-RS\",\"isPartOf\":{\"@id\":\"https:\/\/www.sindmoveis.com.br\/es\/#website\"},\"datePublished\":\"2012-01-20T02:00:00+00:00\",\"dateModified\":\"2021-05-26T13:24:56+00:00\",\"author\":{\"@id\":\"https:\/\/www.sindmoveis.com.br\/es\/#\/schema\/person\/16d379542db1950a17fe188179340d57\"},\"inLanguage\":\"es\",\"potentialAction\":[{\"@type\":\"ReadAction\",\"target\":[\"https:\/\/www.sindmoveis.com.br\/es\/moveis-da-casa-brasil-ambientam-lounges-no-fashion-rio\/\"]}]},{\"@type\":\"WebSite\",\"@id\":\"https:\/\/www.sindmoveis.com.br\/es\/#website\",\"url\":\"https:\/\/www.sindmoveis.com.br\/es\/\",\"name\":\"Sindm\u00f3veis-RS\",\"description\":\"\",\"potentialAction\":[{\"@type\":\"SearchAction\",\"target\":{\"@type\":\"EntryPoint\",\"urlTemplate\":\"https:\/\/www.sindmoveis.com.br\/es\/?s={search_term_string}\"},\"query-input\":{\"@type\":\"PropertyValueSpecification\",\"valueRequired\":true,\"valueName\":\"search_term_string\"}}],\"inLanguage\":\"es\"},{\"@type\":\"Person\",\"@id\":\"https:\/\/www.sindmoveis.com.br\/es\/#\/schema\/person\/16d379542db1950a17fe188179340d57\",\"name\":\"Imprensa Sindm\u00f3veis\",\"image\":{\"@type\":\"ImageObject\",\"inLanguage\":\"es\",\"@id\":\"https:\/\/www.sindmoveis.com.br\/es\/#\/schema\/person\/image\/\",\"url\":\"https:\/\/secure.gravatar.com\/avatar\/4973e2e2c2a0cb5db30b0c7b770041b8e33d048a16b695a1f99c042449d4bfaf?s=96&d=mm&r=g\",\"contentUrl\":\"https:\/\/secure.gravatar.com\/avatar\/4973e2e2c2a0cb5db30b0c7b770041b8e33d048a16b695a1f99c042449d4bfaf?s=96&d=mm&r=g\",\"caption\":\"Imprensa Sindm\u00f3veis\"},\"url\":\"https:\/\/www.sindmoveis.com.br\/es\/author\/ana\/\"}]}<\/script>\n<!-- \/ Yoast SEO plugin. -->","yoast_head_json":{"title":"Muebles de Casa Brasil ambientan lounges de Fashion R\u00edo - Sindm\u00f3veis-RS","robots":{"index":"index","follow":"follow","max-snippet":"max-snippet:-1","max-image-preview":"max-image-preview:large","max-video-preview":"max-video-preview:-1"},"canonical":"https:\/\/www.sindmoveis.com.br\/es\/moveis-da-casa-brasil-ambientam-lounges-no-fashion-rio\/","og_locale":"es_ES","og_type":"article","og_title":"Muebles de Casa Brasil ambientan lounges de Fashion R\u00edo - Sindm\u00f3veis-RS","og_description":"Casa Brasil, mayor evento del dise\u00f1o de mobiliario en Brasil, estuvo presente en la Semana de Moda de R\u00edo de Janeiro \u2013 Fashion R\u00edo 2012. Los muebles proyectados por importantes... Leia mais &raquo;","og_url":"https:\/\/www.sindmoveis.com.br\/es\/moveis-da-casa-brasil-ambientam-lounges-no-fashion-rio\/","og_site_name":"Sindm\u00f3veis-RS","article_published_time":"2012-01-20T02:00:00+00:00","article_modified_time":"2021-05-26T13:24:56+00:00","author":"Imprensa Sindm\u00f3veis","twitter_card":"summary_large_image","twitter_misc":{"Escrito por":"Imprensa Sindm\u00f3veis","Tiempo de lectura":"1 minuto"},"schema":{"@context":"https:\/\/schema.org","@graph":[{"@type":"Article","@id":"https:\/\/www.sindmoveis.com.br\/es\/moveis-da-casa-brasil-ambientam-lounges-no-fashion-rio\/#article","isPartOf":{"@id":"https:\/\/www.sindmoveis.com.br\/es\/moveis-da-casa-brasil-ambientam-lounges-no-fashion-rio\/"},"author":{"name":"Imprensa Sindm\u00f3veis","@id":"https:\/\/www.sindmoveis.com.br\/es\/#\/schema\/person\/16d379542db1950a17fe188179340d57"},"headline":"Muebles de Casa Brasil ambientan lounges de Fashion R\u00edo","datePublished":"2012-01-20T02:00:00+00:00","dateModified":"2021-05-26T13:24:56+00:00","mainEntityOfPage":{"@id":"https:\/\/www.sindmoveis.com.br\/es\/moveis-da-casa-brasil-ambientam-lounges-no-fashion-rio\/"},"wordCount":270,"articleSection":["Sindm\u00f3veis"],"inLanguage":"es"},{"@type":"WebPage","@id":"https:\/\/www.sindmoveis.com.br\/es\/moveis-da-casa-brasil-ambientam-lounges-no-fashion-rio\/","url":"https:\/\/www.sindmoveis.com.br\/es\/moveis-da-casa-brasil-ambientam-lounges-no-fashion-rio\/","name":"Muebles de Casa Brasil ambientan lounges de Fashion R\u00edo - Sindm\u00f3veis-RS","isPartOf":{"@id":"https:\/\/www.sindmoveis.com.br\/es\/#website"},"datePublished":"2012-01-20T02:00:00+00:00","dateModified":"2021-05-26T13:24:56+00:00","author":{"@id":"https:\/\/www.sindmoveis.com.br\/es\/#\/schema\/person\/16d379542db1950a17fe188179340d57"},"inLanguage":"es","potentialAction":[{"@type":"ReadAction","target":["https:\/\/www.sindmoveis.com.br\/es\/moveis-da-casa-brasil-ambientam-lounges-no-fashion-rio\/"]}]},{"@type":"WebSite","@id":"https:\/\/www.sindmoveis.com.br\/es\/#website","url":"https:\/\/www.sindmoveis.com.br\/es\/","name":"Sindm\u00f3veis-RS","description":"","potentialAction":[{"@type":"SearchAction","target":{"@type":"EntryPoint","urlTemplate":"https:\/\/www.sindmoveis.com.br\/es\/?s={search_term_string}"},"query-input":{"@type":"PropertyValueSpecification","valueRequired":true,"valueName":"search_term_string"}}],"inLanguage":"es"},{"@type":"Person","@id":"https:\/\/www.sindmoveis.com.br\/es\/#\/schema\/person\/16d379542db1950a17fe188179340d57","name":"Imprensa Sindm\u00f3veis","image":{"@type":"ImageObject","inLanguage":"es","@id":"https:\/\/www.sindmoveis.com.br\/es\/#\/schema\/person\/image\/","url":"https:\/\/secure.gravatar.com\/avatar\/4973e2e2c2a0cb5db30b0c7b770041b8e33d048a16b695a1f99c042449d4bfaf?s=96&d=mm&r=g","contentUrl":"https:\/\/secure.gravatar.com\/avatar\/4973e2e2c2a0cb5db30b0c7b770041b8e33d048a16b695a1f99c042449d4bfaf?s=96&d=mm&r=g","caption":"Imprensa Sindm\u00f3veis"},"url":"https:\/\/www.sindmoveis.com.br\/es\/author\/ana\/"}]}},"_links":{"self":[{"href":"https:\/\/www.sindmoveis.com.br\/es\/wp-json\/wp\/v2\/posts\/857","targetHints":{"allow":["GET"]}}],"collection":[{"href":"https:\/\/www.sindmoveis.com.br\/es\/wp-json\/wp\/v2\/posts"}],"about":[{"href":"https:\/\/www.sindmoveis.com.br\/es\/wp-json\/wp\/v2\/types\/post"}],"author":[{"embeddable":true,"href":"https:\/\/www.sindmoveis.com.br\/es\/wp-json\/wp\/v2\/users\/5"}],"replies":[{"embeddable":true,"href":"https:\/\/www.sindmoveis.com.br\/es\/wp-json\/wp\/v2\/comments?post=857"}],"version-history":[{"count":2,"href":"https:\/\/www.sindmoveis.com.br\/es\/wp-json\/wp\/v2\/posts\/857\/revisions"}],"predecessor-version":[{"id":3170,"href":"https:\/\/www.sindmoveis.com.br\/es\/wp-json\/wp\/v2\/posts\/857\/revisions\/3170"}],"wp:attachment":[{"href":"https:\/\/www.sindmoveis.com.br\/es\/wp-json\/wp\/v2\/media?parent=857"}],"wp:term":[{"taxonomy":"category","embeddable":true,"href":"https:\/\/www.sindmoveis.com.br\/es\/wp-json\/wp\/v2\/categories?post=857"},{"taxonomy":"post_tag","embeddable":true,"href":"https:\/\/www.sindmoveis.com.br\/es\/wp-json\/wp\/v2\/tags?post=857"}],"curies":[{"name":"wp","href":"https:\/\/api.w.org\/{rel}","templated":true}]}}