{"id":856,"date":"2012-01-20T00:00:00","date_gmt":"2012-01-20T02:00:00","guid":{"rendered":"http:\/\/sindmoveis.com.br\/imprensa\/noticias\/sindmoveis-une-se-a-abit-e-apex-brasil-para-reforcar-parcerias-na-america-latina\/"},"modified":"2021-05-26T10:24:56","modified_gmt":"2021-05-26T13:24:56","slug":"sindmoveis-une-se-a-abit-e-apex-brasil-para-reforcar-parcerias-na-america-latina","status":"publish","type":"post","link":"https:\/\/www.sindmoveis.com.br\/es\/sindmoveis-une-se-a-abit-e-apex-brasil-para-reforcar-parcerias-na-america-latina\/","title":{"rendered":"Sindm\u00f3veis se une a Abit y Apex &#8211; Brasil para fortalecer asociaciones en Am\u00e9rica Latina"},"content":{"rendered":"<p>\u00a0<br \/>\nDespu\u00e9s de la participaci\u00f3n en eventos de moda como S\u00e3o Paulo Fashion Week, Minas Trend Preview y Rio Fashion Week, el Sindicato de las Industrias del Mobiliario de Bento Gon\u00e7alves, Sindm\u00f3veis, invierte ahora en la ampliaci\u00f3n de contactos en Am\u00e9rica Latina. En uni\u00f3n con la Asociaci\u00f3n Brasile\u00f1a de la Industria Textil (Abit) y Apex (Agencia para fomento de exportaciones), un lounge en Colombiatex de las Am\u00e9ricas 2012, feria de negocios en el \u00e1rea de moda para vestuario, presentar\u00e1 la nueva creaci\u00f3n de las arquitectas Tina y Lui Lo Pumo, curadoras de la feria Casa Brasil, como forma de promoci\u00f3n del evento.\u00a0La L\u00ednea Casual para Colombiatex, por ejemplo, proyectada por el par de arquitectas, cuenta con muebles desarmables y flexibles, para atender ferias y propuestas temporales. Son mesas, sof\u00e1s y pufs en m\u00f3dulos \u2013 adem\u00e1s de sillas \u2013 hechos con materiales como laminado de pino y cojines de espuma en silic\u00f3n. Producidos por empresas expositoras en la feria de moda colombiana, las telas usadas en los muebles de Tina y Lui pueden ser cambiadas de manera sencilla: los cojines pueden ser retirados de los asientos, ya que son sujetados a los muebles durante el uso por cintas de velcro.<br \/>\nEsa acci\u00f3n es la pionera de un segmento que inicia en 2012, dentro del proyecto de promoci\u00f3n de exportaciones organizado por Sindm\u00f3veis, \u00a0llamado Orchestra Brasil. A partir de ahora, adem\u00e1s de proveedores de la industria del mobiliario, integran Orchestra Brasil dise\u00f1adores de muebles, lo que incluye en el proyecto la exportaci\u00f3n de servicios. De esta forma, \u00a0Sindm\u00f3veis pasa a contribuir cada vez m\u00e1s con la internacionalizaci\u00f3n del mobiliario con dise\u00f1o, por medio de la uni\u00f3n entre su feria, Casa Brasil, el concurso Sal\u00e3o Design y Orchestra Brasil, \u00e9ste con apoyo de Apex-Brasil.\u00a0<br \/>\nDesde hace 24 a\u00f1os, Colombiatex de las Am\u00e9ricas busca congregar negocios y discusiones sobre moda, reuniendo grupos que mantienen una mirada atenta a las diferentes formas del dise\u00f1o \u2013 motivo especial para la participaci\u00f3n de Sindm\u00f3veis. Entre los mercados m\u00e1s estudiados por la organizaci\u00f3n, adem\u00e1s de las referencias mundiales de Italia y Francia, est\u00e1 Brasil.<br \/>\n\u00a0<br \/>\n\u00a0<\/p>\n","protected":false},"excerpt":{"rendered":"<p>\u00a0 Despu\u00e9s de la participaci\u00f3n en eventos de moda como S\u00e3o Paulo Fashion Week, Minas Trend Preview y Rio Fashion Week, el Sindicato de las Industrias del Mobiliario de Bento&#8230;  <a class=\"excerpt-read-more\" href=\"https:\/\/www.sindmoveis.com.br\/es\/sindmoveis-une-se-a-abit-e-apex-brasil-para-reforcar-parcerias-na-america-latina\/\" title=\"Read Sindm\u00f3veis se une a Abit y Apex &#8211; Brasil para fortalecer asociaciones en Am\u00e9rica Latina\">Leia mais &raquo;<\/a><\/p>\n","protected":false},"author":5,"featured_media":0,"comment_status":"closed","ping_status":"open","sticky":false,"template":"","format":"standard","meta":{"footnotes":"","_links_to":"","_links_to_target":""},"categories":[2],"tags":[],"class_list":["post-856","post","type-post","status-publish","format-standard","hentry","category-sindmoveis"],"yoast_head":"<!-- This site is optimized with the Yoast SEO plugin v27.0 - https:\/\/yoast.com\/product\/yoast-seo-wordpress\/ -->\n<title>Sindm\u00f3veis se une a Abit y Apex - Brasil para fortalecer asociaciones en Am\u00e9rica Latina - Sindm\u00f3veis-RS<\/title>\n<meta name=\"robots\" content=\"index, follow, max-snippet:-1, max-image-preview:large, max-video-preview:-1\" \/>\n<link rel=\"canonical\" href=\"https:\/\/www.sindmoveis.com.br\/es\/sindmoveis-une-se-a-abit-e-apex-brasil-para-reforcar-parcerias-na-america-latina\/\" \/>\n<meta property=\"og:locale\" content=\"es_ES\" \/>\n<meta property=\"og:type\" content=\"article\" \/>\n<meta property=\"og:title\" content=\"Sindm\u00f3veis se une a Abit y Apex - Brasil para fortalecer asociaciones en Am\u00e9rica Latina - Sindm\u00f3veis-RS\" \/>\n<meta property=\"og:description\" content=\"\u00a0 Despu\u00e9s de la participaci\u00f3n en eventos de moda como S\u00e3o Paulo Fashion Week, Minas Trend Preview y Rio Fashion Week, el Sindicato de las Industrias del Mobiliario de Bento... Leia mais &raquo;\" \/>\n<meta property=\"og:url\" content=\"https:\/\/www.sindmoveis.com.br\/es\/sindmoveis-une-se-a-abit-e-apex-brasil-para-reforcar-parcerias-na-america-latina\/\" \/>\n<meta property=\"og:site_name\" content=\"Sindm\u00f3veis-RS\" \/>\n<meta property=\"article:published_time\" content=\"2012-01-20T02:00:00+00:00\" \/>\n<meta property=\"article:modified_time\" content=\"2021-05-26T13:24:56+00:00\" \/>\n<meta name=\"author\" content=\"Imprensa Sindm\u00f3veis\" \/>\n<meta name=\"twitter:card\" content=\"summary_large_image\" \/>\n<meta name=\"twitter:label1\" content=\"Escrito por\" \/>\n\t<meta name=\"twitter:data1\" content=\"Imprensa Sindm\u00f3veis\" \/>\n\t<meta name=\"twitter:label2\" content=\"Tiempo de lectura\" \/>\n\t<meta name=\"twitter:data2\" content=\"2 minutos\" \/>\n<script type=\"application\/ld+json\" class=\"yoast-schema-graph\">{\"@context\":\"https:\/\/schema.org\",\"@graph\":[{\"@type\":\"Article\",\"@id\":\"https:\/\/www.sindmoveis.com.br\/es\/sindmoveis-une-se-a-abit-e-apex-brasil-para-reforcar-parcerias-na-america-latina\/#article\",\"isPartOf\":{\"@id\":\"https:\/\/www.sindmoveis.com.br\/es\/sindmoveis-une-se-a-abit-e-apex-brasil-para-reforcar-parcerias-na-america-latina\/\"},\"author\":{\"name\":\"Imprensa Sindm\u00f3veis\",\"@id\":\"https:\/\/www.sindmoveis.com.br\/es\/#\/schema\/person\/16d379542db1950a17fe188179340d57\"},\"headline\":\"Sindm\u00f3veis se une a Abit y Apex &#8211; Brasil para fortalecer asociaciones en Am\u00e9rica Latina\",\"datePublished\":\"2012-01-20T02:00:00+00:00\",\"dateModified\":\"2021-05-26T13:24:56+00:00\",\"mainEntityOfPage\":{\"@id\":\"https:\/\/www.sindmoveis.com.br\/es\/sindmoveis-une-se-a-abit-e-apex-brasil-para-reforcar-parcerias-na-america-latina\/\"},\"wordCount\":395,\"articleSection\":[\"Sindm\u00f3veis\"],\"inLanguage\":\"es\"},{\"@type\":\"WebPage\",\"@id\":\"https:\/\/www.sindmoveis.com.br\/es\/sindmoveis-une-se-a-abit-e-apex-brasil-para-reforcar-parcerias-na-america-latina\/\",\"url\":\"https:\/\/www.sindmoveis.com.br\/es\/sindmoveis-une-se-a-abit-e-apex-brasil-para-reforcar-parcerias-na-america-latina\/\",\"name\":\"Sindm\u00f3veis se une a Abit y Apex - Brasil para fortalecer asociaciones en Am\u00e9rica Latina - Sindm\u00f3veis-RS\",\"isPartOf\":{\"@id\":\"https:\/\/www.sindmoveis.com.br\/es\/#website\"},\"datePublished\":\"2012-01-20T02:00:00+00:00\",\"dateModified\":\"2021-05-26T13:24:56+00:00\",\"author\":{\"@id\":\"https:\/\/www.sindmoveis.com.br\/es\/#\/schema\/person\/16d379542db1950a17fe188179340d57\"},\"inLanguage\":\"es\",\"potentialAction\":[{\"@type\":\"ReadAction\",\"target\":[\"https:\/\/www.sindmoveis.com.br\/es\/sindmoveis-une-se-a-abit-e-apex-brasil-para-reforcar-parcerias-na-america-latina\/\"]}]},{\"@type\":\"WebSite\",\"@id\":\"https:\/\/www.sindmoveis.com.br\/es\/#website\",\"url\":\"https:\/\/www.sindmoveis.com.br\/es\/\",\"name\":\"Sindm\u00f3veis-RS\",\"description\":\"\",\"potentialAction\":[{\"@type\":\"SearchAction\",\"target\":{\"@type\":\"EntryPoint\",\"urlTemplate\":\"https:\/\/www.sindmoveis.com.br\/es\/?s={search_term_string}\"},\"query-input\":{\"@type\":\"PropertyValueSpecification\",\"valueRequired\":true,\"valueName\":\"search_term_string\"}}],\"inLanguage\":\"es\"},{\"@type\":\"Person\",\"@id\":\"https:\/\/www.sindmoveis.com.br\/es\/#\/schema\/person\/16d379542db1950a17fe188179340d57\",\"name\":\"Imprensa Sindm\u00f3veis\",\"image\":{\"@type\":\"ImageObject\",\"inLanguage\":\"es\",\"@id\":\"https:\/\/www.sindmoveis.com.br\/es\/#\/schema\/person\/image\/\",\"url\":\"https:\/\/secure.gravatar.com\/avatar\/4973e2e2c2a0cb5db30b0c7b770041b8e33d048a16b695a1f99c042449d4bfaf?s=96&d=mm&r=g\",\"contentUrl\":\"https:\/\/secure.gravatar.com\/avatar\/4973e2e2c2a0cb5db30b0c7b770041b8e33d048a16b695a1f99c042449d4bfaf?s=96&d=mm&r=g\",\"caption\":\"Imprensa Sindm\u00f3veis\"},\"url\":\"https:\/\/www.sindmoveis.com.br\/es\/author\/ana\/\"}]}<\/script>\n<!-- \/ Yoast SEO plugin. -->","yoast_head_json":{"title":"Sindm\u00f3veis se une a Abit y Apex - Brasil para fortalecer asociaciones en Am\u00e9rica Latina - Sindm\u00f3veis-RS","robots":{"index":"index","follow":"follow","max-snippet":"max-snippet:-1","max-image-preview":"max-image-preview:large","max-video-preview":"max-video-preview:-1"},"canonical":"https:\/\/www.sindmoveis.com.br\/es\/sindmoveis-une-se-a-abit-e-apex-brasil-para-reforcar-parcerias-na-america-latina\/","og_locale":"es_ES","og_type":"article","og_title":"Sindm\u00f3veis se une a Abit y Apex - Brasil para fortalecer asociaciones en Am\u00e9rica Latina - Sindm\u00f3veis-RS","og_description":"\u00a0 Despu\u00e9s de la participaci\u00f3n en eventos de moda como S\u00e3o Paulo Fashion Week, Minas Trend Preview y Rio Fashion Week, el Sindicato de las Industrias del Mobiliario de Bento... Leia mais &raquo;","og_url":"https:\/\/www.sindmoveis.com.br\/es\/sindmoveis-une-se-a-abit-e-apex-brasil-para-reforcar-parcerias-na-america-latina\/","og_site_name":"Sindm\u00f3veis-RS","article_published_time":"2012-01-20T02:00:00+00:00","article_modified_time":"2021-05-26T13:24:56+00:00","author":"Imprensa Sindm\u00f3veis","twitter_card":"summary_large_image","twitter_misc":{"Escrito por":"Imprensa Sindm\u00f3veis","Tiempo de lectura":"2 minutos"},"schema":{"@context":"https:\/\/schema.org","@graph":[{"@type":"Article","@id":"https:\/\/www.sindmoveis.com.br\/es\/sindmoveis-une-se-a-abit-e-apex-brasil-para-reforcar-parcerias-na-america-latina\/#article","isPartOf":{"@id":"https:\/\/www.sindmoveis.com.br\/es\/sindmoveis-une-se-a-abit-e-apex-brasil-para-reforcar-parcerias-na-america-latina\/"},"author":{"name":"Imprensa Sindm\u00f3veis","@id":"https:\/\/www.sindmoveis.com.br\/es\/#\/schema\/person\/16d379542db1950a17fe188179340d57"},"headline":"Sindm\u00f3veis se une a Abit y Apex &#8211; Brasil para fortalecer asociaciones en Am\u00e9rica Latina","datePublished":"2012-01-20T02:00:00+00:00","dateModified":"2021-05-26T13:24:56+00:00","mainEntityOfPage":{"@id":"https:\/\/www.sindmoveis.com.br\/es\/sindmoveis-une-se-a-abit-e-apex-brasil-para-reforcar-parcerias-na-america-latina\/"},"wordCount":395,"articleSection":["Sindm\u00f3veis"],"inLanguage":"es"},{"@type":"WebPage","@id":"https:\/\/www.sindmoveis.com.br\/es\/sindmoveis-une-se-a-abit-e-apex-brasil-para-reforcar-parcerias-na-america-latina\/","url":"https:\/\/www.sindmoveis.com.br\/es\/sindmoveis-une-se-a-abit-e-apex-brasil-para-reforcar-parcerias-na-america-latina\/","name":"Sindm\u00f3veis se une a Abit y Apex - Brasil para fortalecer asociaciones en Am\u00e9rica Latina - Sindm\u00f3veis-RS","isPartOf":{"@id":"https:\/\/www.sindmoveis.com.br\/es\/#website"},"datePublished":"2012-01-20T02:00:00+00:00","dateModified":"2021-05-26T13:24:56+00:00","author":{"@id":"https:\/\/www.sindmoveis.com.br\/es\/#\/schema\/person\/16d379542db1950a17fe188179340d57"},"inLanguage":"es","potentialAction":[{"@type":"ReadAction","target":["https:\/\/www.sindmoveis.com.br\/es\/sindmoveis-une-se-a-abit-e-apex-brasil-para-reforcar-parcerias-na-america-latina\/"]}]},{"@type":"WebSite","@id":"https:\/\/www.sindmoveis.com.br\/es\/#website","url":"https:\/\/www.sindmoveis.com.br\/es\/","name":"Sindm\u00f3veis-RS","description":"","potentialAction":[{"@type":"SearchAction","target":{"@type":"EntryPoint","urlTemplate":"https:\/\/www.sindmoveis.com.br\/es\/?s={search_term_string}"},"query-input":{"@type":"PropertyValueSpecification","valueRequired":true,"valueName":"search_term_string"}}],"inLanguage":"es"},{"@type":"Person","@id":"https:\/\/www.sindmoveis.com.br\/es\/#\/schema\/person\/16d379542db1950a17fe188179340d57","name":"Imprensa Sindm\u00f3veis","image":{"@type":"ImageObject","inLanguage":"es","@id":"https:\/\/www.sindmoveis.com.br\/es\/#\/schema\/person\/image\/","url":"https:\/\/secure.gravatar.com\/avatar\/4973e2e2c2a0cb5db30b0c7b770041b8e33d048a16b695a1f99c042449d4bfaf?s=96&d=mm&r=g","contentUrl":"https:\/\/secure.gravatar.com\/avatar\/4973e2e2c2a0cb5db30b0c7b770041b8e33d048a16b695a1f99c042449d4bfaf?s=96&d=mm&r=g","caption":"Imprensa Sindm\u00f3veis"},"url":"https:\/\/www.sindmoveis.com.br\/es\/author\/ana\/"}]}},"_links":{"self":[{"href":"https:\/\/www.sindmoveis.com.br\/es\/wp-json\/wp\/v2\/posts\/856","targetHints":{"allow":["GET"]}}],"collection":[{"href":"https:\/\/www.sindmoveis.com.br\/es\/wp-json\/wp\/v2\/posts"}],"about":[{"href":"https:\/\/www.sindmoveis.com.br\/es\/wp-json\/wp\/v2\/types\/post"}],"author":[{"embeddable":true,"href":"https:\/\/www.sindmoveis.com.br\/es\/wp-json\/wp\/v2\/users\/5"}],"replies":[{"embeddable":true,"href":"https:\/\/www.sindmoveis.com.br\/es\/wp-json\/wp\/v2\/comments?post=856"}],"version-history":[{"count":2,"href":"https:\/\/www.sindmoveis.com.br\/es\/wp-json\/wp\/v2\/posts\/856\/revisions"}],"predecessor-version":[{"id":3169,"href":"https:\/\/www.sindmoveis.com.br\/es\/wp-json\/wp\/v2\/posts\/856\/revisions\/3169"}],"wp:attachment":[{"href":"https:\/\/www.sindmoveis.com.br\/es\/wp-json\/wp\/v2\/media?parent=856"}],"wp:term":[{"taxonomy":"category","embeddable":true,"href":"https:\/\/www.sindmoveis.com.br\/es\/wp-json\/wp\/v2\/categories?post=856"},{"taxonomy":"post_tag","embeddable":true,"href":"https:\/\/www.sindmoveis.com.br\/es\/wp-json\/wp\/v2\/tags?post=856"}],"curies":[{"name":"wp","href":"https:\/\/api.w.org\/{rel}","templated":true}]}}