{"id":854,"date":"2012-01-17T00:00:00","date_gmt":"2012-01-17T02:00:00","guid":{"rendered":"http:\/\/sindmoveis.com.br\/imprensa\/noticias\/catia-scarton-assume-a-presidencia-do-sindmoveis\/"},"modified":"2021-05-26T10:24:56","modified_gmt":"2021-05-26T13:24:56","slug":"catia-scarton-assume-a-presidencia-do-sindmoveis","status":"publish","type":"post","link":"https:\/\/www.sindmoveis.com.br\/es\/catia-scarton-assume-a-presidencia-do-sindmoveis\/","title":{"rendered":"C\u00e1tia Scarton asume presidencia de Sindm\u00f3veis"},"content":{"rendered":"<p>Toma posesi\u00f3n el pr\u00f3ximo mi\u00e9rcoles, 18, la nueva presidente del Sindicato de la Industria del<br \/>\nMobiliario de Bento Gon\u00e7alves (Sindm\u00f3veis) C\u00e1tia Scarton, para la gesti\u00f3n 2012\/2013.<br \/>\n\u00a0<br \/>\nSindm\u00f3veis es la entidad representante del mayor polo del mobiliario del pa\u00eds en facturaci\u00f3n<br \/>\ny creaci\u00f3n de empleos. Con 300 empresas, entre ellas, las mayores marcas del pa\u00eds, el grupo<br \/>\nque representa el sector del mobiliario del municipio gener\u00f3 11 mil empleos el \u00faltimo a\u00f1o y<br \/>\nfactur\u00f3 m\u00e1s de R$ 2 mil millones. Es, tambi\u00e9n, el segundo mayor exportador de Brasil, atr\u00e1s<br \/>\napenas de S\u00e3o Bento do Sul, Estado de Santa Catarina.<br \/>\nBento Gon\u00e7alves tiene participaci\u00f3n de 42% en la producci\u00f3n de muebles de R\u00edo Grande do<br \/>\nSul y 10% de Brasil.<br \/>\n\u00a0<br \/>\nC\u00e1tia act\u00faa desde hace 25 a\u00f1os en el sector del mobiliario. Es directora comercial de la<br \/>\nempresa Prima Design, durante dos gestiones fue directora de Relaciones con el Mercado en<br \/>\nSindm\u00f3veis y tambi\u00e9n vicepresidente y vicedirectora Internacional de Marketing de Movelsul,<br \/>\ncon lo que suma 11 a\u00f1os de actuaci\u00f3n en Sindm\u00f3veis. \u201cEl gran desaf\u00edo de esta gesti\u00f3n ser\u00e1<br \/>\nla mayor aproximaci\u00f3n con l\u00edderes del sector del mobiliario y del gobierno\u201d, destaca la nueva<br \/>\npresidente.<br \/>\n\u00a0<br \/>\nLa ceremonia de toma de posesi\u00f3n ocurrir\u00e1 a las 20 horas en el Club Ipiranga, en Bento<br \/>\nGon\u00e7alves.<br \/>\n\u00a0<br \/>\nCompletan la directiva los siguientes empresarios:<br \/>\n\u00a0<br \/>\nVicepresidente: Henrique Tecchio \u2013 M\u00f3veis Bentec Ltda.<br \/>\nDirectora Financiera: Sandra Peruffo \u2013 Todeschini S.A.<br \/>\nDirectora de Comunicaci\u00f3n: Adriana Loer Pelicioli \u2013 Id\u00e9ias &#038; Conceitos Ind. De M\u00f3veis Ltda.<br \/>\nVicedirectora de Comunicaci\u00f3n: Vanessa Machado \u2013 Cinex<br \/>\nDirector Jur\u00eddico Laboral: Gilberto Bertarello \u2013 Bertarello Consultoria Empresarial Ltda.<br \/>\nVicedirector Jur\u00eddico Laboral: Rafael Marchetto \u2013 M\u00f3veis Bentec Ltda.<br \/>\nDirector Sal\u00e3o Design: Cristiano Gallina \u2013 Design com Desenho<br \/>\n\u00a0<br \/>\nDelegado Representante: Ademar De Gasperi \u2013 TPS Transportes<br \/>\nSuplente: Maristela Cusin Longhi \u2013 Multim\u00f3veis Ind. De M\u00f3veis Ltda.<br \/>\n\u00a0<br \/>\nConsejo:<br \/>\nGlademir Ferrari \u2013 Sademi Ind. De M\u00f3veis. Ltda<br \/>\nHenrique Bertolini \u2013 Bertolini S.A.<\/p>\n","protected":false},"excerpt":{"rendered":"<p>Toma posesi\u00f3n el pr\u00f3ximo mi\u00e9rcoles, 18, la nueva presidente del Sindicato de la Industria del Mobiliario de Bento Gon\u00e7alves (Sindm\u00f3veis) C\u00e1tia Scarton, para la gesti\u00f3n 2012\/2013. \u00a0 Sindm\u00f3veis es la&#8230;  <a class=\"excerpt-read-more\" href=\"https:\/\/www.sindmoveis.com.br\/es\/catia-scarton-assume-a-presidencia-do-sindmoveis\/\" title=\"Read C\u00e1tia Scarton asume presidencia de Sindm\u00f3veis\">Leia mais &raquo;<\/a><\/p>\n","protected":false},"author":5,"featured_media":0,"comment_status":"closed","ping_status":"open","sticky":false,"template":"","format":"standard","meta":{"footnotes":"","_links_to":"","_links_to_target":""},"categories":[2],"tags":[],"class_list":["post-854","post","type-post","status-publish","format-standard","hentry","category-sindmoveis"],"yoast_head":"<!-- This site is optimized with the Yoast SEO plugin v27.0 - https:\/\/yoast.com\/product\/yoast-seo-wordpress\/ -->\n<title>C\u00e1tia Scarton asume presidencia de Sindm\u00f3veis - Sindm\u00f3veis-RS<\/title>\n<meta name=\"robots\" content=\"index, follow, max-snippet:-1, max-image-preview:large, max-video-preview:-1\" \/>\n<link rel=\"canonical\" href=\"https:\/\/www.sindmoveis.com.br\/es\/catia-scarton-assume-a-presidencia-do-sindmoveis\/\" \/>\n<meta property=\"og:locale\" content=\"es_ES\" \/>\n<meta property=\"og:type\" content=\"article\" \/>\n<meta property=\"og:title\" content=\"C\u00e1tia Scarton asume presidencia de Sindm\u00f3veis - Sindm\u00f3veis-RS\" \/>\n<meta property=\"og:description\" content=\"Toma posesi\u00f3n el pr\u00f3ximo mi\u00e9rcoles, 18, la nueva presidente del Sindicato de la Industria del Mobiliario de Bento Gon\u00e7alves (Sindm\u00f3veis) C\u00e1tia Scarton, para la gesti\u00f3n 2012\/2013. \u00a0 Sindm\u00f3veis es la... Leia mais &raquo;\" \/>\n<meta property=\"og:url\" content=\"https:\/\/www.sindmoveis.com.br\/es\/catia-scarton-assume-a-presidencia-do-sindmoveis\/\" \/>\n<meta property=\"og:site_name\" content=\"Sindm\u00f3veis-RS\" \/>\n<meta property=\"article:published_time\" content=\"2012-01-17T02:00:00+00:00\" \/>\n<meta property=\"article:modified_time\" content=\"2021-05-26T13:24:56+00:00\" \/>\n<meta name=\"author\" content=\"Imprensa Sindm\u00f3veis\" \/>\n<meta name=\"twitter:card\" content=\"summary_large_image\" \/>\n<meta name=\"twitter:label1\" content=\"Escrito por\" \/>\n\t<meta name=\"twitter:data1\" content=\"Imprensa Sindm\u00f3veis\" \/>\n\t<meta name=\"twitter:label2\" content=\"Tiempo de lectura\" \/>\n\t<meta name=\"twitter:data2\" content=\"2 minutos\" \/>\n<script type=\"application\/ld+json\" class=\"yoast-schema-graph\">{\"@context\":\"https:\/\/schema.org\",\"@graph\":[{\"@type\":\"Article\",\"@id\":\"https:\/\/www.sindmoveis.com.br\/es\/catia-scarton-assume-a-presidencia-do-sindmoveis\/#article\",\"isPartOf\":{\"@id\":\"https:\/\/www.sindmoveis.com.br\/es\/catia-scarton-assume-a-presidencia-do-sindmoveis\/\"},\"author\":{\"name\":\"Imprensa Sindm\u00f3veis\",\"@id\":\"https:\/\/www.sindmoveis.com.br\/es\/#\/schema\/person\/16d379542db1950a17fe188179340d57\"},\"headline\":\"C\u00e1tia Scarton asume presidencia de Sindm\u00f3veis\",\"datePublished\":\"2012-01-17T02:00:00+00:00\",\"dateModified\":\"2021-05-26T13:24:56+00:00\",\"mainEntityOfPage\":{\"@id\":\"https:\/\/www.sindmoveis.com.br\/es\/catia-scarton-assume-a-presidencia-do-sindmoveis\/\"},\"wordCount\":346,\"articleSection\":[\"Sindm\u00f3veis\"],\"inLanguage\":\"es\"},{\"@type\":\"WebPage\",\"@id\":\"https:\/\/www.sindmoveis.com.br\/es\/catia-scarton-assume-a-presidencia-do-sindmoveis\/\",\"url\":\"https:\/\/www.sindmoveis.com.br\/es\/catia-scarton-assume-a-presidencia-do-sindmoveis\/\",\"name\":\"C\u00e1tia Scarton asume presidencia de Sindm\u00f3veis - Sindm\u00f3veis-RS\",\"isPartOf\":{\"@id\":\"https:\/\/www.sindmoveis.com.br\/es\/#website\"},\"datePublished\":\"2012-01-17T02:00:00+00:00\",\"dateModified\":\"2021-05-26T13:24:56+00:00\",\"author\":{\"@id\":\"https:\/\/www.sindmoveis.com.br\/es\/#\/schema\/person\/16d379542db1950a17fe188179340d57\"},\"inLanguage\":\"es\",\"potentialAction\":[{\"@type\":\"ReadAction\",\"target\":[\"https:\/\/www.sindmoveis.com.br\/es\/catia-scarton-assume-a-presidencia-do-sindmoveis\/\"]}]},{\"@type\":\"WebSite\",\"@id\":\"https:\/\/www.sindmoveis.com.br\/es\/#website\",\"url\":\"https:\/\/www.sindmoveis.com.br\/es\/\",\"name\":\"Sindm\u00f3veis-RS\",\"description\":\"\",\"potentialAction\":[{\"@type\":\"SearchAction\",\"target\":{\"@type\":\"EntryPoint\",\"urlTemplate\":\"https:\/\/www.sindmoveis.com.br\/es\/?s={search_term_string}\"},\"query-input\":{\"@type\":\"PropertyValueSpecification\",\"valueRequired\":true,\"valueName\":\"search_term_string\"}}],\"inLanguage\":\"es\"},{\"@type\":\"Person\",\"@id\":\"https:\/\/www.sindmoveis.com.br\/es\/#\/schema\/person\/16d379542db1950a17fe188179340d57\",\"name\":\"Imprensa Sindm\u00f3veis\",\"image\":{\"@type\":\"ImageObject\",\"inLanguage\":\"es\",\"@id\":\"https:\/\/www.sindmoveis.com.br\/es\/#\/schema\/person\/image\/\",\"url\":\"https:\/\/secure.gravatar.com\/avatar\/4973e2e2c2a0cb5db30b0c7b770041b8e33d048a16b695a1f99c042449d4bfaf?s=96&d=mm&r=g\",\"contentUrl\":\"https:\/\/secure.gravatar.com\/avatar\/4973e2e2c2a0cb5db30b0c7b770041b8e33d048a16b695a1f99c042449d4bfaf?s=96&d=mm&r=g\",\"caption\":\"Imprensa Sindm\u00f3veis\"},\"url\":\"https:\/\/www.sindmoveis.com.br\/es\/author\/ana\/\"}]}<\/script>\n<!-- \/ Yoast SEO plugin. -->","yoast_head_json":{"title":"C\u00e1tia Scarton asume presidencia de Sindm\u00f3veis - Sindm\u00f3veis-RS","robots":{"index":"index","follow":"follow","max-snippet":"max-snippet:-1","max-image-preview":"max-image-preview:large","max-video-preview":"max-video-preview:-1"},"canonical":"https:\/\/www.sindmoveis.com.br\/es\/catia-scarton-assume-a-presidencia-do-sindmoveis\/","og_locale":"es_ES","og_type":"article","og_title":"C\u00e1tia Scarton asume presidencia de Sindm\u00f3veis - Sindm\u00f3veis-RS","og_description":"Toma posesi\u00f3n el pr\u00f3ximo mi\u00e9rcoles, 18, la nueva presidente del Sindicato de la Industria del Mobiliario de Bento Gon\u00e7alves (Sindm\u00f3veis) C\u00e1tia Scarton, para la gesti\u00f3n 2012\/2013. \u00a0 Sindm\u00f3veis es la... Leia mais &raquo;","og_url":"https:\/\/www.sindmoveis.com.br\/es\/catia-scarton-assume-a-presidencia-do-sindmoveis\/","og_site_name":"Sindm\u00f3veis-RS","article_published_time":"2012-01-17T02:00:00+00:00","article_modified_time":"2021-05-26T13:24:56+00:00","author":"Imprensa Sindm\u00f3veis","twitter_card":"summary_large_image","twitter_misc":{"Escrito por":"Imprensa Sindm\u00f3veis","Tiempo de lectura":"2 minutos"},"schema":{"@context":"https:\/\/schema.org","@graph":[{"@type":"Article","@id":"https:\/\/www.sindmoveis.com.br\/es\/catia-scarton-assume-a-presidencia-do-sindmoveis\/#article","isPartOf":{"@id":"https:\/\/www.sindmoveis.com.br\/es\/catia-scarton-assume-a-presidencia-do-sindmoveis\/"},"author":{"name":"Imprensa Sindm\u00f3veis","@id":"https:\/\/www.sindmoveis.com.br\/es\/#\/schema\/person\/16d379542db1950a17fe188179340d57"},"headline":"C\u00e1tia Scarton asume presidencia de Sindm\u00f3veis","datePublished":"2012-01-17T02:00:00+00:00","dateModified":"2021-05-26T13:24:56+00:00","mainEntityOfPage":{"@id":"https:\/\/www.sindmoveis.com.br\/es\/catia-scarton-assume-a-presidencia-do-sindmoveis\/"},"wordCount":346,"articleSection":["Sindm\u00f3veis"],"inLanguage":"es"},{"@type":"WebPage","@id":"https:\/\/www.sindmoveis.com.br\/es\/catia-scarton-assume-a-presidencia-do-sindmoveis\/","url":"https:\/\/www.sindmoveis.com.br\/es\/catia-scarton-assume-a-presidencia-do-sindmoveis\/","name":"C\u00e1tia Scarton asume presidencia de Sindm\u00f3veis - Sindm\u00f3veis-RS","isPartOf":{"@id":"https:\/\/www.sindmoveis.com.br\/es\/#website"},"datePublished":"2012-01-17T02:00:00+00:00","dateModified":"2021-05-26T13:24:56+00:00","author":{"@id":"https:\/\/www.sindmoveis.com.br\/es\/#\/schema\/person\/16d379542db1950a17fe188179340d57"},"inLanguage":"es","potentialAction":[{"@type":"ReadAction","target":["https:\/\/www.sindmoveis.com.br\/es\/catia-scarton-assume-a-presidencia-do-sindmoveis\/"]}]},{"@type":"WebSite","@id":"https:\/\/www.sindmoveis.com.br\/es\/#website","url":"https:\/\/www.sindmoveis.com.br\/es\/","name":"Sindm\u00f3veis-RS","description":"","potentialAction":[{"@type":"SearchAction","target":{"@type":"EntryPoint","urlTemplate":"https:\/\/www.sindmoveis.com.br\/es\/?s={search_term_string}"},"query-input":{"@type":"PropertyValueSpecification","valueRequired":true,"valueName":"search_term_string"}}],"inLanguage":"es"},{"@type":"Person","@id":"https:\/\/www.sindmoveis.com.br\/es\/#\/schema\/person\/16d379542db1950a17fe188179340d57","name":"Imprensa Sindm\u00f3veis","image":{"@type":"ImageObject","inLanguage":"es","@id":"https:\/\/www.sindmoveis.com.br\/es\/#\/schema\/person\/image\/","url":"https:\/\/secure.gravatar.com\/avatar\/4973e2e2c2a0cb5db30b0c7b770041b8e33d048a16b695a1f99c042449d4bfaf?s=96&d=mm&r=g","contentUrl":"https:\/\/secure.gravatar.com\/avatar\/4973e2e2c2a0cb5db30b0c7b770041b8e33d048a16b695a1f99c042449d4bfaf?s=96&d=mm&r=g","caption":"Imprensa Sindm\u00f3veis"},"url":"https:\/\/www.sindmoveis.com.br\/es\/author\/ana\/"}]}},"_links":{"self":[{"href":"https:\/\/www.sindmoveis.com.br\/es\/wp-json\/wp\/v2\/posts\/854","targetHints":{"allow":["GET"]}}],"collection":[{"href":"https:\/\/www.sindmoveis.com.br\/es\/wp-json\/wp\/v2\/posts"}],"about":[{"href":"https:\/\/www.sindmoveis.com.br\/es\/wp-json\/wp\/v2\/types\/post"}],"author":[{"embeddable":true,"href":"https:\/\/www.sindmoveis.com.br\/es\/wp-json\/wp\/v2\/users\/5"}],"replies":[{"embeddable":true,"href":"https:\/\/www.sindmoveis.com.br\/es\/wp-json\/wp\/v2\/comments?post=854"}],"version-history":[{"count":2,"href":"https:\/\/www.sindmoveis.com.br\/es\/wp-json\/wp\/v2\/posts\/854\/revisions"}],"predecessor-version":[{"id":3167,"href":"https:\/\/www.sindmoveis.com.br\/es\/wp-json\/wp\/v2\/posts\/854\/revisions\/3167"}],"wp:attachment":[{"href":"https:\/\/www.sindmoveis.com.br\/es\/wp-json\/wp\/v2\/media?parent=854"}],"wp:term":[{"taxonomy":"category","embeddable":true,"href":"https:\/\/www.sindmoveis.com.br\/es\/wp-json\/wp\/v2\/categories?post=854"},{"taxonomy":"post_tag","embeddable":true,"href":"https:\/\/www.sindmoveis.com.br\/es\/wp-json\/wp\/v2\/tags?post=854"}],"curies":[{"name":"wp","href":"https:\/\/api.w.org\/{rel}","templated":true}]}}