{"id":848,"date":"2011-11-28T00:00:00","date_gmt":"2011-11-28T02:00:00","guid":{"rendered":"http:\/\/sindmoveis.com.br\/imprensa\/noticias\/moveis-para-o-brasil-de-verdade\/"},"modified":"2021-05-26T10:24:56","modified_gmt":"2021-05-26T13:24:56","slug":"moveis-para-o-brasil-de-verdade","status":"publish","type":"post","link":"https:\/\/www.sindmoveis.com.br\/es\/moveis-para-o-brasil-de-verdade\/","title":{"rendered":"Muebles para el verdadero Brasil"},"content":{"rendered":"<p>La presencia de la nueva clase media brasile\u00f1a como factor importante en la vitalidad de la econom\u00eda nacional, por ser un fen\u00f3meno social reciente todav\u00eda no ha sido totalmente comprendida.\u00a0 Ella es formada en su mayor\u00eda, por personas que migraron de la clase D gracias a un c\u00edrculo virtuoso que tuvo su inicio con la mejor distribuci\u00f3n de renta, que por su vez caus\u00f3 el aumento del empleo formal y de la escolaridad. De 2002 a 2011, 800 mil personas de la clase D ingresaron en la ense\u00f1anza superior y, estad\u00edsticamente, se sabe que un a\u00f1o m\u00e1s de estudios representa un incremento de 15% en la renta. \u201cLa due\u00f1a de casa y el padre de familia cotidianamente deciden si es mejor comprar un arroz de primera calidad o un jab\u00f3n en polvo que realmente deje m\u00e1s blanco el uniforme de su hijo. El reto es hacer que la compra de muebles sea vista como prioridad en el universo de consumo de esa familia\u201d, apunta Meirelles.\u00a0 Hubo una democratizaci\u00f3n de las categor\u00edas de consumo, aumentando el rol de la canasta b\u00e1sica de la clase media. Por ello, la industria del mobiliario busca subsidios para acompa\u00f1ar esa demanda, que es bastante peculiar. Mientras las clases del tope de la pir\u00e1mide buscan personalizaci\u00f3n de la oferta, diferenciaci\u00f3n por medio del consumo y son menos fieles a las marcas, la poblaci\u00f3n emergente procura inclusi\u00f3n, pertenencia y ventajas concretas, siendo m\u00e1s fiel a las marcas que comprueben una relaci\u00f3n costo beneficio adecuada. Al contrario del sentido com\u00fan, no compran apenas por el precio, sino por considerar justo el valor cobrado por un producto o servicio. La nueva clase media brasile\u00f1a es m\u00e1s rica que 64% de la poblaci\u00f3n mundial y gasta 19.400 millones de reales por a\u00f1o apenas en la cadena del mobiliario. \u201cA cada R$ 100,00 gastados con muebles en Brasil, R$ 46,50 son de la clase C y R$ 19,90 de la clase D. Es para ese brasile\u00f1o que tenemos el desaf\u00edo de amueblar la casa\u201d, finaliza Renato Meirelles.<\/p>\n","protected":false},"excerpt":{"rendered":"<p>La presencia de la nueva clase media brasile\u00f1a como factor importante en la vitalidad de la econom\u00eda nacional, por ser un fen\u00f3meno social reciente todav\u00eda no ha sido totalmente comprendida.\u00a0&#8230;  <a class=\"excerpt-read-more\" href=\"https:\/\/www.sindmoveis.com.br\/es\/moveis-para-o-brasil-de-verdade\/\" title=\"Read Muebles para el verdadero Brasil\">Leia mais &raquo;<\/a><\/p>\n","protected":false},"author":5,"featured_media":0,"comment_status":"closed","ping_status":"open","sticky":false,"template":"","format":"standard","meta":{"footnotes":"","_links_to":"","_links_to_target":""},"categories":[2],"tags":[],"class_list":["post-848","post","type-post","status-publish","format-standard","hentry","category-sindmoveis"],"yoast_head":"<!-- This site is optimized with the Yoast SEO plugin v27.0 - https:\/\/yoast.com\/product\/yoast-seo-wordpress\/ -->\n<title>Muebles para el verdadero Brasil - Sindm\u00f3veis-RS<\/title>\n<meta name=\"robots\" content=\"index, follow, max-snippet:-1, max-image-preview:large, max-video-preview:-1\" \/>\n<link rel=\"canonical\" href=\"https:\/\/www.sindmoveis.com.br\/es\/moveis-para-o-brasil-de-verdade\/\" \/>\n<meta property=\"og:locale\" content=\"es_ES\" \/>\n<meta property=\"og:type\" content=\"article\" \/>\n<meta property=\"og:title\" content=\"Muebles para el verdadero Brasil - Sindm\u00f3veis-RS\" \/>\n<meta property=\"og:description\" content=\"La presencia de la nueva clase media brasile\u00f1a como factor importante en la vitalidad de la econom\u00eda nacional, por ser un fen\u00f3meno social reciente todav\u00eda no ha sido totalmente comprendida.\u00a0... Leia mais &raquo;\" \/>\n<meta property=\"og:url\" content=\"https:\/\/www.sindmoveis.com.br\/es\/moveis-para-o-brasil-de-verdade\/\" \/>\n<meta property=\"og:site_name\" content=\"Sindm\u00f3veis-RS\" \/>\n<meta property=\"article:published_time\" content=\"2011-11-28T02:00:00+00:00\" \/>\n<meta property=\"article:modified_time\" content=\"2021-05-26T13:24:56+00:00\" \/>\n<meta name=\"author\" content=\"Imprensa Sindm\u00f3veis\" \/>\n<meta name=\"twitter:card\" content=\"summary_large_image\" \/>\n<meta name=\"twitter:label1\" content=\"Escrito por\" \/>\n\t<meta name=\"twitter:data1\" content=\"Imprensa Sindm\u00f3veis\" \/>\n\t<meta name=\"twitter:label2\" content=\"Tiempo de lectura\" \/>\n\t<meta name=\"twitter:data2\" content=\"2 minutos\" \/>\n<script type=\"application\/ld+json\" class=\"yoast-schema-graph\">{\"@context\":\"https:\/\/schema.org\",\"@graph\":[{\"@type\":\"Article\",\"@id\":\"https:\/\/www.sindmoveis.com.br\/es\/moveis-para-o-brasil-de-verdade\/#article\",\"isPartOf\":{\"@id\":\"https:\/\/www.sindmoveis.com.br\/es\/moveis-para-o-brasil-de-verdade\/\"},\"author\":{\"name\":\"Imprensa Sindm\u00f3veis\",\"@id\":\"https:\/\/www.sindmoveis.com.br\/es\/#\/schema\/person\/16d379542db1950a17fe188179340d57\"},\"headline\":\"Muebles para el verdadero Brasil\",\"datePublished\":\"2011-11-28T02:00:00+00:00\",\"dateModified\":\"2021-05-26T13:24:56+00:00\",\"mainEntityOfPage\":{\"@id\":\"https:\/\/www.sindmoveis.com.br\/es\/moveis-para-o-brasil-de-verdade\/\"},\"wordCount\":364,\"articleSection\":[\"Sindm\u00f3veis\"],\"inLanguage\":\"es\"},{\"@type\":\"WebPage\",\"@id\":\"https:\/\/www.sindmoveis.com.br\/es\/moveis-para-o-brasil-de-verdade\/\",\"url\":\"https:\/\/www.sindmoveis.com.br\/es\/moveis-para-o-brasil-de-verdade\/\",\"name\":\"Muebles para el verdadero Brasil - Sindm\u00f3veis-RS\",\"isPartOf\":{\"@id\":\"https:\/\/www.sindmoveis.com.br\/es\/#website\"},\"datePublished\":\"2011-11-28T02:00:00+00:00\",\"dateModified\":\"2021-05-26T13:24:56+00:00\",\"author\":{\"@id\":\"https:\/\/www.sindmoveis.com.br\/es\/#\/schema\/person\/16d379542db1950a17fe188179340d57\"},\"inLanguage\":\"es\",\"potentialAction\":[{\"@type\":\"ReadAction\",\"target\":[\"https:\/\/www.sindmoveis.com.br\/es\/moveis-para-o-brasil-de-verdade\/\"]}]},{\"@type\":\"WebSite\",\"@id\":\"https:\/\/www.sindmoveis.com.br\/es\/#website\",\"url\":\"https:\/\/www.sindmoveis.com.br\/es\/\",\"name\":\"Sindm\u00f3veis-RS\",\"description\":\"\",\"potentialAction\":[{\"@type\":\"SearchAction\",\"target\":{\"@type\":\"EntryPoint\",\"urlTemplate\":\"https:\/\/www.sindmoveis.com.br\/es\/?s={search_term_string}\"},\"query-input\":{\"@type\":\"PropertyValueSpecification\",\"valueRequired\":true,\"valueName\":\"search_term_string\"}}],\"inLanguage\":\"es\"},{\"@type\":\"Person\",\"@id\":\"https:\/\/www.sindmoveis.com.br\/es\/#\/schema\/person\/16d379542db1950a17fe188179340d57\",\"name\":\"Imprensa Sindm\u00f3veis\",\"image\":{\"@type\":\"ImageObject\",\"inLanguage\":\"es\",\"@id\":\"https:\/\/www.sindmoveis.com.br\/es\/#\/schema\/person\/image\/\",\"url\":\"https:\/\/secure.gravatar.com\/avatar\/4973e2e2c2a0cb5db30b0c7b770041b8e33d048a16b695a1f99c042449d4bfaf?s=96&d=mm&r=g\",\"contentUrl\":\"https:\/\/secure.gravatar.com\/avatar\/4973e2e2c2a0cb5db30b0c7b770041b8e33d048a16b695a1f99c042449d4bfaf?s=96&d=mm&r=g\",\"caption\":\"Imprensa Sindm\u00f3veis\"},\"url\":\"https:\/\/www.sindmoveis.com.br\/es\/author\/ana\/\"}]}<\/script>\n<!-- \/ Yoast SEO plugin. -->","yoast_head_json":{"title":"Muebles para el verdadero Brasil - Sindm\u00f3veis-RS","robots":{"index":"index","follow":"follow","max-snippet":"max-snippet:-1","max-image-preview":"max-image-preview:large","max-video-preview":"max-video-preview:-1"},"canonical":"https:\/\/www.sindmoveis.com.br\/es\/moveis-para-o-brasil-de-verdade\/","og_locale":"es_ES","og_type":"article","og_title":"Muebles para el verdadero Brasil - Sindm\u00f3veis-RS","og_description":"La presencia de la nueva clase media brasile\u00f1a como factor importante en la vitalidad de la econom\u00eda nacional, por ser un fen\u00f3meno social reciente todav\u00eda no ha sido totalmente comprendida.\u00a0... Leia mais &raquo;","og_url":"https:\/\/www.sindmoveis.com.br\/es\/moveis-para-o-brasil-de-verdade\/","og_site_name":"Sindm\u00f3veis-RS","article_published_time":"2011-11-28T02:00:00+00:00","article_modified_time":"2021-05-26T13:24:56+00:00","author":"Imprensa Sindm\u00f3veis","twitter_card":"summary_large_image","twitter_misc":{"Escrito por":"Imprensa Sindm\u00f3veis","Tiempo de lectura":"2 minutos"},"schema":{"@context":"https:\/\/schema.org","@graph":[{"@type":"Article","@id":"https:\/\/www.sindmoveis.com.br\/es\/moveis-para-o-brasil-de-verdade\/#article","isPartOf":{"@id":"https:\/\/www.sindmoveis.com.br\/es\/moveis-para-o-brasil-de-verdade\/"},"author":{"name":"Imprensa Sindm\u00f3veis","@id":"https:\/\/www.sindmoveis.com.br\/es\/#\/schema\/person\/16d379542db1950a17fe188179340d57"},"headline":"Muebles para el verdadero Brasil","datePublished":"2011-11-28T02:00:00+00:00","dateModified":"2021-05-26T13:24:56+00:00","mainEntityOfPage":{"@id":"https:\/\/www.sindmoveis.com.br\/es\/moveis-para-o-brasil-de-verdade\/"},"wordCount":364,"articleSection":["Sindm\u00f3veis"],"inLanguage":"es"},{"@type":"WebPage","@id":"https:\/\/www.sindmoveis.com.br\/es\/moveis-para-o-brasil-de-verdade\/","url":"https:\/\/www.sindmoveis.com.br\/es\/moveis-para-o-brasil-de-verdade\/","name":"Muebles para el verdadero Brasil - Sindm\u00f3veis-RS","isPartOf":{"@id":"https:\/\/www.sindmoveis.com.br\/es\/#website"},"datePublished":"2011-11-28T02:00:00+00:00","dateModified":"2021-05-26T13:24:56+00:00","author":{"@id":"https:\/\/www.sindmoveis.com.br\/es\/#\/schema\/person\/16d379542db1950a17fe188179340d57"},"inLanguage":"es","potentialAction":[{"@type":"ReadAction","target":["https:\/\/www.sindmoveis.com.br\/es\/moveis-para-o-brasil-de-verdade\/"]}]},{"@type":"WebSite","@id":"https:\/\/www.sindmoveis.com.br\/es\/#website","url":"https:\/\/www.sindmoveis.com.br\/es\/","name":"Sindm\u00f3veis-RS","description":"","potentialAction":[{"@type":"SearchAction","target":{"@type":"EntryPoint","urlTemplate":"https:\/\/www.sindmoveis.com.br\/es\/?s={search_term_string}"},"query-input":{"@type":"PropertyValueSpecification","valueRequired":true,"valueName":"search_term_string"}}],"inLanguage":"es"},{"@type":"Person","@id":"https:\/\/www.sindmoveis.com.br\/es\/#\/schema\/person\/16d379542db1950a17fe188179340d57","name":"Imprensa Sindm\u00f3veis","image":{"@type":"ImageObject","inLanguage":"es","@id":"https:\/\/www.sindmoveis.com.br\/es\/#\/schema\/person\/image\/","url":"https:\/\/secure.gravatar.com\/avatar\/4973e2e2c2a0cb5db30b0c7b770041b8e33d048a16b695a1f99c042449d4bfaf?s=96&d=mm&r=g","contentUrl":"https:\/\/secure.gravatar.com\/avatar\/4973e2e2c2a0cb5db30b0c7b770041b8e33d048a16b695a1f99c042449d4bfaf?s=96&d=mm&r=g","caption":"Imprensa Sindm\u00f3veis"},"url":"https:\/\/www.sindmoveis.com.br\/es\/author\/ana\/"}]}},"_links":{"self":[{"href":"https:\/\/www.sindmoveis.com.br\/es\/wp-json\/wp\/v2\/posts\/848","targetHints":{"allow":["GET"]}}],"collection":[{"href":"https:\/\/www.sindmoveis.com.br\/es\/wp-json\/wp\/v2\/posts"}],"about":[{"href":"https:\/\/www.sindmoveis.com.br\/es\/wp-json\/wp\/v2\/types\/post"}],"author":[{"embeddable":true,"href":"https:\/\/www.sindmoveis.com.br\/es\/wp-json\/wp\/v2\/users\/5"}],"replies":[{"embeddable":true,"href":"https:\/\/www.sindmoveis.com.br\/es\/wp-json\/wp\/v2\/comments?post=848"}],"version-history":[{"count":2,"href":"https:\/\/www.sindmoveis.com.br\/es\/wp-json\/wp\/v2\/posts\/848\/revisions"}],"predecessor-version":[{"id":3162,"href":"https:\/\/www.sindmoveis.com.br\/es\/wp-json\/wp\/v2\/posts\/848\/revisions\/3162"}],"wp:attachment":[{"href":"https:\/\/www.sindmoveis.com.br\/es\/wp-json\/wp\/v2\/media?parent=848"}],"wp:term":[{"taxonomy":"category","embeddable":true,"href":"https:\/\/www.sindmoveis.com.br\/es\/wp-json\/wp\/v2\/categories?post=848"},{"taxonomy":"post_tag","embeddable":true,"href":"https:\/\/www.sindmoveis.com.br\/es\/wp-json\/wp\/v2\/tags?post=848"}],"curies":[{"name":"wp","href":"https:\/\/api.w.org\/{rel}","templated":true}]}}