{"id":846,"date":"2011-11-25T00:00:00","date_gmt":"2011-11-25T02:00:00","guid":{"rendered":"http:\/\/sindmoveis.com.br\/imprensa\/noticias\/sindmoveis-reune-expositores-da-movelsul-para-apresentar-nova-classe-media-brasileira\/"},"modified":"2021-05-26T10:31:44","modified_gmt":"2021-05-26T13:31:44","slug":"sindmoveis-reune-expositores-da-movelsul-para-apresentar-nova-classe-media-brasileira","status":"publish","type":"post","link":"https:\/\/www.sindmoveis.com.br\/es\/sindmoveis-reune-expositores-da-movelsul-para-apresentar-nova-classe-media-brasileira\/","title":{"rendered":"Sindm\u00f3veis re\u00fane expositores de Movelsul para presentar nueva clase media brasile\u00f1a"},"content":{"rendered":"<p>El Sindicato de las Industrias del Mobiliario de Bento Gon\u00e7alves \u2013 SINDM\u00d3VEIS, y el directorio de Movelsul van a reunir los expositores de la feria el pr\u00f3ximo d\u00eda 30, para una charla sobre la nueva clase media brasile\u00f1a y las demandas de este p\u00fablico para la industria del mobiliario. Movelsul 2012 se posiciona como la primera feria de muebles focalizada en la clase emergente, y ahora invierte en herramientas para entender qui\u00e9n es, de hecho, ese consumidor. Para dar la oportunidad de que los expositores obtengan buenos resultados, delante de un escenario en que la clase media tiene un poder de compra nunca visto antes, Sindm\u00f3veis promovi\u00f3 una encuesta profundizada sobre ese p\u00fablico, formado por 103 millones de personas, que consumieron 19 mil cuatrocientos millones en muebles en el a\u00f1o de 2011. El estudio ser\u00e1 repasado a los expositores por Renato Meirelles, director de Data Popular, empresa especializada en sondeos y consultor\u00eda sobre el comportamiento de la nueva clase media brasile\u00f1a. Data Popular act\u00faa desde hace 10 a\u00f1os con ese universo y cuenta con clientes como Alpargatas, BIC, Banco Ita\u00fa, Casas Bah\u00eda, C&#038;A, Coca-Cola, Danone, OI, Nestl\u00e9, Natura y Wal-Mart.<\/p>\n","protected":false},"excerpt":{"rendered":"<p>El Sindicato de las Industrias del Mobiliario de Bento Gon\u00e7alves \u2013 SINDM\u00d3VEIS, y el directorio de Movelsul van a reunir los expositores de la feria el pr\u00f3ximo d\u00eda 30, para&#8230;  <a class=\"excerpt-read-more\" href=\"https:\/\/www.sindmoveis.com.br\/es\/sindmoveis-reune-expositores-da-movelsul-para-apresentar-nova-classe-media-brasileira\/\" title=\"Read Sindm\u00f3veis re\u00fane expositores de Movelsul para presentar nueva clase media brasile\u00f1a\">Leia mais &raquo;<\/a><\/p>\n","protected":false},"author":5,"featured_media":0,"comment_status":"closed","ping_status":"open","sticky":false,"template":"","format":"standard","meta":{"footnotes":"","_links_to":"","_links_to_target":""},"categories":[23,2],"tags":[],"class_list":["post-846","post","type-post","status-publish","format-standard","hentry","category-movelsul","category-sindmoveis"],"yoast_head":"<!-- This site is optimized with the Yoast SEO plugin v27.0 - https:\/\/yoast.com\/product\/yoast-seo-wordpress\/ -->\n<title>Sindm\u00f3veis re\u00fane expositores de Movelsul para presentar nueva clase media brasile\u00f1a - Sindm\u00f3veis-RS<\/title>\n<meta name=\"robots\" content=\"index, follow, max-snippet:-1, max-image-preview:large, max-video-preview:-1\" \/>\n<link rel=\"canonical\" href=\"https:\/\/www.sindmoveis.com.br\/es\/sindmoveis-reune-expositores-da-movelsul-para-apresentar-nova-classe-media-brasileira\/\" \/>\n<meta property=\"og:locale\" content=\"es_ES\" \/>\n<meta property=\"og:type\" content=\"article\" \/>\n<meta property=\"og:title\" content=\"Sindm\u00f3veis re\u00fane expositores de Movelsul para presentar nueva clase media brasile\u00f1a - Sindm\u00f3veis-RS\" \/>\n<meta property=\"og:description\" content=\"El Sindicato de las Industrias del Mobiliario de Bento Gon\u00e7alves \u2013 SINDM\u00d3VEIS, y el directorio de Movelsul van a reunir los expositores de la feria el pr\u00f3ximo d\u00eda 30, para... Leia mais &raquo;\" \/>\n<meta property=\"og:url\" content=\"https:\/\/www.sindmoveis.com.br\/es\/sindmoveis-reune-expositores-da-movelsul-para-apresentar-nova-classe-media-brasileira\/\" \/>\n<meta property=\"og:site_name\" content=\"Sindm\u00f3veis-RS\" \/>\n<meta property=\"article:published_time\" content=\"2011-11-25T02:00:00+00:00\" \/>\n<meta property=\"article:modified_time\" content=\"2021-05-26T13:31:44+00:00\" \/>\n<meta name=\"author\" content=\"Imprensa Sindm\u00f3veis\" \/>\n<meta name=\"twitter:card\" content=\"summary_large_image\" \/>\n<meta name=\"twitter:label1\" content=\"Escrito por\" \/>\n\t<meta name=\"twitter:data1\" content=\"Imprensa Sindm\u00f3veis\" \/>\n\t<meta name=\"twitter:label2\" content=\"Tiempo de lectura\" \/>\n\t<meta name=\"twitter:data2\" content=\"1 minuto\" \/>\n<script type=\"application\/ld+json\" class=\"yoast-schema-graph\">{\"@context\":\"https:\/\/schema.org\",\"@graph\":[{\"@type\":\"Article\",\"@id\":\"https:\/\/www.sindmoveis.com.br\/es\/sindmoveis-reune-expositores-da-movelsul-para-apresentar-nova-classe-media-brasileira\/#article\",\"isPartOf\":{\"@id\":\"https:\/\/www.sindmoveis.com.br\/es\/sindmoveis-reune-expositores-da-movelsul-para-apresentar-nova-classe-media-brasileira\/\"},\"author\":{\"name\":\"Imprensa Sindm\u00f3veis\",\"@id\":\"https:\/\/www.sindmoveis.com.br\/es\/#\/schema\/person\/16d379542db1950a17fe188179340d57\"},\"headline\":\"Sindm\u00f3veis re\u00fane expositores de Movelsul para presentar nueva clase media brasile\u00f1a\",\"datePublished\":\"2011-11-25T02:00:00+00:00\",\"dateModified\":\"2021-05-26T13:31:44+00:00\",\"mainEntityOfPage\":{\"@id\":\"https:\/\/www.sindmoveis.com.br\/es\/sindmoveis-reune-expositores-da-movelsul-para-apresentar-nova-classe-media-brasileira\/\"},\"wordCount\":213,\"articleSection\":[\"Movelsul\",\"Sindm\u00f3veis\"],\"inLanguage\":\"es\"},{\"@type\":\"WebPage\",\"@id\":\"https:\/\/www.sindmoveis.com.br\/es\/sindmoveis-reune-expositores-da-movelsul-para-apresentar-nova-classe-media-brasileira\/\",\"url\":\"https:\/\/www.sindmoveis.com.br\/es\/sindmoveis-reune-expositores-da-movelsul-para-apresentar-nova-classe-media-brasileira\/\",\"name\":\"Sindm\u00f3veis re\u00fane expositores de Movelsul para presentar nueva clase media brasile\u00f1a - Sindm\u00f3veis-RS\",\"isPartOf\":{\"@id\":\"https:\/\/www.sindmoveis.com.br\/es\/#website\"},\"datePublished\":\"2011-11-25T02:00:00+00:00\",\"dateModified\":\"2021-05-26T13:31:44+00:00\",\"author\":{\"@id\":\"https:\/\/www.sindmoveis.com.br\/es\/#\/schema\/person\/16d379542db1950a17fe188179340d57\"},\"inLanguage\":\"es\",\"potentialAction\":[{\"@type\":\"ReadAction\",\"target\":[\"https:\/\/www.sindmoveis.com.br\/es\/sindmoveis-reune-expositores-da-movelsul-para-apresentar-nova-classe-media-brasileira\/\"]}]},{\"@type\":\"WebSite\",\"@id\":\"https:\/\/www.sindmoveis.com.br\/es\/#website\",\"url\":\"https:\/\/www.sindmoveis.com.br\/es\/\",\"name\":\"Sindm\u00f3veis-RS\",\"description\":\"\",\"potentialAction\":[{\"@type\":\"SearchAction\",\"target\":{\"@type\":\"EntryPoint\",\"urlTemplate\":\"https:\/\/www.sindmoveis.com.br\/es\/?s={search_term_string}\"},\"query-input\":{\"@type\":\"PropertyValueSpecification\",\"valueRequired\":true,\"valueName\":\"search_term_string\"}}],\"inLanguage\":\"es\"},{\"@type\":\"Person\",\"@id\":\"https:\/\/www.sindmoveis.com.br\/es\/#\/schema\/person\/16d379542db1950a17fe188179340d57\",\"name\":\"Imprensa Sindm\u00f3veis\",\"image\":{\"@type\":\"ImageObject\",\"inLanguage\":\"es\",\"@id\":\"https:\/\/www.sindmoveis.com.br\/es\/#\/schema\/person\/image\/\",\"url\":\"https:\/\/secure.gravatar.com\/avatar\/4973e2e2c2a0cb5db30b0c7b770041b8e33d048a16b695a1f99c042449d4bfaf?s=96&d=mm&r=g\",\"contentUrl\":\"https:\/\/secure.gravatar.com\/avatar\/4973e2e2c2a0cb5db30b0c7b770041b8e33d048a16b695a1f99c042449d4bfaf?s=96&d=mm&r=g\",\"caption\":\"Imprensa Sindm\u00f3veis\"},\"url\":\"https:\/\/www.sindmoveis.com.br\/es\/author\/ana\/\"}]}<\/script>\n<!-- \/ Yoast SEO plugin. -->","yoast_head_json":{"title":"Sindm\u00f3veis re\u00fane expositores de Movelsul para presentar nueva clase media brasile\u00f1a - Sindm\u00f3veis-RS","robots":{"index":"index","follow":"follow","max-snippet":"max-snippet:-1","max-image-preview":"max-image-preview:large","max-video-preview":"max-video-preview:-1"},"canonical":"https:\/\/www.sindmoveis.com.br\/es\/sindmoveis-reune-expositores-da-movelsul-para-apresentar-nova-classe-media-brasileira\/","og_locale":"es_ES","og_type":"article","og_title":"Sindm\u00f3veis re\u00fane expositores de Movelsul para presentar nueva clase media brasile\u00f1a - Sindm\u00f3veis-RS","og_description":"El Sindicato de las Industrias del Mobiliario de Bento Gon\u00e7alves \u2013 SINDM\u00d3VEIS, y el directorio de Movelsul van a reunir los expositores de la feria el pr\u00f3ximo d\u00eda 30, para... Leia mais &raquo;","og_url":"https:\/\/www.sindmoveis.com.br\/es\/sindmoveis-reune-expositores-da-movelsul-para-apresentar-nova-classe-media-brasileira\/","og_site_name":"Sindm\u00f3veis-RS","article_published_time":"2011-11-25T02:00:00+00:00","article_modified_time":"2021-05-26T13:31:44+00:00","author":"Imprensa Sindm\u00f3veis","twitter_card":"summary_large_image","twitter_misc":{"Escrito por":"Imprensa Sindm\u00f3veis","Tiempo de lectura":"1 minuto"},"schema":{"@context":"https:\/\/schema.org","@graph":[{"@type":"Article","@id":"https:\/\/www.sindmoveis.com.br\/es\/sindmoveis-reune-expositores-da-movelsul-para-apresentar-nova-classe-media-brasileira\/#article","isPartOf":{"@id":"https:\/\/www.sindmoveis.com.br\/es\/sindmoveis-reune-expositores-da-movelsul-para-apresentar-nova-classe-media-brasileira\/"},"author":{"name":"Imprensa Sindm\u00f3veis","@id":"https:\/\/www.sindmoveis.com.br\/es\/#\/schema\/person\/16d379542db1950a17fe188179340d57"},"headline":"Sindm\u00f3veis re\u00fane expositores de Movelsul para presentar nueva clase media brasile\u00f1a","datePublished":"2011-11-25T02:00:00+00:00","dateModified":"2021-05-26T13:31:44+00:00","mainEntityOfPage":{"@id":"https:\/\/www.sindmoveis.com.br\/es\/sindmoveis-reune-expositores-da-movelsul-para-apresentar-nova-classe-media-brasileira\/"},"wordCount":213,"articleSection":["Movelsul","Sindm\u00f3veis"],"inLanguage":"es"},{"@type":"WebPage","@id":"https:\/\/www.sindmoveis.com.br\/es\/sindmoveis-reune-expositores-da-movelsul-para-apresentar-nova-classe-media-brasileira\/","url":"https:\/\/www.sindmoveis.com.br\/es\/sindmoveis-reune-expositores-da-movelsul-para-apresentar-nova-classe-media-brasileira\/","name":"Sindm\u00f3veis re\u00fane expositores de Movelsul para presentar nueva clase media brasile\u00f1a - Sindm\u00f3veis-RS","isPartOf":{"@id":"https:\/\/www.sindmoveis.com.br\/es\/#website"},"datePublished":"2011-11-25T02:00:00+00:00","dateModified":"2021-05-26T13:31:44+00:00","author":{"@id":"https:\/\/www.sindmoveis.com.br\/es\/#\/schema\/person\/16d379542db1950a17fe188179340d57"},"inLanguage":"es","potentialAction":[{"@type":"ReadAction","target":["https:\/\/www.sindmoveis.com.br\/es\/sindmoveis-reune-expositores-da-movelsul-para-apresentar-nova-classe-media-brasileira\/"]}]},{"@type":"WebSite","@id":"https:\/\/www.sindmoveis.com.br\/es\/#website","url":"https:\/\/www.sindmoveis.com.br\/es\/","name":"Sindm\u00f3veis-RS","description":"","potentialAction":[{"@type":"SearchAction","target":{"@type":"EntryPoint","urlTemplate":"https:\/\/www.sindmoveis.com.br\/es\/?s={search_term_string}"},"query-input":{"@type":"PropertyValueSpecification","valueRequired":true,"valueName":"search_term_string"}}],"inLanguage":"es"},{"@type":"Person","@id":"https:\/\/www.sindmoveis.com.br\/es\/#\/schema\/person\/16d379542db1950a17fe188179340d57","name":"Imprensa Sindm\u00f3veis","image":{"@type":"ImageObject","inLanguage":"es","@id":"https:\/\/www.sindmoveis.com.br\/es\/#\/schema\/person\/image\/","url":"https:\/\/secure.gravatar.com\/avatar\/4973e2e2c2a0cb5db30b0c7b770041b8e33d048a16b695a1f99c042449d4bfaf?s=96&d=mm&r=g","contentUrl":"https:\/\/secure.gravatar.com\/avatar\/4973e2e2c2a0cb5db30b0c7b770041b8e33d048a16b695a1f99c042449d4bfaf?s=96&d=mm&r=g","caption":"Imprensa Sindm\u00f3veis"},"url":"https:\/\/www.sindmoveis.com.br\/es\/author\/ana\/"}]}},"_links":{"self":[{"href":"https:\/\/www.sindmoveis.com.br\/es\/wp-json\/wp\/v2\/posts\/846","targetHints":{"allow":["GET"]}}],"collection":[{"href":"https:\/\/www.sindmoveis.com.br\/es\/wp-json\/wp\/v2\/posts"}],"about":[{"href":"https:\/\/www.sindmoveis.com.br\/es\/wp-json\/wp\/v2\/types\/post"}],"author":[{"embeddable":true,"href":"https:\/\/www.sindmoveis.com.br\/es\/wp-json\/wp\/v2\/users\/5"}],"replies":[{"embeddable":true,"href":"https:\/\/www.sindmoveis.com.br\/es\/wp-json\/wp\/v2\/comments?post=846"}],"version-history":[{"count":2,"href":"https:\/\/www.sindmoveis.com.br\/es\/wp-json\/wp\/v2\/posts\/846\/revisions"}],"predecessor-version":[{"id":3160,"href":"https:\/\/www.sindmoveis.com.br\/es\/wp-json\/wp\/v2\/posts\/846\/revisions\/3160"}],"wp:attachment":[{"href":"https:\/\/www.sindmoveis.com.br\/es\/wp-json\/wp\/v2\/media?parent=846"}],"wp:term":[{"taxonomy":"category","embeddable":true,"href":"https:\/\/www.sindmoveis.com.br\/es\/wp-json\/wp\/v2\/categories?post=846"},{"taxonomy":"post_tag","embeddable":true,"href":"https:\/\/www.sindmoveis.com.br\/es\/wp-json\/wp\/v2\/tags?post=846"}],"curies":[{"name":"wp","href":"https:\/\/api.w.org\/{rel}","templated":true}]}}