{"id":843,"date":"2011-11-23T00:00:00","date_gmt":"2011-11-23T02:00:00","guid":{"rendered":"http:\/\/sindmoveis.com.br\/imprensa\/noticias\/catia-scarton-e-eleita-presidente-do-sindmoveis\/"},"modified":"2021-05-26T10:24:56","modified_gmt":"2021-05-26T13:24:56","slug":"catia-scarton-e-eleita-presidente-do-sindmoveis","status":"publish","type":"post","link":"https:\/\/www.sindmoveis.com.br\/es\/catia-scarton-e-eleita-presidente-do-sindmoveis\/","title":{"rendered":"C\u00e1tia Scarton es electa presidente de Sindm\u00f3veis"},"content":{"rendered":"<p>El Sindicato de las Industrias del Mobiliario de Bento Gon\u00e7alves (Sindm\u00f3veis) acaba de elegir su primera presidente. Natural de Bento Gon\u00e7alves, C\u00e1tia Scarton fue escogida, en la noche del \u00faltimo d\u00eda 22 de noviembre, para el bienio 2012\/2013, con la tarea de comandar y promover el pujante sector del mobiliario del polo de Bento Gon\u00e7alves. Directora comercial, de marketing y de finanzas de la empresa Prima Design, C\u00e1tia Scarton tiene una larga trayectoria dentro de Sindm\u00f3veis. Desde el a\u00f1o 2000, cuando asumi\u00f3 el cargo de vicedirectora\u00a0\u00a0 de Marketing de Movelsul, su envolvimiento con el Sindicato siempre fue muy efectivo. Actualmente, ejerce la funci\u00f3n de Directora de Relaciones con el Mercado en Sindm\u00f3veis, Casa Brasil y Movelsul. Con un curr\u00edculo que causa admiraci\u00f3n, aunado adem\u00e1s al \u00edmpetu de su juventud y la\u00a0 experiencia de a\u00f1os en el sector, la nueva presidente de Sindm\u00f3veis, tendr\u00e1 grandes desaf\u00edos por delante en los pr\u00f3ximos dos a\u00f1os. El primero de ellos ser\u00e1 la organizaci\u00f3n y promoci\u00f3n de la 18\u00aa edici\u00f3n da Movelsul, marcada para marzo de 2012.<\/p>\n","protected":false},"excerpt":{"rendered":"<p>El Sindicato de las Industrias del Mobiliario de Bento Gon\u00e7alves (Sindm\u00f3veis) acaba de elegir su primera presidente. Natural de Bento Gon\u00e7alves, C\u00e1tia Scarton fue escogida, en la noche del \u00faltimo&#8230;  <a class=\"excerpt-read-more\" href=\"https:\/\/www.sindmoveis.com.br\/es\/catia-scarton-e-eleita-presidente-do-sindmoveis\/\" title=\"Read C\u00e1tia Scarton es electa presidente de Sindm\u00f3veis\">Leia mais &raquo;<\/a><\/p>\n","protected":false},"author":5,"featured_media":0,"comment_status":"closed","ping_status":"open","sticky":false,"template":"","format":"standard","meta":{"footnotes":"","_links_to":"","_links_to_target":""},"categories":[2],"tags":[],"class_list":["post-843","post","type-post","status-publish","format-standard","hentry","category-sindmoveis"],"yoast_head":"<!-- This site is optimized with the Yoast SEO plugin v27.0 - https:\/\/yoast.com\/product\/yoast-seo-wordpress\/ -->\n<title>C\u00e1tia Scarton es electa presidente de Sindm\u00f3veis - Sindm\u00f3veis-RS<\/title>\n<meta name=\"robots\" content=\"index, follow, max-snippet:-1, max-image-preview:large, max-video-preview:-1\" \/>\n<link rel=\"canonical\" href=\"https:\/\/www.sindmoveis.com.br\/es\/catia-scarton-e-eleita-presidente-do-sindmoveis\/\" \/>\n<meta property=\"og:locale\" content=\"es_ES\" \/>\n<meta property=\"og:type\" content=\"article\" \/>\n<meta property=\"og:title\" content=\"C\u00e1tia Scarton es electa presidente de Sindm\u00f3veis - Sindm\u00f3veis-RS\" \/>\n<meta property=\"og:description\" content=\"El Sindicato de las Industrias del Mobiliario de Bento Gon\u00e7alves (Sindm\u00f3veis) acaba de elegir su primera presidente. Natural de Bento Gon\u00e7alves, C\u00e1tia Scarton fue escogida, en la noche del \u00faltimo... Leia mais &raquo;\" \/>\n<meta property=\"og:url\" content=\"https:\/\/www.sindmoveis.com.br\/es\/catia-scarton-e-eleita-presidente-do-sindmoveis\/\" \/>\n<meta property=\"og:site_name\" content=\"Sindm\u00f3veis-RS\" \/>\n<meta property=\"article:published_time\" content=\"2011-11-23T02:00:00+00:00\" \/>\n<meta property=\"article:modified_time\" content=\"2021-05-26T13:24:56+00:00\" \/>\n<meta name=\"author\" content=\"Imprensa Sindm\u00f3veis\" \/>\n<meta name=\"twitter:card\" content=\"summary_large_image\" \/>\n<meta name=\"twitter:label1\" content=\"Escrito por\" \/>\n\t<meta name=\"twitter:data1\" content=\"Imprensa Sindm\u00f3veis\" \/>\n\t<meta name=\"twitter:label2\" content=\"Tiempo de lectura\" \/>\n\t<meta name=\"twitter:data2\" content=\"1 minuto\" \/>\n<script type=\"application\/ld+json\" class=\"yoast-schema-graph\">{\"@context\":\"https:\/\/schema.org\",\"@graph\":[{\"@type\":\"Article\",\"@id\":\"https:\/\/www.sindmoveis.com.br\/es\/catia-scarton-e-eleita-presidente-do-sindmoveis\/#article\",\"isPartOf\":{\"@id\":\"https:\/\/www.sindmoveis.com.br\/es\/catia-scarton-e-eleita-presidente-do-sindmoveis\/\"},\"author\":{\"name\":\"Imprensa Sindm\u00f3veis\",\"@id\":\"https:\/\/www.sindmoveis.com.br\/es\/#\/schema\/person\/16d379542db1950a17fe188179340d57\"},\"headline\":\"C\u00e1tia Scarton es electa presidente de Sindm\u00f3veis\",\"datePublished\":\"2011-11-23T02:00:00+00:00\",\"dateModified\":\"2021-05-26T13:24:56+00:00\",\"mainEntityOfPage\":{\"@id\":\"https:\/\/www.sindmoveis.com.br\/es\/catia-scarton-e-eleita-presidente-do-sindmoveis\/\"},\"wordCount\":198,\"articleSection\":[\"Sindm\u00f3veis\"],\"inLanguage\":\"es\"},{\"@type\":\"WebPage\",\"@id\":\"https:\/\/www.sindmoveis.com.br\/es\/catia-scarton-e-eleita-presidente-do-sindmoveis\/\",\"url\":\"https:\/\/www.sindmoveis.com.br\/es\/catia-scarton-e-eleita-presidente-do-sindmoveis\/\",\"name\":\"C\u00e1tia Scarton es electa presidente de Sindm\u00f3veis - Sindm\u00f3veis-RS\",\"isPartOf\":{\"@id\":\"https:\/\/www.sindmoveis.com.br\/es\/#website\"},\"datePublished\":\"2011-11-23T02:00:00+00:00\",\"dateModified\":\"2021-05-26T13:24:56+00:00\",\"author\":{\"@id\":\"https:\/\/www.sindmoveis.com.br\/es\/#\/schema\/person\/16d379542db1950a17fe188179340d57\"},\"inLanguage\":\"es\",\"potentialAction\":[{\"@type\":\"ReadAction\",\"target\":[\"https:\/\/www.sindmoveis.com.br\/es\/catia-scarton-e-eleita-presidente-do-sindmoveis\/\"]}]},{\"@type\":\"WebSite\",\"@id\":\"https:\/\/www.sindmoveis.com.br\/es\/#website\",\"url\":\"https:\/\/www.sindmoveis.com.br\/es\/\",\"name\":\"Sindm\u00f3veis-RS\",\"description\":\"\",\"potentialAction\":[{\"@type\":\"SearchAction\",\"target\":{\"@type\":\"EntryPoint\",\"urlTemplate\":\"https:\/\/www.sindmoveis.com.br\/es\/?s={search_term_string}\"},\"query-input\":{\"@type\":\"PropertyValueSpecification\",\"valueRequired\":true,\"valueName\":\"search_term_string\"}}],\"inLanguage\":\"es\"},{\"@type\":\"Person\",\"@id\":\"https:\/\/www.sindmoveis.com.br\/es\/#\/schema\/person\/16d379542db1950a17fe188179340d57\",\"name\":\"Imprensa Sindm\u00f3veis\",\"image\":{\"@type\":\"ImageObject\",\"inLanguage\":\"es\",\"@id\":\"https:\/\/www.sindmoveis.com.br\/es\/#\/schema\/person\/image\/\",\"url\":\"https:\/\/secure.gravatar.com\/avatar\/4973e2e2c2a0cb5db30b0c7b770041b8e33d048a16b695a1f99c042449d4bfaf?s=96&d=mm&r=g\",\"contentUrl\":\"https:\/\/secure.gravatar.com\/avatar\/4973e2e2c2a0cb5db30b0c7b770041b8e33d048a16b695a1f99c042449d4bfaf?s=96&d=mm&r=g\",\"caption\":\"Imprensa Sindm\u00f3veis\"},\"url\":\"https:\/\/www.sindmoveis.com.br\/es\/author\/ana\/\"}]}<\/script>\n<!-- \/ Yoast SEO plugin. -->","yoast_head_json":{"title":"C\u00e1tia Scarton es electa presidente de Sindm\u00f3veis - Sindm\u00f3veis-RS","robots":{"index":"index","follow":"follow","max-snippet":"max-snippet:-1","max-image-preview":"max-image-preview:large","max-video-preview":"max-video-preview:-1"},"canonical":"https:\/\/www.sindmoveis.com.br\/es\/catia-scarton-e-eleita-presidente-do-sindmoveis\/","og_locale":"es_ES","og_type":"article","og_title":"C\u00e1tia Scarton es electa presidente de Sindm\u00f3veis - Sindm\u00f3veis-RS","og_description":"El Sindicato de las Industrias del Mobiliario de Bento Gon\u00e7alves (Sindm\u00f3veis) acaba de elegir su primera presidente. Natural de Bento Gon\u00e7alves, C\u00e1tia Scarton fue escogida, en la noche del \u00faltimo... Leia mais &raquo;","og_url":"https:\/\/www.sindmoveis.com.br\/es\/catia-scarton-e-eleita-presidente-do-sindmoveis\/","og_site_name":"Sindm\u00f3veis-RS","article_published_time":"2011-11-23T02:00:00+00:00","article_modified_time":"2021-05-26T13:24:56+00:00","author":"Imprensa Sindm\u00f3veis","twitter_card":"summary_large_image","twitter_misc":{"Escrito por":"Imprensa Sindm\u00f3veis","Tiempo de lectura":"1 minuto"},"schema":{"@context":"https:\/\/schema.org","@graph":[{"@type":"Article","@id":"https:\/\/www.sindmoveis.com.br\/es\/catia-scarton-e-eleita-presidente-do-sindmoveis\/#article","isPartOf":{"@id":"https:\/\/www.sindmoveis.com.br\/es\/catia-scarton-e-eleita-presidente-do-sindmoveis\/"},"author":{"name":"Imprensa Sindm\u00f3veis","@id":"https:\/\/www.sindmoveis.com.br\/es\/#\/schema\/person\/16d379542db1950a17fe188179340d57"},"headline":"C\u00e1tia Scarton es electa presidente de Sindm\u00f3veis","datePublished":"2011-11-23T02:00:00+00:00","dateModified":"2021-05-26T13:24:56+00:00","mainEntityOfPage":{"@id":"https:\/\/www.sindmoveis.com.br\/es\/catia-scarton-e-eleita-presidente-do-sindmoveis\/"},"wordCount":198,"articleSection":["Sindm\u00f3veis"],"inLanguage":"es"},{"@type":"WebPage","@id":"https:\/\/www.sindmoveis.com.br\/es\/catia-scarton-e-eleita-presidente-do-sindmoveis\/","url":"https:\/\/www.sindmoveis.com.br\/es\/catia-scarton-e-eleita-presidente-do-sindmoveis\/","name":"C\u00e1tia Scarton es electa presidente de Sindm\u00f3veis - Sindm\u00f3veis-RS","isPartOf":{"@id":"https:\/\/www.sindmoveis.com.br\/es\/#website"},"datePublished":"2011-11-23T02:00:00+00:00","dateModified":"2021-05-26T13:24:56+00:00","author":{"@id":"https:\/\/www.sindmoveis.com.br\/es\/#\/schema\/person\/16d379542db1950a17fe188179340d57"},"inLanguage":"es","potentialAction":[{"@type":"ReadAction","target":["https:\/\/www.sindmoveis.com.br\/es\/catia-scarton-e-eleita-presidente-do-sindmoveis\/"]}]},{"@type":"WebSite","@id":"https:\/\/www.sindmoveis.com.br\/es\/#website","url":"https:\/\/www.sindmoveis.com.br\/es\/","name":"Sindm\u00f3veis-RS","description":"","potentialAction":[{"@type":"SearchAction","target":{"@type":"EntryPoint","urlTemplate":"https:\/\/www.sindmoveis.com.br\/es\/?s={search_term_string}"},"query-input":{"@type":"PropertyValueSpecification","valueRequired":true,"valueName":"search_term_string"}}],"inLanguage":"es"},{"@type":"Person","@id":"https:\/\/www.sindmoveis.com.br\/es\/#\/schema\/person\/16d379542db1950a17fe188179340d57","name":"Imprensa Sindm\u00f3veis","image":{"@type":"ImageObject","inLanguage":"es","@id":"https:\/\/www.sindmoveis.com.br\/es\/#\/schema\/person\/image\/","url":"https:\/\/secure.gravatar.com\/avatar\/4973e2e2c2a0cb5db30b0c7b770041b8e33d048a16b695a1f99c042449d4bfaf?s=96&d=mm&r=g","contentUrl":"https:\/\/secure.gravatar.com\/avatar\/4973e2e2c2a0cb5db30b0c7b770041b8e33d048a16b695a1f99c042449d4bfaf?s=96&d=mm&r=g","caption":"Imprensa Sindm\u00f3veis"},"url":"https:\/\/www.sindmoveis.com.br\/es\/author\/ana\/"}]}},"_links":{"self":[{"href":"https:\/\/www.sindmoveis.com.br\/es\/wp-json\/wp\/v2\/posts\/843","targetHints":{"allow":["GET"]}}],"collection":[{"href":"https:\/\/www.sindmoveis.com.br\/es\/wp-json\/wp\/v2\/posts"}],"about":[{"href":"https:\/\/www.sindmoveis.com.br\/es\/wp-json\/wp\/v2\/types\/post"}],"author":[{"embeddable":true,"href":"https:\/\/www.sindmoveis.com.br\/es\/wp-json\/wp\/v2\/users\/5"}],"replies":[{"embeddable":true,"href":"https:\/\/www.sindmoveis.com.br\/es\/wp-json\/wp\/v2\/comments?post=843"}],"version-history":[{"count":2,"href":"https:\/\/www.sindmoveis.com.br\/es\/wp-json\/wp\/v2\/posts\/843\/revisions"}],"predecessor-version":[{"id":3157,"href":"https:\/\/www.sindmoveis.com.br\/es\/wp-json\/wp\/v2\/posts\/843\/revisions\/3157"}],"wp:attachment":[{"href":"https:\/\/www.sindmoveis.com.br\/es\/wp-json\/wp\/v2\/media?parent=843"}],"wp:term":[{"taxonomy":"category","embeddable":true,"href":"https:\/\/www.sindmoveis.com.br\/es\/wp-json\/wp\/v2\/categories?post=843"},{"taxonomy":"post_tag","embeddable":true,"href":"https:\/\/www.sindmoveis.com.br\/es\/wp-json\/wp\/v2\/tags?post=843"}],"curies":[{"name":"wp","href":"https:\/\/api.w.org\/{rel}","templated":true}]}}