{"id":838,"date":"2011-11-09T00:00:00","date_gmt":"2011-11-09T02:00:00","guid":{"rendered":"http:\/\/sindmoveis.com.br\/imprensa\/noticias\/data-popular-contribui-com-o-planejamento-da-movelsul-brasil-2012\/"},"modified":"2021-05-26T10:31:44","modified_gmt":"2021-05-26T13:31:44","slug":"data-popular-contribui-com-o-planejamento-da-movelsul-brasil-2012","status":"publish","type":"post","link":"https:\/\/www.sindmoveis.com.br\/es\/data-popular-contribui-com-o-planejamento-da-movelsul-brasil-2012\/","title":{"rendered":"Data Popular contribuye con la planificaci\u00f3n de Movelsul Brasil 2012"},"content":{"rendered":"<p>Movelsul Brasil, en la edici\u00f3n de 2012, se posiciona como la primera feria de muebles con enfoque en la nueva clase media brasile\u00f1a, e invierte en herramientas para entender qui\u00e9n es en realidad ese consumidor. Para auxiliar el expositor en la concepci\u00f3n de productos que satisfagan\u00a0 la creciente demanda, Sindm\u00f3veis cuenta con la expertise\u00a0 de Data Popular, empresa especializada en sondeos y consultor\u00eda sobre el comportamiento de la nueva clase media. El objetivo es conocer el perfil de la vivienda y mobiliario de las familias con renta per capita entre R$ 350 y R$ 1.300 mensuales, adem\u00e1s de las peculiaridades presentes en cada regi\u00f3n del pa\u00eds. \u201cNadie ser\u00e1 l\u00edder de mercado si no logra conquistar el coraz\u00f3n, la mente y el bolsillo de la nueva clase media brasile\u00f1a\u201d, resalta el director de Data Popular, Renato Meirelles, que act\u00faa desde hace 10 a\u00f1os en las \u00e1reas de sondeo y consultor\u00eda volcadas a ese universo.<\/p>\n","protected":false},"excerpt":{"rendered":"<p>Movelsul Brasil, en la edici\u00f3n de 2012, se posiciona como la primera feria de muebles con enfoque en la nueva clase media brasile\u00f1a, e invierte en herramientas para entender qui\u00e9n&#8230;  <a class=\"excerpt-read-more\" href=\"https:\/\/www.sindmoveis.com.br\/es\/data-popular-contribui-com-o-planejamento-da-movelsul-brasil-2012\/\" title=\"Read Data Popular contribuye con la planificaci\u00f3n de Movelsul Brasil 2012\">Leia mais &raquo;<\/a><\/p>\n","protected":false},"author":5,"featured_media":0,"comment_status":"closed","ping_status":"open","sticky":false,"template":"","format":"standard","meta":{"footnotes":"","_links_to":"","_links_to_target":""},"categories":[23,2],"tags":[],"class_list":["post-838","post","type-post","status-publish","format-standard","hentry","category-movelsul","category-sindmoveis"],"yoast_head":"<!-- This site is optimized with the Yoast SEO plugin v27.0 - https:\/\/yoast.com\/product\/yoast-seo-wordpress\/ -->\n<title>Data Popular contribuye con la planificaci\u00f3n de Movelsul Brasil 2012 - Sindm\u00f3veis-RS<\/title>\n<meta name=\"robots\" content=\"index, follow, max-snippet:-1, max-image-preview:large, max-video-preview:-1\" \/>\n<link rel=\"canonical\" href=\"https:\/\/www.sindmoveis.com.br\/es\/data-popular-contribui-com-o-planejamento-da-movelsul-brasil-2012\/\" \/>\n<meta property=\"og:locale\" content=\"es_ES\" \/>\n<meta property=\"og:type\" content=\"article\" \/>\n<meta property=\"og:title\" content=\"Data Popular contribuye con la planificaci\u00f3n de Movelsul Brasil 2012 - Sindm\u00f3veis-RS\" \/>\n<meta property=\"og:description\" content=\"Movelsul Brasil, en la edici\u00f3n de 2012, se posiciona como la primera feria de muebles con enfoque en la nueva clase media brasile\u00f1a, e invierte en herramientas para entender qui\u00e9n... Leia mais &raquo;\" \/>\n<meta property=\"og:url\" content=\"https:\/\/www.sindmoveis.com.br\/es\/data-popular-contribui-com-o-planejamento-da-movelsul-brasil-2012\/\" \/>\n<meta property=\"og:site_name\" content=\"Sindm\u00f3veis-RS\" \/>\n<meta property=\"article:published_time\" content=\"2011-11-09T02:00:00+00:00\" \/>\n<meta property=\"article:modified_time\" content=\"2021-05-26T13:31:44+00:00\" \/>\n<meta name=\"author\" content=\"Imprensa Sindm\u00f3veis\" \/>\n<meta name=\"twitter:card\" content=\"summary_large_image\" \/>\n<meta name=\"twitter:label1\" content=\"Escrito por\" \/>\n\t<meta name=\"twitter:data1\" content=\"Imprensa Sindm\u00f3veis\" \/>\n\t<meta name=\"twitter:label2\" content=\"Tiempo de lectura\" \/>\n\t<meta name=\"twitter:data2\" content=\"1 minuto\" \/>\n<script type=\"application\/ld+json\" class=\"yoast-schema-graph\">{\"@context\":\"https:\/\/schema.org\",\"@graph\":[{\"@type\":\"Article\",\"@id\":\"https:\/\/www.sindmoveis.com.br\/es\/data-popular-contribui-com-o-planejamento-da-movelsul-brasil-2012\/#article\",\"isPartOf\":{\"@id\":\"https:\/\/www.sindmoveis.com.br\/es\/data-popular-contribui-com-o-planejamento-da-movelsul-brasil-2012\/\"},\"author\":{\"name\":\"Imprensa Sindm\u00f3veis\",\"@id\":\"https:\/\/www.sindmoveis.com.br\/es\/#\/schema\/person\/16d379542db1950a17fe188179340d57\"},\"headline\":\"Data Popular contribuye con la planificaci\u00f3n de Movelsul Brasil 2012\",\"datePublished\":\"2011-11-09T02:00:00+00:00\",\"dateModified\":\"2021-05-26T13:31:44+00:00\",\"mainEntityOfPage\":{\"@id\":\"https:\/\/www.sindmoveis.com.br\/es\/data-popular-contribui-com-o-planejamento-da-movelsul-brasil-2012\/\"},\"wordCount\":174,\"articleSection\":[\"Movelsul\",\"Sindm\u00f3veis\"],\"inLanguage\":\"es\"},{\"@type\":\"WebPage\",\"@id\":\"https:\/\/www.sindmoveis.com.br\/es\/data-popular-contribui-com-o-planejamento-da-movelsul-brasil-2012\/\",\"url\":\"https:\/\/www.sindmoveis.com.br\/es\/data-popular-contribui-com-o-planejamento-da-movelsul-brasil-2012\/\",\"name\":\"Data Popular contribuye con la planificaci\u00f3n de Movelsul Brasil 2012 - Sindm\u00f3veis-RS\",\"isPartOf\":{\"@id\":\"https:\/\/www.sindmoveis.com.br\/es\/#website\"},\"datePublished\":\"2011-11-09T02:00:00+00:00\",\"dateModified\":\"2021-05-26T13:31:44+00:00\",\"author\":{\"@id\":\"https:\/\/www.sindmoveis.com.br\/es\/#\/schema\/person\/16d379542db1950a17fe188179340d57\"},\"inLanguage\":\"es\",\"potentialAction\":[{\"@type\":\"ReadAction\",\"target\":[\"https:\/\/www.sindmoveis.com.br\/es\/data-popular-contribui-com-o-planejamento-da-movelsul-brasil-2012\/\"]}]},{\"@type\":\"WebSite\",\"@id\":\"https:\/\/www.sindmoveis.com.br\/es\/#website\",\"url\":\"https:\/\/www.sindmoveis.com.br\/es\/\",\"name\":\"Sindm\u00f3veis-RS\",\"description\":\"\",\"potentialAction\":[{\"@type\":\"SearchAction\",\"target\":{\"@type\":\"EntryPoint\",\"urlTemplate\":\"https:\/\/www.sindmoveis.com.br\/es\/?s={search_term_string}\"},\"query-input\":{\"@type\":\"PropertyValueSpecification\",\"valueRequired\":true,\"valueName\":\"search_term_string\"}}],\"inLanguage\":\"es\"},{\"@type\":\"Person\",\"@id\":\"https:\/\/www.sindmoveis.com.br\/es\/#\/schema\/person\/16d379542db1950a17fe188179340d57\",\"name\":\"Imprensa Sindm\u00f3veis\",\"image\":{\"@type\":\"ImageObject\",\"inLanguage\":\"es\",\"@id\":\"https:\/\/www.sindmoveis.com.br\/es\/#\/schema\/person\/image\/\",\"url\":\"https:\/\/secure.gravatar.com\/avatar\/4973e2e2c2a0cb5db30b0c7b770041b8e33d048a16b695a1f99c042449d4bfaf?s=96&d=mm&r=g\",\"contentUrl\":\"https:\/\/secure.gravatar.com\/avatar\/4973e2e2c2a0cb5db30b0c7b770041b8e33d048a16b695a1f99c042449d4bfaf?s=96&d=mm&r=g\",\"caption\":\"Imprensa Sindm\u00f3veis\"},\"url\":\"https:\/\/www.sindmoveis.com.br\/es\/author\/ana\/\"}]}<\/script>\n<!-- \/ Yoast SEO plugin. -->","yoast_head_json":{"title":"Data Popular contribuye con la planificaci\u00f3n de Movelsul Brasil 2012 - Sindm\u00f3veis-RS","robots":{"index":"index","follow":"follow","max-snippet":"max-snippet:-1","max-image-preview":"max-image-preview:large","max-video-preview":"max-video-preview:-1"},"canonical":"https:\/\/www.sindmoveis.com.br\/es\/data-popular-contribui-com-o-planejamento-da-movelsul-brasil-2012\/","og_locale":"es_ES","og_type":"article","og_title":"Data Popular contribuye con la planificaci\u00f3n de Movelsul Brasil 2012 - Sindm\u00f3veis-RS","og_description":"Movelsul Brasil, en la edici\u00f3n de 2012, se posiciona como la primera feria de muebles con enfoque en la nueva clase media brasile\u00f1a, e invierte en herramientas para entender qui\u00e9n... Leia mais &raquo;","og_url":"https:\/\/www.sindmoveis.com.br\/es\/data-popular-contribui-com-o-planejamento-da-movelsul-brasil-2012\/","og_site_name":"Sindm\u00f3veis-RS","article_published_time":"2011-11-09T02:00:00+00:00","article_modified_time":"2021-05-26T13:31:44+00:00","author":"Imprensa Sindm\u00f3veis","twitter_card":"summary_large_image","twitter_misc":{"Escrito por":"Imprensa Sindm\u00f3veis","Tiempo de lectura":"1 minuto"},"schema":{"@context":"https:\/\/schema.org","@graph":[{"@type":"Article","@id":"https:\/\/www.sindmoveis.com.br\/es\/data-popular-contribui-com-o-planejamento-da-movelsul-brasil-2012\/#article","isPartOf":{"@id":"https:\/\/www.sindmoveis.com.br\/es\/data-popular-contribui-com-o-planejamento-da-movelsul-brasil-2012\/"},"author":{"name":"Imprensa Sindm\u00f3veis","@id":"https:\/\/www.sindmoveis.com.br\/es\/#\/schema\/person\/16d379542db1950a17fe188179340d57"},"headline":"Data Popular contribuye con la planificaci\u00f3n de Movelsul Brasil 2012","datePublished":"2011-11-09T02:00:00+00:00","dateModified":"2021-05-26T13:31:44+00:00","mainEntityOfPage":{"@id":"https:\/\/www.sindmoveis.com.br\/es\/data-popular-contribui-com-o-planejamento-da-movelsul-brasil-2012\/"},"wordCount":174,"articleSection":["Movelsul","Sindm\u00f3veis"],"inLanguage":"es"},{"@type":"WebPage","@id":"https:\/\/www.sindmoveis.com.br\/es\/data-popular-contribui-com-o-planejamento-da-movelsul-brasil-2012\/","url":"https:\/\/www.sindmoveis.com.br\/es\/data-popular-contribui-com-o-planejamento-da-movelsul-brasil-2012\/","name":"Data Popular contribuye con la planificaci\u00f3n de Movelsul Brasil 2012 - Sindm\u00f3veis-RS","isPartOf":{"@id":"https:\/\/www.sindmoveis.com.br\/es\/#website"},"datePublished":"2011-11-09T02:00:00+00:00","dateModified":"2021-05-26T13:31:44+00:00","author":{"@id":"https:\/\/www.sindmoveis.com.br\/es\/#\/schema\/person\/16d379542db1950a17fe188179340d57"},"inLanguage":"es","potentialAction":[{"@type":"ReadAction","target":["https:\/\/www.sindmoveis.com.br\/es\/data-popular-contribui-com-o-planejamento-da-movelsul-brasil-2012\/"]}]},{"@type":"WebSite","@id":"https:\/\/www.sindmoveis.com.br\/es\/#website","url":"https:\/\/www.sindmoveis.com.br\/es\/","name":"Sindm\u00f3veis-RS","description":"","potentialAction":[{"@type":"SearchAction","target":{"@type":"EntryPoint","urlTemplate":"https:\/\/www.sindmoveis.com.br\/es\/?s={search_term_string}"},"query-input":{"@type":"PropertyValueSpecification","valueRequired":true,"valueName":"search_term_string"}}],"inLanguage":"es"},{"@type":"Person","@id":"https:\/\/www.sindmoveis.com.br\/es\/#\/schema\/person\/16d379542db1950a17fe188179340d57","name":"Imprensa Sindm\u00f3veis","image":{"@type":"ImageObject","inLanguage":"es","@id":"https:\/\/www.sindmoveis.com.br\/es\/#\/schema\/person\/image\/","url":"https:\/\/secure.gravatar.com\/avatar\/4973e2e2c2a0cb5db30b0c7b770041b8e33d048a16b695a1f99c042449d4bfaf?s=96&d=mm&r=g","contentUrl":"https:\/\/secure.gravatar.com\/avatar\/4973e2e2c2a0cb5db30b0c7b770041b8e33d048a16b695a1f99c042449d4bfaf?s=96&d=mm&r=g","caption":"Imprensa Sindm\u00f3veis"},"url":"https:\/\/www.sindmoveis.com.br\/es\/author\/ana\/"}]}},"_links":{"self":[{"href":"https:\/\/www.sindmoveis.com.br\/es\/wp-json\/wp\/v2\/posts\/838","targetHints":{"allow":["GET"]}}],"collection":[{"href":"https:\/\/www.sindmoveis.com.br\/es\/wp-json\/wp\/v2\/posts"}],"about":[{"href":"https:\/\/www.sindmoveis.com.br\/es\/wp-json\/wp\/v2\/types\/post"}],"author":[{"embeddable":true,"href":"https:\/\/www.sindmoveis.com.br\/es\/wp-json\/wp\/v2\/users\/5"}],"replies":[{"embeddable":true,"href":"https:\/\/www.sindmoveis.com.br\/es\/wp-json\/wp\/v2\/comments?post=838"}],"version-history":[{"count":2,"href":"https:\/\/www.sindmoveis.com.br\/es\/wp-json\/wp\/v2\/posts\/838\/revisions"}],"predecessor-version":[{"id":3152,"href":"https:\/\/www.sindmoveis.com.br\/es\/wp-json\/wp\/v2\/posts\/838\/revisions\/3152"}],"wp:attachment":[{"href":"https:\/\/www.sindmoveis.com.br\/es\/wp-json\/wp\/v2\/media?parent=838"}],"wp:term":[{"taxonomy":"category","embeddable":true,"href":"https:\/\/www.sindmoveis.com.br\/es\/wp-json\/wp\/v2\/categories?post=838"},{"taxonomy":"post_tag","embeddable":true,"href":"https:\/\/www.sindmoveis.com.br\/es\/wp-json\/wp\/v2\/tags?post=838"}],"curies":[{"name":"wp","href":"https:\/\/api.w.org\/{rel}","templated":true}]}}