{"id":837,"date":"2011-11-04T00:00:00","date_gmt":"2011-11-04T02:00:00","guid":{"rendered":"http:\/\/sindmoveis.com.br\/imprensa\/noticias\/berneck-e-nova-patrocinadora-do-salao-design\/"},"modified":"2021-05-26T10:24:57","modified_gmt":"2021-05-26T13:24:57","slug":"berneck-e-nova-patrocinadora-do-salao-design","status":"publish","type":"post","link":"https:\/\/www.sindmoveis.com.br\/es\/berneck-e-nova-patrocinadora-do-salao-design\/","title":{"rendered":"Berneck es la nueva patrocinadora del Sal\u00e3o Design"},"content":{"rendered":"<p>Berneck acaba de formalizar contrato como patrocinadora del Sal\u00e3o<br \/>\nDesign Movelsul Brasil 2012, uni\u00e9ndose a Impress,  tambi\u00e9n patrocinadora del concurso. La empresa con sede en el estado de Paran\u00e1, produce y comercializa paneles y productos de madera, siendo proveedora de las principales industrias de muebles, construcci\u00f3n civil y sector automotor en Brasil y en el mundo. Apuesta en el Sal\u00e3o Design por su credibilidad y por el hecho de traer grandes ideas para los sectores del mobiliario y la decoraci\u00f3n.<\/p>\n<p>El Sal\u00e3o Design, que  es considerado uno de los principales eventos fomentadores de la actividad profesional y acad\u00e9mica del dise\u00f1o en Am\u00e9rica Latina, tiene como principal objetivo estimular la industria para la importancia del dise\u00f1o en las empresas, ampliando el inter\u00e9s por la calidad y por la innovaci\u00f3n, como factor de diferenciaci\u00f3n y competitividad en los mercados mundiales. Los vencedores de la edici\u00f3n 2012 tendr\u00e1n sus proyectos participando de una exposici\u00f3n durante Movelsul Brasil entre 26 y 30 de marzo del pr\u00f3ximo a\u00f1o, en Bento Gon\u00e7alves(RS).<\/p>\n","protected":false},"excerpt":{"rendered":"<p>Berneck acaba de formalizar contrato como patrocinadora del Sal\u00e3o Design Movelsul Brasil 2012, uni\u00e9ndose a Impress, tambi\u00e9n patrocinadora del concurso. La empresa con sede en el estado de Paran\u00e1, produce&#8230;  <a class=\"excerpt-read-more\" href=\"https:\/\/www.sindmoveis.com.br\/es\/berneck-e-nova-patrocinadora-do-salao-design\/\" title=\"Read Berneck es la nueva patrocinadora del Sal\u00e3o Design\">Leia mais &raquo;<\/a><\/p>\n","protected":false},"author":5,"featured_media":0,"comment_status":"closed","ping_status":"open","sticky":false,"template":"","format":"standard","meta":{"footnotes":"","_links_to":"","_links_to_target":""},"categories":[2],"tags":[],"class_list":["post-837","post","type-post","status-publish","format-standard","hentry","category-sindmoveis"],"yoast_head":"<!-- This site is optimized with the Yoast SEO plugin v27.0 - https:\/\/yoast.com\/product\/yoast-seo-wordpress\/ -->\n<title>Berneck es la nueva patrocinadora del Sal\u00e3o Design - Sindm\u00f3veis-RS<\/title>\n<meta name=\"robots\" content=\"index, follow, max-snippet:-1, max-image-preview:large, max-video-preview:-1\" \/>\n<link rel=\"canonical\" href=\"https:\/\/www.sindmoveis.com.br\/es\/berneck-e-nova-patrocinadora-do-salao-design\/\" \/>\n<meta property=\"og:locale\" content=\"es_ES\" \/>\n<meta property=\"og:type\" content=\"article\" \/>\n<meta property=\"og:title\" content=\"Berneck es la nueva patrocinadora del Sal\u00e3o Design - Sindm\u00f3veis-RS\" \/>\n<meta property=\"og:description\" content=\"Berneck acaba de formalizar contrato como patrocinadora del Sal\u00e3o Design Movelsul Brasil 2012, uni\u00e9ndose a Impress, tambi\u00e9n patrocinadora del concurso. La empresa con sede en el estado de Paran\u00e1, produce... Leia mais &raquo;\" \/>\n<meta property=\"og:url\" content=\"https:\/\/www.sindmoveis.com.br\/es\/berneck-e-nova-patrocinadora-do-salao-design\/\" \/>\n<meta property=\"og:site_name\" content=\"Sindm\u00f3veis-RS\" \/>\n<meta property=\"article:published_time\" content=\"2011-11-04T02:00:00+00:00\" \/>\n<meta property=\"article:modified_time\" content=\"2021-05-26T13:24:57+00:00\" \/>\n<meta name=\"author\" content=\"Imprensa Sindm\u00f3veis\" \/>\n<meta name=\"twitter:card\" content=\"summary_large_image\" \/>\n<meta name=\"twitter:label1\" content=\"Escrito por\" \/>\n\t<meta name=\"twitter:data1\" content=\"Imprensa Sindm\u00f3veis\" \/>\n\t<meta name=\"twitter:label2\" content=\"Tiempo de lectura\" \/>\n\t<meta name=\"twitter:data2\" content=\"1 minuto\" \/>\n<script type=\"application\/ld+json\" class=\"yoast-schema-graph\">{\"@context\":\"https:\/\/schema.org\",\"@graph\":[{\"@type\":\"Article\",\"@id\":\"https:\/\/www.sindmoveis.com.br\/es\/berneck-e-nova-patrocinadora-do-salao-design\/#article\",\"isPartOf\":{\"@id\":\"https:\/\/www.sindmoveis.com.br\/es\/berneck-e-nova-patrocinadora-do-salao-design\/\"},\"author\":{\"name\":\"Imprensa Sindm\u00f3veis\",\"@id\":\"https:\/\/www.sindmoveis.com.br\/es\/#\/schema\/person\/16d379542db1950a17fe188179340d57\"},\"headline\":\"Berneck es la nueva patrocinadora del Sal\u00e3o Design\",\"datePublished\":\"2011-11-04T02:00:00+00:00\",\"dateModified\":\"2021-05-26T13:24:57+00:00\",\"mainEntityOfPage\":{\"@id\":\"https:\/\/www.sindmoveis.com.br\/es\/berneck-e-nova-patrocinadora-do-salao-design\/\"},\"wordCount\":192,\"articleSection\":[\"Sindm\u00f3veis\"],\"inLanguage\":\"es\"},{\"@type\":\"WebPage\",\"@id\":\"https:\/\/www.sindmoveis.com.br\/es\/berneck-e-nova-patrocinadora-do-salao-design\/\",\"url\":\"https:\/\/www.sindmoveis.com.br\/es\/berneck-e-nova-patrocinadora-do-salao-design\/\",\"name\":\"Berneck es la nueva patrocinadora del Sal\u00e3o Design - Sindm\u00f3veis-RS\",\"isPartOf\":{\"@id\":\"https:\/\/www.sindmoveis.com.br\/es\/#website\"},\"datePublished\":\"2011-11-04T02:00:00+00:00\",\"dateModified\":\"2021-05-26T13:24:57+00:00\",\"author\":{\"@id\":\"https:\/\/www.sindmoveis.com.br\/es\/#\/schema\/person\/16d379542db1950a17fe188179340d57\"},\"inLanguage\":\"es\",\"potentialAction\":[{\"@type\":\"ReadAction\",\"target\":[\"https:\/\/www.sindmoveis.com.br\/es\/berneck-e-nova-patrocinadora-do-salao-design\/\"]}]},{\"@type\":\"WebSite\",\"@id\":\"https:\/\/www.sindmoveis.com.br\/es\/#website\",\"url\":\"https:\/\/www.sindmoveis.com.br\/es\/\",\"name\":\"Sindm\u00f3veis-RS\",\"description\":\"\",\"potentialAction\":[{\"@type\":\"SearchAction\",\"target\":{\"@type\":\"EntryPoint\",\"urlTemplate\":\"https:\/\/www.sindmoveis.com.br\/es\/?s={search_term_string}\"},\"query-input\":{\"@type\":\"PropertyValueSpecification\",\"valueRequired\":true,\"valueName\":\"search_term_string\"}}],\"inLanguage\":\"es\"},{\"@type\":\"Person\",\"@id\":\"https:\/\/www.sindmoveis.com.br\/es\/#\/schema\/person\/16d379542db1950a17fe188179340d57\",\"name\":\"Imprensa Sindm\u00f3veis\",\"image\":{\"@type\":\"ImageObject\",\"inLanguage\":\"es\",\"@id\":\"https:\/\/www.sindmoveis.com.br\/es\/#\/schema\/person\/image\/\",\"url\":\"https:\/\/secure.gravatar.com\/avatar\/4973e2e2c2a0cb5db30b0c7b770041b8e33d048a16b695a1f99c042449d4bfaf?s=96&d=mm&r=g\",\"contentUrl\":\"https:\/\/secure.gravatar.com\/avatar\/4973e2e2c2a0cb5db30b0c7b770041b8e33d048a16b695a1f99c042449d4bfaf?s=96&d=mm&r=g\",\"caption\":\"Imprensa Sindm\u00f3veis\"},\"url\":\"https:\/\/www.sindmoveis.com.br\/es\/author\/ana\/\"}]}<\/script>\n<!-- \/ Yoast SEO plugin. -->","yoast_head_json":{"title":"Berneck es la nueva patrocinadora del Sal\u00e3o Design - Sindm\u00f3veis-RS","robots":{"index":"index","follow":"follow","max-snippet":"max-snippet:-1","max-image-preview":"max-image-preview:large","max-video-preview":"max-video-preview:-1"},"canonical":"https:\/\/www.sindmoveis.com.br\/es\/berneck-e-nova-patrocinadora-do-salao-design\/","og_locale":"es_ES","og_type":"article","og_title":"Berneck es la nueva patrocinadora del Sal\u00e3o Design - Sindm\u00f3veis-RS","og_description":"Berneck acaba de formalizar contrato como patrocinadora del Sal\u00e3o Design Movelsul Brasil 2012, uni\u00e9ndose a Impress, tambi\u00e9n patrocinadora del concurso. La empresa con sede en el estado de Paran\u00e1, produce... Leia mais &raquo;","og_url":"https:\/\/www.sindmoveis.com.br\/es\/berneck-e-nova-patrocinadora-do-salao-design\/","og_site_name":"Sindm\u00f3veis-RS","article_published_time":"2011-11-04T02:00:00+00:00","article_modified_time":"2021-05-26T13:24:57+00:00","author":"Imprensa Sindm\u00f3veis","twitter_card":"summary_large_image","twitter_misc":{"Escrito por":"Imprensa Sindm\u00f3veis","Tiempo de lectura":"1 minuto"},"schema":{"@context":"https:\/\/schema.org","@graph":[{"@type":"Article","@id":"https:\/\/www.sindmoveis.com.br\/es\/berneck-e-nova-patrocinadora-do-salao-design\/#article","isPartOf":{"@id":"https:\/\/www.sindmoveis.com.br\/es\/berneck-e-nova-patrocinadora-do-salao-design\/"},"author":{"name":"Imprensa Sindm\u00f3veis","@id":"https:\/\/www.sindmoveis.com.br\/es\/#\/schema\/person\/16d379542db1950a17fe188179340d57"},"headline":"Berneck es la nueva patrocinadora del Sal\u00e3o Design","datePublished":"2011-11-04T02:00:00+00:00","dateModified":"2021-05-26T13:24:57+00:00","mainEntityOfPage":{"@id":"https:\/\/www.sindmoveis.com.br\/es\/berneck-e-nova-patrocinadora-do-salao-design\/"},"wordCount":192,"articleSection":["Sindm\u00f3veis"],"inLanguage":"es"},{"@type":"WebPage","@id":"https:\/\/www.sindmoveis.com.br\/es\/berneck-e-nova-patrocinadora-do-salao-design\/","url":"https:\/\/www.sindmoveis.com.br\/es\/berneck-e-nova-patrocinadora-do-salao-design\/","name":"Berneck es la nueva patrocinadora del Sal\u00e3o Design - Sindm\u00f3veis-RS","isPartOf":{"@id":"https:\/\/www.sindmoveis.com.br\/es\/#website"},"datePublished":"2011-11-04T02:00:00+00:00","dateModified":"2021-05-26T13:24:57+00:00","author":{"@id":"https:\/\/www.sindmoveis.com.br\/es\/#\/schema\/person\/16d379542db1950a17fe188179340d57"},"inLanguage":"es","potentialAction":[{"@type":"ReadAction","target":["https:\/\/www.sindmoveis.com.br\/es\/berneck-e-nova-patrocinadora-do-salao-design\/"]}]},{"@type":"WebSite","@id":"https:\/\/www.sindmoveis.com.br\/es\/#website","url":"https:\/\/www.sindmoveis.com.br\/es\/","name":"Sindm\u00f3veis-RS","description":"","potentialAction":[{"@type":"SearchAction","target":{"@type":"EntryPoint","urlTemplate":"https:\/\/www.sindmoveis.com.br\/es\/?s={search_term_string}"},"query-input":{"@type":"PropertyValueSpecification","valueRequired":true,"valueName":"search_term_string"}}],"inLanguage":"es"},{"@type":"Person","@id":"https:\/\/www.sindmoveis.com.br\/es\/#\/schema\/person\/16d379542db1950a17fe188179340d57","name":"Imprensa Sindm\u00f3veis","image":{"@type":"ImageObject","inLanguage":"es","@id":"https:\/\/www.sindmoveis.com.br\/es\/#\/schema\/person\/image\/","url":"https:\/\/secure.gravatar.com\/avatar\/4973e2e2c2a0cb5db30b0c7b770041b8e33d048a16b695a1f99c042449d4bfaf?s=96&d=mm&r=g","contentUrl":"https:\/\/secure.gravatar.com\/avatar\/4973e2e2c2a0cb5db30b0c7b770041b8e33d048a16b695a1f99c042449d4bfaf?s=96&d=mm&r=g","caption":"Imprensa Sindm\u00f3veis"},"url":"https:\/\/www.sindmoveis.com.br\/es\/author\/ana\/"}]}},"_links":{"self":[{"href":"https:\/\/www.sindmoveis.com.br\/es\/wp-json\/wp\/v2\/posts\/837","targetHints":{"allow":["GET"]}}],"collection":[{"href":"https:\/\/www.sindmoveis.com.br\/es\/wp-json\/wp\/v2\/posts"}],"about":[{"href":"https:\/\/www.sindmoveis.com.br\/es\/wp-json\/wp\/v2\/types\/post"}],"author":[{"embeddable":true,"href":"https:\/\/www.sindmoveis.com.br\/es\/wp-json\/wp\/v2\/users\/5"}],"replies":[{"embeddable":true,"href":"https:\/\/www.sindmoveis.com.br\/es\/wp-json\/wp\/v2\/comments?post=837"}],"version-history":[{"count":2,"href":"https:\/\/www.sindmoveis.com.br\/es\/wp-json\/wp\/v2\/posts\/837\/revisions"}],"predecessor-version":[{"id":3151,"href":"https:\/\/www.sindmoveis.com.br\/es\/wp-json\/wp\/v2\/posts\/837\/revisions\/3151"}],"wp:attachment":[{"href":"https:\/\/www.sindmoveis.com.br\/es\/wp-json\/wp\/v2\/media?parent=837"}],"wp:term":[{"taxonomy":"category","embeddable":true,"href":"https:\/\/www.sindmoveis.com.br\/es\/wp-json\/wp\/v2\/categories?post=837"},{"taxonomy":"post_tag","embeddable":true,"href":"https:\/\/www.sindmoveis.com.br\/es\/wp-json\/wp\/v2\/tags?post=837"}],"curies":[{"name":"wp","href":"https:\/\/api.w.org\/{rel}","templated":true}]}}