{"id":836,"date":"2011-11-04T00:00:00","date_gmt":"2011-11-04T02:00:00","guid":{"rendered":"http:\/\/sindmoveis.com.br\/imprensa\/noticias\/casa-brasil-une-design-a-moda\/"},"modified":"2021-05-26T10:24:57","modified_gmt":"2021-05-26T13:24:57","slug":"casa-brasil-une-design-a-moda","status":"publish","type":"post","link":"https:\/\/www.sindmoveis.com.br\/es\/casa-brasil-une-design-a-moda\/","title":{"rendered":"Casa Brasil une dise\u00f1o y moda en el evento Minas Trend Preview"},"content":{"rendered":"<p>Fue realizado entre los d\u00edas 26 y 29 de octubre en el estado de Minas Gerais el evento Minas Trend<br \/>\nPreview, el cual constituye uno de los mayores acontecimientos de moda y comportamiento en<br \/>\nBrasil. En m\u00e1s una uni\u00f3n entre la moda para casa y aquella del vestuario presentada en las pasarelas,<br \/>\nCasa Brasil estuvo presente en el lounge como uno de los patrocinadores.<br \/>\nEl trabajo en conjunto realizado entre el Sindicato de las Industrias del Mobiliario de Bento<br \/>\nGon\u00e7alves &#8211; Sindm\u00f3veis, patrocinador de Casa Brasil y apoyador de Minas Trend Preview, la<br \/>\nAsociaci\u00f3n Brasile\u00f1a de la Industria Textil y de Confecci\u00f3n (ABIT) y la Agencia Brasile\u00f1a de Promoci\u00f3n<br \/>\nde Exportaci\u00f3n e Inversiones (Apex-Brasil), present\u00f3 tendencias en mobiliario, con piezas cedidas<\/p>\n<p>por la empresa minera de muebles Am\u00e9rica M\u00f3veis, con selecci\u00f3n y curadur\u00eda a cargo de las<br \/>\narquitectas Tina de Azevedo Moura y Lui Lo Pumo, Tina y Lui. Entre las piezas m\u00e1s impactantes<br \/>\ncabe destacar el sof\u00e1 estilo Chesterfield, as\u00ed como tambi\u00e9n las chaises-longues y sof\u00e1s que fueron<br \/>\ncolocados a disposici\u00f3n de quienes circulaban por los ambientes, si por acaso deseaban tomarse un<br \/>\ndescanso.<br \/>\nEsta participaci\u00f3n en el Minas Trend Preview -MTP, hace parte de una serie de asociaciones entre<br \/>\nel Sindm\u00f3veis con la industria de la moda, cuyo inicio ocurri\u00f3 en la Semana de Moda de S\u00e3o Paulo<br \/>\n-S\u00e3o Paulo Fashion Week, el pasado mes de junio, estando previstos otros trabajos focalizados en<br \/>\nlos eventos de moda, entre ellos el Capital Fashion Week, a ser realizado en Brasilia el d\u00eda 28 de<br \/>\nnoviembre. \u00abEs innegable c\u00f3mo las dos industrias, la de muebles y la del vestuario, tienen mucho en<br \/>\ncom\u00fan, pues trabajan con propuestas de usos que interfieren en el deseo de las personas, como lo<br \/>\nson su casa y la imagen que ellas tienen de s\u00ed mismas. Y este p\u00fablico que se interesa por est\u00e9tica,<br \/>\nigualmente contribuye para una ampliaci\u00f3n en los negocios\u00bb, afirma el presidente de Sindm\u00f3veis,<br \/>\nGlademir Ferrari.<\/p>\n","protected":false},"excerpt":{"rendered":"<p>Fue realizado entre los d\u00edas 26 y 29 de octubre en el estado de Minas Gerais el evento Minas Trend Preview, el cual constituye uno de los mayores acontecimientos de&#8230;  <a class=\"excerpt-read-more\" href=\"https:\/\/www.sindmoveis.com.br\/es\/casa-brasil-une-design-a-moda\/\" title=\"Read Casa Brasil une dise\u00f1o y moda en el evento Minas Trend Preview\">Leia mais &raquo;<\/a><\/p>\n","protected":false},"author":5,"featured_media":0,"comment_status":"closed","ping_status":"open","sticky":false,"template":"","format":"standard","meta":{"footnotes":"","_links_to":"","_links_to_target":""},"categories":[2],"tags":[],"class_list":["post-836","post","type-post","status-publish","format-standard","hentry","category-sindmoveis"],"yoast_head":"<!-- This site is optimized with the Yoast SEO plugin v27.0 - https:\/\/yoast.com\/product\/yoast-seo-wordpress\/ -->\n<title>Casa Brasil une dise\u00f1o y moda en el evento Minas Trend Preview - Sindm\u00f3veis-RS<\/title>\n<meta name=\"robots\" content=\"index, follow, max-snippet:-1, max-image-preview:large, max-video-preview:-1\" \/>\n<link rel=\"canonical\" href=\"https:\/\/www.sindmoveis.com.br\/es\/casa-brasil-une-design-a-moda\/\" \/>\n<meta property=\"og:locale\" content=\"es_ES\" \/>\n<meta property=\"og:type\" content=\"article\" \/>\n<meta property=\"og:title\" content=\"Casa Brasil une dise\u00f1o y moda en el evento Minas Trend Preview - Sindm\u00f3veis-RS\" \/>\n<meta property=\"og:description\" content=\"Fue realizado entre los d\u00edas 26 y 29 de octubre en el estado de Minas Gerais el evento Minas Trend Preview, el cual constituye uno de los mayores acontecimientos de... Leia mais &raquo;\" \/>\n<meta property=\"og:url\" content=\"https:\/\/www.sindmoveis.com.br\/es\/casa-brasil-une-design-a-moda\/\" \/>\n<meta property=\"og:site_name\" content=\"Sindm\u00f3veis-RS\" \/>\n<meta property=\"article:published_time\" content=\"2011-11-04T02:00:00+00:00\" \/>\n<meta property=\"article:modified_time\" content=\"2021-05-26T13:24:57+00:00\" \/>\n<meta name=\"author\" content=\"Imprensa Sindm\u00f3veis\" \/>\n<meta name=\"twitter:card\" content=\"summary_large_image\" \/>\n<meta name=\"twitter:label1\" content=\"Escrito por\" \/>\n\t<meta name=\"twitter:data1\" content=\"Imprensa Sindm\u00f3veis\" \/>\n\t<meta name=\"twitter:label2\" content=\"Tiempo de lectura\" \/>\n\t<meta name=\"twitter:data2\" content=\"2 minutos\" \/>\n<script type=\"application\/ld+json\" class=\"yoast-schema-graph\">{\"@context\":\"https:\/\/schema.org\",\"@graph\":[{\"@type\":\"Article\",\"@id\":\"https:\/\/www.sindmoveis.com.br\/es\/casa-brasil-une-design-a-moda\/#article\",\"isPartOf\":{\"@id\":\"https:\/\/www.sindmoveis.com.br\/es\/casa-brasil-une-design-a-moda\/\"},\"author\":{\"name\":\"Imprensa Sindm\u00f3veis\",\"@id\":\"https:\/\/www.sindmoveis.com.br\/es\/#\/schema\/person\/16d379542db1950a17fe188179340d57\"},\"headline\":\"Casa Brasil une dise\u00f1o y moda en el evento Minas Trend Preview\",\"datePublished\":\"2011-11-04T02:00:00+00:00\",\"dateModified\":\"2021-05-26T13:24:57+00:00\",\"mainEntityOfPage\":{\"@id\":\"https:\/\/www.sindmoveis.com.br\/es\/casa-brasil-une-design-a-moda\/\"},\"wordCount\":363,\"articleSection\":[\"Sindm\u00f3veis\"],\"inLanguage\":\"es\"},{\"@type\":\"WebPage\",\"@id\":\"https:\/\/www.sindmoveis.com.br\/es\/casa-brasil-une-design-a-moda\/\",\"url\":\"https:\/\/www.sindmoveis.com.br\/es\/casa-brasil-une-design-a-moda\/\",\"name\":\"Casa Brasil une dise\u00f1o y moda en el evento Minas Trend Preview - Sindm\u00f3veis-RS\",\"isPartOf\":{\"@id\":\"https:\/\/www.sindmoveis.com.br\/es\/#website\"},\"datePublished\":\"2011-11-04T02:00:00+00:00\",\"dateModified\":\"2021-05-26T13:24:57+00:00\",\"author\":{\"@id\":\"https:\/\/www.sindmoveis.com.br\/es\/#\/schema\/person\/16d379542db1950a17fe188179340d57\"},\"inLanguage\":\"es\",\"potentialAction\":[{\"@type\":\"ReadAction\",\"target\":[\"https:\/\/www.sindmoveis.com.br\/es\/casa-brasil-une-design-a-moda\/\"]}]},{\"@type\":\"WebSite\",\"@id\":\"https:\/\/www.sindmoveis.com.br\/es\/#website\",\"url\":\"https:\/\/www.sindmoveis.com.br\/es\/\",\"name\":\"Sindm\u00f3veis-RS\",\"description\":\"\",\"potentialAction\":[{\"@type\":\"SearchAction\",\"target\":{\"@type\":\"EntryPoint\",\"urlTemplate\":\"https:\/\/www.sindmoveis.com.br\/es\/?s={search_term_string}\"},\"query-input\":{\"@type\":\"PropertyValueSpecification\",\"valueRequired\":true,\"valueName\":\"search_term_string\"}}],\"inLanguage\":\"es\"},{\"@type\":\"Person\",\"@id\":\"https:\/\/www.sindmoveis.com.br\/es\/#\/schema\/person\/16d379542db1950a17fe188179340d57\",\"name\":\"Imprensa Sindm\u00f3veis\",\"image\":{\"@type\":\"ImageObject\",\"inLanguage\":\"es\",\"@id\":\"https:\/\/www.sindmoveis.com.br\/es\/#\/schema\/person\/image\/\",\"url\":\"https:\/\/secure.gravatar.com\/avatar\/4973e2e2c2a0cb5db30b0c7b770041b8e33d048a16b695a1f99c042449d4bfaf?s=96&d=mm&r=g\",\"contentUrl\":\"https:\/\/secure.gravatar.com\/avatar\/4973e2e2c2a0cb5db30b0c7b770041b8e33d048a16b695a1f99c042449d4bfaf?s=96&d=mm&r=g\",\"caption\":\"Imprensa Sindm\u00f3veis\"},\"url\":\"https:\/\/www.sindmoveis.com.br\/es\/author\/ana\/\"}]}<\/script>\n<!-- \/ Yoast SEO plugin. -->","yoast_head_json":{"title":"Casa Brasil une dise\u00f1o y moda en el evento Minas Trend Preview - Sindm\u00f3veis-RS","robots":{"index":"index","follow":"follow","max-snippet":"max-snippet:-1","max-image-preview":"max-image-preview:large","max-video-preview":"max-video-preview:-1"},"canonical":"https:\/\/www.sindmoveis.com.br\/es\/casa-brasil-une-design-a-moda\/","og_locale":"es_ES","og_type":"article","og_title":"Casa Brasil une dise\u00f1o y moda en el evento Minas Trend Preview - Sindm\u00f3veis-RS","og_description":"Fue realizado entre los d\u00edas 26 y 29 de octubre en el estado de Minas Gerais el evento Minas Trend Preview, el cual constituye uno de los mayores acontecimientos de... Leia mais &raquo;","og_url":"https:\/\/www.sindmoveis.com.br\/es\/casa-brasil-une-design-a-moda\/","og_site_name":"Sindm\u00f3veis-RS","article_published_time":"2011-11-04T02:00:00+00:00","article_modified_time":"2021-05-26T13:24:57+00:00","author":"Imprensa Sindm\u00f3veis","twitter_card":"summary_large_image","twitter_misc":{"Escrito por":"Imprensa Sindm\u00f3veis","Tiempo de lectura":"2 minutos"},"schema":{"@context":"https:\/\/schema.org","@graph":[{"@type":"Article","@id":"https:\/\/www.sindmoveis.com.br\/es\/casa-brasil-une-design-a-moda\/#article","isPartOf":{"@id":"https:\/\/www.sindmoveis.com.br\/es\/casa-brasil-une-design-a-moda\/"},"author":{"name":"Imprensa Sindm\u00f3veis","@id":"https:\/\/www.sindmoveis.com.br\/es\/#\/schema\/person\/16d379542db1950a17fe188179340d57"},"headline":"Casa Brasil une dise\u00f1o y moda en el evento Minas Trend Preview","datePublished":"2011-11-04T02:00:00+00:00","dateModified":"2021-05-26T13:24:57+00:00","mainEntityOfPage":{"@id":"https:\/\/www.sindmoveis.com.br\/es\/casa-brasil-une-design-a-moda\/"},"wordCount":363,"articleSection":["Sindm\u00f3veis"],"inLanguage":"es"},{"@type":"WebPage","@id":"https:\/\/www.sindmoveis.com.br\/es\/casa-brasil-une-design-a-moda\/","url":"https:\/\/www.sindmoveis.com.br\/es\/casa-brasil-une-design-a-moda\/","name":"Casa Brasil une dise\u00f1o y moda en el evento Minas Trend Preview - Sindm\u00f3veis-RS","isPartOf":{"@id":"https:\/\/www.sindmoveis.com.br\/es\/#website"},"datePublished":"2011-11-04T02:00:00+00:00","dateModified":"2021-05-26T13:24:57+00:00","author":{"@id":"https:\/\/www.sindmoveis.com.br\/es\/#\/schema\/person\/16d379542db1950a17fe188179340d57"},"inLanguage":"es","potentialAction":[{"@type":"ReadAction","target":["https:\/\/www.sindmoveis.com.br\/es\/casa-brasil-une-design-a-moda\/"]}]},{"@type":"WebSite","@id":"https:\/\/www.sindmoveis.com.br\/es\/#website","url":"https:\/\/www.sindmoveis.com.br\/es\/","name":"Sindm\u00f3veis-RS","description":"","potentialAction":[{"@type":"SearchAction","target":{"@type":"EntryPoint","urlTemplate":"https:\/\/www.sindmoveis.com.br\/es\/?s={search_term_string}"},"query-input":{"@type":"PropertyValueSpecification","valueRequired":true,"valueName":"search_term_string"}}],"inLanguage":"es"},{"@type":"Person","@id":"https:\/\/www.sindmoveis.com.br\/es\/#\/schema\/person\/16d379542db1950a17fe188179340d57","name":"Imprensa Sindm\u00f3veis","image":{"@type":"ImageObject","inLanguage":"es","@id":"https:\/\/www.sindmoveis.com.br\/es\/#\/schema\/person\/image\/","url":"https:\/\/secure.gravatar.com\/avatar\/4973e2e2c2a0cb5db30b0c7b770041b8e33d048a16b695a1f99c042449d4bfaf?s=96&d=mm&r=g","contentUrl":"https:\/\/secure.gravatar.com\/avatar\/4973e2e2c2a0cb5db30b0c7b770041b8e33d048a16b695a1f99c042449d4bfaf?s=96&d=mm&r=g","caption":"Imprensa Sindm\u00f3veis"},"url":"https:\/\/www.sindmoveis.com.br\/es\/author\/ana\/"}]}},"_links":{"self":[{"href":"https:\/\/www.sindmoveis.com.br\/es\/wp-json\/wp\/v2\/posts\/836","targetHints":{"allow":["GET"]}}],"collection":[{"href":"https:\/\/www.sindmoveis.com.br\/es\/wp-json\/wp\/v2\/posts"}],"about":[{"href":"https:\/\/www.sindmoveis.com.br\/es\/wp-json\/wp\/v2\/types\/post"}],"author":[{"embeddable":true,"href":"https:\/\/www.sindmoveis.com.br\/es\/wp-json\/wp\/v2\/users\/5"}],"replies":[{"embeddable":true,"href":"https:\/\/www.sindmoveis.com.br\/es\/wp-json\/wp\/v2\/comments?post=836"}],"version-history":[{"count":2,"href":"https:\/\/www.sindmoveis.com.br\/es\/wp-json\/wp\/v2\/posts\/836\/revisions"}],"predecessor-version":[{"id":3150,"href":"https:\/\/www.sindmoveis.com.br\/es\/wp-json\/wp\/v2\/posts\/836\/revisions\/3150"}],"wp:attachment":[{"href":"https:\/\/www.sindmoveis.com.br\/es\/wp-json\/wp\/v2\/media?parent=836"}],"wp:term":[{"taxonomy":"category","embeddable":true,"href":"https:\/\/www.sindmoveis.com.br\/es\/wp-json\/wp\/v2\/categories?post=836"},{"taxonomy":"post_tag","embeddable":true,"href":"https:\/\/www.sindmoveis.com.br\/es\/wp-json\/wp\/v2\/tags?post=836"}],"curies":[{"name":"wp","href":"https:\/\/api.w.org\/{rel}","templated":true}]}}