{"id":835,"date":"2011-10-21T00:00:00","date_gmt":"2011-10-21T02:00:00","guid":{"rendered":"http:\/\/sindmoveis.com.br\/imprensa\/noticias\/concurso-salao-design-estimula-uniao-entre-setor-moveleiro-e-mundo-da-moda\/"},"modified":"2021-05-26T10:24:57","modified_gmt":"2021-05-26T13:24:57","slug":"concurso-salao-design-estimula-uniao-entre-setor-moveleiro-e-mundo-da-moda","status":"publish","type":"post","link":"https:\/\/www.sindmoveis.com.br\/es\/concurso-salao-design-estimula-uniao-entre-setor-moveleiro-e-mundo-da-moda\/","title":{"rendered":"Concurso Sal\u00e3o Design estimula la uni\u00f3n entre el sector del mobiliario y el mundo de la moda"},"content":{"rendered":"<p>Muebles desarmables para el mercado internacional es la nueva categor\u00eda del concurso Sal\u00e3o Design. Creada con el apoyo de la Agencia Brasile\u00f1a de Promoci\u00f3n de Exportaciones e Inversiones (Apex-Brasil), de la Asociaci\u00f3n Brasile\u00f1a de la Industria Textil y de Confecci\u00f3n (ABIT) y de la Asociaci\u00f3n Brasile\u00f1a de Estilistas (ABEST), la categor\u00eda ha contribuido para la presentaci\u00f3n de nuevos talentos al mercado, estimula la internacionalizaci\u00f3n del sector del mobiliario por intermedio del dise\u00f1o, y provoca estudiantes, profesionales e industria a desarrollar proyectos\u00a0 focalizados en la promoci\u00f3n del dise\u00f1o brasile\u00f1o en el exterior. La exigencia de la categor\u00eda es que los muebles inscritos sean desarmables, criterio adoptado buscando minimizar los costos de log\u00edstica y aumentar la competitividad, considerando tambi\u00e9n la viabilidad de producci\u00f3n y la posibilidad del producto ingresar en el mercado. Los premiados tendr\u00e1n muebles ambientando lounges de importantes ferias internacionales de moda, gran oportunidad de promoci\u00f3n del dise\u00f1o brasile\u00f1o. Las inscripciones para el concurso van hasta el d\u00eda 18\/11.<br \/>\nM\u00e1s informaciones en la p\u00e1gina web www.salaodesign.com.br<\/p>\n","protected":false},"excerpt":{"rendered":"<p>Muebles desarmables para el mercado internacional es la nueva categor\u00eda del concurso Sal\u00e3o Design. Creada con el apoyo de la Agencia Brasile\u00f1a de Promoci\u00f3n de Exportaciones e Inversiones (Apex-Brasil), de&#8230;  <a class=\"excerpt-read-more\" href=\"https:\/\/www.sindmoveis.com.br\/es\/concurso-salao-design-estimula-uniao-entre-setor-moveleiro-e-mundo-da-moda\/\" title=\"Read Concurso Sal\u00e3o Design estimula la uni\u00f3n entre el sector del mobiliario y el mundo de la moda\">Leia mais &raquo;<\/a><\/p>\n","protected":false},"author":5,"featured_media":0,"comment_status":"closed","ping_status":"open","sticky":false,"template":"","format":"standard","meta":{"footnotes":"","_links_to":"","_links_to_target":""},"categories":[2],"tags":[],"class_list":["post-835","post","type-post","status-publish","format-standard","hentry","category-sindmoveis"],"yoast_head":"<!-- This site is optimized with the Yoast SEO plugin v27.0 - https:\/\/yoast.com\/product\/yoast-seo-wordpress\/ -->\n<title>Concurso Sal\u00e3o Design estimula la uni\u00f3n entre el sector del mobiliario y el mundo de la moda - Sindm\u00f3veis-RS<\/title>\n<meta name=\"robots\" content=\"index, follow, max-snippet:-1, max-image-preview:large, max-video-preview:-1\" \/>\n<link rel=\"canonical\" href=\"https:\/\/www.sindmoveis.com.br\/es\/concurso-salao-design-estimula-uniao-entre-setor-moveleiro-e-mundo-da-moda\/\" \/>\n<meta property=\"og:locale\" content=\"es_ES\" \/>\n<meta property=\"og:type\" content=\"article\" \/>\n<meta property=\"og:title\" content=\"Concurso Sal\u00e3o Design estimula la uni\u00f3n entre el sector del mobiliario y el mundo de la moda - Sindm\u00f3veis-RS\" \/>\n<meta property=\"og:description\" content=\"Muebles desarmables para el mercado internacional es la nueva categor\u00eda del concurso Sal\u00e3o Design. Creada con el apoyo de la Agencia Brasile\u00f1a de Promoci\u00f3n de Exportaciones e Inversiones (Apex-Brasil), de... Leia mais &raquo;\" \/>\n<meta property=\"og:url\" content=\"https:\/\/www.sindmoveis.com.br\/es\/concurso-salao-design-estimula-uniao-entre-setor-moveleiro-e-mundo-da-moda\/\" \/>\n<meta property=\"og:site_name\" content=\"Sindm\u00f3veis-RS\" \/>\n<meta property=\"article:published_time\" content=\"2011-10-21T02:00:00+00:00\" \/>\n<meta property=\"article:modified_time\" content=\"2021-05-26T13:24:57+00:00\" \/>\n<meta name=\"author\" content=\"Imprensa Sindm\u00f3veis\" \/>\n<meta name=\"twitter:card\" content=\"summary_large_image\" \/>\n<meta name=\"twitter:label1\" content=\"Escrito por\" \/>\n\t<meta name=\"twitter:data1\" content=\"Imprensa Sindm\u00f3veis\" \/>\n\t<meta name=\"twitter:label2\" content=\"Tiempo de lectura\" \/>\n\t<meta name=\"twitter:data2\" content=\"1 minuto\" \/>\n<script type=\"application\/ld+json\" class=\"yoast-schema-graph\">{\"@context\":\"https:\/\/schema.org\",\"@graph\":[{\"@type\":\"Article\",\"@id\":\"https:\/\/www.sindmoveis.com.br\/es\/concurso-salao-design-estimula-uniao-entre-setor-moveleiro-e-mundo-da-moda\/#article\",\"isPartOf\":{\"@id\":\"https:\/\/www.sindmoveis.com.br\/es\/concurso-salao-design-estimula-uniao-entre-setor-moveleiro-e-mundo-da-moda\/\"},\"author\":{\"name\":\"Imprensa Sindm\u00f3veis\",\"@id\":\"https:\/\/www.sindmoveis.com.br\/es\/#\/schema\/person\/16d379542db1950a17fe188179340d57\"},\"headline\":\"Concurso Sal\u00e3o Design estimula la uni\u00f3n entre el sector del mobiliario y el mundo de la moda\",\"datePublished\":\"2011-10-21T02:00:00+00:00\",\"dateModified\":\"2021-05-26T13:24:57+00:00\",\"mainEntityOfPage\":{\"@id\":\"https:\/\/www.sindmoveis.com.br\/es\/concurso-salao-design-estimula-uniao-entre-setor-moveleiro-e-mundo-da-moda\/\"},\"wordCount\":214,\"articleSection\":[\"Sindm\u00f3veis\"],\"inLanguage\":\"es\"},{\"@type\":\"WebPage\",\"@id\":\"https:\/\/www.sindmoveis.com.br\/es\/concurso-salao-design-estimula-uniao-entre-setor-moveleiro-e-mundo-da-moda\/\",\"url\":\"https:\/\/www.sindmoveis.com.br\/es\/concurso-salao-design-estimula-uniao-entre-setor-moveleiro-e-mundo-da-moda\/\",\"name\":\"Concurso Sal\u00e3o Design estimula la uni\u00f3n entre el sector del mobiliario y el mundo de la moda - Sindm\u00f3veis-RS\",\"isPartOf\":{\"@id\":\"https:\/\/www.sindmoveis.com.br\/es\/#website\"},\"datePublished\":\"2011-10-21T02:00:00+00:00\",\"dateModified\":\"2021-05-26T13:24:57+00:00\",\"author\":{\"@id\":\"https:\/\/www.sindmoveis.com.br\/es\/#\/schema\/person\/16d379542db1950a17fe188179340d57\"},\"inLanguage\":\"es\",\"potentialAction\":[{\"@type\":\"ReadAction\",\"target\":[\"https:\/\/www.sindmoveis.com.br\/es\/concurso-salao-design-estimula-uniao-entre-setor-moveleiro-e-mundo-da-moda\/\"]}]},{\"@type\":\"WebSite\",\"@id\":\"https:\/\/www.sindmoveis.com.br\/es\/#website\",\"url\":\"https:\/\/www.sindmoveis.com.br\/es\/\",\"name\":\"Sindm\u00f3veis-RS\",\"description\":\"\",\"potentialAction\":[{\"@type\":\"SearchAction\",\"target\":{\"@type\":\"EntryPoint\",\"urlTemplate\":\"https:\/\/www.sindmoveis.com.br\/es\/?s={search_term_string}\"},\"query-input\":{\"@type\":\"PropertyValueSpecification\",\"valueRequired\":true,\"valueName\":\"search_term_string\"}}],\"inLanguage\":\"es\"},{\"@type\":\"Person\",\"@id\":\"https:\/\/www.sindmoveis.com.br\/es\/#\/schema\/person\/16d379542db1950a17fe188179340d57\",\"name\":\"Imprensa Sindm\u00f3veis\",\"image\":{\"@type\":\"ImageObject\",\"inLanguage\":\"es\",\"@id\":\"https:\/\/www.sindmoveis.com.br\/es\/#\/schema\/person\/image\/\",\"url\":\"https:\/\/secure.gravatar.com\/avatar\/4973e2e2c2a0cb5db30b0c7b770041b8e33d048a16b695a1f99c042449d4bfaf?s=96&d=mm&r=g\",\"contentUrl\":\"https:\/\/secure.gravatar.com\/avatar\/4973e2e2c2a0cb5db30b0c7b770041b8e33d048a16b695a1f99c042449d4bfaf?s=96&d=mm&r=g\",\"caption\":\"Imprensa Sindm\u00f3veis\"},\"url\":\"https:\/\/www.sindmoveis.com.br\/es\/author\/ana\/\"}]}<\/script>\n<!-- \/ Yoast SEO plugin. -->","yoast_head_json":{"title":"Concurso Sal\u00e3o Design estimula la uni\u00f3n entre el sector del mobiliario y el mundo de la moda - Sindm\u00f3veis-RS","robots":{"index":"index","follow":"follow","max-snippet":"max-snippet:-1","max-image-preview":"max-image-preview:large","max-video-preview":"max-video-preview:-1"},"canonical":"https:\/\/www.sindmoveis.com.br\/es\/concurso-salao-design-estimula-uniao-entre-setor-moveleiro-e-mundo-da-moda\/","og_locale":"es_ES","og_type":"article","og_title":"Concurso Sal\u00e3o Design estimula la uni\u00f3n entre el sector del mobiliario y el mundo de la moda - Sindm\u00f3veis-RS","og_description":"Muebles desarmables para el mercado internacional es la nueva categor\u00eda del concurso Sal\u00e3o Design. Creada con el apoyo de la Agencia Brasile\u00f1a de Promoci\u00f3n de Exportaciones e Inversiones (Apex-Brasil), de... Leia mais &raquo;","og_url":"https:\/\/www.sindmoveis.com.br\/es\/concurso-salao-design-estimula-uniao-entre-setor-moveleiro-e-mundo-da-moda\/","og_site_name":"Sindm\u00f3veis-RS","article_published_time":"2011-10-21T02:00:00+00:00","article_modified_time":"2021-05-26T13:24:57+00:00","author":"Imprensa Sindm\u00f3veis","twitter_card":"summary_large_image","twitter_misc":{"Escrito por":"Imprensa Sindm\u00f3veis","Tiempo de lectura":"1 minuto"},"schema":{"@context":"https:\/\/schema.org","@graph":[{"@type":"Article","@id":"https:\/\/www.sindmoveis.com.br\/es\/concurso-salao-design-estimula-uniao-entre-setor-moveleiro-e-mundo-da-moda\/#article","isPartOf":{"@id":"https:\/\/www.sindmoveis.com.br\/es\/concurso-salao-design-estimula-uniao-entre-setor-moveleiro-e-mundo-da-moda\/"},"author":{"name":"Imprensa Sindm\u00f3veis","@id":"https:\/\/www.sindmoveis.com.br\/es\/#\/schema\/person\/16d379542db1950a17fe188179340d57"},"headline":"Concurso Sal\u00e3o Design estimula la uni\u00f3n entre el sector del mobiliario y el mundo de la moda","datePublished":"2011-10-21T02:00:00+00:00","dateModified":"2021-05-26T13:24:57+00:00","mainEntityOfPage":{"@id":"https:\/\/www.sindmoveis.com.br\/es\/concurso-salao-design-estimula-uniao-entre-setor-moveleiro-e-mundo-da-moda\/"},"wordCount":214,"articleSection":["Sindm\u00f3veis"],"inLanguage":"es"},{"@type":"WebPage","@id":"https:\/\/www.sindmoveis.com.br\/es\/concurso-salao-design-estimula-uniao-entre-setor-moveleiro-e-mundo-da-moda\/","url":"https:\/\/www.sindmoveis.com.br\/es\/concurso-salao-design-estimula-uniao-entre-setor-moveleiro-e-mundo-da-moda\/","name":"Concurso Sal\u00e3o Design estimula la uni\u00f3n entre el sector del mobiliario y el mundo de la moda - Sindm\u00f3veis-RS","isPartOf":{"@id":"https:\/\/www.sindmoveis.com.br\/es\/#website"},"datePublished":"2011-10-21T02:00:00+00:00","dateModified":"2021-05-26T13:24:57+00:00","author":{"@id":"https:\/\/www.sindmoveis.com.br\/es\/#\/schema\/person\/16d379542db1950a17fe188179340d57"},"inLanguage":"es","potentialAction":[{"@type":"ReadAction","target":["https:\/\/www.sindmoveis.com.br\/es\/concurso-salao-design-estimula-uniao-entre-setor-moveleiro-e-mundo-da-moda\/"]}]},{"@type":"WebSite","@id":"https:\/\/www.sindmoveis.com.br\/es\/#website","url":"https:\/\/www.sindmoveis.com.br\/es\/","name":"Sindm\u00f3veis-RS","description":"","potentialAction":[{"@type":"SearchAction","target":{"@type":"EntryPoint","urlTemplate":"https:\/\/www.sindmoveis.com.br\/es\/?s={search_term_string}"},"query-input":{"@type":"PropertyValueSpecification","valueRequired":true,"valueName":"search_term_string"}}],"inLanguage":"es"},{"@type":"Person","@id":"https:\/\/www.sindmoveis.com.br\/es\/#\/schema\/person\/16d379542db1950a17fe188179340d57","name":"Imprensa Sindm\u00f3veis","image":{"@type":"ImageObject","inLanguage":"es","@id":"https:\/\/www.sindmoveis.com.br\/es\/#\/schema\/person\/image\/","url":"https:\/\/secure.gravatar.com\/avatar\/4973e2e2c2a0cb5db30b0c7b770041b8e33d048a16b695a1f99c042449d4bfaf?s=96&d=mm&r=g","contentUrl":"https:\/\/secure.gravatar.com\/avatar\/4973e2e2c2a0cb5db30b0c7b770041b8e33d048a16b695a1f99c042449d4bfaf?s=96&d=mm&r=g","caption":"Imprensa Sindm\u00f3veis"},"url":"https:\/\/www.sindmoveis.com.br\/es\/author\/ana\/"}]}},"_links":{"self":[{"href":"https:\/\/www.sindmoveis.com.br\/es\/wp-json\/wp\/v2\/posts\/835","targetHints":{"allow":["GET"]}}],"collection":[{"href":"https:\/\/www.sindmoveis.com.br\/es\/wp-json\/wp\/v2\/posts"}],"about":[{"href":"https:\/\/www.sindmoveis.com.br\/es\/wp-json\/wp\/v2\/types\/post"}],"author":[{"embeddable":true,"href":"https:\/\/www.sindmoveis.com.br\/es\/wp-json\/wp\/v2\/users\/5"}],"replies":[{"embeddable":true,"href":"https:\/\/www.sindmoveis.com.br\/es\/wp-json\/wp\/v2\/comments?post=835"}],"version-history":[{"count":2,"href":"https:\/\/www.sindmoveis.com.br\/es\/wp-json\/wp\/v2\/posts\/835\/revisions"}],"predecessor-version":[{"id":3149,"href":"https:\/\/www.sindmoveis.com.br\/es\/wp-json\/wp\/v2\/posts\/835\/revisions\/3149"}],"wp:attachment":[{"href":"https:\/\/www.sindmoveis.com.br\/es\/wp-json\/wp\/v2\/media?parent=835"}],"wp:term":[{"taxonomy":"category","embeddable":true,"href":"https:\/\/www.sindmoveis.com.br\/es\/wp-json\/wp\/v2\/categories?post=835"},{"taxonomy":"post_tag","embeddable":true,"href":"https:\/\/www.sindmoveis.com.br\/es\/wp-json\/wp\/v2\/tags?post=835"}],"curies":[{"name":"wp","href":"https:\/\/api.w.org\/{rel}","templated":true}]}}