{"id":834,"date":"2011-10-13T00:00:00","date_gmt":"2011-10-13T03:00:00","guid":{"rendered":"http:\/\/sindmoveis.com.br\/imprensa\/noticias\/lounge-da-casa-brasil-no-tedx-vale-dos-vinhedos\/"},"modified":"2021-05-26T10:24:57","modified_gmt":"2021-05-26T13:24:57","slug":"lounge-da-casa-brasil-no-tedx-vale-dos-vinhedos","status":"publish","type":"post","link":"https:\/\/www.sindmoveis.com.br\/es\/lounge-da-casa-brasil-no-tedx-vale-dos-vinhedos\/","title":{"rendered":"Lounge de Casa Brasil en el TEDx  Vale dos Vinhedos"},"content":{"rendered":"<p>Ocurri\u00f3 el s\u00e1bado, d\u00eda 1\/10, en Bento Gon\u00e7alves, el primer TEDx Vale dos Vinhedos, con patrocinio de Casa Brasil. Durante el evento, 15 conferencistas discurrieron sobre el tema Futuros Posibles en el hotel Villa Michelon. Estuvieron en el evento la directora de Relaciones con el Mercado del Sindicato de las Industrias del Mobiliario de Bento Gon\u00e7alves &#8211; Sindimoveis, C\u00e1tia Scarton; la vice directora, Adriana Pelicioli; y la directora ejecutiva del Sindm\u00f3veis, Denise Valduga.\u00a0 Sindm\u00f3veis cre\u00f3 un lounge con muebles de expositores de la \u00faltima edici\u00f3n de Casa Brasil y contribuy\u00f3 con la ambientaci\u00f3n de los espacios del evento con piezas de dise\u00f1o, mostrando el potencial de la producci\u00f3n de la industria local.<\/p>\n","protected":false},"excerpt":{"rendered":"<p>Ocurri\u00f3 el s\u00e1bado, d\u00eda 1\/10, en Bento Gon\u00e7alves, el primer TEDx Vale dos Vinhedos, con patrocinio de Casa Brasil. Durante el evento, 15 conferencistas discurrieron sobre el tema Futuros Posibles&#8230;  <a class=\"excerpt-read-more\" href=\"https:\/\/www.sindmoveis.com.br\/es\/lounge-da-casa-brasil-no-tedx-vale-dos-vinhedos\/\" title=\"Read Lounge de Casa Brasil en el TEDx  Vale dos Vinhedos\">Leia mais &raquo;<\/a><\/p>\n","protected":false},"author":5,"featured_media":0,"comment_status":"closed","ping_status":"open","sticky":false,"template":"","format":"standard","meta":{"footnotes":"","_links_to":"","_links_to_target":""},"categories":[2],"tags":[],"class_list":["post-834","post","type-post","status-publish","format-standard","hentry","category-sindmoveis"],"yoast_head":"<!-- This site is optimized with the Yoast SEO plugin v27.0 - https:\/\/yoast.com\/product\/yoast-seo-wordpress\/ -->\n<title>Lounge de Casa Brasil en el TEDx Vale dos Vinhedos - Sindm\u00f3veis-RS<\/title>\n<meta name=\"robots\" content=\"index, follow, max-snippet:-1, max-image-preview:large, max-video-preview:-1\" \/>\n<link rel=\"canonical\" href=\"https:\/\/www.sindmoveis.com.br\/es\/lounge-da-casa-brasil-no-tedx-vale-dos-vinhedos\/\" \/>\n<meta property=\"og:locale\" content=\"es_ES\" \/>\n<meta property=\"og:type\" content=\"article\" \/>\n<meta property=\"og:title\" content=\"Lounge de Casa Brasil en el TEDx Vale dos Vinhedos - Sindm\u00f3veis-RS\" \/>\n<meta property=\"og:description\" content=\"Ocurri\u00f3 el s\u00e1bado, d\u00eda 1\/10, en Bento Gon\u00e7alves, el primer TEDx Vale dos Vinhedos, con patrocinio de Casa Brasil. Durante el evento, 15 conferencistas discurrieron sobre el tema Futuros Posibles... Leia mais &raquo;\" \/>\n<meta property=\"og:url\" content=\"https:\/\/www.sindmoveis.com.br\/es\/lounge-da-casa-brasil-no-tedx-vale-dos-vinhedos\/\" \/>\n<meta property=\"og:site_name\" content=\"Sindm\u00f3veis-RS\" \/>\n<meta property=\"article:published_time\" content=\"2011-10-13T03:00:00+00:00\" \/>\n<meta property=\"article:modified_time\" content=\"2021-05-26T13:24:57+00:00\" \/>\n<meta name=\"author\" content=\"Imprensa Sindm\u00f3veis\" \/>\n<meta name=\"twitter:card\" content=\"summary_large_image\" \/>\n<meta name=\"twitter:label1\" content=\"Escrito por\" \/>\n\t<meta name=\"twitter:data1\" content=\"Imprensa Sindm\u00f3veis\" \/>\n\t<meta name=\"twitter:label2\" content=\"Tiempo de lectura\" \/>\n\t<meta name=\"twitter:data2\" content=\"1 minuto\" \/>\n<script type=\"application\/ld+json\" class=\"yoast-schema-graph\">{\"@context\":\"https:\/\/schema.org\",\"@graph\":[{\"@type\":\"Article\",\"@id\":\"https:\/\/www.sindmoveis.com.br\/es\/lounge-da-casa-brasil-no-tedx-vale-dos-vinhedos\/#article\",\"isPartOf\":{\"@id\":\"https:\/\/www.sindmoveis.com.br\/es\/lounge-da-casa-brasil-no-tedx-vale-dos-vinhedos\/\"},\"author\":{\"name\":\"Imprensa Sindm\u00f3veis\",\"@id\":\"https:\/\/www.sindmoveis.com.br\/es\/#\/schema\/person\/16d379542db1950a17fe188179340d57\"},\"headline\":\"Lounge de Casa Brasil en el TEDx Vale dos Vinhedos\",\"datePublished\":\"2011-10-13T03:00:00+00:00\",\"dateModified\":\"2021-05-26T13:24:57+00:00\",\"mainEntityOfPage\":{\"@id\":\"https:\/\/www.sindmoveis.com.br\/es\/lounge-da-casa-brasil-no-tedx-vale-dos-vinhedos\/\"},\"wordCount\":131,\"articleSection\":[\"Sindm\u00f3veis\"],\"inLanguage\":\"es\"},{\"@type\":\"WebPage\",\"@id\":\"https:\/\/www.sindmoveis.com.br\/es\/lounge-da-casa-brasil-no-tedx-vale-dos-vinhedos\/\",\"url\":\"https:\/\/www.sindmoveis.com.br\/es\/lounge-da-casa-brasil-no-tedx-vale-dos-vinhedos\/\",\"name\":\"Lounge de Casa Brasil en el TEDx Vale dos Vinhedos - Sindm\u00f3veis-RS\",\"isPartOf\":{\"@id\":\"https:\/\/www.sindmoveis.com.br\/es\/#website\"},\"datePublished\":\"2011-10-13T03:00:00+00:00\",\"dateModified\":\"2021-05-26T13:24:57+00:00\",\"author\":{\"@id\":\"https:\/\/www.sindmoveis.com.br\/es\/#\/schema\/person\/16d379542db1950a17fe188179340d57\"},\"inLanguage\":\"es\",\"potentialAction\":[{\"@type\":\"ReadAction\",\"target\":[\"https:\/\/www.sindmoveis.com.br\/es\/lounge-da-casa-brasil-no-tedx-vale-dos-vinhedos\/\"]}]},{\"@type\":\"WebSite\",\"@id\":\"https:\/\/www.sindmoveis.com.br\/es\/#website\",\"url\":\"https:\/\/www.sindmoveis.com.br\/es\/\",\"name\":\"Sindm\u00f3veis-RS\",\"description\":\"\",\"potentialAction\":[{\"@type\":\"SearchAction\",\"target\":{\"@type\":\"EntryPoint\",\"urlTemplate\":\"https:\/\/www.sindmoveis.com.br\/es\/?s={search_term_string}\"},\"query-input\":{\"@type\":\"PropertyValueSpecification\",\"valueRequired\":true,\"valueName\":\"search_term_string\"}}],\"inLanguage\":\"es\"},{\"@type\":\"Person\",\"@id\":\"https:\/\/www.sindmoveis.com.br\/es\/#\/schema\/person\/16d379542db1950a17fe188179340d57\",\"name\":\"Imprensa Sindm\u00f3veis\",\"image\":{\"@type\":\"ImageObject\",\"inLanguage\":\"es\",\"@id\":\"https:\/\/www.sindmoveis.com.br\/es\/#\/schema\/person\/image\/\",\"url\":\"https:\/\/secure.gravatar.com\/avatar\/4973e2e2c2a0cb5db30b0c7b770041b8e33d048a16b695a1f99c042449d4bfaf?s=96&d=mm&r=g\",\"contentUrl\":\"https:\/\/secure.gravatar.com\/avatar\/4973e2e2c2a0cb5db30b0c7b770041b8e33d048a16b695a1f99c042449d4bfaf?s=96&d=mm&r=g\",\"caption\":\"Imprensa Sindm\u00f3veis\"},\"url\":\"https:\/\/www.sindmoveis.com.br\/es\/author\/ana\/\"}]}<\/script>\n<!-- \/ Yoast SEO plugin. -->","yoast_head_json":{"title":"Lounge de Casa Brasil en el TEDx Vale dos Vinhedos - Sindm\u00f3veis-RS","robots":{"index":"index","follow":"follow","max-snippet":"max-snippet:-1","max-image-preview":"max-image-preview:large","max-video-preview":"max-video-preview:-1"},"canonical":"https:\/\/www.sindmoveis.com.br\/es\/lounge-da-casa-brasil-no-tedx-vale-dos-vinhedos\/","og_locale":"es_ES","og_type":"article","og_title":"Lounge de Casa Brasil en el TEDx Vale dos Vinhedos - Sindm\u00f3veis-RS","og_description":"Ocurri\u00f3 el s\u00e1bado, d\u00eda 1\/10, en Bento Gon\u00e7alves, el primer TEDx Vale dos Vinhedos, con patrocinio de Casa Brasil. Durante el evento, 15 conferencistas discurrieron sobre el tema Futuros Posibles... Leia mais &raquo;","og_url":"https:\/\/www.sindmoveis.com.br\/es\/lounge-da-casa-brasil-no-tedx-vale-dos-vinhedos\/","og_site_name":"Sindm\u00f3veis-RS","article_published_time":"2011-10-13T03:00:00+00:00","article_modified_time":"2021-05-26T13:24:57+00:00","author":"Imprensa Sindm\u00f3veis","twitter_card":"summary_large_image","twitter_misc":{"Escrito por":"Imprensa Sindm\u00f3veis","Tiempo de lectura":"1 minuto"},"schema":{"@context":"https:\/\/schema.org","@graph":[{"@type":"Article","@id":"https:\/\/www.sindmoveis.com.br\/es\/lounge-da-casa-brasil-no-tedx-vale-dos-vinhedos\/#article","isPartOf":{"@id":"https:\/\/www.sindmoveis.com.br\/es\/lounge-da-casa-brasil-no-tedx-vale-dos-vinhedos\/"},"author":{"name":"Imprensa Sindm\u00f3veis","@id":"https:\/\/www.sindmoveis.com.br\/es\/#\/schema\/person\/16d379542db1950a17fe188179340d57"},"headline":"Lounge de Casa Brasil en el TEDx Vale dos Vinhedos","datePublished":"2011-10-13T03:00:00+00:00","dateModified":"2021-05-26T13:24:57+00:00","mainEntityOfPage":{"@id":"https:\/\/www.sindmoveis.com.br\/es\/lounge-da-casa-brasil-no-tedx-vale-dos-vinhedos\/"},"wordCount":131,"articleSection":["Sindm\u00f3veis"],"inLanguage":"es"},{"@type":"WebPage","@id":"https:\/\/www.sindmoveis.com.br\/es\/lounge-da-casa-brasil-no-tedx-vale-dos-vinhedos\/","url":"https:\/\/www.sindmoveis.com.br\/es\/lounge-da-casa-brasil-no-tedx-vale-dos-vinhedos\/","name":"Lounge de Casa Brasil en el TEDx Vale dos Vinhedos - Sindm\u00f3veis-RS","isPartOf":{"@id":"https:\/\/www.sindmoveis.com.br\/es\/#website"},"datePublished":"2011-10-13T03:00:00+00:00","dateModified":"2021-05-26T13:24:57+00:00","author":{"@id":"https:\/\/www.sindmoveis.com.br\/es\/#\/schema\/person\/16d379542db1950a17fe188179340d57"},"inLanguage":"es","potentialAction":[{"@type":"ReadAction","target":["https:\/\/www.sindmoveis.com.br\/es\/lounge-da-casa-brasil-no-tedx-vale-dos-vinhedos\/"]}]},{"@type":"WebSite","@id":"https:\/\/www.sindmoveis.com.br\/es\/#website","url":"https:\/\/www.sindmoveis.com.br\/es\/","name":"Sindm\u00f3veis-RS","description":"","potentialAction":[{"@type":"SearchAction","target":{"@type":"EntryPoint","urlTemplate":"https:\/\/www.sindmoveis.com.br\/es\/?s={search_term_string}"},"query-input":{"@type":"PropertyValueSpecification","valueRequired":true,"valueName":"search_term_string"}}],"inLanguage":"es"},{"@type":"Person","@id":"https:\/\/www.sindmoveis.com.br\/es\/#\/schema\/person\/16d379542db1950a17fe188179340d57","name":"Imprensa Sindm\u00f3veis","image":{"@type":"ImageObject","inLanguage":"es","@id":"https:\/\/www.sindmoveis.com.br\/es\/#\/schema\/person\/image\/","url":"https:\/\/secure.gravatar.com\/avatar\/4973e2e2c2a0cb5db30b0c7b770041b8e33d048a16b695a1f99c042449d4bfaf?s=96&d=mm&r=g","contentUrl":"https:\/\/secure.gravatar.com\/avatar\/4973e2e2c2a0cb5db30b0c7b770041b8e33d048a16b695a1f99c042449d4bfaf?s=96&d=mm&r=g","caption":"Imprensa Sindm\u00f3veis"},"url":"https:\/\/www.sindmoveis.com.br\/es\/author\/ana\/"}]}},"_links":{"self":[{"href":"https:\/\/www.sindmoveis.com.br\/es\/wp-json\/wp\/v2\/posts\/834","targetHints":{"allow":["GET"]}}],"collection":[{"href":"https:\/\/www.sindmoveis.com.br\/es\/wp-json\/wp\/v2\/posts"}],"about":[{"href":"https:\/\/www.sindmoveis.com.br\/es\/wp-json\/wp\/v2\/types\/post"}],"author":[{"embeddable":true,"href":"https:\/\/www.sindmoveis.com.br\/es\/wp-json\/wp\/v2\/users\/5"}],"replies":[{"embeddable":true,"href":"https:\/\/www.sindmoveis.com.br\/es\/wp-json\/wp\/v2\/comments?post=834"}],"version-history":[{"count":2,"href":"https:\/\/www.sindmoveis.com.br\/es\/wp-json\/wp\/v2\/posts\/834\/revisions"}],"predecessor-version":[{"id":3148,"href":"https:\/\/www.sindmoveis.com.br\/es\/wp-json\/wp\/v2\/posts\/834\/revisions\/3148"}],"wp:attachment":[{"href":"https:\/\/www.sindmoveis.com.br\/es\/wp-json\/wp\/v2\/media?parent=834"}],"wp:term":[{"taxonomy":"category","embeddable":true,"href":"https:\/\/www.sindmoveis.com.br\/es\/wp-json\/wp\/v2\/categories?post=834"},{"taxonomy":"post_tag","embeddable":true,"href":"https:\/\/www.sindmoveis.com.br\/es\/wp-json\/wp\/v2\/tags?post=834"}],"curies":[{"name":"wp","href":"https:\/\/api.w.org\/{rel}","templated":true}]}}