{"id":823,"date":"2011-06-21T00:00:00","date_gmt":"2011-06-21T03:00:00","guid":{"rendered":"http:\/\/sindmoveis.com.br\/imprensa\/noticias\/sindmoveis-promove-palestra-a-era-da-experiencia\/"},"modified":"2021-05-26T10:24:57","modified_gmt":"2021-05-26T13:24:57","slug":"sindmoveis-promove-palestra-a-era-da-experiencia","status":"publish","type":"post","link":"https:\/\/www.sindmoveis.com.br\/es\/sindmoveis-promove-palestra-a-era-da-experiencia\/","title":{"rendered":"Sindm\u00f3veis promueve conferencia \u00abLa Era de la Experiencia\u00bb"},"content":{"rendered":"<p>C\u00f3mo despertar la atenci\u00f3n y atender a las nuevas exigencias del consumidor ser\u00e1n los temas principales\u00a0 a ser tratados en el eventoLa Revoluci\u00f3n Digital, la diseminaci\u00f3n de un gran volumen diario de informaciones y el aumento del poder de consumo, presentan un escenario de muchos est\u00edmulos al consumidor, cada vez m\u00e1s exigente y en b\u00fasqueda de nuevas experiencias. Frente a ese panorama, el Sindicato de las Industrias del Mobiliario de Bento Gon\u00e7alves (Sindm\u00f3veis) incentiva la innovaci\u00f3n y comprensi\u00f3n de las nuevas exigencias del mercado y realiza la conferencia \u201cLa Era de la Experiencia\u201d, dirigida a profesionales del sector del mobiliario. Tiago Mattos y Felipe Anghinoni, de Perestroika Creative School, son los conferencistas invitados, que se manifestar\u00e1n sobre diferentes aspectos que atraigan la atenci\u00f3n y estimulen los\u00a0 sentidos. El evento ser\u00e1\u00a0 el pr\u00f3ximo jueves, 16, en el Hotel Viverone (Calle Carlos Flores, 301 \u2013 Bento Gon\u00e7alves), de las 19 a las 21 horas. Inscripciones por el e-mail estefani@sindmoveis.com.br o por el tel\u00e9fono (54) 2102.6800. \u00a0Recientemente la entidad contrat\u00f3\u00a0 la empresa de sondeos especializada en tendencias de comportamiento y consumo &#8211; BOX1824 -, con un portafolio de clientes compuesto por nombres como Unilever, Nike, Itau, Pepsico, Grendene y Fiat &#8211; para realizar un estudio del universo del dise\u00f1o y mostrar a los expositores la Casa Brasil ideal. Otra empresa que est\u00e1 llevando a cabo encuestas para\u00a0 Sindm\u00f3veis es Seragini Design, una consultor\u00eda especializada en identidad de la marca, que est\u00e1 trabajando la imagen institucional de la organizaci\u00f3n para fortalecerla a\u00fan m\u00e1s junto al p\u00fablico target y para agregar valor a la marca en el mercado del mobiliario internacional.<\/p>\n","protected":false},"excerpt":{"rendered":"<p>C\u00f3mo despertar la atenci\u00f3n y atender a las nuevas exigencias del consumidor ser\u00e1n los temas principales\u00a0 a ser tratados en el eventoLa Revoluci\u00f3n Digital, la diseminaci\u00f3n de un gran volumen&#8230;  <a class=\"excerpt-read-more\" href=\"https:\/\/www.sindmoveis.com.br\/es\/sindmoveis-promove-palestra-a-era-da-experiencia\/\" title=\"Read Sindm\u00f3veis promueve conferencia \u00abLa Era de la Experiencia\u00bb\">Leia mais &raquo;<\/a><\/p>\n","protected":false},"author":5,"featured_media":0,"comment_status":"closed","ping_status":"open","sticky":false,"template":"","format":"standard","meta":{"footnotes":"","_links_to":"","_links_to_target":""},"categories":[2],"tags":[],"class_list":["post-823","post","type-post","status-publish","format-standard","hentry","category-sindmoveis"],"yoast_head":"<!-- This site is optimized with the Yoast SEO plugin v27.0 - https:\/\/yoast.com\/product\/yoast-seo-wordpress\/ -->\n<title>Sindm\u00f3veis promueve conferencia &quot;La Era de la Experiencia&quot; - Sindm\u00f3veis-RS<\/title>\n<meta name=\"robots\" content=\"index, follow, max-snippet:-1, max-image-preview:large, max-video-preview:-1\" \/>\n<link rel=\"canonical\" href=\"https:\/\/www.sindmoveis.com.br\/es\/sindmoveis-promove-palestra-a-era-da-experiencia\/\" \/>\n<meta property=\"og:locale\" content=\"es_ES\" \/>\n<meta property=\"og:type\" content=\"article\" \/>\n<meta property=\"og:title\" content=\"Sindm\u00f3veis promueve conferencia &quot;La Era de la Experiencia&quot; - Sindm\u00f3veis-RS\" \/>\n<meta property=\"og:description\" content=\"C\u00f3mo despertar la atenci\u00f3n y atender a las nuevas exigencias del consumidor ser\u00e1n los temas principales\u00a0 a ser tratados en el eventoLa Revoluci\u00f3n Digital, la diseminaci\u00f3n de un gran volumen... Leia mais &raquo;\" \/>\n<meta property=\"og:url\" content=\"https:\/\/www.sindmoveis.com.br\/es\/sindmoveis-promove-palestra-a-era-da-experiencia\/\" \/>\n<meta property=\"og:site_name\" content=\"Sindm\u00f3veis-RS\" \/>\n<meta property=\"article:published_time\" content=\"2011-06-21T03:00:00+00:00\" \/>\n<meta property=\"article:modified_time\" content=\"2021-05-26T13:24:57+00:00\" \/>\n<meta name=\"author\" content=\"Imprensa Sindm\u00f3veis\" \/>\n<meta name=\"twitter:card\" content=\"summary_large_image\" \/>\n<meta name=\"twitter:label1\" content=\"Escrito por\" \/>\n\t<meta name=\"twitter:data1\" content=\"Imprensa Sindm\u00f3veis\" \/>\n\t<meta name=\"twitter:label2\" content=\"Tiempo de lectura\" \/>\n\t<meta name=\"twitter:data2\" content=\"1 minuto\" \/>\n<script type=\"application\/ld+json\" class=\"yoast-schema-graph\">{\"@context\":\"https:\/\/schema.org\",\"@graph\":[{\"@type\":\"Article\",\"@id\":\"https:\/\/www.sindmoveis.com.br\/es\/sindmoveis-promove-palestra-a-era-da-experiencia\/#article\",\"isPartOf\":{\"@id\":\"https:\/\/www.sindmoveis.com.br\/es\/sindmoveis-promove-palestra-a-era-da-experiencia\/\"},\"author\":{\"name\":\"Imprensa Sindm\u00f3veis\",\"@id\":\"https:\/\/www.sindmoveis.com.br\/es\/#\/schema\/person\/16d379542db1950a17fe188179340d57\"},\"headline\":\"Sindm\u00f3veis promueve conferencia \u00abLa Era de la Experiencia\u00bb\",\"datePublished\":\"2011-06-21T03:00:00+00:00\",\"dateModified\":\"2021-05-26T13:24:57+00:00\",\"mainEntityOfPage\":{\"@id\":\"https:\/\/www.sindmoveis.com.br\/es\/sindmoveis-promove-palestra-a-era-da-experiencia\/\"},\"wordCount\":295,\"articleSection\":[\"Sindm\u00f3veis\"],\"inLanguage\":\"es\"},{\"@type\":\"WebPage\",\"@id\":\"https:\/\/www.sindmoveis.com.br\/es\/sindmoveis-promove-palestra-a-era-da-experiencia\/\",\"url\":\"https:\/\/www.sindmoveis.com.br\/es\/sindmoveis-promove-palestra-a-era-da-experiencia\/\",\"name\":\"Sindm\u00f3veis promueve conferencia \\\"La Era de la Experiencia\\\" - Sindm\u00f3veis-RS\",\"isPartOf\":{\"@id\":\"https:\/\/www.sindmoveis.com.br\/es\/#website\"},\"datePublished\":\"2011-06-21T03:00:00+00:00\",\"dateModified\":\"2021-05-26T13:24:57+00:00\",\"author\":{\"@id\":\"https:\/\/www.sindmoveis.com.br\/es\/#\/schema\/person\/16d379542db1950a17fe188179340d57\"},\"inLanguage\":\"es\",\"potentialAction\":[{\"@type\":\"ReadAction\",\"target\":[\"https:\/\/www.sindmoveis.com.br\/es\/sindmoveis-promove-palestra-a-era-da-experiencia\/\"]}]},{\"@type\":\"WebSite\",\"@id\":\"https:\/\/www.sindmoveis.com.br\/es\/#website\",\"url\":\"https:\/\/www.sindmoveis.com.br\/es\/\",\"name\":\"Sindm\u00f3veis-RS\",\"description\":\"\",\"potentialAction\":[{\"@type\":\"SearchAction\",\"target\":{\"@type\":\"EntryPoint\",\"urlTemplate\":\"https:\/\/www.sindmoveis.com.br\/es\/?s={search_term_string}\"},\"query-input\":{\"@type\":\"PropertyValueSpecification\",\"valueRequired\":true,\"valueName\":\"search_term_string\"}}],\"inLanguage\":\"es\"},{\"@type\":\"Person\",\"@id\":\"https:\/\/www.sindmoveis.com.br\/es\/#\/schema\/person\/16d379542db1950a17fe188179340d57\",\"name\":\"Imprensa Sindm\u00f3veis\",\"image\":{\"@type\":\"ImageObject\",\"inLanguage\":\"es\",\"@id\":\"https:\/\/www.sindmoveis.com.br\/es\/#\/schema\/person\/image\/\",\"url\":\"https:\/\/secure.gravatar.com\/avatar\/4973e2e2c2a0cb5db30b0c7b770041b8e33d048a16b695a1f99c042449d4bfaf?s=96&d=mm&r=g\",\"contentUrl\":\"https:\/\/secure.gravatar.com\/avatar\/4973e2e2c2a0cb5db30b0c7b770041b8e33d048a16b695a1f99c042449d4bfaf?s=96&d=mm&r=g\",\"caption\":\"Imprensa Sindm\u00f3veis\"},\"url\":\"https:\/\/www.sindmoveis.com.br\/es\/author\/ana\/\"}]}<\/script>\n<!-- \/ Yoast SEO plugin. -->","yoast_head_json":{"title":"Sindm\u00f3veis promueve conferencia \"La Era de la Experiencia\" - Sindm\u00f3veis-RS","robots":{"index":"index","follow":"follow","max-snippet":"max-snippet:-1","max-image-preview":"max-image-preview:large","max-video-preview":"max-video-preview:-1"},"canonical":"https:\/\/www.sindmoveis.com.br\/es\/sindmoveis-promove-palestra-a-era-da-experiencia\/","og_locale":"es_ES","og_type":"article","og_title":"Sindm\u00f3veis promueve conferencia \"La Era de la Experiencia\" - Sindm\u00f3veis-RS","og_description":"C\u00f3mo despertar la atenci\u00f3n y atender a las nuevas exigencias del consumidor ser\u00e1n los temas principales\u00a0 a ser tratados en el eventoLa Revoluci\u00f3n Digital, la diseminaci\u00f3n de un gran volumen... Leia mais &raquo;","og_url":"https:\/\/www.sindmoveis.com.br\/es\/sindmoveis-promove-palestra-a-era-da-experiencia\/","og_site_name":"Sindm\u00f3veis-RS","article_published_time":"2011-06-21T03:00:00+00:00","article_modified_time":"2021-05-26T13:24:57+00:00","author":"Imprensa Sindm\u00f3veis","twitter_card":"summary_large_image","twitter_misc":{"Escrito por":"Imprensa Sindm\u00f3veis","Tiempo de lectura":"1 minuto"},"schema":{"@context":"https:\/\/schema.org","@graph":[{"@type":"Article","@id":"https:\/\/www.sindmoveis.com.br\/es\/sindmoveis-promove-palestra-a-era-da-experiencia\/#article","isPartOf":{"@id":"https:\/\/www.sindmoveis.com.br\/es\/sindmoveis-promove-palestra-a-era-da-experiencia\/"},"author":{"name":"Imprensa Sindm\u00f3veis","@id":"https:\/\/www.sindmoveis.com.br\/es\/#\/schema\/person\/16d379542db1950a17fe188179340d57"},"headline":"Sindm\u00f3veis promueve conferencia \u00abLa Era de la Experiencia\u00bb","datePublished":"2011-06-21T03:00:00+00:00","dateModified":"2021-05-26T13:24:57+00:00","mainEntityOfPage":{"@id":"https:\/\/www.sindmoveis.com.br\/es\/sindmoveis-promove-palestra-a-era-da-experiencia\/"},"wordCount":295,"articleSection":["Sindm\u00f3veis"],"inLanguage":"es"},{"@type":"WebPage","@id":"https:\/\/www.sindmoveis.com.br\/es\/sindmoveis-promove-palestra-a-era-da-experiencia\/","url":"https:\/\/www.sindmoveis.com.br\/es\/sindmoveis-promove-palestra-a-era-da-experiencia\/","name":"Sindm\u00f3veis promueve conferencia \"La Era de la Experiencia\" - Sindm\u00f3veis-RS","isPartOf":{"@id":"https:\/\/www.sindmoveis.com.br\/es\/#website"},"datePublished":"2011-06-21T03:00:00+00:00","dateModified":"2021-05-26T13:24:57+00:00","author":{"@id":"https:\/\/www.sindmoveis.com.br\/es\/#\/schema\/person\/16d379542db1950a17fe188179340d57"},"inLanguage":"es","potentialAction":[{"@type":"ReadAction","target":["https:\/\/www.sindmoveis.com.br\/es\/sindmoveis-promove-palestra-a-era-da-experiencia\/"]}]},{"@type":"WebSite","@id":"https:\/\/www.sindmoveis.com.br\/es\/#website","url":"https:\/\/www.sindmoveis.com.br\/es\/","name":"Sindm\u00f3veis-RS","description":"","potentialAction":[{"@type":"SearchAction","target":{"@type":"EntryPoint","urlTemplate":"https:\/\/www.sindmoveis.com.br\/es\/?s={search_term_string}"},"query-input":{"@type":"PropertyValueSpecification","valueRequired":true,"valueName":"search_term_string"}}],"inLanguage":"es"},{"@type":"Person","@id":"https:\/\/www.sindmoveis.com.br\/es\/#\/schema\/person\/16d379542db1950a17fe188179340d57","name":"Imprensa Sindm\u00f3veis","image":{"@type":"ImageObject","inLanguage":"es","@id":"https:\/\/www.sindmoveis.com.br\/es\/#\/schema\/person\/image\/","url":"https:\/\/secure.gravatar.com\/avatar\/4973e2e2c2a0cb5db30b0c7b770041b8e33d048a16b695a1f99c042449d4bfaf?s=96&d=mm&r=g","contentUrl":"https:\/\/secure.gravatar.com\/avatar\/4973e2e2c2a0cb5db30b0c7b770041b8e33d048a16b695a1f99c042449d4bfaf?s=96&d=mm&r=g","caption":"Imprensa Sindm\u00f3veis"},"url":"https:\/\/www.sindmoveis.com.br\/es\/author\/ana\/"}]}},"_links":{"self":[{"href":"https:\/\/www.sindmoveis.com.br\/es\/wp-json\/wp\/v2\/posts\/823","targetHints":{"allow":["GET"]}}],"collection":[{"href":"https:\/\/www.sindmoveis.com.br\/es\/wp-json\/wp\/v2\/posts"}],"about":[{"href":"https:\/\/www.sindmoveis.com.br\/es\/wp-json\/wp\/v2\/types\/post"}],"author":[{"embeddable":true,"href":"https:\/\/www.sindmoveis.com.br\/es\/wp-json\/wp\/v2\/users\/5"}],"replies":[{"embeddable":true,"href":"https:\/\/www.sindmoveis.com.br\/es\/wp-json\/wp\/v2\/comments?post=823"}],"version-history":[{"count":2,"href":"https:\/\/www.sindmoveis.com.br\/es\/wp-json\/wp\/v2\/posts\/823\/revisions"}],"predecessor-version":[{"id":3145,"href":"https:\/\/www.sindmoveis.com.br\/es\/wp-json\/wp\/v2\/posts\/823\/revisions\/3145"}],"wp:attachment":[{"href":"https:\/\/www.sindmoveis.com.br\/es\/wp-json\/wp\/v2\/media?parent=823"}],"wp:term":[{"taxonomy":"category","embeddable":true,"href":"https:\/\/www.sindmoveis.com.br\/es\/wp-json\/wp\/v2\/categories?post=823"},{"taxonomy":"post_tag","embeddable":true,"href":"https:\/\/www.sindmoveis.com.br\/es\/wp-json\/wp\/v2\/tags?post=823"}],"curies":[{"name":"wp","href":"https:\/\/api.w.org\/{rel}","templated":true}]}}