{"id":818,"date":"2011-06-14T00:00:00","date_gmt":"2011-06-14T03:00:00","guid":{"rendered":"http:\/\/sindmoveis.com.br\/imprensa\/noticias\/cafe-do-mercado-apresenta-latte-art-na-casa-brasil-2011\/"},"modified":"2021-05-26T10:24:57","modified_gmt":"2021-05-26T13:24:57","slug":"cafe-do-mercado-apresenta-latte-art-na-casa-brasil-2011","status":"publish","type":"post","link":"https:\/\/www.sindmoveis.com.br\/es\/cafe-do-mercado-apresenta-latte-art-na-casa-brasil-2011\/","title":{"rendered":"Caf\u00e9 do Mercado presenta Latte Art en Casa Brasil 2011"},"content":{"rendered":"<p>En la pr\u00f3xima edici\u00f3n de Casa Brasil, feria de productos contempor\u00e1neos de alto nivel que suceder\u00e1 del d\u00eda 2 al 6 de agosto, en el Parque de Eventos de Bento Gon\u00e7alves (RS), el Caf\u00e9 do Mercado, uno de los m\u00e1s tradicionales de Rio Grande do Sul, mostrar\u00e1 que es posible hacer arte hasta con el caf\u00e9. Quienes pasenpor la feria en el d\u00eda 5, a las 16h, podr\u00e1n apreciar una presentaci\u00f3n sobre\u00a0 Latte Art, por el premiado barista gaucho Tiago Mello, en el stand de Caf\u00e9 do Mercado.El Latte Art es la t\u00e9cnica de crear dibujos en superficies de bebidas con base en el caf\u00e9 expreso con leche, una de las combinaciones m\u00e1s adoradas en el mundo. Esa es una alternativa creada por las cafeter\u00edas para sorprender a los apreciadores del buen caf\u00e9, como un toque final a la bebida.<\/p>\n<p>El Latte Art se ha popularizado y hoy existen varias competiciones alrededor del mundo para que los baristas puedan mostrar sus habilidades. Y lo m\u00e1s importante: sin dejar que el sabor se quede en segundo plano.<\/p>\n","protected":false},"excerpt":{"rendered":"<p>En la pr\u00f3xima edici\u00f3n de Casa Brasil, feria de productos contempor\u00e1neos de alto nivel que suceder\u00e1 del d\u00eda 2 al 6 de agosto, en el Parque de Eventos de Bento&#8230;  <a class=\"excerpt-read-more\" href=\"https:\/\/www.sindmoveis.com.br\/es\/cafe-do-mercado-apresenta-latte-art-na-casa-brasil-2011\/\" title=\"Read Caf\u00e9 do Mercado presenta Latte Art en Casa Brasil 2011\">Leia mais &raquo;<\/a><\/p>\n","protected":false},"author":5,"featured_media":0,"comment_status":"closed","ping_status":"open","sticky":false,"template":"","format":"standard","meta":{"footnotes":"","_links_to":"","_links_to_target":""},"categories":[2],"tags":[],"class_list":["post-818","post","type-post","status-publish","format-standard","hentry","category-sindmoveis"],"yoast_head":"<!-- This site is optimized with the Yoast SEO plugin v27.0 - https:\/\/yoast.com\/product\/yoast-seo-wordpress\/ -->\n<title>Caf\u00e9 do Mercado presenta Latte Art en Casa Brasil 2011 - Sindm\u00f3veis-RS<\/title>\n<meta name=\"robots\" content=\"index, follow, max-snippet:-1, max-image-preview:large, max-video-preview:-1\" \/>\n<link rel=\"canonical\" href=\"https:\/\/www.sindmoveis.com.br\/es\/cafe-do-mercado-apresenta-latte-art-na-casa-brasil-2011\/\" \/>\n<meta property=\"og:locale\" content=\"es_ES\" \/>\n<meta property=\"og:type\" content=\"article\" \/>\n<meta property=\"og:title\" content=\"Caf\u00e9 do Mercado presenta Latte Art en Casa Brasil 2011 - Sindm\u00f3veis-RS\" \/>\n<meta property=\"og:description\" content=\"En la pr\u00f3xima edici\u00f3n de Casa Brasil, feria de productos contempor\u00e1neos de alto nivel que suceder\u00e1 del d\u00eda 2 al 6 de agosto, en el Parque de Eventos de Bento... Leia mais &raquo;\" \/>\n<meta property=\"og:url\" content=\"https:\/\/www.sindmoveis.com.br\/es\/cafe-do-mercado-apresenta-latte-art-na-casa-brasil-2011\/\" \/>\n<meta property=\"og:site_name\" content=\"Sindm\u00f3veis-RS\" \/>\n<meta property=\"article:published_time\" content=\"2011-06-14T03:00:00+00:00\" \/>\n<meta property=\"article:modified_time\" content=\"2021-05-26T13:24:57+00:00\" \/>\n<meta name=\"author\" content=\"Imprensa Sindm\u00f3veis\" \/>\n<meta name=\"twitter:card\" content=\"summary_large_image\" \/>\n<meta name=\"twitter:label1\" content=\"Escrito por\" \/>\n\t<meta name=\"twitter:data1\" content=\"Imprensa Sindm\u00f3veis\" \/>\n\t<meta name=\"twitter:label2\" content=\"Tiempo de lectura\" \/>\n\t<meta name=\"twitter:data2\" content=\"1 minuto\" \/>\n<script type=\"application\/ld+json\" class=\"yoast-schema-graph\">{\"@context\":\"https:\/\/schema.org\",\"@graph\":[{\"@type\":\"Article\",\"@id\":\"https:\/\/www.sindmoveis.com.br\/es\/cafe-do-mercado-apresenta-latte-art-na-casa-brasil-2011\/#article\",\"isPartOf\":{\"@id\":\"https:\/\/www.sindmoveis.com.br\/es\/cafe-do-mercado-apresenta-latte-art-na-casa-brasil-2011\/\"},\"author\":{\"name\":\"Imprensa Sindm\u00f3veis\",\"@id\":\"https:\/\/www.sindmoveis.com.br\/es\/#\/schema\/person\/16d379542db1950a17fe188179340d57\"},\"headline\":\"Caf\u00e9 do Mercado presenta Latte Art en Casa Brasil 2011\",\"datePublished\":\"2011-06-14T03:00:00+00:00\",\"dateModified\":\"2021-05-26T13:24:57+00:00\",\"mainEntityOfPage\":{\"@id\":\"https:\/\/www.sindmoveis.com.br\/es\/cafe-do-mercado-apresenta-latte-art-na-casa-brasil-2011\/\"},\"wordCount\":196,\"articleSection\":[\"Sindm\u00f3veis\"],\"inLanguage\":\"es\"},{\"@type\":\"WebPage\",\"@id\":\"https:\/\/www.sindmoveis.com.br\/es\/cafe-do-mercado-apresenta-latte-art-na-casa-brasil-2011\/\",\"url\":\"https:\/\/www.sindmoveis.com.br\/es\/cafe-do-mercado-apresenta-latte-art-na-casa-brasil-2011\/\",\"name\":\"Caf\u00e9 do Mercado presenta Latte Art en Casa Brasil 2011 - Sindm\u00f3veis-RS\",\"isPartOf\":{\"@id\":\"https:\/\/www.sindmoveis.com.br\/es\/#website\"},\"datePublished\":\"2011-06-14T03:00:00+00:00\",\"dateModified\":\"2021-05-26T13:24:57+00:00\",\"author\":{\"@id\":\"https:\/\/www.sindmoveis.com.br\/es\/#\/schema\/person\/16d379542db1950a17fe188179340d57\"},\"inLanguage\":\"es\",\"potentialAction\":[{\"@type\":\"ReadAction\",\"target\":[\"https:\/\/www.sindmoveis.com.br\/es\/cafe-do-mercado-apresenta-latte-art-na-casa-brasil-2011\/\"]}]},{\"@type\":\"WebSite\",\"@id\":\"https:\/\/www.sindmoveis.com.br\/es\/#website\",\"url\":\"https:\/\/www.sindmoveis.com.br\/es\/\",\"name\":\"Sindm\u00f3veis-RS\",\"description\":\"\",\"potentialAction\":[{\"@type\":\"SearchAction\",\"target\":{\"@type\":\"EntryPoint\",\"urlTemplate\":\"https:\/\/www.sindmoveis.com.br\/es\/?s={search_term_string}\"},\"query-input\":{\"@type\":\"PropertyValueSpecification\",\"valueRequired\":true,\"valueName\":\"search_term_string\"}}],\"inLanguage\":\"es\"},{\"@type\":\"Person\",\"@id\":\"https:\/\/www.sindmoveis.com.br\/es\/#\/schema\/person\/16d379542db1950a17fe188179340d57\",\"name\":\"Imprensa Sindm\u00f3veis\",\"image\":{\"@type\":\"ImageObject\",\"inLanguage\":\"es\",\"@id\":\"https:\/\/www.sindmoveis.com.br\/es\/#\/schema\/person\/image\/\",\"url\":\"https:\/\/secure.gravatar.com\/avatar\/4973e2e2c2a0cb5db30b0c7b770041b8e33d048a16b695a1f99c042449d4bfaf?s=96&d=mm&r=g\",\"contentUrl\":\"https:\/\/secure.gravatar.com\/avatar\/4973e2e2c2a0cb5db30b0c7b770041b8e33d048a16b695a1f99c042449d4bfaf?s=96&d=mm&r=g\",\"caption\":\"Imprensa Sindm\u00f3veis\"},\"url\":\"https:\/\/www.sindmoveis.com.br\/es\/author\/ana\/\"}]}<\/script>\n<!-- \/ Yoast SEO plugin. -->","yoast_head_json":{"title":"Caf\u00e9 do Mercado presenta Latte Art en Casa Brasil 2011 - Sindm\u00f3veis-RS","robots":{"index":"index","follow":"follow","max-snippet":"max-snippet:-1","max-image-preview":"max-image-preview:large","max-video-preview":"max-video-preview:-1"},"canonical":"https:\/\/www.sindmoveis.com.br\/es\/cafe-do-mercado-apresenta-latte-art-na-casa-brasil-2011\/","og_locale":"es_ES","og_type":"article","og_title":"Caf\u00e9 do Mercado presenta Latte Art en Casa Brasil 2011 - Sindm\u00f3veis-RS","og_description":"En la pr\u00f3xima edici\u00f3n de Casa Brasil, feria de productos contempor\u00e1neos de alto nivel que suceder\u00e1 del d\u00eda 2 al 6 de agosto, en el Parque de Eventos de Bento... Leia mais &raquo;","og_url":"https:\/\/www.sindmoveis.com.br\/es\/cafe-do-mercado-apresenta-latte-art-na-casa-brasil-2011\/","og_site_name":"Sindm\u00f3veis-RS","article_published_time":"2011-06-14T03:00:00+00:00","article_modified_time":"2021-05-26T13:24:57+00:00","author":"Imprensa Sindm\u00f3veis","twitter_card":"summary_large_image","twitter_misc":{"Escrito por":"Imprensa Sindm\u00f3veis","Tiempo de lectura":"1 minuto"},"schema":{"@context":"https:\/\/schema.org","@graph":[{"@type":"Article","@id":"https:\/\/www.sindmoveis.com.br\/es\/cafe-do-mercado-apresenta-latte-art-na-casa-brasil-2011\/#article","isPartOf":{"@id":"https:\/\/www.sindmoveis.com.br\/es\/cafe-do-mercado-apresenta-latte-art-na-casa-brasil-2011\/"},"author":{"name":"Imprensa Sindm\u00f3veis","@id":"https:\/\/www.sindmoveis.com.br\/es\/#\/schema\/person\/16d379542db1950a17fe188179340d57"},"headline":"Caf\u00e9 do Mercado presenta Latte Art en Casa Brasil 2011","datePublished":"2011-06-14T03:00:00+00:00","dateModified":"2021-05-26T13:24:57+00:00","mainEntityOfPage":{"@id":"https:\/\/www.sindmoveis.com.br\/es\/cafe-do-mercado-apresenta-latte-art-na-casa-brasil-2011\/"},"wordCount":196,"articleSection":["Sindm\u00f3veis"],"inLanguage":"es"},{"@type":"WebPage","@id":"https:\/\/www.sindmoveis.com.br\/es\/cafe-do-mercado-apresenta-latte-art-na-casa-brasil-2011\/","url":"https:\/\/www.sindmoveis.com.br\/es\/cafe-do-mercado-apresenta-latte-art-na-casa-brasil-2011\/","name":"Caf\u00e9 do Mercado presenta Latte Art en Casa Brasil 2011 - Sindm\u00f3veis-RS","isPartOf":{"@id":"https:\/\/www.sindmoveis.com.br\/es\/#website"},"datePublished":"2011-06-14T03:00:00+00:00","dateModified":"2021-05-26T13:24:57+00:00","author":{"@id":"https:\/\/www.sindmoveis.com.br\/es\/#\/schema\/person\/16d379542db1950a17fe188179340d57"},"inLanguage":"es","potentialAction":[{"@type":"ReadAction","target":["https:\/\/www.sindmoveis.com.br\/es\/cafe-do-mercado-apresenta-latte-art-na-casa-brasil-2011\/"]}]},{"@type":"WebSite","@id":"https:\/\/www.sindmoveis.com.br\/es\/#website","url":"https:\/\/www.sindmoveis.com.br\/es\/","name":"Sindm\u00f3veis-RS","description":"","potentialAction":[{"@type":"SearchAction","target":{"@type":"EntryPoint","urlTemplate":"https:\/\/www.sindmoveis.com.br\/es\/?s={search_term_string}"},"query-input":{"@type":"PropertyValueSpecification","valueRequired":true,"valueName":"search_term_string"}}],"inLanguage":"es"},{"@type":"Person","@id":"https:\/\/www.sindmoveis.com.br\/es\/#\/schema\/person\/16d379542db1950a17fe188179340d57","name":"Imprensa Sindm\u00f3veis","image":{"@type":"ImageObject","inLanguage":"es","@id":"https:\/\/www.sindmoveis.com.br\/es\/#\/schema\/person\/image\/","url":"https:\/\/secure.gravatar.com\/avatar\/4973e2e2c2a0cb5db30b0c7b770041b8e33d048a16b695a1f99c042449d4bfaf?s=96&d=mm&r=g","contentUrl":"https:\/\/secure.gravatar.com\/avatar\/4973e2e2c2a0cb5db30b0c7b770041b8e33d048a16b695a1f99c042449d4bfaf?s=96&d=mm&r=g","caption":"Imprensa Sindm\u00f3veis"},"url":"https:\/\/www.sindmoveis.com.br\/es\/author\/ana\/"}]}},"_links":{"self":[{"href":"https:\/\/www.sindmoveis.com.br\/es\/wp-json\/wp\/v2\/posts\/818","targetHints":{"allow":["GET"]}}],"collection":[{"href":"https:\/\/www.sindmoveis.com.br\/es\/wp-json\/wp\/v2\/posts"}],"about":[{"href":"https:\/\/www.sindmoveis.com.br\/es\/wp-json\/wp\/v2\/types\/post"}],"author":[{"embeddable":true,"href":"https:\/\/www.sindmoveis.com.br\/es\/wp-json\/wp\/v2\/users\/5"}],"replies":[{"embeddable":true,"href":"https:\/\/www.sindmoveis.com.br\/es\/wp-json\/wp\/v2\/comments?post=818"}],"version-history":[{"count":2,"href":"https:\/\/www.sindmoveis.com.br\/es\/wp-json\/wp\/v2\/posts\/818\/revisions"}],"predecessor-version":[{"id":3140,"href":"https:\/\/www.sindmoveis.com.br\/es\/wp-json\/wp\/v2\/posts\/818\/revisions\/3140"}],"wp:attachment":[{"href":"https:\/\/www.sindmoveis.com.br\/es\/wp-json\/wp\/v2\/media?parent=818"}],"wp:term":[{"taxonomy":"category","embeddable":true,"href":"https:\/\/www.sindmoveis.com.br\/es\/wp-json\/wp\/v2\/categories?post=818"},{"taxonomy":"post_tag","embeddable":true,"href":"https:\/\/www.sindmoveis.com.br\/es\/wp-json\/wp\/v2\/tags?post=818"}],"curies":[{"name":"wp","href":"https:\/\/api.w.org\/{rel}","templated":true}]}}