{"id":3726,"date":"2019-05-14T00:00:00","date_gmt":"2019-05-14T03:00:00","guid":{"rendered":"https:\/\/www.sindmoveis.com.br\/es\/?p=3726"},"modified":"2021-05-26T10:27:47","modified_gmt":"2021-05-26T13:27:47","slug":"premio-salao-design-abre-inscricoes-em-junho-2","status":"publish","type":"post","link":"https:\/\/www.sindmoveis.com.br\/es\/premio-salao-design-abre-inscricoes-em-junho-2\/","title":{"rendered":"Premio Sal\u00e3o Design abre inscripciones en junio"},"content":{"rendered":"<p>&ldquo;El dise&ntilde;o de mobiliario cuenta historias&rdquo;. Est&aacute; en el aire la campa&ntilde;a de comunicaci&oacute;n del Premio Sal&atilde;o Design 2020, el premio brasile&ntilde;o de dise&ntilde;o de mobiliario. En esta 23&ordf; edici&oacute;n, las piezas publicitarias homenajean el dise&ntilde;o de muebles en Brasil a trav&eacute;s de la historia de los dise&ntilde;adores y de sus creaciones. Nombres como Zanine Caldas, Sergio Rodrigues y Paulo Mendes da Rocha tendr&aacute;n sus piezas ilustrando la campa&ntilde;a, al lado de vencedores de las ediciones anteriores del premio<\/p>\n<p>Con patrocinio de Berneck e Interprint do Brasil, el Premio Sal&atilde;o Design 2020 tendr&aacute; inscripciones de 04 de junio a 05 de septiembre para profesionales y estudiantes brasile&ntilde;os y extranjeros. El director del Premio Sal&atilde;o Design, Eduardo Nuncio, explica que el eslogan publicitario de esta edici&oacute;n ofrece dos lecturas posibles: la cuesti&oacute;n creativa del desarrollo de la pieza y la relaci&oacute;n de las personas con esas creaciones, sean los dise&ntilde;adores o los usuarios. &ldquo;Muebles guardan cuestiones creativas, hist&oacute;ricas y afectivas. Son esas historias que queremos contar&rdquo;, destaca Nuncio.<\/p>\n<p>A lo largo del per&iacute;odo de inscripciones, hasta el juicio y divulgaci&oacute;n de los premiados, el Premio Sal&atilde;o Design va a contar la historia de piezas emblem&aacute;ticas en el dise&ntilde;o brasile&ntilde;o, sea por medio de afiches o en el blog de la premiaci&oacute;n. La primera de esas piezas, que son iconos, es la silla Paulistano, dise&ntilde;o de Paulo Mendes da Rocha. La silla fue encargada en 1957 para la nueva sede del Club Atl&eacute;tico Paulistano. El dise&ntilde;o original de la silla Paulistano consiste en una barra continua de acero con resorte flexible y una red lev&iacute;sima de Tucum &ndash; la &uacute;ltima palabra de la metalurgia en Brasil en la &eacute;poca asociada a la inteligencia sagaz del nativo original americano. M&aacute;s tarde, no siendo posible encargar las redes a los ind&iacute;genas, las sillas fueron revestidas con diversos otros tejidos.<\/p>\n<p>Importantes cambios en el Reglamento marcan esta edici&oacute;n del Premio Sal&atilde;o Design, como alteraciones de categor&iacute;as. Adem&aacute;s, en este a&ntilde;o ser&aacute;n aceptados apenas proyectos de mobiliario. Para hacer el download del reglamento acceda a <a href=\"http:\/\/www.salaodesign.com.br\/\">www.salaodesign.com.br<\/a><\/p>\n<p>&nbsp;<\/p>\n<p><strong>Siga el Premio Sal&atilde;o Design en los medios:<\/strong><\/p>\n<p><a href=\"http:\/\/www.facebook.com\/premiosalaodesign\">www.facebook.com\/premiosalaodesign<\/a><\/p>\n<p><a href=\"http:\/\/www.instagram.com\/premiosalaodesign\">www.instagram.com\/premiosalaodesign<\/a><\/p>\n<p><a href=\"https:\/\/br.pinterest.com\/salaodesign\/\">https:\/\/br.pinterest.com\/salaodesign\/<\/a><\/p>\n<p>&nbsp;<\/p>\n<p><strong>Informaciones para la prensa:<\/strong><\/p>\n<p>Ana Carolina Azevedo<\/p>\n<p>54 99938-7897 | <a href=\"mailto:imprensa@sindmoveis.com.br\">imprensa@sindmoveis.com.br<\/a><\/p>\n","protected":false},"excerpt":{"rendered":"<p>Reglamento est\u00e1 en el aire y trae cambios importantes en la premiaci\u00f3n, que tendr\u00e1 inscripciones para proyectos de mobiliario de 04 de junio a 05 de septiembre<\/p>\n","protected":false},"author":5,"featured_media":3727,"comment_status":"closed","ping_status":"open","sticky":false,"template":"","format":"standard","meta":{"footnotes":"","_links_to":"","_links_to_target":""},"categories":[21,2],"tags":[],"class_list":["post-3726","post","type-post","status-publish","format-standard","has-post-thumbnail","hentry","category-premio-salao-design","category-sindmoveis"],"yoast_head":"<!-- This site is optimized with the Yoast SEO plugin v27.0 - https:\/\/yoast.com\/product\/yoast-seo-wordpress\/ -->\n<title>Premio Sal\u00e3o Design abre inscripciones en junio - Sindm\u00f3veis-RS<\/title>\n<meta name=\"robots\" content=\"index, follow, max-snippet:-1, max-image-preview:large, max-video-preview:-1\" \/>\n<link rel=\"canonical\" href=\"https:\/\/www.sindmoveis.com.br\/es\/premio-salao-design-abre-inscricoes-em-junho-2\/\" \/>\n<meta property=\"og:locale\" content=\"es_ES\" \/>\n<meta property=\"og:type\" content=\"article\" \/>\n<meta property=\"og:title\" content=\"Premio Sal\u00e3o Design abre inscripciones en junio - Sindm\u00f3veis-RS\" \/>\n<meta property=\"og:description\" content=\"Reglamento est\u00e1 en el aire y trae cambios importantes en la premiaci\u00f3n, que tendr\u00e1 inscripciones para proyectos de mobiliario de 04 de junio a 05 de septiembre\" \/>\n<meta property=\"og:url\" content=\"https:\/\/www.sindmoveis.com.br\/es\/premio-salao-design-abre-inscricoes-em-junho-2\/\" \/>\n<meta property=\"og:site_name\" content=\"Sindm\u00f3veis-RS\" \/>\n<meta property=\"article:published_time\" content=\"2019-05-14T03:00:00+00:00\" \/>\n<meta property=\"article:modified_time\" content=\"2021-05-26T13:27:47+00:00\" \/>\n<meta property=\"og:image\" content=\"https:\/\/www.sindmoveis.com.br\/es\/wp-content\/uploads\/2021\/05\/p1557858941.jpg\" \/>\n\t<meta property=\"og:image:width\" content=\"1213\" \/>\n\t<meta property=\"og:image:height\" content=\"732\" \/>\n\t<meta property=\"og:image:type\" content=\"image\/jpeg\" \/>\n<meta name=\"author\" content=\"Imprensa Sindm\u00f3veis\" \/>\n<meta name=\"twitter:card\" content=\"summary_large_image\" \/>\n<meta name=\"twitter:label1\" content=\"Escrito por\" \/>\n\t<meta name=\"twitter:data1\" content=\"Imprensa Sindm\u00f3veis\" \/>\n\t<meta name=\"twitter:label2\" content=\"Tiempo de lectura\" \/>\n\t<meta name=\"twitter:data2\" content=\"2 minutos\" \/>\n<script type=\"application\/ld+json\" class=\"yoast-schema-graph\">{\"@context\":\"https:\/\/schema.org\",\"@graph\":[{\"@type\":\"Article\",\"@id\":\"https:\/\/www.sindmoveis.com.br\/es\/premio-salao-design-abre-inscricoes-em-junho-2\/#article\",\"isPartOf\":{\"@id\":\"https:\/\/www.sindmoveis.com.br\/es\/premio-salao-design-abre-inscricoes-em-junho-2\/\"},\"author\":{\"name\":\"Imprensa Sindm\u00f3veis\",\"@id\":\"https:\/\/www.sindmoveis.com.br\/es\/#\/schema\/person\/16d379542db1950a17fe188179340d57\"},\"headline\":\"Premio Sal\u00e3o Design abre inscripciones en junio\",\"datePublished\":\"2019-05-14T03:00:00+00:00\",\"dateModified\":\"2021-05-26T13:27:47+00:00\",\"mainEntityOfPage\":{\"@id\":\"https:\/\/www.sindmoveis.com.br\/es\/premio-salao-design-abre-inscricoes-em-junho-2\/\"},\"wordCount\":469,\"image\":{\"@id\":\"https:\/\/www.sindmoveis.com.br\/es\/premio-salao-design-abre-inscricoes-em-junho-2\/#primaryimage\"},\"thumbnailUrl\":\"https:\/\/www.sindmoveis.com.br\/es\/wp-content\/uploads\/2021\/05\/p1557858941.jpg\",\"articleSection\":[\"Premio Sal\u00e3o Design\",\"Sindm\u00f3veis\"],\"inLanguage\":\"es\"},{\"@type\":\"WebPage\",\"@id\":\"https:\/\/www.sindmoveis.com.br\/es\/premio-salao-design-abre-inscricoes-em-junho-2\/\",\"url\":\"https:\/\/www.sindmoveis.com.br\/es\/premio-salao-design-abre-inscricoes-em-junho-2\/\",\"name\":\"Premio Sal\u00e3o Design abre inscripciones en junio - Sindm\u00f3veis-RS\",\"isPartOf\":{\"@id\":\"https:\/\/www.sindmoveis.com.br\/es\/#website\"},\"primaryImageOfPage\":{\"@id\":\"https:\/\/www.sindmoveis.com.br\/es\/premio-salao-design-abre-inscricoes-em-junho-2\/#primaryimage\"},\"image\":{\"@id\":\"https:\/\/www.sindmoveis.com.br\/es\/premio-salao-design-abre-inscricoes-em-junho-2\/#primaryimage\"},\"thumbnailUrl\":\"https:\/\/www.sindmoveis.com.br\/es\/wp-content\/uploads\/2021\/05\/p1557858941.jpg\",\"datePublished\":\"2019-05-14T03:00:00+00:00\",\"dateModified\":\"2021-05-26T13:27:47+00:00\",\"author\":{\"@id\":\"https:\/\/www.sindmoveis.com.br\/es\/#\/schema\/person\/16d379542db1950a17fe188179340d57\"},\"inLanguage\":\"es\",\"potentialAction\":[{\"@type\":\"ReadAction\",\"target\":[\"https:\/\/www.sindmoveis.com.br\/es\/premio-salao-design-abre-inscricoes-em-junho-2\/\"]}]},{\"@type\":\"ImageObject\",\"inLanguage\":\"es\",\"@id\":\"https:\/\/www.sindmoveis.com.br\/es\/premio-salao-design-abre-inscricoes-em-junho-2\/#primaryimage\",\"url\":\"https:\/\/www.sindmoveis.com.br\/es\/wp-content\/uploads\/2021\/05\/p1557858941.jpg\",\"contentUrl\":\"https:\/\/www.sindmoveis.com.br\/es\/wp-content\/uploads\/2021\/05\/p1557858941.jpg\",\"width\":1213,\"height\":732},{\"@type\":\"WebSite\",\"@id\":\"https:\/\/www.sindmoveis.com.br\/es\/#website\",\"url\":\"https:\/\/www.sindmoveis.com.br\/es\/\",\"name\":\"Sindm\u00f3veis-RS\",\"description\":\"\",\"potentialAction\":[{\"@type\":\"SearchAction\",\"target\":{\"@type\":\"EntryPoint\",\"urlTemplate\":\"https:\/\/www.sindmoveis.com.br\/es\/?s={search_term_string}\"},\"query-input\":{\"@type\":\"PropertyValueSpecification\",\"valueRequired\":true,\"valueName\":\"search_term_string\"}}],\"inLanguage\":\"es\"},{\"@type\":\"Person\",\"@id\":\"https:\/\/www.sindmoveis.com.br\/es\/#\/schema\/person\/16d379542db1950a17fe188179340d57\",\"name\":\"Imprensa Sindm\u00f3veis\",\"image\":{\"@type\":\"ImageObject\",\"inLanguage\":\"es\",\"@id\":\"https:\/\/www.sindmoveis.com.br\/es\/#\/schema\/person\/image\/\",\"url\":\"https:\/\/secure.gravatar.com\/avatar\/4973e2e2c2a0cb5db30b0c7b770041b8e33d048a16b695a1f99c042449d4bfaf?s=96&d=mm&r=g\",\"contentUrl\":\"https:\/\/secure.gravatar.com\/avatar\/4973e2e2c2a0cb5db30b0c7b770041b8e33d048a16b695a1f99c042449d4bfaf?s=96&d=mm&r=g\",\"caption\":\"Imprensa Sindm\u00f3veis\"},\"url\":\"https:\/\/www.sindmoveis.com.br\/es\/author\/ana\/\"}]}<\/script>\n<!-- \/ Yoast SEO plugin. -->","yoast_head_json":{"title":"Premio Sal\u00e3o Design abre inscripciones en junio - Sindm\u00f3veis-RS","robots":{"index":"index","follow":"follow","max-snippet":"max-snippet:-1","max-image-preview":"max-image-preview:large","max-video-preview":"max-video-preview:-1"},"canonical":"https:\/\/www.sindmoveis.com.br\/es\/premio-salao-design-abre-inscricoes-em-junho-2\/","og_locale":"es_ES","og_type":"article","og_title":"Premio Sal\u00e3o Design abre inscripciones en junio - Sindm\u00f3veis-RS","og_description":"Reglamento est\u00e1 en el aire y trae cambios importantes en la premiaci\u00f3n, que tendr\u00e1 inscripciones para proyectos de mobiliario de 04 de junio a 05 de septiembre","og_url":"https:\/\/www.sindmoveis.com.br\/es\/premio-salao-design-abre-inscricoes-em-junho-2\/","og_site_name":"Sindm\u00f3veis-RS","article_published_time":"2019-05-14T03:00:00+00:00","article_modified_time":"2021-05-26T13:27:47+00:00","og_image":[{"width":1213,"height":732,"url":"https:\/\/www.sindmoveis.com.br\/es\/wp-content\/uploads\/2021\/05\/p1557858941.jpg","type":"image\/jpeg"}],"author":"Imprensa Sindm\u00f3veis","twitter_card":"summary_large_image","twitter_misc":{"Escrito por":"Imprensa Sindm\u00f3veis","Tiempo de lectura":"2 minutos"},"schema":{"@context":"https:\/\/schema.org","@graph":[{"@type":"Article","@id":"https:\/\/www.sindmoveis.com.br\/es\/premio-salao-design-abre-inscricoes-em-junho-2\/#article","isPartOf":{"@id":"https:\/\/www.sindmoveis.com.br\/es\/premio-salao-design-abre-inscricoes-em-junho-2\/"},"author":{"name":"Imprensa Sindm\u00f3veis","@id":"https:\/\/www.sindmoveis.com.br\/es\/#\/schema\/person\/16d379542db1950a17fe188179340d57"},"headline":"Premio Sal\u00e3o Design abre inscripciones en junio","datePublished":"2019-05-14T03:00:00+00:00","dateModified":"2021-05-26T13:27:47+00:00","mainEntityOfPage":{"@id":"https:\/\/www.sindmoveis.com.br\/es\/premio-salao-design-abre-inscricoes-em-junho-2\/"},"wordCount":469,"image":{"@id":"https:\/\/www.sindmoveis.com.br\/es\/premio-salao-design-abre-inscricoes-em-junho-2\/#primaryimage"},"thumbnailUrl":"https:\/\/www.sindmoveis.com.br\/es\/wp-content\/uploads\/2021\/05\/p1557858941.jpg","articleSection":["Premio Sal\u00e3o Design","Sindm\u00f3veis"],"inLanguage":"es"},{"@type":"WebPage","@id":"https:\/\/www.sindmoveis.com.br\/es\/premio-salao-design-abre-inscricoes-em-junho-2\/","url":"https:\/\/www.sindmoveis.com.br\/es\/premio-salao-design-abre-inscricoes-em-junho-2\/","name":"Premio Sal\u00e3o Design abre inscripciones en junio - Sindm\u00f3veis-RS","isPartOf":{"@id":"https:\/\/www.sindmoveis.com.br\/es\/#website"},"primaryImageOfPage":{"@id":"https:\/\/www.sindmoveis.com.br\/es\/premio-salao-design-abre-inscricoes-em-junho-2\/#primaryimage"},"image":{"@id":"https:\/\/www.sindmoveis.com.br\/es\/premio-salao-design-abre-inscricoes-em-junho-2\/#primaryimage"},"thumbnailUrl":"https:\/\/www.sindmoveis.com.br\/es\/wp-content\/uploads\/2021\/05\/p1557858941.jpg","datePublished":"2019-05-14T03:00:00+00:00","dateModified":"2021-05-26T13:27:47+00:00","author":{"@id":"https:\/\/www.sindmoveis.com.br\/es\/#\/schema\/person\/16d379542db1950a17fe188179340d57"},"inLanguage":"es","potentialAction":[{"@type":"ReadAction","target":["https:\/\/www.sindmoveis.com.br\/es\/premio-salao-design-abre-inscricoes-em-junho-2\/"]}]},{"@type":"ImageObject","inLanguage":"es","@id":"https:\/\/www.sindmoveis.com.br\/es\/premio-salao-design-abre-inscricoes-em-junho-2\/#primaryimage","url":"https:\/\/www.sindmoveis.com.br\/es\/wp-content\/uploads\/2021\/05\/p1557858941.jpg","contentUrl":"https:\/\/www.sindmoveis.com.br\/es\/wp-content\/uploads\/2021\/05\/p1557858941.jpg","width":1213,"height":732},{"@type":"WebSite","@id":"https:\/\/www.sindmoveis.com.br\/es\/#website","url":"https:\/\/www.sindmoveis.com.br\/es\/","name":"Sindm\u00f3veis-RS","description":"","potentialAction":[{"@type":"SearchAction","target":{"@type":"EntryPoint","urlTemplate":"https:\/\/www.sindmoveis.com.br\/es\/?s={search_term_string}"},"query-input":{"@type":"PropertyValueSpecification","valueRequired":true,"valueName":"search_term_string"}}],"inLanguage":"es"},{"@type":"Person","@id":"https:\/\/www.sindmoveis.com.br\/es\/#\/schema\/person\/16d379542db1950a17fe188179340d57","name":"Imprensa Sindm\u00f3veis","image":{"@type":"ImageObject","inLanguage":"es","@id":"https:\/\/www.sindmoveis.com.br\/es\/#\/schema\/person\/image\/","url":"https:\/\/secure.gravatar.com\/avatar\/4973e2e2c2a0cb5db30b0c7b770041b8e33d048a16b695a1f99c042449d4bfaf?s=96&d=mm&r=g","contentUrl":"https:\/\/secure.gravatar.com\/avatar\/4973e2e2c2a0cb5db30b0c7b770041b8e33d048a16b695a1f99c042449d4bfaf?s=96&d=mm&r=g","caption":"Imprensa Sindm\u00f3veis"},"url":"https:\/\/www.sindmoveis.com.br\/es\/author\/ana\/"}]}},"_links":{"self":[{"href":"https:\/\/www.sindmoveis.com.br\/es\/wp-json\/wp\/v2\/posts\/3726","targetHints":{"allow":["GET"]}}],"collection":[{"href":"https:\/\/www.sindmoveis.com.br\/es\/wp-json\/wp\/v2\/posts"}],"about":[{"href":"https:\/\/www.sindmoveis.com.br\/es\/wp-json\/wp\/v2\/types\/post"}],"author":[{"embeddable":true,"href":"https:\/\/www.sindmoveis.com.br\/es\/wp-json\/wp\/v2\/users\/5"}],"replies":[{"embeddable":true,"href":"https:\/\/www.sindmoveis.com.br\/es\/wp-json\/wp\/v2\/comments?post=3726"}],"version-history":[{"count":1,"href":"https:\/\/www.sindmoveis.com.br\/es\/wp-json\/wp\/v2\/posts\/3726\/revisions"}],"predecessor-version":[{"id":3790,"href":"https:\/\/www.sindmoveis.com.br\/es\/wp-json\/wp\/v2\/posts\/3726\/revisions\/3790"}],"wp:featuredmedia":[{"embeddable":true,"href":"https:\/\/www.sindmoveis.com.br\/es\/wp-json\/wp\/v2\/media\/3727"}],"wp:attachment":[{"href":"https:\/\/www.sindmoveis.com.br\/es\/wp-json\/wp\/v2\/media?parent=3726"}],"wp:term":[{"taxonomy":"category","embeddable":true,"href":"https:\/\/www.sindmoveis.com.br\/es\/wp-json\/wp\/v2\/categories?post=3726"},{"taxonomy":"post_tag","embeddable":true,"href":"https:\/\/www.sindmoveis.com.br\/es\/wp-json\/wp\/v2\/tags?post=3726"}],"curies":[{"name":"wp","href":"https:\/\/api.w.org\/{rel}","templated":true}]}}