{"id":3690,"date":"2018-06-07T00:00:00","date_gmt":"2018-06-07T03:00:00","guid":{"rendered":"https:\/\/www.sindmoveis.com.br\/es\/projeto-orchestra-brasil-apoia-fornecedores-do-setor-moveleiro-na-formobile-2018-2\/"},"modified":"2021-05-26T10:28:34","modified_gmt":"2021-05-26T13:28:34","slug":"projeto-orchestra-brasil-apoia-fornecedores-do-setor-moveleiro-na-formobile-2018-2","status":"publish","type":"post","link":"https:\/\/www.sindmoveis.com.br\/es\/projeto-orchestra-brasil-apoia-fornecedores-do-setor-moveleiro-na-formobile-2018-2\/","title":{"rendered":"Proyecto Orchestra Brasil apoya proveedores del sector del mobiliario en Form\u00f3bile 2018"},"content":{"rendered":"<p>El Proyecto Orchestra Brasil &ndash; promovido por el Sindicato de las Industrias del Mobiliario de Bento Gon&ccedil;alves (Sindm&oacute;veis) en asociaci&oacute;n con la Agencia Brasile&ntilde;a&nbsp;de Promoci&oacute;n de Exportaciones e Inversiones (Apex-Brasil) &ndash; coordinar&aacute; m&aacute;s una vez las rondas de negocios el proyecto Comprador durante la Feria Internacional de Proveedores de la Industria de Madera y Muebles (Form&oacute;bile), de 10 a 13 de julio,&nbsp; en S&atilde;o Paulo<\/p>\n<p>&nbsp;<\/p>\n<p>Diez importadores van a participar de las negociaciones con empresas proveedoras de la industria del mobiliario. Las rondas de negocios ser&aacute;n los d&iacute;as 12 y 13, en un stand instalado especialmente para el Proyecto Comprador. Est&aacute;n siendo invitados importadores de Argentina, Chile, Bolivia, M&eacute;xico, Estados Unidos, Colombia, Per&uacute;, Sud&aacute;frica, Vietnam, Uruguay y Paraguay.<\/p>\n<p>El Proyecto Orchestra Brasil promueve las exportaciones de proveedores de la industria y del servicio del dise&ntilde;ador brasile&ntilde;o. Adem&aacute;s de la participaci&oacute;n en ferias internacionales y en las principales ferias brasile&ntilde;as volcadas al segmento, el proyecto crea estrategias de posicionamiento en el mercado externo. El proyecto est&aacute; abierto a nuevas adhesiones de empresas brasile&ntilde;as interesadas en participar de esas rondas de negocios durante Form&oacute;bile.<\/p>\n<p>Como representante de mayor polo de mobiliario del pa&iacute;s, Sindm&oacute;veis Bento Gon&ccedil;alves crea condiciones para que el polo se desarrolle de forma sostenible por medio de la articulaci&oacute;n, promoci&oacute;n, informaci&oacute;n y conocimiento. El presidente de Sindm&oacute;veis, Edson Pelicioli, puntualiza que el desarrollo de los fabricantes de insumos y tecnolog&iacute;as es esencial en ese contexto. &ldquo;La internacionalizaci&oacute;n de la cadena de proveedores de la industria del mobiliario y del servicio de los dise&ntilde;adores ampara el posicionamiento que deseamos para Brasil en el mercado internacional en lo que respecta a la competitividad e innovaci&oacute;n&rdquo; resalta.<\/p>\n<p>Form&oacute;bile 208 est&aacute; volcada para los principales involucrados en el proceso de creaci&oacute;n y producci&oacute;n del mobiliario: fabricantes de muebles en serie, carpinteros, revendedores, madereros, dise&ntilde;adores de producto y arquitectos. Promovida por el Grupo Informa, Form&oacute;bile ser&aacute; realizada en nuevo local en esta 8&ordf; edici&oacute;n: el S&atilde;o Paulo Expo &ndash; mayor y m&aacute;s moderno pabell&oacute;n de exposiciones de Am&eacute;rica Latina.<\/p>\n<p>&nbsp;<\/p>\n<p><strong>Sobre <\/strong><strong>el Proyecto<\/strong><strong> Orchestra Brasil<\/strong><\/p>\n<p>&nbsp;El Proyecto Orchestra Brasil existe desde&nbsp;2006 y promueve la inserci&oacute;n competitiva de proveedoras del sector del mobiliario en el mercado internacional. Para ello, son promovidos estudios de mercado; misiones prospectivas; acciones individuales; Proyectos Comprador, Vendedor e Imagen, adem&aacute;s de la participaci&oacute;n en las principales ferias mundiales del sector. Los mercados prioritarios para este convenio son: Argentina, Bolivia, Colombia, Chile, Estados Unidos, India, M&eacute;xico, Per&uacute;,&nbsp; Rep&uacute;blica Dominicana y Sud&aacute;frica<\/p>\n<p>&nbsp;<\/p>\n<p><strong>Servicio<\/strong><br \/>\nForM&oacute;bile &#8211; Feria Internacional de Proveedores de la Industria Madera y Muebles<\/p>\n<p>Fecha &ndash; 10 a 13 de julio de 2018<\/p>\n<p>Local &ndash; S&atilde;o Paulo Expo I Rodovia dos Imigrantes &#8211; Km 1,5<\/p>\n<p>Horario &ndash; das 10h &agrave;s 19h<\/p>\n<p><a href=\"http:\/\/www.feiraformobile.com.br\/\">www.feiraformobile.com.br<\/a><\/p>\n","protected":false},"excerpt":{"rendered":"<p>Proyecto tendr\u00e1 un stand para rondas de negocios entre empresas brasile\u00f1as<br \/>\ny compradores internacionales<\/p>\n","protected":false},"author":5,"featured_media":3691,"comment_status":"closed","ping_status":"open","sticky":false,"template":"","format":"standard","meta":{"footnotes":"","_links_to":"","_links_to_target":""},"categories":[22,2],"tags":[],"class_list":["post-3690","post","type-post","status-publish","format-standard","has-post-thumbnail","hentry","category-proyecto-orchestra-brasil","category-sindmoveis"],"yoast_head":"<!-- This site is optimized with the Yoast SEO plugin v27.0 - https:\/\/yoast.com\/product\/yoast-seo-wordpress\/ -->\n<title>Proyecto Orchestra Brasil apoya proveedores del sector del mobiliario en Form\u00f3bile 2018 - Sindm\u00f3veis-RS<\/title>\n<meta name=\"robots\" content=\"index, follow, max-snippet:-1, max-image-preview:large, max-video-preview:-1\" \/>\n<link rel=\"canonical\" href=\"https:\/\/www.sindmoveis.com.br\/es\/projeto-orchestra-brasil-apoia-fornecedores-do-setor-moveleiro-na-formobile-2018-2\/\" \/>\n<meta property=\"og:locale\" content=\"es_ES\" \/>\n<meta property=\"og:type\" content=\"article\" \/>\n<meta property=\"og:title\" content=\"Proyecto Orchestra Brasil apoya proveedores del sector del mobiliario en Form\u00f3bile 2018 - Sindm\u00f3veis-RS\" \/>\n<meta property=\"og:description\" content=\"Proyecto tendr\u00e1 un stand para rondas de negocios entre empresas brasile\u00f1as y compradores internacionales\" \/>\n<meta property=\"og:url\" content=\"https:\/\/www.sindmoveis.com.br\/es\/projeto-orchestra-brasil-apoia-fornecedores-do-setor-moveleiro-na-formobile-2018-2\/\" \/>\n<meta property=\"og:site_name\" content=\"Sindm\u00f3veis-RS\" \/>\n<meta property=\"article:published_time\" content=\"2018-06-07T03:00:00+00:00\" \/>\n<meta property=\"article:modified_time\" content=\"2021-05-26T13:28:34+00:00\" \/>\n<meta property=\"og:image\" content=\"https:\/\/www.sindmoveis.com.br\/es\/wp-content\/uploads\/2021\/05\/p1528392198.jpg\" \/>\n\t<meta property=\"og:image:width\" content=\"1181\" \/>\n\t<meta property=\"og:image:height\" content=\"799\" \/>\n\t<meta property=\"og:image:type\" content=\"image\/jpeg\" \/>\n<meta name=\"author\" content=\"Imprensa Sindm\u00f3veis\" \/>\n<meta name=\"twitter:card\" content=\"summary_large_image\" \/>\n<meta name=\"twitter:label1\" content=\"Escrito por\" \/>\n\t<meta name=\"twitter:data1\" content=\"Imprensa Sindm\u00f3veis\" \/>\n\t<meta name=\"twitter:label2\" content=\"Tiempo de lectura\" \/>\n\t<meta name=\"twitter:data2\" content=\"3 minutos\" \/>\n<script type=\"application\/ld+json\" class=\"yoast-schema-graph\">{\"@context\":\"https:\/\/schema.org\",\"@graph\":[{\"@type\":\"Article\",\"@id\":\"https:\/\/www.sindmoveis.com.br\/es\/projeto-orchestra-brasil-apoia-fornecedores-do-setor-moveleiro-na-formobile-2018-2\/#article\",\"isPartOf\":{\"@id\":\"https:\/\/www.sindmoveis.com.br\/es\/projeto-orchestra-brasil-apoia-fornecedores-do-setor-moveleiro-na-formobile-2018-2\/\"},\"author\":{\"name\":\"Imprensa Sindm\u00f3veis\",\"@id\":\"https:\/\/www.sindmoveis.com.br\/es\/#\/schema\/person\/16d379542db1950a17fe188179340d57\"},\"headline\":\"Proyecto Orchestra Brasil apoya proveedores del sector del mobiliario en Form\u00f3bile 2018\",\"datePublished\":\"2018-06-07T03:00:00+00:00\",\"dateModified\":\"2021-05-26T13:28:34+00:00\",\"mainEntityOfPage\":{\"@id\":\"https:\/\/www.sindmoveis.com.br\/es\/projeto-orchestra-brasil-apoia-fornecedores-do-setor-moveleiro-na-formobile-2018-2\/\"},\"wordCount\":571,\"image\":{\"@id\":\"https:\/\/www.sindmoveis.com.br\/es\/projeto-orchestra-brasil-apoia-fornecedores-do-setor-moveleiro-na-formobile-2018-2\/#primaryimage\"},\"thumbnailUrl\":\"https:\/\/www.sindmoveis.com.br\/es\/wp-content\/uploads\/2021\/05\/p1528392198.jpg\",\"articleSection\":[\"Proyecto Orchestra Brasil\",\"Sindm\u00f3veis\"],\"inLanguage\":\"es\"},{\"@type\":\"WebPage\",\"@id\":\"https:\/\/www.sindmoveis.com.br\/es\/projeto-orchestra-brasil-apoia-fornecedores-do-setor-moveleiro-na-formobile-2018-2\/\",\"url\":\"https:\/\/www.sindmoveis.com.br\/es\/projeto-orchestra-brasil-apoia-fornecedores-do-setor-moveleiro-na-formobile-2018-2\/\",\"name\":\"Proyecto Orchestra Brasil apoya proveedores del sector del mobiliario en Form\u00f3bile 2018 - Sindm\u00f3veis-RS\",\"isPartOf\":{\"@id\":\"https:\/\/www.sindmoveis.com.br\/es\/#website\"},\"primaryImageOfPage\":{\"@id\":\"https:\/\/www.sindmoveis.com.br\/es\/projeto-orchestra-brasil-apoia-fornecedores-do-setor-moveleiro-na-formobile-2018-2\/#primaryimage\"},\"image\":{\"@id\":\"https:\/\/www.sindmoveis.com.br\/es\/projeto-orchestra-brasil-apoia-fornecedores-do-setor-moveleiro-na-formobile-2018-2\/#primaryimage\"},\"thumbnailUrl\":\"https:\/\/www.sindmoveis.com.br\/es\/wp-content\/uploads\/2021\/05\/p1528392198.jpg\",\"datePublished\":\"2018-06-07T03:00:00+00:00\",\"dateModified\":\"2021-05-26T13:28:34+00:00\",\"author\":{\"@id\":\"https:\/\/www.sindmoveis.com.br\/es\/#\/schema\/person\/16d379542db1950a17fe188179340d57\"},\"inLanguage\":\"es\",\"potentialAction\":[{\"@type\":\"ReadAction\",\"target\":[\"https:\/\/www.sindmoveis.com.br\/es\/projeto-orchestra-brasil-apoia-fornecedores-do-setor-moveleiro-na-formobile-2018-2\/\"]}]},{\"@type\":\"ImageObject\",\"inLanguage\":\"es\",\"@id\":\"https:\/\/www.sindmoveis.com.br\/es\/projeto-orchestra-brasil-apoia-fornecedores-do-setor-moveleiro-na-formobile-2018-2\/#primaryimage\",\"url\":\"https:\/\/www.sindmoveis.com.br\/es\/wp-content\/uploads\/2021\/05\/p1528392198.jpg\",\"contentUrl\":\"https:\/\/www.sindmoveis.com.br\/es\/wp-content\/uploads\/2021\/05\/p1528392198.jpg\",\"width\":1181,\"height\":799},{\"@type\":\"WebSite\",\"@id\":\"https:\/\/www.sindmoveis.com.br\/es\/#website\",\"url\":\"https:\/\/www.sindmoveis.com.br\/es\/\",\"name\":\"Sindm\u00f3veis-RS\",\"description\":\"\",\"potentialAction\":[{\"@type\":\"SearchAction\",\"target\":{\"@type\":\"EntryPoint\",\"urlTemplate\":\"https:\/\/www.sindmoveis.com.br\/es\/?s={search_term_string}\"},\"query-input\":{\"@type\":\"PropertyValueSpecification\",\"valueRequired\":true,\"valueName\":\"search_term_string\"}}],\"inLanguage\":\"es\"},{\"@type\":\"Person\",\"@id\":\"https:\/\/www.sindmoveis.com.br\/es\/#\/schema\/person\/16d379542db1950a17fe188179340d57\",\"name\":\"Imprensa Sindm\u00f3veis\",\"image\":{\"@type\":\"ImageObject\",\"inLanguage\":\"es\",\"@id\":\"https:\/\/www.sindmoveis.com.br\/es\/#\/schema\/person\/image\/\",\"url\":\"https:\/\/secure.gravatar.com\/avatar\/4973e2e2c2a0cb5db30b0c7b770041b8e33d048a16b695a1f99c042449d4bfaf?s=96&d=mm&r=g\",\"contentUrl\":\"https:\/\/secure.gravatar.com\/avatar\/4973e2e2c2a0cb5db30b0c7b770041b8e33d048a16b695a1f99c042449d4bfaf?s=96&d=mm&r=g\",\"caption\":\"Imprensa Sindm\u00f3veis\"},\"url\":\"https:\/\/www.sindmoveis.com.br\/es\/author\/ana\/\"}]}<\/script>\n<!-- \/ Yoast SEO plugin. -->","yoast_head_json":{"title":"Proyecto Orchestra Brasil apoya proveedores del sector del mobiliario en Form\u00f3bile 2018 - Sindm\u00f3veis-RS","robots":{"index":"index","follow":"follow","max-snippet":"max-snippet:-1","max-image-preview":"max-image-preview:large","max-video-preview":"max-video-preview:-1"},"canonical":"https:\/\/www.sindmoveis.com.br\/es\/projeto-orchestra-brasil-apoia-fornecedores-do-setor-moveleiro-na-formobile-2018-2\/","og_locale":"es_ES","og_type":"article","og_title":"Proyecto Orchestra Brasil apoya proveedores del sector del mobiliario en Form\u00f3bile 2018 - Sindm\u00f3veis-RS","og_description":"Proyecto tendr\u00e1 un stand para rondas de negocios entre empresas brasile\u00f1as y compradores internacionales","og_url":"https:\/\/www.sindmoveis.com.br\/es\/projeto-orchestra-brasil-apoia-fornecedores-do-setor-moveleiro-na-formobile-2018-2\/","og_site_name":"Sindm\u00f3veis-RS","article_published_time":"2018-06-07T03:00:00+00:00","article_modified_time":"2021-05-26T13:28:34+00:00","og_image":[{"width":1181,"height":799,"url":"https:\/\/www.sindmoveis.com.br\/es\/wp-content\/uploads\/2021\/05\/p1528392198.jpg","type":"image\/jpeg"}],"author":"Imprensa Sindm\u00f3veis","twitter_card":"summary_large_image","twitter_misc":{"Escrito por":"Imprensa Sindm\u00f3veis","Tiempo de lectura":"3 minutos"},"schema":{"@context":"https:\/\/schema.org","@graph":[{"@type":"Article","@id":"https:\/\/www.sindmoveis.com.br\/es\/projeto-orchestra-brasil-apoia-fornecedores-do-setor-moveleiro-na-formobile-2018-2\/#article","isPartOf":{"@id":"https:\/\/www.sindmoveis.com.br\/es\/projeto-orchestra-brasil-apoia-fornecedores-do-setor-moveleiro-na-formobile-2018-2\/"},"author":{"name":"Imprensa Sindm\u00f3veis","@id":"https:\/\/www.sindmoveis.com.br\/es\/#\/schema\/person\/16d379542db1950a17fe188179340d57"},"headline":"Proyecto Orchestra Brasil apoya proveedores del sector del mobiliario en Form\u00f3bile 2018","datePublished":"2018-06-07T03:00:00+00:00","dateModified":"2021-05-26T13:28:34+00:00","mainEntityOfPage":{"@id":"https:\/\/www.sindmoveis.com.br\/es\/projeto-orchestra-brasil-apoia-fornecedores-do-setor-moveleiro-na-formobile-2018-2\/"},"wordCount":571,"image":{"@id":"https:\/\/www.sindmoveis.com.br\/es\/projeto-orchestra-brasil-apoia-fornecedores-do-setor-moveleiro-na-formobile-2018-2\/#primaryimage"},"thumbnailUrl":"https:\/\/www.sindmoveis.com.br\/es\/wp-content\/uploads\/2021\/05\/p1528392198.jpg","articleSection":["Proyecto Orchestra Brasil","Sindm\u00f3veis"],"inLanguage":"es"},{"@type":"WebPage","@id":"https:\/\/www.sindmoveis.com.br\/es\/projeto-orchestra-brasil-apoia-fornecedores-do-setor-moveleiro-na-formobile-2018-2\/","url":"https:\/\/www.sindmoveis.com.br\/es\/projeto-orchestra-brasil-apoia-fornecedores-do-setor-moveleiro-na-formobile-2018-2\/","name":"Proyecto Orchestra Brasil apoya proveedores del sector del mobiliario en Form\u00f3bile 2018 - Sindm\u00f3veis-RS","isPartOf":{"@id":"https:\/\/www.sindmoveis.com.br\/es\/#website"},"primaryImageOfPage":{"@id":"https:\/\/www.sindmoveis.com.br\/es\/projeto-orchestra-brasil-apoia-fornecedores-do-setor-moveleiro-na-formobile-2018-2\/#primaryimage"},"image":{"@id":"https:\/\/www.sindmoveis.com.br\/es\/projeto-orchestra-brasil-apoia-fornecedores-do-setor-moveleiro-na-formobile-2018-2\/#primaryimage"},"thumbnailUrl":"https:\/\/www.sindmoveis.com.br\/es\/wp-content\/uploads\/2021\/05\/p1528392198.jpg","datePublished":"2018-06-07T03:00:00+00:00","dateModified":"2021-05-26T13:28:34+00:00","author":{"@id":"https:\/\/www.sindmoveis.com.br\/es\/#\/schema\/person\/16d379542db1950a17fe188179340d57"},"inLanguage":"es","potentialAction":[{"@type":"ReadAction","target":["https:\/\/www.sindmoveis.com.br\/es\/projeto-orchestra-brasil-apoia-fornecedores-do-setor-moveleiro-na-formobile-2018-2\/"]}]},{"@type":"ImageObject","inLanguage":"es","@id":"https:\/\/www.sindmoveis.com.br\/es\/projeto-orchestra-brasil-apoia-fornecedores-do-setor-moveleiro-na-formobile-2018-2\/#primaryimage","url":"https:\/\/www.sindmoveis.com.br\/es\/wp-content\/uploads\/2021\/05\/p1528392198.jpg","contentUrl":"https:\/\/www.sindmoveis.com.br\/es\/wp-content\/uploads\/2021\/05\/p1528392198.jpg","width":1181,"height":799},{"@type":"WebSite","@id":"https:\/\/www.sindmoveis.com.br\/es\/#website","url":"https:\/\/www.sindmoveis.com.br\/es\/","name":"Sindm\u00f3veis-RS","description":"","potentialAction":[{"@type":"SearchAction","target":{"@type":"EntryPoint","urlTemplate":"https:\/\/www.sindmoveis.com.br\/es\/?s={search_term_string}"},"query-input":{"@type":"PropertyValueSpecification","valueRequired":true,"valueName":"search_term_string"}}],"inLanguage":"es"},{"@type":"Person","@id":"https:\/\/www.sindmoveis.com.br\/es\/#\/schema\/person\/16d379542db1950a17fe188179340d57","name":"Imprensa Sindm\u00f3veis","image":{"@type":"ImageObject","inLanguage":"es","@id":"https:\/\/www.sindmoveis.com.br\/es\/#\/schema\/person\/image\/","url":"https:\/\/secure.gravatar.com\/avatar\/4973e2e2c2a0cb5db30b0c7b770041b8e33d048a16b695a1f99c042449d4bfaf?s=96&d=mm&r=g","contentUrl":"https:\/\/secure.gravatar.com\/avatar\/4973e2e2c2a0cb5db30b0c7b770041b8e33d048a16b695a1f99c042449d4bfaf?s=96&d=mm&r=g","caption":"Imprensa Sindm\u00f3veis"},"url":"https:\/\/www.sindmoveis.com.br\/es\/author\/ana\/"}]}},"_links":{"self":[{"href":"https:\/\/www.sindmoveis.com.br\/es\/wp-json\/wp\/v2\/posts\/3690","targetHints":{"allow":["GET"]}}],"collection":[{"href":"https:\/\/www.sindmoveis.com.br\/es\/wp-json\/wp\/v2\/posts"}],"about":[{"href":"https:\/\/www.sindmoveis.com.br\/es\/wp-json\/wp\/v2\/types\/post"}],"author":[{"embeddable":true,"href":"https:\/\/www.sindmoveis.com.br\/es\/wp-json\/wp\/v2\/users\/5"}],"replies":[{"embeddable":true,"href":"https:\/\/www.sindmoveis.com.br\/es\/wp-json\/wp\/v2\/comments?post=3690"}],"version-history":[{"count":1,"href":"https:\/\/www.sindmoveis.com.br\/es\/wp-json\/wp\/v2\/posts\/3690\/revisions"}],"predecessor-version":[{"id":3789,"href":"https:\/\/www.sindmoveis.com.br\/es\/wp-json\/wp\/v2\/posts\/3690\/revisions\/3789"}],"wp:featuredmedia":[{"embeddable":true,"href":"https:\/\/www.sindmoveis.com.br\/es\/wp-json\/wp\/v2\/media\/3691"}],"wp:attachment":[{"href":"https:\/\/www.sindmoveis.com.br\/es\/wp-json\/wp\/v2\/media?parent=3690"}],"wp:term":[{"taxonomy":"category","embeddable":true,"href":"https:\/\/www.sindmoveis.com.br\/es\/wp-json\/wp\/v2\/categories?post=3690"},{"taxonomy":"post_tag","embeddable":true,"href":"https:\/\/www.sindmoveis.com.br\/es\/wp-json\/wp\/v2\/tags?post=3690"}],"curies":[{"name":"wp","href":"https:\/\/api.w.org\/{rel}","templated":true}]}}