{"id":3235,"date":"2012-09-14T00:00:00","date_gmt":"2012-09-14T03:00:00","guid":{"rendered":"https:\/\/www.sindmoveis.com.br\/es\/?p=3235"},"modified":"2021-05-26T10:24:53","modified_gmt":"2021-05-26T13:24:53","slug":"moveis-ja-sao-prioridade-para-brasileiros-2","status":"publish","type":"post","link":"https:\/\/www.sindmoveis.com.br\/es\/moveis-ja-sao-prioridade-para-brasileiros-2\/","title":{"rendered":"Muebles ya son prioridad para brasile\u00f1os"},"content":{"rendered":"<p>\u00a0<br \/>\nSector del mobiliario conmemora buenos resultados y proyecta segundo semestre positivo<br \/>\n\u00a0<br \/>\nLos muebles ya son una prioridad para los brasile\u00f1os. Las ventas del segmento de muebles y electrodom\u00e9sticos crecen a un ritmo bastante superior a las ventas al por menor en general. El crecimiento del sector fue de 16,6% en 2011, frente a 6,7% de las ventas de otros bienes de consumo. En 2012, lo acumulado en el primer semestre apunta un aumento superior a 14,1% con relaci\u00f3n al mismo per\u00edodo del a\u00f1o anterior, cuando el \u00edndice general alcanz\u00f3 9,1%. Los datos muestran que este es uno de los segmentos que m\u00e1s crece en el pa\u00eds.<br \/>\n\u00a0<br \/>\nEncuestas recientes apuntan que el mueble es uno de los principales productos considerados como prioridad por el consumidor brasile\u00f1o. El instituto GS&#038;MD consult\u00f3 360 habitantes de S\u00e3o Paulo, que ascendieron socialmente en los \u00faltimos cinco a\u00f1os, y fue constatado que 7% de los entrevistados tienen el mueble como principal sue\u00f1o de consumo. Ya el instituto Data Popular, por solicitaci\u00f3n del Sindicato de las Industrias del Mobiliario de Bento Gon\u00e7alves \u2013 Sindm\u00f3veis, mape\u00f3 este consumidor de la nueva clase media brasile\u00f1a, constatando que en 2011 este grupo fue responsable por el giro de un bill\u00f3n de reales, siendo que de este total, 19.400 millones se refieren a gastos \u00a0solamente con muebles. \u00a0<br \/>\n\u00a0<br \/>\nDe esta manera, en lo acumulado de Enero a Julio de este a\u00f1o, el crecimiento nominal de la facturaci\u00f3n fue de 10,6% superior al mismo per\u00edodo del a\u00f1o pasado, dentro de lo previsto por Sindm\u00f3veis. En el primer semestre, el polo del mobiliario de Bento Gon\u00e7alves (mayor productor de muebles del pa\u00eds) registr\u00f3 \u00a06,6% de aumento en el valor exportado frente el mismo per\u00edodo de 2011.\u00a0<br \/>\n\u00a0<br \/>\nOtras noticias que proyectan un buen escenario para el sector parten de \u00a0iniciativas del Gobierno Federal. La nueva prorrogaci\u00f3n de la reducci\u00f3n del Impuesto sobre Productos Industrializados \u2013 IPI para muebles hasta finales del a\u00f1o, aunque con efectos limitados, y la reciente l\u00ednea de cr\u00e9dito de la entidad bancaria Caixa Econ\u00f3mica Popular \u2013 Cred M\u00f3veis Caixa- , destinada a la compra de muebles y electrodom\u00e9sticos de la l\u00ednea blanca para participantes del Programa Minha Casa, Minha Vida, deben impulsar el sector en el segundo semestre.<br \/>\n\u00a0<\/p>\n","protected":false},"excerpt":{"rendered":"<p>\u00a0 Sector del mobiliario conmemora buenos resultados y proyecta segundo semestre positivo \u00a0 Los muebles ya son una prioridad para los brasile\u00f1os. Las ventas del segmento de muebles y electrodom\u00e9sticos&#8230;  <a class=\"excerpt-read-more\" href=\"https:\/\/www.sindmoveis.com.br\/es\/moveis-ja-sao-prioridade-para-brasileiros-2\/\" title=\"Read Muebles ya son prioridad para brasile\u00f1os\">Leia mais &raquo;<\/a><\/p>\n","protected":false},"author":5,"featured_media":0,"comment_status":"closed","ping_status":"open","sticky":false,"template":"","format":"standard","meta":{"footnotes":"","_links_to":"","_links_to_target":""},"categories":[2],"tags":[],"class_list":["post-3235","post","type-post","status-publish","format-standard","hentry","category-sindmoveis"],"yoast_head":"<!-- This site is optimized with the Yoast SEO plugin v27.0 - https:\/\/yoast.com\/product\/yoast-seo-wordpress\/ -->\n<title>Muebles ya son prioridad para brasile\u00f1os - Sindm\u00f3veis-RS<\/title>\n<meta name=\"robots\" content=\"index, follow, max-snippet:-1, max-image-preview:large, max-video-preview:-1\" \/>\n<link rel=\"canonical\" href=\"https:\/\/www.sindmoveis.com.br\/es\/moveis-ja-sao-prioridade-para-brasileiros-2\/\" \/>\n<meta property=\"og:locale\" content=\"es_ES\" \/>\n<meta property=\"og:type\" content=\"article\" \/>\n<meta property=\"og:title\" content=\"Muebles ya son prioridad para brasile\u00f1os - Sindm\u00f3veis-RS\" \/>\n<meta property=\"og:description\" content=\"\u00a0 Sector del mobiliario conmemora buenos resultados y proyecta segundo semestre positivo \u00a0 Los muebles ya son una prioridad para los brasile\u00f1os. Las ventas del segmento de muebles y electrodom\u00e9sticos... Leia mais &raquo;\" \/>\n<meta property=\"og:url\" content=\"https:\/\/www.sindmoveis.com.br\/es\/moveis-ja-sao-prioridade-para-brasileiros-2\/\" \/>\n<meta property=\"og:site_name\" content=\"Sindm\u00f3veis-RS\" \/>\n<meta property=\"article:published_time\" content=\"2012-09-14T03:00:00+00:00\" \/>\n<meta property=\"article:modified_time\" content=\"2021-05-26T13:24:53+00:00\" \/>\n<meta name=\"author\" content=\"Imprensa Sindm\u00f3veis\" \/>\n<meta name=\"twitter:card\" content=\"summary_large_image\" \/>\n<meta name=\"twitter:label1\" content=\"Escrito por\" \/>\n\t<meta name=\"twitter:data1\" content=\"Imprensa Sindm\u00f3veis\" \/>\n\t<meta name=\"twitter:label2\" content=\"Tiempo de lectura\" \/>\n\t<meta name=\"twitter:data2\" content=\"2 minutos\" \/>\n<script type=\"application\/ld+json\" class=\"yoast-schema-graph\">{\"@context\":\"https:\/\/schema.org\",\"@graph\":[{\"@type\":\"Article\",\"@id\":\"https:\/\/www.sindmoveis.com.br\/es\/moveis-ja-sao-prioridade-para-brasileiros-2\/#article\",\"isPartOf\":{\"@id\":\"https:\/\/www.sindmoveis.com.br\/es\/moveis-ja-sao-prioridade-para-brasileiros-2\/\"},\"author\":{\"name\":\"Imprensa Sindm\u00f3veis\",\"@id\":\"https:\/\/www.sindmoveis.com.br\/es\/#\/schema\/person\/16d379542db1950a17fe188179340d57\"},\"headline\":\"Muebles ya son prioridad para brasile\u00f1os\",\"datePublished\":\"2012-09-14T03:00:00+00:00\",\"dateModified\":\"2021-05-26T13:24:53+00:00\",\"mainEntityOfPage\":{\"@id\":\"https:\/\/www.sindmoveis.com.br\/es\/moveis-ja-sao-prioridade-para-brasileiros-2\/\"},\"wordCount\":391,\"articleSection\":[\"Sindm\u00f3veis\"],\"inLanguage\":\"es\"},{\"@type\":\"WebPage\",\"@id\":\"https:\/\/www.sindmoveis.com.br\/es\/moveis-ja-sao-prioridade-para-brasileiros-2\/\",\"url\":\"https:\/\/www.sindmoveis.com.br\/es\/moveis-ja-sao-prioridade-para-brasileiros-2\/\",\"name\":\"Muebles ya son prioridad para brasile\u00f1os - Sindm\u00f3veis-RS\",\"isPartOf\":{\"@id\":\"https:\/\/www.sindmoveis.com.br\/es\/#website\"},\"datePublished\":\"2012-09-14T03:00:00+00:00\",\"dateModified\":\"2021-05-26T13:24:53+00:00\",\"author\":{\"@id\":\"https:\/\/www.sindmoveis.com.br\/es\/#\/schema\/person\/16d379542db1950a17fe188179340d57\"},\"inLanguage\":\"es\",\"potentialAction\":[{\"@type\":\"ReadAction\",\"target\":[\"https:\/\/www.sindmoveis.com.br\/es\/moveis-ja-sao-prioridade-para-brasileiros-2\/\"]}]},{\"@type\":\"WebSite\",\"@id\":\"https:\/\/www.sindmoveis.com.br\/es\/#website\",\"url\":\"https:\/\/www.sindmoveis.com.br\/es\/\",\"name\":\"Sindm\u00f3veis-RS\",\"description\":\"\",\"potentialAction\":[{\"@type\":\"SearchAction\",\"target\":{\"@type\":\"EntryPoint\",\"urlTemplate\":\"https:\/\/www.sindmoveis.com.br\/es\/?s={search_term_string}\"},\"query-input\":{\"@type\":\"PropertyValueSpecification\",\"valueRequired\":true,\"valueName\":\"search_term_string\"}}],\"inLanguage\":\"es\"},{\"@type\":\"Person\",\"@id\":\"https:\/\/www.sindmoveis.com.br\/es\/#\/schema\/person\/16d379542db1950a17fe188179340d57\",\"name\":\"Imprensa Sindm\u00f3veis\",\"image\":{\"@type\":\"ImageObject\",\"inLanguage\":\"es\",\"@id\":\"https:\/\/www.sindmoveis.com.br\/es\/#\/schema\/person\/image\/\",\"url\":\"https:\/\/secure.gravatar.com\/avatar\/4973e2e2c2a0cb5db30b0c7b770041b8e33d048a16b695a1f99c042449d4bfaf?s=96&d=mm&r=g\",\"contentUrl\":\"https:\/\/secure.gravatar.com\/avatar\/4973e2e2c2a0cb5db30b0c7b770041b8e33d048a16b695a1f99c042449d4bfaf?s=96&d=mm&r=g\",\"caption\":\"Imprensa Sindm\u00f3veis\"},\"url\":\"https:\/\/www.sindmoveis.com.br\/es\/author\/ana\/\"}]}<\/script>\n<!-- \/ Yoast SEO plugin. -->","yoast_head_json":{"title":"Muebles ya son prioridad para brasile\u00f1os - Sindm\u00f3veis-RS","robots":{"index":"index","follow":"follow","max-snippet":"max-snippet:-1","max-image-preview":"max-image-preview:large","max-video-preview":"max-video-preview:-1"},"canonical":"https:\/\/www.sindmoveis.com.br\/es\/moveis-ja-sao-prioridade-para-brasileiros-2\/","og_locale":"es_ES","og_type":"article","og_title":"Muebles ya son prioridad para brasile\u00f1os - Sindm\u00f3veis-RS","og_description":"\u00a0 Sector del mobiliario conmemora buenos resultados y proyecta segundo semestre positivo \u00a0 Los muebles ya son una prioridad para los brasile\u00f1os. Las ventas del segmento de muebles y electrodom\u00e9sticos... Leia mais &raquo;","og_url":"https:\/\/www.sindmoveis.com.br\/es\/moveis-ja-sao-prioridade-para-brasileiros-2\/","og_site_name":"Sindm\u00f3veis-RS","article_published_time":"2012-09-14T03:00:00+00:00","article_modified_time":"2021-05-26T13:24:53+00:00","author":"Imprensa Sindm\u00f3veis","twitter_card":"summary_large_image","twitter_misc":{"Escrito por":"Imprensa Sindm\u00f3veis","Tiempo de lectura":"2 minutos"},"schema":{"@context":"https:\/\/schema.org","@graph":[{"@type":"Article","@id":"https:\/\/www.sindmoveis.com.br\/es\/moveis-ja-sao-prioridade-para-brasileiros-2\/#article","isPartOf":{"@id":"https:\/\/www.sindmoveis.com.br\/es\/moveis-ja-sao-prioridade-para-brasileiros-2\/"},"author":{"name":"Imprensa Sindm\u00f3veis","@id":"https:\/\/www.sindmoveis.com.br\/es\/#\/schema\/person\/16d379542db1950a17fe188179340d57"},"headline":"Muebles ya son prioridad para brasile\u00f1os","datePublished":"2012-09-14T03:00:00+00:00","dateModified":"2021-05-26T13:24:53+00:00","mainEntityOfPage":{"@id":"https:\/\/www.sindmoveis.com.br\/es\/moveis-ja-sao-prioridade-para-brasileiros-2\/"},"wordCount":391,"articleSection":["Sindm\u00f3veis"],"inLanguage":"es"},{"@type":"WebPage","@id":"https:\/\/www.sindmoveis.com.br\/es\/moveis-ja-sao-prioridade-para-brasileiros-2\/","url":"https:\/\/www.sindmoveis.com.br\/es\/moveis-ja-sao-prioridade-para-brasileiros-2\/","name":"Muebles ya son prioridad para brasile\u00f1os - Sindm\u00f3veis-RS","isPartOf":{"@id":"https:\/\/www.sindmoveis.com.br\/es\/#website"},"datePublished":"2012-09-14T03:00:00+00:00","dateModified":"2021-05-26T13:24:53+00:00","author":{"@id":"https:\/\/www.sindmoveis.com.br\/es\/#\/schema\/person\/16d379542db1950a17fe188179340d57"},"inLanguage":"es","potentialAction":[{"@type":"ReadAction","target":["https:\/\/www.sindmoveis.com.br\/es\/moveis-ja-sao-prioridade-para-brasileiros-2\/"]}]},{"@type":"WebSite","@id":"https:\/\/www.sindmoveis.com.br\/es\/#website","url":"https:\/\/www.sindmoveis.com.br\/es\/","name":"Sindm\u00f3veis-RS","description":"","potentialAction":[{"@type":"SearchAction","target":{"@type":"EntryPoint","urlTemplate":"https:\/\/www.sindmoveis.com.br\/es\/?s={search_term_string}"},"query-input":{"@type":"PropertyValueSpecification","valueRequired":true,"valueName":"search_term_string"}}],"inLanguage":"es"},{"@type":"Person","@id":"https:\/\/www.sindmoveis.com.br\/es\/#\/schema\/person\/16d379542db1950a17fe188179340d57","name":"Imprensa Sindm\u00f3veis","image":{"@type":"ImageObject","inLanguage":"es","@id":"https:\/\/www.sindmoveis.com.br\/es\/#\/schema\/person\/image\/","url":"https:\/\/secure.gravatar.com\/avatar\/4973e2e2c2a0cb5db30b0c7b770041b8e33d048a16b695a1f99c042449d4bfaf?s=96&d=mm&r=g","contentUrl":"https:\/\/secure.gravatar.com\/avatar\/4973e2e2c2a0cb5db30b0c7b770041b8e33d048a16b695a1f99c042449d4bfaf?s=96&d=mm&r=g","caption":"Imprensa Sindm\u00f3veis"},"url":"https:\/\/www.sindmoveis.com.br\/es\/author\/ana\/"}]}},"_links":{"self":[{"href":"https:\/\/www.sindmoveis.com.br\/es\/wp-json\/wp\/v2\/posts\/3235","targetHints":{"allow":["GET"]}}],"collection":[{"href":"https:\/\/www.sindmoveis.com.br\/es\/wp-json\/wp\/v2\/posts"}],"about":[{"href":"https:\/\/www.sindmoveis.com.br\/es\/wp-json\/wp\/v2\/types\/post"}],"author":[{"embeddable":true,"href":"https:\/\/www.sindmoveis.com.br\/es\/wp-json\/wp\/v2\/users\/5"}],"replies":[{"embeddable":true,"href":"https:\/\/www.sindmoveis.com.br\/es\/wp-json\/wp\/v2\/comments?post=3235"}],"version-history":[{"count":1,"href":"https:\/\/www.sindmoveis.com.br\/es\/wp-json\/wp\/v2\/posts\/3235\/revisions"}],"predecessor-version":[{"id":3785,"href":"https:\/\/www.sindmoveis.com.br\/es\/wp-json\/wp\/v2\/posts\/3235\/revisions\/3785"}],"wp:attachment":[{"href":"https:\/\/www.sindmoveis.com.br\/es\/wp-json\/wp\/v2\/media?parent=3235"}],"wp:term":[{"taxonomy":"category","embeddable":true,"href":"https:\/\/www.sindmoveis.com.br\/es\/wp-json\/wp\/v2\/categories?post=3235"},{"taxonomy":"post_tag","embeddable":true,"href":"https:\/\/www.sindmoveis.com.br\/es\/wp-json\/wp\/v2\/tags?post=3235"}],"curies":[{"name":"wp","href":"https:\/\/api.w.org\/{rel}","templated":true}]}}