{"id":3195,"date":"2012-03-30T00:00:00","date_gmt":"2012-03-30T03:00:00","guid":{"rendered":"https:\/\/www.sindmoveis.com.br\/es\/?p=3195"},"modified":"2021-05-26T10:24:55","modified_gmt":"2021-05-26T13:24:55","slug":"a-casa-nao-e-para-ser-exibida-e-para-ser-vivida-2","status":"publish","type":"post","link":"https:\/\/www.sindmoveis.com.br\/es\/a-casa-nao-e-para-ser-exibida-e-para-ser-vivida-2\/","title":{"rendered":"\u00abLa casa no es para ser exhibida, es para ser vivida\u00bb"},"content":{"rendered":"<p>Perfil de consumo de la clase C fue debatido en charla informal con la editora jefe de la Revista \u201cMinha Casa\u201d, Cristiane Teixeira<br \/>\n\u00a0<br \/>\nHay mucho para ser descubierto sobre ese brasile\u00f1o que, en pocos a\u00f1os, ha dejado atr\u00e1s el papel de coadyuvante y ha asumido la rueda que mueve la econom\u00eda del pa\u00eds: el consumidor de la clase C. Las empresas fabricantes de muebles est\u00e1n mostrando en esta Movelsul Brasil 2012 el esfuerzo dedicado a la investigaci\u00f3n y a la \u00a0inversi\u00f3n en tecnolog\u00edas para la producci\u00f3n de l\u00edneas funcionales y est\u00e9ticamente atractivas a precio justo. Una charla informal realizada el \u00faltimo mi\u00e9rcoles \u00a028 de marzo, apunt\u00f3 que tambi\u00e9n \u00a0los proyectistas, arquitectos y dise\u00f1adores tienen inter\u00e9s en comunicarse con la llamada nueva clase media brasile\u00f1a.\u00a0<br \/>\nLa editora jefe de la Revista \u201cMinha Casa\u201d, Cristiane Teixeira, present\u00f3 el proyecto editorial de la publicaci\u00f3n, volcada exactamente para la familia que puede \u2013 y quiere- conocer las novedades en muebles y decoraci\u00f3n, pero que a\u00fan tiene restricciones presupuestarias. Para la periodista, las personas no quieren m\u00e1s muebles heredados, pero ni siempre pueden comprar todo que desean de una vez. \u201cMuchas veces, esa familia va a combinar muebles comprados con lo que ya tienen. Esto puede ser perfectamente posible. La casa no es para ser exhibida, es para ser vivida\u201d, recalca.<br \/>\nEl director del Sal\u00e3o Design Movelsul Brasil 2012, Alexandre Lazzarotto, destac\u00f3 que crear dise\u00f1o actualmente no significa m\u00e1s producir productos pop, sino estar conectado a la realidad y, para lograrlo, el profesional debe entrar en la casa de las personas. La arquitecta Adriane Bedin, de ArqMAD, estudio responsable por el proyecto Casa do Consumidor do Novo Brasil, completa: \u201cTenemos que desarrollar productos que puedan adecuarse al consumidor sin la necesidad de la asesor\u00eda de un profesional, pues esa a\u00fan no es la realidad del brasile\u00f1o. La mayor\u00eda de las veces, \u00e9l compra en la tienda, lleva para casa, \u00e9l mismo hace el ensamblaje y quiere un producto que funcione\u201d, finaliza.<br \/>\nMovelsul Brasil Brasil 2012, culmin\u00f3 el viernes 30 de marzo. Para m\u00e1s informaciones, entre en www.movelsul.com.br\u00a0<\/p>\n","protected":false},"excerpt":{"rendered":"<p>Perfil de consumo de la clase C fue debatido en charla informal con la editora jefe de la Revista \u201cMinha Casa\u201d, Cristiane Teixeira \u00a0 Hay mucho para ser descubierto sobre&#8230;  <a class=\"excerpt-read-more\" href=\"https:\/\/www.sindmoveis.com.br\/es\/a-casa-nao-e-para-ser-exibida-e-para-ser-vivida-2\/\" title=\"Read \u00abLa casa no es para ser exhibida, es para ser vivida\u00bb\">Leia mais &raquo;<\/a><\/p>\n","protected":false},"author":5,"featured_media":0,"comment_status":"closed","ping_status":"open","sticky":false,"template":"","format":"standard","meta":{"footnotes":"","_links_to":"","_links_to_target":""},"categories":[2],"tags":[],"class_list":["post-3195","post","type-post","status-publish","format-standard","hentry","category-sindmoveis"],"yoast_head":"<!-- This site is optimized with the Yoast SEO plugin v27.0 - https:\/\/yoast.com\/product\/yoast-seo-wordpress\/ -->\n<title>&quot;La casa no es para ser exhibida, es para ser vivida&quot; - Sindm\u00f3veis-RS<\/title>\n<meta name=\"robots\" content=\"index, follow, max-snippet:-1, max-image-preview:large, max-video-preview:-1\" \/>\n<link rel=\"canonical\" href=\"https:\/\/www.sindmoveis.com.br\/es\/a-casa-nao-e-para-ser-exibida-e-para-ser-vivida-2\/\" \/>\n<meta property=\"og:locale\" content=\"es_ES\" \/>\n<meta property=\"og:type\" content=\"article\" \/>\n<meta property=\"og:title\" content=\"&quot;La casa no es para ser exhibida, es para ser vivida&quot; - Sindm\u00f3veis-RS\" \/>\n<meta property=\"og:description\" content=\"Perfil de consumo de la clase C fue debatido en charla informal con la editora jefe de la Revista \u201cMinha Casa\u201d, Cristiane Teixeira \u00a0 Hay mucho para ser descubierto sobre... Leia mais &raquo;\" \/>\n<meta property=\"og:url\" content=\"https:\/\/www.sindmoveis.com.br\/es\/a-casa-nao-e-para-ser-exibida-e-para-ser-vivida-2\/\" \/>\n<meta property=\"og:site_name\" content=\"Sindm\u00f3veis-RS\" \/>\n<meta property=\"article:published_time\" content=\"2012-03-30T03:00:00+00:00\" \/>\n<meta property=\"article:modified_time\" content=\"2021-05-26T13:24:55+00:00\" \/>\n<meta name=\"author\" content=\"Imprensa Sindm\u00f3veis\" \/>\n<meta name=\"twitter:card\" content=\"summary_large_image\" \/>\n<meta name=\"twitter:label1\" content=\"Escrito por\" \/>\n\t<meta name=\"twitter:data1\" content=\"Imprensa Sindm\u00f3veis\" \/>\n\t<meta name=\"twitter:label2\" content=\"Tiempo de lectura\" \/>\n\t<meta name=\"twitter:data2\" content=\"2 minutos\" \/>\n<script type=\"application\/ld+json\" class=\"yoast-schema-graph\">{\"@context\":\"https:\/\/schema.org\",\"@graph\":[{\"@type\":\"Article\",\"@id\":\"https:\/\/www.sindmoveis.com.br\/es\/a-casa-nao-e-para-ser-exibida-e-para-ser-vivida-2\/#article\",\"isPartOf\":{\"@id\":\"https:\/\/www.sindmoveis.com.br\/es\/a-casa-nao-e-para-ser-exibida-e-para-ser-vivida-2\/\"},\"author\":{\"name\":\"Imprensa Sindm\u00f3veis\",\"@id\":\"https:\/\/www.sindmoveis.com.br\/es\/#\/schema\/person\/16d379542db1950a17fe188179340d57\"},\"headline\":\"\u00abLa casa no es para ser exhibida, es para ser vivida\u00bb\",\"datePublished\":\"2012-03-30T03:00:00+00:00\",\"dateModified\":\"2021-05-26T13:24:55+00:00\",\"mainEntityOfPage\":{\"@id\":\"https:\/\/www.sindmoveis.com.br\/es\/a-casa-nao-e-para-ser-exibida-e-para-ser-vivida-2\/\"},\"wordCount\":379,\"articleSection\":[\"Sindm\u00f3veis\"],\"inLanguage\":\"es\"},{\"@type\":\"WebPage\",\"@id\":\"https:\/\/www.sindmoveis.com.br\/es\/a-casa-nao-e-para-ser-exibida-e-para-ser-vivida-2\/\",\"url\":\"https:\/\/www.sindmoveis.com.br\/es\/a-casa-nao-e-para-ser-exibida-e-para-ser-vivida-2\/\",\"name\":\"\\\"La casa no es para ser exhibida, es para ser vivida\\\" - Sindm\u00f3veis-RS\",\"isPartOf\":{\"@id\":\"https:\/\/www.sindmoveis.com.br\/es\/#website\"},\"datePublished\":\"2012-03-30T03:00:00+00:00\",\"dateModified\":\"2021-05-26T13:24:55+00:00\",\"author\":{\"@id\":\"https:\/\/www.sindmoveis.com.br\/es\/#\/schema\/person\/16d379542db1950a17fe188179340d57\"},\"inLanguage\":\"es\",\"potentialAction\":[{\"@type\":\"ReadAction\",\"target\":[\"https:\/\/www.sindmoveis.com.br\/es\/a-casa-nao-e-para-ser-exibida-e-para-ser-vivida-2\/\"]}]},{\"@type\":\"WebSite\",\"@id\":\"https:\/\/www.sindmoveis.com.br\/es\/#website\",\"url\":\"https:\/\/www.sindmoveis.com.br\/es\/\",\"name\":\"Sindm\u00f3veis-RS\",\"description\":\"\",\"potentialAction\":[{\"@type\":\"SearchAction\",\"target\":{\"@type\":\"EntryPoint\",\"urlTemplate\":\"https:\/\/www.sindmoveis.com.br\/es\/?s={search_term_string}\"},\"query-input\":{\"@type\":\"PropertyValueSpecification\",\"valueRequired\":true,\"valueName\":\"search_term_string\"}}],\"inLanguage\":\"es\"},{\"@type\":\"Person\",\"@id\":\"https:\/\/www.sindmoveis.com.br\/es\/#\/schema\/person\/16d379542db1950a17fe188179340d57\",\"name\":\"Imprensa Sindm\u00f3veis\",\"image\":{\"@type\":\"ImageObject\",\"inLanguage\":\"es\",\"@id\":\"https:\/\/www.sindmoveis.com.br\/es\/#\/schema\/person\/image\/\",\"url\":\"https:\/\/secure.gravatar.com\/avatar\/4973e2e2c2a0cb5db30b0c7b770041b8e33d048a16b695a1f99c042449d4bfaf?s=96&d=mm&r=g\",\"contentUrl\":\"https:\/\/secure.gravatar.com\/avatar\/4973e2e2c2a0cb5db30b0c7b770041b8e33d048a16b695a1f99c042449d4bfaf?s=96&d=mm&r=g\",\"caption\":\"Imprensa Sindm\u00f3veis\"},\"url\":\"https:\/\/www.sindmoveis.com.br\/es\/author\/ana\/\"}]}<\/script>\n<!-- \/ Yoast SEO plugin. -->","yoast_head_json":{"title":"\"La casa no es para ser exhibida, es para ser vivida\" - Sindm\u00f3veis-RS","robots":{"index":"index","follow":"follow","max-snippet":"max-snippet:-1","max-image-preview":"max-image-preview:large","max-video-preview":"max-video-preview:-1"},"canonical":"https:\/\/www.sindmoveis.com.br\/es\/a-casa-nao-e-para-ser-exibida-e-para-ser-vivida-2\/","og_locale":"es_ES","og_type":"article","og_title":"\"La casa no es para ser exhibida, es para ser vivida\" - Sindm\u00f3veis-RS","og_description":"Perfil de consumo de la clase C fue debatido en charla informal con la editora jefe de la Revista \u201cMinha Casa\u201d, Cristiane Teixeira \u00a0 Hay mucho para ser descubierto sobre... Leia mais &raquo;","og_url":"https:\/\/www.sindmoveis.com.br\/es\/a-casa-nao-e-para-ser-exibida-e-para-ser-vivida-2\/","og_site_name":"Sindm\u00f3veis-RS","article_published_time":"2012-03-30T03:00:00+00:00","article_modified_time":"2021-05-26T13:24:55+00:00","author":"Imprensa Sindm\u00f3veis","twitter_card":"summary_large_image","twitter_misc":{"Escrito por":"Imprensa Sindm\u00f3veis","Tiempo de lectura":"2 minutos"},"schema":{"@context":"https:\/\/schema.org","@graph":[{"@type":"Article","@id":"https:\/\/www.sindmoveis.com.br\/es\/a-casa-nao-e-para-ser-exibida-e-para-ser-vivida-2\/#article","isPartOf":{"@id":"https:\/\/www.sindmoveis.com.br\/es\/a-casa-nao-e-para-ser-exibida-e-para-ser-vivida-2\/"},"author":{"name":"Imprensa Sindm\u00f3veis","@id":"https:\/\/www.sindmoveis.com.br\/es\/#\/schema\/person\/16d379542db1950a17fe188179340d57"},"headline":"\u00abLa casa no es para ser exhibida, es para ser vivida\u00bb","datePublished":"2012-03-30T03:00:00+00:00","dateModified":"2021-05-26T13:24:55+00:00","mainEntityOfPage":{"@id":"https:\/\/www.sindmoveis.com.br\/es\/a-casa-nao-e-para-ser-exibida-e-para-ser-vivida-2\/"},"wordCount":379,"articleSection":["Sindm\u00f3veis"],"inLanguage":"es"},{"@type":"WebPage","@id":"https:\/\/www.sindmoveis.com.br\/es\/a-casa-nao-e-para-ser-exibida-e-para-ser-vivida-2\/","url":"https:\/\/www.sindmoveis.com.br\/es\/a-casa-nao-e-para-ser-exibida-e-para-ser-vivida-2\/","name":"\"La casa no es para ser exhibida, es para ser vivida\" - Sindm\u00f3veis-RS","isPartOf":{"@id":"https:\/\/www.sindmoveis.com.br\/es\/#website"},"datePublished":"2012-03-30T03:00:00+00:00","dateModified":"2021-05-26T13:24:55+00:00","author":{"@id":"https:\/\/www.sindmoveis.com.br\/es\/#\/schema\/person\/16d379542db1950a17fe188179340d57"},"inLanguage":"es","potentialAction":[{"@type":"ReadAction","target":["https:\/\/www.sindmoveis.com.br\/es\/a-casa-nao-e-para-ser-exibida-e-para-ser-vivida-2\/"]}]},{"@type":"WebSite","@id":"https:\/\/www.sindmoveis.com.br\/es\/#website","url":"https:\/\/www.sindmoveis.com.br\/es\/","name":"Sindm\u00f3veis-RS","description":"","potentialAction":[{"@type":"SearchAction","target":{"@type":"EntryPoint","urlTemplate":"https:\/\/www.sindmoveis.com.br\/es\/?s={search_term_string}"},"query-input":{"@type":"PropertyValueSpecification","valueRequired":true,"valueName":"search_term_string"}}],"inLanguage":"es"},{"@type":"Person","@id":"https:\/\/www.sindmoveis.com.br\/es\/#\/schema\/person\/16d379542db1950a17fe188179340d57","name":"Imprensa Sindm\u00f3veis","image":{"@type":"ImageObject","inLanguage":"es","@id":"https:\/\/www.sindmoveis.com.br\/es\/#\/schema\/person\/image\/","url":"https:\/\/secure.gravatar.com\/avatar\/4973e2e2c2a0cb5db30b0c7b770041b8e33d048a16b695a1f99c042449d4bfaf?s=96&d=mm&r=g","contentUrl":"https:\/\/secure.gravatar.com\/avatar\/4973e2e2c2a0cb5db30b0c7b770041b8e33d048a16b695a1f99c042449d4bfaf?s=96&d=mm&r=g","caption":"Imprensa Sindm\u00f3veis"},"url":"https:\/\/www.sindmoveis.com.br\/es\/author\/ana\/"}]}},"_links":{"self":[{"href":"https:\/\/www.sindmoveis.com.br\/es\/wp-json\/wp\/v2\/posts\/3195","targetHints":{"allow":["GET"]}}],"collection":[{"href":"https:\/\/www.sindmoveis.com.br\/es\/wp-json\/wp\/v2\/posts"}],"about":[{"href":"https:\/\/www.sindmoveis.com.br\/es\/wp-json\/wp\/v2\/types\/post"}],"author":[{"embeddable":true,"href":"https:\/\/www.sindmoveis.com.br\/es\/wp-json\/wp\/v2\/users\/5"}],"replies":[{"embeddable":true,"href":"https:\/\/www.sindmoveis.com.br\/es\/wp-json\/wp\/v2\/comments?post=3195"}],"version-history":[{"count":1,"href":"https:\/\/www.sindmoveis.com.br\/es\/wp-json\/wp\/v2\/posts\/3195\/revisions"}],"predecessor-version":[{"id":3784,"href":"https:\/\/www.sindmoveis.com.br\/es\/wp-json\/wp\/v2\/posts\/3195\/revisions\/3784"}],"wp:attachment":[{"href":"https:\/\/www.sindmoveis.com.br\/es\/wp-json\/wp\/v2\/media?parent=3195"}],"wp:term":[{"taxonomy":"category","embeddable":true,"href":"https:\/\/www.sindmoveis.com.br\/es\/wp-json\/wp\/v2\/categories?post=3195"},{"taxonomy":"post_tag","embeddable":true,"href":"https:\/\/www.sindmoveis.com.br\/es\/wp-json\/wp\/v2\/tags?post=3195"}],"curies":[{"name":"wp","href":"https:\/\/api.w.org\/{rel}","templated":true}]}}