{"id":3146,"date":"2011-10-05T00:00:00","date_gmt":"2011-10-05T03:00:00","guid":{"rendered":"https:\/\/www.sindmoveis.com.br\/es\/?p=3146"},"modified":"2021-05-26T10:28:40","modified_gmt":"2021-05-26T13:28:40","slug":"orchestra-brasil-na-espanha-2","status":"publish","type":"post","link":"https:\/\/www.sindmoveis.com.br\/es\/orchestra-brasil-na-espanha-2\/","title":{"rendered":"Orchestra Brasil en Espa\u00f1a"},"content":{"rendered":"<p>La ejecuci\u00f3n de un buen trabajo est\u00e1 obteniendo resultados importantes en ferias internacionales. Dos empresas del proyecto Orchestra Brasil estuvieran presentes en la Feria Fimma Mader\u00e1lia, en Valencia, Espa\u00f1a. Las empresas Kolafit (de Piraquara \u2013 Estado de Paran\u00e1) y Procad Softwares (de Caxias do Sul, Rio Grande do Sul) participar\u00e1n del evento, que ocurri\u00f3 del 25 a 28 de octubre, por medio de un apoyo individual del proyecto a los stand. Ambas est\u00e1n interesadas en el mercado local, ya que datos del Instituto Nacional de Estad\u00edstica (INE)- Espa\u00f1a apuntan la existencia de m\u00e1s de 17mil empresas (en su mayor\u00eda peque\u00f1as) en el sector de fabricaci\u00f3n de muebles, con facturaci\u00f3n anual promedio de 4,8 mil millones de euros. M\u00e1s que la presentaci\u00f3n de Promob Studio y Promob Plus ES, sistemas para proyectos de muebles modulares, Pablo Bat Guerra de Procad Softwares resalta la importancia del intercambio de experiencias, lo fu\u00e9 hecho por intermedio de los dos representantes de la empresa que estar\u00e1n presentes en el evento. Destaca a\u00fan, los elogios del asociado espa\u00f1ol por la acci\u00f3n. Enfocado en firmar las primeras asociaciones con el mercado, adem\u00e1s de los vecinos portugueses, el director de Kolafit, F\u00falvio Carvalho, espera que los canales de contacto realizados en la feria traigan a la empresa la posibilidad de ventas efectivas del producto presentado, el hilo resinado, para el empalme de l\u00e1minas de madera. Y los chances son grandes. Segundo datos del INE- ES: apenas en 2009, el volumen de compras l\u00edquidas de materias primas, mercader\u00edas e insumos de la industria espa\u00f1ola del mobiliario gir\u00f3 alrededor de los 2,94 mil millones de euros. De la misma forma Espa\u00f1a se caracteriza por tener un alto grado de abertura de la econom\u00eda, siendo el pa\u00eds uno de los grandes importadores mundiales.<\/p>\n","protected":false},"excerpt":{"rendered":"<p>La ejecuci\u00f3n de un buen trabajo est\u00e1 obteniendo resultados importantes en ferias internacionales. Dos empresas del proyecto Orchestra Brasil estuvieran presentes en la Feria Fimma Mader\u00e1lia, en Valencia, Espa\u00f1a. Las&#8230;  <a class=\"excerpt-read-more\" href=\"https:\/\/www.sindmoveis.com.br\/es\/orchestra-brasil-na-espanha-2\/\" title=\"Read Orchestra Brasil en Espa\u00f1a\">Leia mais &raquo;<\/a><\/p>\n","protected":false},"author":5,"featured_media":0,"comment_status":"closed","ping_status":"open","sticky":false,"template":"","format":"standard","meta":{"footnotes":"","_links_to":"","_links_to_target":""},"categories":[22,2],"tags":[],"class_list":["post-3146","post","type-post","status-publish","format-standard","hentry","category-proyecto-orchestra-brasil","category-sindmoveis"],"yoast_head":"<!-- This site is optimized with the Yoast SEO plugin v27.0 - https:\/\/yoast.com\/product\/yoast-seo-wordpress\/ -->\n<title>Orchestra Brasil en Espa\u00f1a - Sindm\u00f3veis-RS<\/title>\n<meta name=\"robots\" content=\"index, follow, max-snippet:-1, max-image-preview:large, max-video-preview:-1\" \/>\n<link rel=\"canonical\" href=\"https:\/\/www.sindmoveis.com.br\/es\/orchestra-brasil-na-espanha-2\/\" \/>\n<meta property=\"og:locale\" content=\"es_ES\" \/>\n<meta property=\"og:type\" content=\"article\" \/>\n<meta property=\"og:title\" content=\"Orchestra Brasil en Espa\u00f1a - Sindm\u00f3veis-RS\" \/>\n<meta property=\"og:description\" content=\"La ejecuci\u00f3n de un buen trabajo est\u00e1 obteniendo resultados importantes en ferias internacionales. Dos empresas del proyecto Orchestra Brasil estuvieran presentes en la Feria Fimma Mader\u00e1lia, en Valencia, Espa\u00f1a. Las... Leia mais &raquo;\" \/>\n<meta property=\"og:url\" content=\"https:\/\/www.sindmoveis.com.br\/es\/orchestra-brasil-na-espanha-2\/\" \/>\n<meta property=\"og:site_name\" content=\"Sindm\u00f3veis-RS\" \/>\n<meta property=\"article:published_time\" content=\"2011-10-05T03:00:00+00:00\" \/>\n<meta property=\"article:modified_time\" content=\"2021-05-26T13:28:40+00:00\" \/>\n<meta name=\"author\" content=\"Imprensa Sindm\u00f3veis\" \/>\n<meta name=\"twitter:card\" content=\"summary_large_image\" \/>\n<meta name=\"twitter:label1\" content=\"Escrito por\" \/>\n\t<meta name=\"twitter:data1\" content=\"Imprensa Sindm\u00f3veis\" \/>\n\t<meta name=\"twitter:label2\" content=\"Tiempo de lectura\" \/>\n\t<meta name=\"twitter:data2\" content=\"2 minutos\" \/>\n<script type=\"application\/ld+json\" class=\"yoast-schema-graph\">{\"@context\":\"https:\/\/schema.org\",\"@graph\":[{\"@type\":\"Article\",\"@id\":\"https:\/\/www.sindmoveis.com.br\/es\/orchestra-brasil-na-espanha-2\/#article\",\"isPartOf\":{\"@id\":\"https:\/\/www.sindmoveis.com.br\/es\/orchestra-brasil-na-espanha-2\/\"},\"author\":{\"name\":\"Imprensa Sindm\u00f3veis\",\"@id\":\"https:\/\/www.sindmoveis.com.br\/es\/#\/schema\/person\/16d379542db1950a17fe188179340d57\"},\"headline\":\"Orchestra Brasil en Espa\u00f1a\",\"datePublished\":\"2011-10-05T03:00:00+00:00\",\"dateModified\":\"2021-05-26T13:28:40+00:00\",\"mainEntityOfPage\":{\"@id\":\"https:\/\/www.sindmoveis.com.br\/es\/orchestra-brasil-na-espanha-2\/\"},\"wordCount\":319,\"articleSection\":[\"Proyecto Orchestra Brasil\",\"Sindm\u00f3veis\"],\"inLanguage\":\"es\"},{\"@type\":\"WebPage\",\"@id\":\"https:\/\/www.sindmoveis.com.br\/es\/orchestra-brasil-na-espanha-2\/\",\"url\":\"https:\/\/www.sindmoveis.com.br\/es\/orchestra-brasil-na-espanha-2\/\",\"name\":\"Orchestra Brasil en Espa\u00f1a - Sindm\u00f3veis-RS\",\"isPartOf\":{\"@id\":\"https:\/\/www.sindmoveis.com.br\/es\/#website\"},\"datePublished\":\"2011-10-05T03:00:00+00:00\",\"dateModified\":\"2021-05-26T13:28:40+00:00\",\"author\":{\"@id\":\"https:\/\/www.sindmoveis.com.br\/es\/#\/schema\/person\/16d379542db1950a17fe188179340d57\"},\"inLanguage\":\"es\",\"potentialAction\":[{\"@type\":\"ReadAction\",\"target\":[\"https:\/\/www.sindmoveis.com.br\/es\/orchestra-brasil-na-espanha-2\/\"]}]},{\"@type\":\"WebSite\",\"@id\":\"https:\/\/www.sindmoveis.com.br\/es\/#website\",\"url\":\"https:\/\/www.sindmoveis.com.br\/es\/\",\"name\":\"Sindm\u00f3veis-RS\",\"description\":\"\",\"potentialAction\":[{\"@type\":\"SearchAction\",\"target\":{\"@type\":\"EntryPoint\",\"urlTemplate\":\"https:\/\/www.sindmoveis.com.br\/es\/?s={search_term_string}\"},\"query-input\":{\"@type\":\"PropertyValueSpecification\",\"valueRequired\":true,\"valueName\":\"search_term_string\"}}],\"inLanguage\":\"es\"},{\"@type\":\"Person\",\"@id\":\"https:\/\/www.sindmoveis.com.br\/es\/#\/schema\/person\/16d379542db1950a17fe188179340d57\",\"name\":\"Imprensa Sindm\u00f3veis\",\"image\":{\"@type\":\"ImageObject\",\"inLanguage\":\"es\",\"@id\":\"https:\/\/www.sindmoveis.com.br\/es\/#\/schema\/person\/image\/\",\"url\":\"https:\/\/secure.gravatar.com\/avatar\/4973e2e2c2a0cb5db30b0c7b770041b8e33d048a16b695a1f99c042449d4bfaf?s=96&d=mm&r=g\",\"contentUrl\":\"https:\/\/secure.gravatar.com\/avatar\/4973e2e2c2a0cb5db30b0c7b770041b8e33d048a16b695a1f99c042449d4bfaf?s=96&d=mm&r=g\",\"caption\":\"Imprensa Sindm\u00f3veis\"},\"url\":\"https:\/\/www.sindmoveis.com.br\/es\/author\/ana\/\"}]}<\/script>\n<!-- \/ Yoast SEO plugin. -->","yoast_head_json":{"title":"Orchestra Brasil en Espa\u00f1a - Sindm\u00f3veis-RS","robots":{"index":"index","follow":"follow","max-snippet":"max-snippet:-1","max-image-preview":"max-image-preview:large","max-video-preview":"max-video-preview:-1"},"canonical":"https:\/\/www.sindmoveis.com.br\/es\/orchestra-brasil-na-espanha-2\/","og_locale":"es_ES","og_type":"article","og_title":"Orchestra Brasil en Espa\u00f1a - Sindm\u00f3veis-RS","og_description":"La ejecuci\u00f3n de un buen trabajo est\u00e1 obteniendo resultados importantes en ferias internacionales. Dos empresas del proyecto Orchestra Brasil estuvieran presentes en la Feria Fimma Mader\u00e1lia, en Valencia, Espa\u00f1a. Las... Leia mais &raquo;","og_url":"https:\/\/www.sindmoveis.com.br\/es\/orchestra-brasil-na-espanha-2\/","og_site_name":"Sindm\u00f3veis-RS","article_published_time":"2011-10-05T03:00:00+00:00","article_modified_time":"2021-05-26T13:28:40+00:00","author":"Imprensa Sindm\u00f3veis","twitter_card":"summary_large_image","twitter_misc":{"Escrito por":"Imprensa Sindm\u00f3veis","Tiempo de lectura":"2 minutos"},"schema":{"@context":"https:\/\/schema.org","@graph":[{"@type":"Article","@id":"https:\/\/www.sindmoveis.com.br\/es\/orchestra-brasil-na-espanha-2\/#article","isPartOf":{"@id":"https:\/\/www.sindmoveis.com.br\/es\/orchestra-brasil-na-espanha-2\/"},"author":{"name":"Imprensa Sindm\u00f3veis","@id":"https:\/\/www.sindmoveis.com.br\/es\/#\/schema\/person\/16d379542db1950a17fe188179340d57"},"headline":"Orchestra Brasil en Espa\u00f1a","datePublished":"2011-10-05T03:00:00+00:00","dateModified":"2021-05-26T13:28:40+00:00","mainEntityOfPage":{"@id":"https:\/\/www.sindmoveis.com.br\/es\/orchestra-brasil-na-espanha-2\/"},"wordCount":319,"articleSection":["Proyecto Orchestra Brasil","Sindm\u00f3veis"],"inLanguage":"es"},{"@type":"WebPage","@id":"https:\/\/www.sindmoveis.com.br\/es\/orchestra-brasil-na-espanha-2\/","url":"https:\/\/www.sindmoveis.com.br\/es\/orchestra-brasil-na-espanha-2\/","name":"Orchestra Brasil en Espa\u00f1a - Sindm\u00f3veis-RS","isPartOf":{"@id":"https:\/\/www.sindmoveis.com.br\/es\/#website"},"datePublished":"2011-10-05T03:00:00+00:00","dateModified":"2021-05-26T13:28:40+00:00","author":{"@id":"https:\/\/www.sindmoveis.com.br\/es\/#\/schema\/person\/16d379542db1950a17fe188179340d57"},"inLanguage":"es","potentialAction":[{"@type":"ReadAction","target":["https:\/\/www.sindmoveis.com.br\/es\/orchestra-brasil-na-espanha-2\/"]}]},{"@type":"WebSite","@id":"https:\/\/www.sindmoveis.com.br\/es\/#website","url":"https:\/\/www.sindmoveis.com.br\/es\/","name":"Sindm\u00f3veis-RS","description":"","potentialAction":[{"@type":"SearchAction","target":{"@type":"EntryPoint","urlTemplate":"https:\/\/www.sindmoveis.com.br\/es\/?s={search_term_string}"},"query-input":{"@type":"PropertyValueSpecification","valueRequired":true,"valueName":"search_term_string"}}],"inLanguage":"es"},{"@type":"Person","@id":"https:\/\/www.sindmoveis.com.br\/es\/#\/schema\/person\/16d379542db1950a17fe188179340d57","name":"Imprensa Sindm\u00f3veis","image":{"@type":"ImageObject","inLanguage":"es","@id":"https:\/\/www.sindmoveis.com.br\/es\/#\/schema\/person\/image\/","url":"https:\/\/secure.gravatar.com\/avatar\/4973e2e2c2a0cb5db30b0c7b770041b8e33d048a16b695a1f99c042449d4bfaf?s=96&d=mm&r=g","contentUrl":"https:\/\/secure.gravatar.com\/avatar\/4973e2e2c2a0cb5db30b0c7b770041b8e33d048a16b695a1f99c042449d4bfaf?s=96&d=mm&r=g","caption":"Imprensa Sindm\u00f3veis"},"url":"https:\/\/www.sindmoveis.com.br\/es\/author\/ana\/"}]}},"_links":{"self":[{"href":"https:\/\/www.sindmoveis.com.br\/es\/wp-json\/wp\/v2\/posts\/3146","targetHints":{"allow":["GET"]}}],"collection":[{"href":"https:\/\/www.sindmoveis.com.br\/es\/wp-json\/wp\/v2\/posts"}],"about":[{"href":"https:\/\/www.sindmoveis.com.br\/es\/wp-json\/wp\/v2\/types\/post"}],"author":[{"embeddable":true,"href":"https:\/\/www.sindmoveis.com.br\/es\/wp-json\/wp\/v2\/users\/5"}],"replies":[{"embeddable":true,"href":"https:\/\/www.sindmoveis.com.br\/es\/wp-json\/wp\/v2\/comments?post=3146"}],"version-history":[{"count":1,"href":"https:\/\/www.sindmoveis.com.br\/es\/wp-json\/wp\/v2\/posts\/3146\/revisions"}],"predecessor-version":[{"id":3783,"href":"https:\/\/www.sindmoveis.com.br\/es\/wp-json\/wp\/v2\/posts\/3146\/revisions\/3783"}],"wp:attachment":[{"href":"https:\/\/www.sindmoveis.com.br\/es\/wp-json\/wp\/v2\/media?parent=3146"}],"wp:term":[{"taxonomy":"category","embeddable":true,"href":"https:\/\/www.sindmoveis.com.br\/es\/wp-json\/wp\/v2\/categories?post=3146"},{"taxonomy":"post_tag","embeddable":true,"href":"https:\/\/www.sindmoveis.com.br\/es\/wp-json\/wp\/v2\/tags?post=3146"}],"curies":[{"name":"wp","href":"https:\/\/api.w.org\/{rel}","templated":true}]}}