{"id":3141,"date":"2011-06-14T00:00:00","date_gmt":"2011-06-14T03:00:00","guid":{"rendered":"https:\/\/www.sindmoveis.com.br\/es\/?p=3141"},"modified":"2021-05-26T10:24:57","modified_gmt":"2021-05-26T13:24:57","slug":"casa-brasil-tera-criacao-exclusiva-dos-irmaos-campana-2","status":"publish","type":"post","link":"https:\/\/www.sindmoveis.com.br\/es\/casa-brasil-tera-criacao-exclusiva-dos-irmaos-campana-2\/","title":{"rendered":"Casa Brasil tendr\u00e1 creaci\u00f3n exclusiva de los Hermanos Campana"},"content":{"rendered":"<p>Los Hermanos Campana, dise\u00f1adores brasile\u00f1os que conquistaron el mundo con sus creaciones de vanguardia, desarrollaron una pieza exclusiva para su exposici\u00f3n en Casa Brasil 2011, que necesitar\u00e1 del apoyo de la comunidad de Bento Gon\u00e7alves para ser producida. El objeto a\u00fan no revelado, quedar\u00e1 expuesto en el hall de entrada del Parque de Eventos de Bento Gon\u00e7alves durante la feria, entre los d\u00edas 2 y 6 de agosto.Los dise\u00f1adores han solicitado a Sindm\u00f3veis, entidad que organiza Casa Brasil, la recaudaci\u00f3n de 10 mil botellas pl\u00e1sticas de 1,5 y 2 litros, material que dar\u00e1 origen a la obra.\u00a0 Sindm\u00f3veis cuenta con el apoyo de la comunidad para lograr la cantidad necesaria del material, que debe ser transparente o verde, lavado y sin etiqueta. Los interesados en contribuir deben entregar las botellas en la CalleTreze de Maio, 229, 2\u00ba piso &#8211; Bento Gon\u00e7alves (RS).Durante la feria, los Campana recibir\u00e1n el premio Designers da D\u00e9cada, homenaje creado por Sindm\u00f3veis en reconocimiento a los profesionales brasile\u00f1os que tienen actuaci\u00f3n destacada por su trabajo innovador.<\/p>\n","protected":false},"excerpt":{"rendered":"<p>Los Hermanos Campana, dise\u00f1adores brasile\u00f1os que conquistaron el mundo con sus creaciones de vanguardia, desarrollaron una pieza exclusiva para su exposici\u00f3n en Casa Brasil 2011, que necesitar\u00e1 del apoyo de&#8230;  <a class=\"excerpt-read-more\" href=\"https:\/\/www.sindmoveis.com.br\/es\/casa-brasil-tera-criacao-exclusiva-dos-irmaos-campana-2\/\" title=\"Read Casa Brasil tendr\u00e1 creaci\u00f3n exclusiva de los Hermanos Campana\">Leia mais &raquo;<\/a><\/p>\n","protected":false},"author":5,"featured_media":0,"comment_status":"closed","ping_status":"open","sticky":false,"template":"","format":"standard","meta":{"footnotes":"","_links_to":"","_links_to_target":""},"categories":[2],"tags":[],"class_list":["post-3141","post","type-post","status-publish","format-standard","hentry","category-sindmoveis"],"yoast_head":"<!-- This site is optimized with the Yoast SEO plugin v27.0 - https:\/\/yoast.com\/product\/yoast-seo-wordpress\/ -->\n<title>Casa Brasil tendr\u00e1 creaci\u00f3n exclusiva de los Hermanos Campana - Sindm\u00f3veis-RS<\/title>\n<meta name=\"robots\" content=\"index, follow, max-snippet:-1, max-image-preview:large, max-video-preview:-1\" \/>\n<link rel=\"canonical\" href=\"https:\/\/www.sindmoveis.com.br\/es\/casa-brasil-tera-criacao-exclusiva-dos-irmaos-campana-2\/\" \/>\n<meta property=\"og:locale\" content=\"es_ES\" \/>\n<meta property=\"og:type\" content=\"article\" \/>\n<meta property=\"og:title\" content=\"Casa Brasil tendr\u00e1 creaci\u00f3n exclusiva de los Hermanos Campana - Sindm\u00f3veis-RS\" \/>\n<meta property=\"og:description\" content=\"Los Hermanos Campana, dise\u00f1adores brasile\u00f1os que conquistaron el mundo con sus creaciones de vanguardia, desarrollaron una pieza exclusiva para su exposici\u00f3n en Casa Brasil 2011, que necesitar\u00e1 del apoyo de... Leia mais &raquo;\" \/>\n<meta property=\"og:url\" content=\"https:\/\/www.sindmoveis.com.br\/es\/casa-brasil-tera-criacao-exclusiva-dos-irmaos-campana-2\/\" \/>\n<meta property=\"og:site_name\" content=\"Sindm\u00f3veis-RS\" \/>\n<meta property=\"article:published_time\" content=\"2011-06-14T03:00:00+00:00\" \/>\n<meta property=\"article:modified_time\" content=\"2021-05-26T13:24:57+00:00\" \/>\n<meta name=\"author\" content=\"Imprensa Sindm\u00f3veis\" \/>\n<meta name=\"twitter:card\" content=\"summary_large_image\" \/>\n<meta name=\"twitter:label1\" content=\"Escrito por\" \/>\n\t<meta name=\"twitter:data1\" content=\"Imprensa Sindm\u00f3veis\" \/>\n\t<meta name=\"twitter:label2\" content=\"Tiempo de lectura\" \/>\n\t<meta name=\"twitter:data2\" content=\"1 minuto\" \/>\n<script type=\"application\/ld+json\" class=\"yoast-schema-graph\">{\"@context\":\"https:\/\/schema.org\",\"@graph\":[{\"@type\":\"Article\",\"@id\":\"https:\/\/www.sindmoveis.com.br\/es\/casa-brasil-tera-criacao-exclusiva-dos-irmaos-campana-2\/#article\",\"isPartOf\":{\"@id\":\"https:\/\/www.sindmoveis.com.br\/es\/casa-brasil-tera-criacao-exclusiva-dos-irmaos-campana-2\/\"},\"author\":{\"name\":\"Imprensa Sindm\u00f3veis\",\"@id\":\"https:\/\/www.sindmoveis.com.br\/es\/#\/schema\/person\/16d379542db1950a17fe188179340d57\"},\"headline\":\"Casa Brasil tendr\u00e1 creaci\u00f3n exclusiva de los Hermanos Campana\",\"datePublished\":\"2011-06-14T03:00:00+00:00\",\"dateModified\":\"2021-05-26T13:24:57+00:00\",\"mainEntityOfPage\":{\"@id\":\"https:\/\/www.sindmoveis.com.br\/es\/casa-brasil-tera-criacao-exclusiva-dos-irmaos-campana-2\/\"},\"wordCount\":192,\"articleSection\":[\"Sindm\u00f3veis\"],\"inLanguage\":\"es\"},{\"@type\":\"WebPage\",\"@id\":\"https:\/\/www.sindmoveis.com.br\/es\/casa-brasil-tera-criacao-exclusiva-dos-irmaos-campana-2\/\",\"url\":\"https:\/\/www.sindmoveis.com.br\/es\/casa-brasil-tera-criacao-exclusiva-dos-irmaos-campana-2\/\",\"name\":\"Casa Brasil tendr\u00e1 creaci\u00f3n exclusiva de los Hermanos Campana - Sindm\u00f3veis-RS\",\"isPartOf\":{\"@id\":\"https:\/\/www.sindmoveis.com.br\/es\/#website\"},\"datePublished\":\"2011-06-14T03:00:00+00:00\",\"dateModified\":\"2021-05-26T13:24:57+00:00\",\"author\":{\"@id\":\"https:\/\/www.sindmoveis.com.br\/es\/#\/schema\/person\/16d379542db1950a17fe188179340d57\"},\"inLanguage\":\"es\",\"potentialAction\":[{\"@type\":\"ReadAction\",\"target\":[\"https:\/\/www.sindmoveis.com.br\/es\/casa-brasil-tera-criacao-exclusiva-dos-irmaos-campana-2\/\"]}]},{\"@type\":\"WebSite\",\"@id\":\"https:\/\/www.sindmoveis.com.br\/es\/#website\",\"url\":\"https:\/\/www.sindmoveis.com.br\/es\/\",\"name\":\"Sindm\u00f3veis-RS\",\"description\":\"\",\"potentialAction\":[{\"@type\":\"SearchAction\",\"target\":{\"@type\":\"EntryPoint\",\"urlTemplate\":\"https:\/\/www.sindmoveis.com.br\/es\/?s={search_term_string}\"},\"query-input\":{\"@type\":\"PropertyValueSpecification\",\"valueRequired\":true,\"valueName\":\"search_term_string\"}}],\"inLanguage\":\"es\"},{\"@type\":\"Person\",\"@id\":\"https:\/\/www.sindmoveis.com.br\/es\/#\/schema\/person\/16d379542db1950a17fe188179340d57\",\"name\":\"Imprensa Sindm\u00f3veis\",\"image\":{\"@type\":\"ImageObject\",\"inLanguage\":\"es\",\"@id\":\"https:\/\/www.sindmoveis.com.br\/es\/#\/schema\/person\/image\/\",\"url\":\"https:\/\/secure.gravatar.com\/avatar\/4973e2e2c2a0cb5db30b0c7b770041b8e33d048a16b695a1f99c042449d4bfaf?s=96&d=mm&r=g\",\"contentUrl\":\"https:\/\/secure.gravatar.com\/avatar\/4973e2e2c2a0cb5db30b0c7b770041b8e33d048a16b695a1f99c042449d4bfaf?s=96&d=mm&r=g\",\"caption\":\"Imprensa Sindm\u00f3veis\"},\"url\":\"https:\/\/www.sindmoveis.com.br\/es\/author\/ana\/\"}]}<\/script>\n<!-- \/ Yoast SEO plugin. -->","yoast_head_json":{"title":"Casa Brasil tendr\u00e1 creaci\u00f3n exclusiva de los Hermanos Campana - Sindm\u00f3veis-RS","robots":{"index":"index","follow":"follow","max-snippet":"max-snippet:-1","max-image-preview":"max-image-preview:large","max-video-preview":"max-video-preview:-1"},"canonical":"https:\/\/www.sindmoveis.com.br\/es\/casa-brasil-tera-criacao-exclusiva-dos-irmaos-campana-2\/","og_locale":"es_ES","og_type":"article","og_title":"Casa Brasil tendr\u00e1 creaci\u00f3n exclusiva de los Hermanos Campana - Sindm\u00f3veis-RS","og_description":"Los Hermanos Campana, dise\u00f1adores brasile\u00f1os que conquistaron el mundo con sus creaciones de vanguardia, desarrollaron una pieza exclusiva para su exposici\u00f3n en Casa Brasil 2011, que necesitar\u00e1 del apoyo de... Leia mais &raquo;","og_url":"https:\/\/www.sindmoveis.com.br\/es\/casa-brasil-tera-criacao-exclusiva-dos-irmaos-campana-2\/","og_site_name":"Sindm\u00f3veis-RS","article_published_time":"2011-06-14T03:00:00+00:00","article_modified_time":"2021-05-26T13:24:57+00:00","author":"Imprensa Sindm\u00f3veis","twitter_card":"summary_large_image","twitter_misc":{"Escrito por":"Imprensa Sindm\u00f3veis","Tiempo de lectura":"1 minuto"},"schema":{"@context":"https:\/\/schema.org","@graph":[{"@type":"Article","@id":"https:\/\/www.sindmoveis.com.br\/es\/casa-brasil-tera-criacao-exclusiva-dos-irmaos-campana-2\/#article","isPartOf":{"@id":"https:\/\/www.sindmoveis.com.br\/es\/casa-brasil-tera-criacao-exclusiva-dos-irmaos-campana-2\/"},"author":{"name":"Imprensa Sindm\u00f3veis","@id":"https:\/\/www.sindmoveis.com.br\/es\/#\/schema\/person\/16d379542db1950a17fe188179340d57"},"headline":"Casa Brasil tendr\u00e1 creaci\u00f3n exclusiva de los Hermanos Campana","datePublished":"2011-06-14T03:00:00+00:00","dateModified":"2021-05-26T13:24:57+00:00","mainEntityOfPage":{"@id":"https:\/\/www.sindmoveis.com.br\/es\/casa-brasil-tera-criacao-exclusiva-dos-irmaos-campana-2\/"},"wordCount":192,"articleSection":["Sindm\u00f3veis"],"inLanguage":"es"},{"@type":"WebPage","@id":"https:\/\/www.sindmoveis.com.br\/es\/casa-brasil-tera-criacao-exclusiva-dos-irmaos-campana-2\/","url":"https:\/\/www.sindmoveis.com.br\/es\/casa-brasil-tera-criacao-exclusiva-dos-irmaos-campana-2\/","name":"Casa Brasil tendr\u00e1 creaci\u00f3n exclusiva de los Hermanos Campana - Sindm\u00f3veis-RS","isPartOf":{"@id":"https:\/\/www.sindmoveis.com.br\/es\/#website"},"datePublished":"2011-06-14T03:00:00+00:00","dateModified":"2021-05-26T13:24:57+00:00","author":{"@id":"https:\/\/www.sindmoveis.com.br\/es\/#\/schema\/person\/16d379542db1950a17fe188179340d57"},"inLanguage":"es","potentialAction":[{"@type":"ReadAction","target":["https:\/\/www.sindmoveis.com.br\/es\/casa-brasil-tera-criacao-exclusiva-dos-irmaos-campana-2\/"]}]},{"@type":"WebSite","@id":"https:\/\/www.sindmoveis.com.br\/es\/#website","url":"https:\/\/www.sindmoveis.com.br\/es\/","name":"Sindm\u00f3veis-RS","description":"","potentialAction":[{"@type":"SearchAction","target":{"@type":"EntryPoint","urlTemplate":"https:\/\/www.sindmoveis.com.br\/es\/?s={search_term_string}"},"query-input":{"@type":"PropertyValueSpecification","valueRequired":true,"valueName":"search_term_string"}}],"inLanguage":"es"},{"@type":"Person","@id":"https:\/\/www.sindmoveis.com.br\/es\/#\/schema\/person\/16d379542db1950a17fe188179340d57","name":"Imprensa Sindm\u00f3veis","image":{"@type":"ImageObject","inLanguage":"es","@id":"https:\/\/www.sindmoveis.com.br\/es\/#\/schema\/person\/image\/","url":"https:\/\/secure.gravatar.com\/avatar\/4973e2e2c2a0cb5db30b0c7b770041b8e33d048a16b695a1f99c042449d4bfaf?s=96&d=mm&r=g","contentUrl":"https:\/\/secure.gravatar.com\/avatar\/4973e2e2c2a0cb5db30b0c7b770041b8e33d048a16b695a1f99c042449d4bfaf?s=96&d=mm&r=g","caption":"Imprensa Sindm\u00f3veis"},"url":"https:\/\/www.sindmoveis.com.br\/es\/author\/ana\/"}]}},"_links":{"self":[{"href":"https:\/\/www.sindmoveis.com.br\/es\/wp-json\/wp\/v2\/posts\/3141","targetHints":{"allow":["GET"]}}],"collection":[{"href":"https:\/\/www.sindmoveis.com.br\/es\/wp-json\/wp\/v2\/posts"}],"about":[{"href":"https:\/\/www.sindmoveis.com.br\/es\/wp-json\/wp\/v2\/types\/post"}],"author":[{"embeddable":true,"href":"https:\/\/www.sindmoveis.com.br\/es\/wp-json\/wp\/v2\/users\/5"}],"replies":[{"embeddable":true,"href":"https:\/\/www.sindmoveis.com.br\/es\/wp-json\/wp\/v2\/comments?post=3141"}],"version-history":[{"count":1,"href":"https:\/\/www.sindmoveis.com.br\/es\/wp-json\/wp\/v2\/posts\/3141\/revisions"}],"predecessor-version":[{"id":3782,"href":"https:\/\/www.sindmoveis.com.br\/es\/wp-json\/wp\/v2\/posts\/3141\/revisions\/3782"}],"wp:attachment":[{"href":"https:\/\/www.sindmoveis.com.br\/es\/wp-json\/wp\/v2\/media?parent=3141"}],"wp:term":[{"taxonomy":"category","embeddable":true,"href":"https:\/\/www.sindmoveis.com.br\/es\/wp-json\/wp\/v2\/categories?post=3141"},{"taxonomy":"post_tag","embeddable":true,"href":"https:\/\/www.sindmoveis.com.br\/es\/wp-json\/wp\/v2\/tags?post=3141"}],"curies":[{"name":"wp","href":"https:\/\/api.w.org\/{rel}","templated":true}]}}