{"id":1475,"date":"2020-01-27T00:00:00","date_gmt":"2020-01-27T03:00:00","guid":{"rendered":"http:\/\/sindmoveis.com.br\/imprensa\/noticias\/jurados-do-premio-salao-design-se-reunem-em-bento-goncalves-para-escolha-dos-vencedores-da-edicao\/"},"modified":"2021-05-26T10:27:46","modified_gmt":"2021-05-26T13:27:46","slug":"jurados-do-premio-salao-design-se-reunem-em-bento-goncalves-para-escolha-dos-vencedores-da-edicao","status":"publish","type":"post","link":"https:\/\/www.sindmoveis.com.br\/es\/jurados-do-premio-salao-design-se-reunem-em-bento-goncalves-para-escolha-dos-vencedores-da-edicao\/","title":{"rendered":"Jurados del Premio Sal\u00e3o Design se re\u00fanen en Bento Gon\u00e7alves para escoger los vencedores de la edici\u00f3n"},"content":{"rendered":"<p>Tiene inicio este lunes, la etapa final del Premio Sal&atilde;o Design 2020, principal premiaci&oacute;n brasile&ntilde;a de dise&ntilde;o de mobiliario. Los cinco jurados de la modalidad est&eacute;tico creativa est&aacute;n reunidos en Bento Gon&ccedil;alves para evaluar cada uno de los finalistas y elegir los vencedores de esta 22&ordf; edici&oacute;n del premio, realizado desde 1988 por el Sindicato de las Industrias del Mobiliario de Bento Gon&ccedil;alves (Sindm&oacute;veis).<\/p>\n<p>Los jurados de esa fase son: la cr&iacute;tica, historiadora y curadora de dise&ntilde;o Adelia Borges; el arquitecto, dise&ntilde;ador y carpintero Fernando Mendes; el dise&ntilde;ador muchas veces premiado Freddy Van Camp; la artista pl&aacute;stica y dise&ntilde;adora Heloisa Crocco y la directora de contenido de Casa Vogue Taissa Buescu. Ellos estar&aacute;n reunidos este lunes 27 y martes 28 para las evaluaciones, pero el anuncio de los premiados ser&aacute; el d&iacute;a 10 de febrero. La muestra de los productos vencedores y ceremonia de premiaci&oacute;n ser&aacute;n en Movelsul Brasil 2020, de 16 a 19 de marzo, en Bento Gon&ccedil;alves.<\/p>\n<p>En la primera etapa de la edici&oacute;n, un grupo de los jurados en la modalidad t&eacute;cnico funcional, formado por acad&eacute;micos y profesionales del dise&ntilde;o, evalu&oacute; los 827 proyectos inscritos por estudiantes y profesionales, aprobando para la segunda etapa 104 finalistas de Brasil, Argentina y Uruguay. Les toc&oacute; a ellos analizar las condiciones t&eacute;cnicas de los proyectos inscritos y aspectos como seguridad, materiales utilizados, viabilidad productiva y sostenibilidad. Ahora, los criterios requeridos son el concepto, creatividad, originalidad, innovaci&oacute;n, materiales utilizados y fidelidad al proyecto presentado en la primera etapa.<\/p>\n<p>Este a&ntilde;o, los productos concurren en cinco categor&iacute;as: Desaf&iacute;o de los Espacios en Transformaci&oacute;n; Desaf&iacute;o de la Identidad Brasile&ntilde;a 2020; Desaf&iacute;o del Uso de Panel; Desaf&iacute;o de la Tecnolog&iacute;a Empotrada y Desaf&iacute;o de las Experiencias Positivistas. Ya tradicionales en la premiaci&oacute;n, permanecen siendo concedidos el Trofeo Profesor Orientador para los mejores productos de estudiantes y tambi&eacute;n el Premio Maderas Alternativas, &eacute;ste &uacute;ltimo en asociaci&oacute;n con el Servicio Forestal Brasile&ntilde;o y que reconoce el uso de maderas poco utilizadas.<\/p>\n<p>Con patroc&iacute;nio de Berneck, Interprint do Brasil y Brasmacol, el Premio Sal&atilde;o Design ofrece 10 mil reales en premiaci&oacute;n para cada profesional vencedor y 6 mil reales para estudiantes. El premio nace como proyecto paralelo de la feria Movelsul Brasil en los a&ntilde;os 1980 y, en su trayectoria de 32 a&ntilde;os, ha tenido <strong>15.040<\/strong> proyectos inscritos.<\/p>\n<p><strong>M&aacute;s sobre los jurados:<\/strong><\/p>\n<p>Adelia Borges: cr&iacute;tica, historiadora de dise&ntilde;o y artesan&iacute;a y curadora. Es autora de m&aacute;s de una decena de libros, entre ellos Dise&ntilde;o + Artesan&iacute;a: El Camino Brasile&ntilde;o, de 2011. Conferencista frecuente, ya se ha presentado en 27 pa&iacute;ses. Desde 1994 ha hecho la realizaci&oacute;n y\/o curadur&iacute;a de m&aacute;s de 40 exposiciones en espacios culturales en Brasil y el exterior. Entre las instituciones de las cuales participa, se destaca el consejo internacional de la London Design Bienniale.<\/p>\n<p>Fernando Mendes: arquitecto, dise&ntilde;ador y carpintero. Actualmente, dirige su carpinter&iacute;a contempor&aacute;nea, que usa herramientas manuales y t&eacute;cnicas artesanales en la producci&oacute;n de muebles y objetos dise&ntilde;ados por &eacute;l mismo y por el maestro Sergio Rodrigues, con quien trabaj&oacute; y convivi&oacute; por m&aacute;s de veinte a&ntilde;os. Adem&aacute;s de dirigir su Taller, actualmente es presidente del Instituto Sergio Rodrigues<\/p>\n<p>Freddy Van Camp, dise&ntilde;ador con m&aacute;s de 50 a&ntilde;os de carrera, premiado diversas veces, jurado de innumerables concursos, autor y traductor de libros sobre dise&ntilde;o. Es militante n Pol&iacute;ticas del Dise&ntilde;o y Reglamentaci&oacute;n de la Profesi&oacute;n de Dise&ntilde;ador. Actualmente, es Coordinador del Campus Regional de UERJ \/ ESDI, en el Curso de Arquitectura y Urbanismo desde 2014 en Petr&oacute;polis, Estado de R&iacute;o de Janeiro, donde reside.<\/p>\n<p>Helo&iacute;sa Croco: artista pl&aacute;stica y dise&ntilde;adora, desarrolla la Topoformosis y sus posibilidades de aplicaci&oacute;n en diferentes soportes: objetos utilitarios y paneles. Oriunda de las artes de la fibra y con experiencias de viajes por Am&eacute;rica Latina y la Selva Amaz&oacute;nica &ndash; cuyo impacto marca un cambio significativo en su trabajo -, Heloisa Crocco se dedica hoy a una obra que se inspira directamente de la naturaleza.<\/p>\n<p>Taissa Buescu: Como periodista, ya ha contribuido con decenas de revistas italianas, brasile&ntilde;as e inglesas del segmento de dise&ntilde;o, arquitectura y <em>lifestyle<\/em>. Tambi&eacute;n fue curadora de exposiciones en Italia y Brasil, viajando por el mundo en b&uacute;squeda de nuevas tendencias del dise&ntilde;o en todas sus vertientes. Desde 2010, es Directora de Casa Vogue.<\/p>\n<p>&nbsp;<\/p>\n<p><strong>&gt;&gt; CRONOGRAMA DEL PREMIO SAL&Atilde;O DESIGN 2020<\/strong><\/p>\n<p><strong>Etapa final de juicio<\/strong>: 27 y&nbsp;28 de enero&nbsp;de 2020<\/p>\n<p><strong>Divulgaci&oacute;n de los vencedores<\/strong>:&nbsp;10 de febrero&nbsp;de 2020<\/p>\n<p><strong>Muestra de los vencedores y menciones<\/strong>: Movelsul Brasil 2020, de 16 a&nbsp;19 de marzo de 2020, en Bento Gon&ccedil;alves<\/p>\n<p><strong>Ceremonia de premiaci&oacute;n<\/strong>:&nbsp;18 de marzo de 2020, en Bento Gon&ccedil;alves<\/p>\n<p><strong>Segunda<\/strong><strong>&nbsp;muestra de los premiados<\/strong>: S&atilde;o Paulo Design Weekend, agosto de 2020<\/p>\n<p>&nbsp;<\/p>\n<p><strong>Siga el Premio Sal&atilde;o Design en los medios sociales: @premiosalaodesign<\/strong><\/p>\n","protected":false},"excerpt":{"rendered":"<p>En dos d\u00edas, el jurado est\u00e9tico creativo va a evaluar una centena de productos finalistas inscritos por estudiantes y profesionales<\/p>\n","protected":false},"author":5,"featured_media":3765,"comment_status":"closed","ping_status":"open","sticky":false,"template":"","format":"standard","meta":{"footnotes":"","_links_to":"","_links_to_target":""},"categories":[21,2],"tags":[],"class_list":["post-1475","post","type-post","status-publish","format-standard","has-post-thumbnail","hentry","category-premio-salao-design","category-sindmoveis"],"yoast_head":"<!-- This site is optimized with the Yoast SEO plugin v27.0 - https:\/\/yoast.com\/product\/yoast-seo-wordpress\/ -->\n<title>Jurados del Premio Sal\u00e3o Design se re\u00fanen en Bento Gon\u00e7alves para escoger los vencedores de la edici\u00f3n - Sindm\u00f3veis-RS<\/title>\n<meta name=\"robots\" content=\"index, follow, max-snippet:-1, max-image-preview:large, max-video-preview:-1\" \/>\n<link rel=\"canonical\" href=\"https:\/\/www.sindmoveis.com.br\/es\/jurados-do-premio-salao-design-se-reunem-em-bento-goncalves-para-escolha-dos-vencedores-da-edicao\/\" \/>\n<meta property=\"og:locale\" content=\"es_ES\" \/>\n<meta property=\"og:type\" content=\"article\" \/>\n<meta property=\"og:title\" content=\"Jurados del Premio Sal\u00e3o Design se re\u00fanen en Bento Gon\u00e7alves para escoger los vencedores de la edici\u00f3n - Sindm\u00f3veis-RS\" \/>\n<meta property=\"og:description\" content=\"En dos d\u00edas, el jurado est\u00e9tico creativo va a evaluar una centena de productos finalistas inscritos por estudiantes y profesionales\" \/>\n<meta property=\"og:url\" content=\"https:\/\/www.sindmoveis.com.br\/es\/jurados-do-premio-salao-design-se-reunem-em-bento-goncalves-para-escolha-dos-vencedores-da-edicao\/\" \/>\n<meta property=\"og:site_name\" content=\"Sindm\u00f3veis-RS\" \/>\n<meta property=\"article:published_time\" content=\"2020-01-27T03:00:00+00:00\" \/>\n<meta property=\"article:modified_time\" content=\"2021-05-26T13:27:46+00:00\" \/>\n<meta property=\"og:image\" content=\"https:\/\/www.sindmoveis.com.br\/es\/wp-content\/uploads\/2021\/05\/p1580116784.jpg\" \/>\n\t<meta property=\"og:image:width\" content=\"1647\" \/>\n\t<meta property=\"og:image:height\" content=\"669\" \/>\n\t<meta property=\"og:image:type\" content=\"image\/jpeg\" \/>\n<meta name=\"author\" content=\"Imprensa Sindm\u00f3veis\" \/>\n<meta name=\"twitter:card\" content=\"summary_large_image\" \/>\n<meta name=\"twitter:label1\" content=\"Escrito por\" \/>\n\t<meta name=\"twitter:data1\" content=\"Imprensa Sindm\u00f3veis\" \/>\n\t<meta name=\"twitter:label2\" content=\"Tiempo de lectura\" \/>\n\t<meta name=\"twitter:data2\" content=\"5 minutos\" \/>\n<script type=\"application\/ld+json\" class=\"yoast-schema-graph\">{\"@context\":\"https:\/\/schema.org\",\"@graph\":[{\"@type\":\"Article\",\"@id\":\"https:\/\/www.sindmoveis.com.br\/es\/jurados-do-premio-salao-design-se-reunem-em-bento-goncalves-para-escolha-dos-vencedores-da-edicao\/#article\",\"isPartOf\":{\"@id\":\"https:\/\/www.sindmoveis.com.br\/es\/jurados-do-premio-salao-design-se-reunem-em-bento-goncalves-para-escolha-dos-vencedores-da-edicao\/\"},\"author\":{\"name\":\"Imprensa Sindm\u00f3veis\",\"@id\":\"https:\/\/www.sindmoveis.com.br\/es\/#\/schema\/person\/16d379542db1950a17fe188179340d57\"},\"headline\":\"Jurados del Premio Sal\u00e3o Design se re\u00fanen en Bento Gon\u00e7alves para escoger los vencedores de la edici\u00f3n\",\"datePublished\":\"2020-01-27T03:00:00+00:00\",\"dateModified\":\"2021-05-26T13:27:46+00:00\",\"mainEntityOfPage\":{\"@id\":\"https:\/\/www.sindmoveis.com.br\/es\/jurados-do-premio-salao-design-se-reunem-em-bento-goncalves-para-escolha-dos-vencedores-da-edicao\/\"},\"wordCount\":977,\"image\":{\"@id\":\"https:\/\/www.sindmoveis.com.br\/es\/jurados-do-premio-salao-design-se-reunem-em-bento-goncalves-para-escolha-dos-vencedores-da-edicao\/#primaryimage\"},\"thumbnailUrl\":\"https:\/\/www.sindmoveis.com.br\/es\/wp-content\/uploads\/2021\/05\/p1580116784.jpg\",\"articleSection\":[\"Premio Sal\u00e3o Design\",\"Sindm\u00f3veis\"],\"inLanguage\":\"es\"},{\"@type\":\"WebPage\",\"@id\":\"https:\/\/www.sindmoveis.com.br\/es\/jurados-do-premio-salao-design-se-reunem-em-bento-goncalves-para-escolha-dos-vencedores-da-edicao\/\",\"url\":\"https:\/\/www.sindmoveis.com.br\/es\/jurados-do-premio-salao-design-se-reunem-em-bento-goncalves-para-escolha-dos-vencedores-da-edicao\/\",\"name\":\"Jurados del Premio Sal\u00e3o Design se re\u00fanen en Bento Gon\u00e7alves para escoger los vencedores de la edici\u00f3n - Sindm\u00f3veis-RS\",\"isPartOf\":{\"@id\":\"https:\/\/www.sindmoveis.com.br\/es\/#website\"},\"primaryImageOfPage\":{\"@id\":\"https:\/\/www.sindmoveis.com.br\/es\/jurados-do-premio-salao-design-se-reunem-em-bento-goncalves-para-escolha-dos-vencedores-da-edicao\/#primaryimage\"},\"image\":{\"@id\":\"https:\/\/www.sindmoveis.com.br\/es\/jurados-do-premio-salao-design-se-reunem-em-bento-goncalves-para-escolha-dos-vencedores-da-edicao\/#primaryimage\"},\"thumbnailUrl\":\"https:\/\/www.sindmoveis.com.br\/es\/wp-content\/uploads\/2021\/05\/p1580116784.jpg\",\"datePublished\":\"2020-01-27T03:00:00+00:00\",\"dateModified\":\"2021-05-26T13:27:46+00:00\",\"author\":{\"@id\":\"https:\/\/www.sindmoveis.com.br\/es\/#\/schema\/person\/16d379542db1950a17fe188179340d57\"},\"inLanguage\":\"es\",\"potentialAction\":[{\"@type\":\"ReadAction\",\"target\":[\"https:\/\/www.sindmoveis.com.br\/es\/jurados-do-premio-salao-design-se-reunem-em-bento-goncalves-para-escolha-dos-vencedores-da-edicao\/\"]}]},{\"@type\":\"ImageObject\",\"inLanguage\":\"es\",\"@id\":\"https:\/\/www.sindmoveis.com.br\/es\/jurados-do-premio-salao-design-se-reunem-em-bento-goncalves-para-escolha-dos-vencedores-da-edicao\/#primaryimage\",\"url\":\"https:\/\/www.sindmoveis.com.br\/es\/wp-content\/uploads\/2021\/05\/p1580116784.jpg\",\"contentUrl\":\"https:\/\/www.sindmoveis.com.br\/es\/wp-content\/uploads\/2021\/05\/p1580116784.jpg\",\"width\":1647,\"height\":669},{\"@type\":\"WebSite\",\"@id\":\"https:\/\/www.sindmoveis.com.br\/es\/#website\",\"url\":\"https:\/\/www.sindmoveis.com.br\/es\/\",\"name\":\"Sindm\u00f3veis-RS\",\"description\":\"\",\"potentialAction\":[{\"@type\":\"SearchAction\",\"target\":{\"@type\":\"EntryPoint\",\"urlTemplate\":\"https:\/\/www.sindmoveis.com.br\/es\/?s={search_term_string}\"},\"query-input\":{\"@type\":\"PropertyValueSpecification\",\"valueRequired\":true,\"valueName\":\"search_term_string\"}}],\"inLanguage\":\"es\"},{\"@type\":\"Person\",\"@id\":\"https:\/\/www.sindmoveis.com.br\/es\/#\/schema\/person\/16d379542db1950a17fe188179340d57\",\"name\":\"Imprensa Sindm\u00f3veis\",\"image\":{\"@type\":\"ImageObject\",\"inLanguage\":\"es\",\"@id\":\"https:\/\/www.sindmoveis.com.br\/es\/#\/schema\/person\/image\/\",\"url\":\"https:\/\/secure.gravatar.com\/avatar\/4973e2e2c2a0cb5db30b0c7b770041b8e33d048a16b695a1f99c042449d4bfaf?s=96&d=mm&r=g\",\"contentUrl\":\"https:\/\/secure.gravatar.com\/avatar\/4973e2e2c2a0cb5db30b0c7b770041b8e33d048a16b695a1f99c042449d4bfaf?s=96&d=mm&r=g\",\"caption\":\"Imprensa Sindm\u00f3veis\"},\"url\":\"https:\/\/www.sindmoveis.com.br\/es\/author\/ana\/\"}]}<\/script>\n<!-- \/ Yoast SEO plugin. -->","yoast_head_json":{"title":"Jurados del Premio Sal\u00e3o Design se re\u00fanen en Bento Gon\u00e7alves para escoger los vencedores de la edici\u00f3n - Sindm\u00f3veis-RS","robots":{"index":"index","follow":"follow","max-snippet":"max-snippet:-1","max-image-preview":"max-image-preview:large","max-video-preview":"max-video-preview:-1"},"canonical":"https:\/\/www.sindmoveis.com.br\/es\/jurados-do-premio-salao-design-se-reunem-em-bento-goncalves-para-escolha-dos-vencedores-da-edicao\/","og_locale":"es_ES","og_type":"article","og_title":"Jurados del Premio Sal\u00e3o Design se re\u00fanen en Bento Gon\u00e7alves para escoger los vencedores de la edici\u00f3n - Sindm\u00f3veis-RS","og_description":"En dos d\u00edas, el jurado est\u00e9tico creativo va a evaluar una centena de productos finalistas inscritos por estudiantes y profesionales","og_url":"https:\/\/www.sindmoveis.com.br\/es\/jurados-do-premio-salao-design-se-reunem-em-bento-goncalves-para-escolha-dos-vencedores-da-edicao\/","og_site_name":"Sindm\u00f3veis-RS","article_published_time":"2020-01-27T03:00:00+00:00","article_modified_time":"2021-05-26T13:27:46+00:00","og_image":[{"width":1647,"height":669,"url":"https:\/\/www.sindmoveis.com.br\/es\/wp-content\/uploads\/2021\/05\/p1580116784.jpg","type":"image\/jpeg"}],"author":"Imprensa Sindm\u00f3veis","twitter_card":"summary_large_image","twitter_misc":{"Escrito por":"Imprensa Sindm\u00f3veis","Tiempo de lectura":"5 minutos"},"schema":{"@context":"https:\/\/schema.org","@graph":[{"@type":"Article","@id":"https:\/\/www.sindmoveis.com.br\/es\/jurados-do-premio-salao-design-se-reunem-em-bento-goncalves-para-escolha-dos-vencedores-da-edicao\/#article","isPartOf":{"@id":"https:\/\/www.sindmoveis.com.br\/es\/jurados-do-premio-salao-design-se-reunem-em-bento-goncalves-para-escolha-dos-vencedores-da-edicao\/"},"author":{"name":"Imprensa Sindm\u00f3veis","@id":"https:\/\/www.sindmoveis.com.br\/es\/#\/schema\/person\/16d379542db1950a17fe188179340d57"},"headline":"Jurados del Premio Sal\u00e3o Design se re\u00fanen en Bento Gon\u00e7alves para escoger los vencedores de la edici\u00f3n","datePublished":"2020-01-27T03:00:00+00:00","dateModified":"2021-05-26T13:27:46+00:00","mainEntityOfPage":{"@id":"https:\/\/www.sindmoveis.com.br\/es\/jurados-do-premio-salao-design-se-reunem-em-bento-goncalves-para-escolha-dos-vencedores-da-edicao\/"},"wordCount":977,"image":{"@id":"https:\/\/www.sindmoveis.com.br\/es\/jurados-do-premio-salao-design-se-reunem-em-bento-goncalves-para-escolha-dos-vencedores-da-edicao\/#primaryimage"},"thumbnailUrl":"https:\/\/www.sindmoveis.com.br\/es\/wp-content\/uploads\/2021\/05\/p1580116784.jpg","articleSection":["Premio Sal\u00e3o Design","Sindm\u00f3veis"],"inLanguage":"es"},{"@type":"WebPage","@id":"https:\/\/www.sindmoveis.com.br\/es\/jurados-do-premio-salao-design-se-reunem-em-bento-goncalves-para-escolha-dos-vencedores-da-edicao\/","url":"https:\/\/www.sindmoveis.com.br\/es\/jurados-do-premio-salao-design-se-reunem-em-bento-goncalves-para-escolha-dos-vencedores-da-edicao\/","name":"Jurados del Premio Sal\u00e3o Design se re\u00fanen en Bento Gon\u00e7alves para escoger los vencedores de la edici\u00f3n - Sindm\u00f3veis-RS","isPartOf":{"@id":"https:\/\/www.sindmoveis.com.br\/es\/#website"},"primaryImageOfPage":{"@id":"https:\/\/www.sindmoveis.com.br\/es\/jurados-do-premio-salao-design-se-reunem-em-bento-goncalves-para-escolha-dos-vencedores-da-edicao\/#primaryimage"},"image":{"@id":"https:\/\/www.sindmoveis.com.br\/es\/jurados-do-premio-salao-design-se-reunem-em-bento-goncalves-para-escolha-dos-vencedores-da-edicao\/#primaryimage"},"thumbnailUrl":"https:\/\/www.sindmoveis.com.br\/es\/wp-content\/uploads\/2021\/05\/p1580116784.jpg","datePublished":"2020-01-27T03:00:00+00:00","dateModified":"2021-05-26T13:27:46+00:00","author":{"@id":"https:\/\/www.sindmoveis.com.br\/es\/#\/schema\/person\/16d379542db1950a17fe188179340d57"},"inLanguage":"es","potentialAction":[{"@type":"ReadAction","target":["https:\/\/www.sindmoveis.com.br\/es\/jurados-do-premio-salao-design-se-reunem-em-bento-goncalves-para-escolha-dos-vencedores-da-edicao\/"]}]},{"@type":"ImageObject","inLanguage":"es","@id":"https:\/\/www.sindmoveis.com.br\/es\/jurados-do-premio-salao-design-se-reunem-em-bento-goncalves-para-escolha-dos-vencedores-da-edicao\/#primaryimage","url":"https:\/\/www.sindmoveis.com.br\/es\/wp-content\/uploads\/2021\/05\/p1580116784.jpg","contentUrl":"https:\/\/www.sindmoveis.com.br\/es\/wp-content\/uploads\/2021\/05\/p1580116784.jpg","width":1647,"height":669},{"@type":"WebSite","@id":"https:\/\/www.sindmoveis.com.br\/es\/#website","url":"https:\/\/www.sindmoveis.com.br\/es\/","name":"Sindm\u00f3veis-RS","description":"","potentialAction":[{"@type":"SearchAction","target":{"@type":"EntryPoint","urlTemplate":"https:\/\/www.sindmoveis.com.br\/es\/?s={search_term_string}"},"query-input":{"@type":"PropertyValueSpecification","valueRequired":true,"valueName":"search_term_string"}}],"inLanguage":"es"},{"@type":"Person","@id":"https:\/\/www.sindmoveis.com.br\/es\/#\/schema\/person\/16d379542db1950a17fe188179340d57","name":"Imprensa Sindm\u00f3veis","image":{"@type":"ImageObject","inLanguage":"es","@id":"https:\/\/www.sindmoveis.com.br\/es\/#\/schema\/person\/image\/","url":"https:\/\/secure.gravatar.com\/avatar\/4973e2e2c2a0cb5db30b0c7b770041b8e33d048a16b695a1f99c042449d4bfaf?s=96&d=mm&r=g","contentUrl":"https:\/\/secure.gravatar.com\/avatar\/4973e2e2c2a0cb5db30b0c7b770041b8e33d048a16b695a1f99c042449d4bfaf?s=96&d=mm&r=g","caption":"Imprensa Sindm\u00f3veis"},"url":"https:\/\/www.sindmoveis.com.br\/es\/author\/ana\/"}]}},"_links":{"self":[{"href":"https:\/\/www.sindmoveis.com.br\/es\/wp-json\/wp\/v2\/posts\/1475","targetHints":{"allow":["GET"]}}],"collection":[{"href":"https:\/\/www.sindmoveis.com.br\/es\/wp-json\/wp\/v2\/posts"}],"about":[{"href":"https:\/\/www.sindmoveis.com.br\/es\/wp-json\/wp\/v2\/types\/post"}],"author":[{"embeddable":true,"href":"https:\/\/www.sindmoveis.com.br\/es\/wp-json\/wp\/v2\/users\/5"}],"replies":[{"embeddable":true,"href":"https:\/\/www.sindmoveis.com.br\/es\/wp-json\/wp\/v2\/comments?post=1475"}],"version-history":[{"count":2,"href":"https:\/\/www.sindmoveis.com.br\/es\/wp-json\/wp\/v2\/posts\/1475\/revisions"}],"predecessor-version":[{"id":3764,"href":"https:\/\/www.sindmoveis.com.br\/es\/wp-json\/wp\/v2\/posts\/1475\/revisions\/3764"}],"wp:featuredmedia":[{"embeddable":true,"href":"https:\/\/www.sindmoveis.com.br\/es\/wp-json\/wp\/v2\/media\/3765"}],"wp:attachment":[{"href":"https:\/\/www.sindmoveis.com.br\/es\/wp-json\/wp\/v2\/media?parent=1475"}],"wp:term":[{"taxonomy":"category","embeddable":true,"href":"https:\/\/www.sindmoveis.com.br\/es\/wp-json\/wp\/v2\/categories?post=1475"},{"taxonomy":"post_tag","embeddable":true,"href":"https:\/\/www.sindmoveis.com.br\/es\/wp-json\/wp\/v2\/tags?post=1475"}],"curies":[{"name":"wp","href":"https:\/\/api.w.org\/{rel}","templated":true}]}}