{"id":1474,"date":"2020-01-23T00:00:00","date_gmt":"2020-01-23T03:00:00","guid":{"rendered":"http:\/\/sindmoveis.com.br\/imprensa\/noticias\/pavilhao-c-da-movelsul-brasil-vai-reunir-empresas-com-grande-potencial-de-inovacao\/"},"modified":"2021-05-26T10:31:42","modified_gmt":"2021-05-26T13:31:42","slug":"pavilhao-c-da-movelsul-brasil-vai-reunir-empresas-com-grande-potencial-de-inovacao","status":"publish","type":"post","link":"https:\/\/www.sindmoveis.com.br\/es\/pavilhao-c-da-movelsul-brasil-vai-reunir-empresas-com-grande-potencial-de-inovacao\/","title":{"rendered":"Pabell\u00f3n C de Movelsul Brasil va a reunir empresas con  gran potencial de innovaci\u00f3n"},"content":{"rendered":"<p>Em menos de dos meses, iniciar&aacute; em Bento Gon&ccedil;alves, <a href=\"http:\/\/movelsul.com.br\/\">Movelsul <\/a>Brasil &ndash; mayor feria de muebles de Am&eacute;rica Latina para el revendedor e importador, que ser&aacute; de 16 a 19 de marzo de 2020. La pr&oacute;xima edici&oacute;n viene con 40% de nuevos expositores y empresas retornando a la feria, lo que demuestra la inclinaci&oacute;n del sector e inversiones para la retomada. Son esperados 250 expositores de alta escala, decoraci&oacute;n, muebles proyectados, mobiliario corporativo.<\/p>\n<p>Las empresas que van a exponer por la primera vez y aquellas que retornan a <a href=\"http:\/\/movelsul.com.br\/\">Movelsul <\/a>Brasil van a presentar todo su potencial de innovaci&oacute;n en el Pabell&oacute;n C de la feria, que reunir&aacute; industrias con dise&ntilde;o agregado, productos de l&iacute;nea media y alta y otras empresas de peque&ntilde;o porte. Algunas marcas ya confirmadas en ese pabell&oacute;n son <a href=\"https:\/\/pt-br.facebook.com\/alldecorpoltronasdecorativas\/\">All Decor<\/a>,&nbsp;<a href=\"https:\/\/pt-br.facebook.com\/azimumetalurgica\/\">Azimu<\/a>,&nbsp;<a href=\"https:\/\/mobiliarioessere.com.br\/\">Essere<\/a>,&nbsp;<a href=\"http:\/\/www.opusestofados.com.br\/\">Opus Estofados<\/a>&nbsp;y&nbsp;<a href=\"http:\/\/www.versado.me\/\">Versado<\/a> (nueva l&iacute;nea de <a href=\"http:\/\/www.sca.com.br\/site\/\">SCA <\/a>para carpinter&iacute;a, muebles individuales, Corian y Slimstone.<\/p>\n<p><a href=\"http:\/\/www.tremarin.com.br\/\">Tremarin<\/a> est&aacute; retornando a <a href=\"http:\/\/movelsul.com.br\/\">Movelsul <\/a>Brasil despu&eacute;s de algunas ediciones sin participaci&oacute;n para presentar al mercado la completa renovaci&oacute;n de su l&iacute;nea, trabajo desarrollado a lo largo de 2019 y que propone una construcci&oacute;n innovadora para mesas de comedor, sillas, poltronas, bares, cristaleras y bares que pueden ser desplazados de lugar. La nueva l&iacute;nea de la empresa, que tiene sede en Farroupilha, trae la firma dl dise&ntilde;ador Fernando Motta. &ldquo;Vamos a retornar a <a href=\"http:\/\/movelsul.com.br\/\">Movelsul<\/a> Brasil para presentar la nueva <a href=\"http:\/\/www.tremarin.com.br\/\">Tremarin <\/a>y mostrar que la empresa se est&aacute; renovando y construyendo una caminada diferente, con nuevos productor y asociaciones&rdquo;, resalta el director para Marcos Troes.<\/p>\n<p>El presidente de Sindm&oacute;veis, Vinicius Benini, puntualiza que los desafios todavia son grandes, pero la expectativa es que el 2020 sea el mejor a&ntilde;o para el sector del mobiliario desde 2013. &ldquo;Adem&aacute;s de un crecimiento econ&oacute;mico mayor en este a&ntilde;o y el fortalecimiento de las exportaciones, estamos considerando <a href=\"http:\/\/movelsul.com.br\/\">Movelsul <\/a>Brasil como un importante marco para reanimar el mercado&rdquo;, afirma.<\/p>\n<p><strong>M&aacute;s sobre&nbsp; Movelsul Brasil<\/strong><\/p>\n<p>Promovida por <a href=\"http:\/\/www.sindmoveis.com.br\/\">Sindm&oacute;veis <\/a>Bento Gon&ccedil;alves, <a href=\"http:\/\/movelsul.com.br\/\">Movelsul <\/a>Brasil es la mayor plataforma de negocios de Am&eacute;rica Latina para el sector del mobiliario, orquestando um ambiente de ventas e incremento de imagen para la industria de muebles, decoraci&oacute;n y complementos. En su historia, <a href=\"http:\/\/movelsul.com.br\/\">Movelsul<\/a> Brasil ya tuvo m&aacute;s de 1.700 empresas expositoras. La feria re&uacute;ne los segmentos de alta escala, decoraci&oacute;n, muebles proyectados y mobiliario corporativo.<\/p>\n<p>Considerada la mayor feria de muebles de Am&eacute;rica Latina, la feria ha venido promoviendo el desarrollo del sector del mobiliario nacional, estrechando las relaciones comerciales entre la industria y sus clientes e incentivando las exportaciones a trav&eacute;s de acciones dirigidas al mercado internacional, consumidor del mueble brasile&ntilde;o. La primera edici&oacute;n de la feria ocurri&oacute; en 1977, a&ntilde;o en que el sector del mobiliario se consolid&oacute; actividad l&iacute;der en la econom&iacute;a de Bento Gon&ccedil;alves.<\/p>\n<p>&nbsp;<\/p>\n<p><strong>Servicio | Movelsul Brasil 2020<\/strong><\/p>\n<p><strong>Feria de Muebles y complementos para el revendedor e importador<\/strong><\/p>\n<p>Cu&aacute;ndo: 16 a&nbsp;19 de marzo de 2020, de las 12 a las 19h<\/p>\n<p>D&oacute;nde: Parque de Eventos de Bento Gon&ccedil;alves (Alameda Fenavinho, 481)<\/p>\n<p><a href=\"https:\/\/sindmoveis.sigevent.com\/visitantes\/index.php?id_edicao=8\">Entrada gratuita mediante acreditaci&oacute;n<\/a>. Abierta apenas al p&uacute;blico profesional.<\/p>\n<p>&nbsp;<\/p>\n<p><strong>Para m&aacute;s <\/strong><strong>informaciones:<\/strong><\/p>\n<p>&nbsp;<\/p>\n<p><a href=\"http:\/\/www.sindmoveis.com.br\/%22http:\/www.movelsul.com.br\/%22\" target=\"_blank\" rel=\"noopener\"><strong>www.movelsul.com.br<\/strong><\/a><\/p>\n<p><a href=\"http:\/\/www.sindmoveis.com.br\/%22http:\/www.facebook.com\/movelsul.brasil\/%22\" target=\"_blank\" rel=\"noopener\"><strong>www.facebook.com\/movelsul.brasil<\/strong><\/a><\/p>\n<p><a href=\"http:\/\/www.instagram.com\/movelsulbrasil\" target=\"_blank\" rel=\"noopener\"><strong>www.instagram.com\/movelsulbrasil<\/strong><\/a><\/p>\n<p><a href=\"http:\/\/www.salaodesign.com.br\/\" target=\"_blank\" rel=\"noopener\"><strong>www.salaodesign.com.br<\/strong><\/a><\/p>\n<p><a href=\"http:\/\/www.facebook.com\/premiosalaodesign\" target=\"_blank\" rel=\"noopener\"><strong>www.facebook.com\/premiosalaodesign<\/strong><\/a><\/p>\n<p><a href=\"http:\/\/www.instagram.com\/premiosalaodesign\" target=\"_blank\" rel=\"noopener\"><strong>www.instagram.com\/premiosalaodesign<\/strong><\/a><\/p>\n","protected":false},"excerpt":{"rendered":"<p>Espacio va a concentrar expositores que estar\u00e1n exponiendo por primera vez o retornando a la feria, especialmente industrias con dise\u00f1o agregado y productos de l\u00ednea media alta<\/p>\n","protected":false},"author":5,"featured_media":3763,"comment_status":"closed","ping_status":"open","sticky":false,"template":"","format":"standard","meta":{"footnotes":"","_links_to":"","_links_to_target":""},"categories":[23,2],"tags":[],"class_list":["post-1474","post","type-post","status-publish","format-standard","has-post-thumbnail","hentry","category-movelsul","category-sindmoveis"],"yoast_head":"<!-- This site is optimized with the Yoast SEO plugin v27.0 - https:\/\/yoast.com\/product\/yoast-seo-wordpress\/ -->\n<title>Pabell\u00f3n C de Movelsul Brasil va a reunir empresas con gran potencial de innovaci\u00f3n - Sindm\u00f3veis-RS<\/title>\n<meta name=\"robots\" content=\"index, follow, max-snippet:-1, max-image-preview:large, max-video-preview:-1\" \/>\n<link rel=\"canonical\" href=\"https:\/\/www.sindmoveis.com.br\/es\/pavilhao-c-da-movelsul-brasil-vai-reunir-empresas-com-grande-potencial-de-inovacao\/\" \/>\n<meta property=\"og:locale\" content=\"es_ES\" \/>\n<meta property=\"og:type\" content=\"article\" \/>\n<meta property=\"og:title\" content=\"Pabell\u00f3n C de Movelsul Brasil va a reunir empresas con gran potencial de innovaci\u00f3n - Sindm\u00f3veis-RS\" \/>\n<meta property=\"og:description\" content=\"Espacio va a concentrar expositores que estar\u00e1n exponiendo por primera vez o retornando a la feria, especialmente industrias con dise\u00f1o agregado y productos de l\u00ednea media alta\" \/>\n<meta property=\"og:url\" content=\"https:\/\/www.sindmoveis.com.br\/es\/pavilhao-c-da-movelsul-brasil-vai-reunir-empresas-com-grande-potencial-de-inovacao\/\" \/>\n<meta property=\"og:site_name\" content=\"Sindm\u00f3veis-RS\" \/>\n<meta property=\"article:published_time\" content=\"2020-01-23T03:00:00+00:00\" \/>\n<meta property=\"article:modified_time\" content=\"2021-05-26T13:31:42+00:00\" \/>\n<meta property=\"og:image\" content=\"https:\/\/www.sindmoveis.com.br\/es\/wp-content\/uploads\/2021\/05\/p1579802186.jpg\" \/>\n\t<meta property=\"og:image:width\" content=\"1575\" \/>\n\t<meta property=\"og:image:height\" content=\"1050\" \/>\n\t<meta property=\"og:image:type\" content=\"image\/jpeg\" \/>\n<meta name=\"author\" content=\"Imprensa Sindm\u00f3veis\" \/>\n<meta name=\"twitter:card\" content=\"summary_large_image\" \/>\n<meta name=\"twitter:label1\" content=\"Escrito por\" \/>\n\t<meta name=\"twitter:data1\" content=\"Imprensa Sindm\u00f3veis\" \/>\n\t<meta name=\"twitter:label2\" content=\"Tiempo de lectura\" \/>\n\t<meta name=\"twitter:data2\" content=\"3 minutos\" \/>\n<script type=\"application\/ld+json\" class=\"yoast-schema-graph\">{\"@context\":\"https:\/\/schema.org\",\"@graph\":[{\"@type\":\"Article\",\"@id\":\"https:\/\/www.sindmoveis.com.br\/es\/pavilhao-c-da-movelsul-brasil-vai-reunir-empresas-com-grande-potencial-de-inovacao\/#article\",\"isPartOf\":{\"@id\":\"https:\/\/www.sindmoveis.com.br\/es\/pavilhao-c-da-movelsul-brasil-vai-reunir-empresas-com-grande-potencial-de-inovacao\/\"},\"author\":{\"name\":\"Imprensa Sindm\u00f3veis\",\"@id\":\"https:\/\/www.sindmoveis.com.br\/es\/#\/schema\/person\/16d379542db1950a17fe188179340d57\"},\"headline\":\"Pabell\u00f3n C de Movelsul Brasil va a reunir empresas con gran potencial de innovaci\u00f3n\",\"datePublished\":\"2020-01-23T03:00:00+00:00\",\"dateModified\":\"2021-05-26T13:31:42+00:00\",\"mainEntityOfPage\":{\"@id\":\"https:\/\/www.sindmoveis.com.br\/es\/pavilhao-c-da-movelsul-brasil-vai-reunir-empresas-com-grande-potencial-de-inovacao\/\"},\"wordCount\":646,\"image\":{\"@id\":\"https:\/\/www.sindmoveis.com.br\/es\/pavilhao-c-da-movelsul-brasil-vai-reunir-empresas-com-grande-potencial-de-inovacao\/#primaryimage\"},\"thumbnailUrl\":\"https:\/\/www.sindmoveis.com.br\/es\/wp-content\/uploads\/2021\/05\/p1579802186.jpg\",\"articleSection\":[\"Movelsul\",\"Sindm\u00f3veis\"],\"inLanguage\":\"es\"},{\"@type\":\"WebPage\",\"@id\":\"https:\/\/www.sindmoveis.com.br\/es\/pavilhao-c-da-movelsul-brasil-vai-reunir-empresas-com-grande-potencial-de-inovacao\/\",\"url\":\"https:\/\/www.sindmoveis.com.br\/es\/pavilhao-c-da-movelsul-brasil-vai-reunir-empresas-com-grande-potencial-de-inovacao\/\",\"name\":\"Pabell\u00f3n C de Movelsul Brasil va a reunir empresas con gran potencial de innovaci\u00f3n - Sindm\u00f3veis-RS\",\"isPartOf\":{\"@id\":\"https:\/\/www.sindmoveis.com.br\/es\/#website\"},\"primaryImageOfPage\":{\"@id\":\"https:\/\/www.sindmoveis.com.br\/es\/pavilhao-c-da-movelsul-brasil-vai-reunir-empresas-com-grande-potencial-de-inovacao\/#primaryimage\"},\"image\":{\"@id\":\"https:\/\/www.sindmoveis.com.br\/es\/pavilhao-c-da-movelsul-brasil-vai-reunir-empresas-com-grande-potencial-de-inovacao\/#primaryimage\"},\"thumbnailUrl\":\"https:\/\/www.sindmoveis.com.br\/es\/wp-content\/uploads\/2021\/05\/p1579802186.jpg\",\"datePublished\":\"2020-01-23T03:00:00+00:00\",\"dateModified\":\"2021-05-26T13:31:42+00:00\",\"author\":{\"@id\":\"https:\/\/www.sindmoveis.com.br\/es\/#\/schema\/person\/16d379542db1950a17fe188179340d57\"},\"inLanguage\":\"es\",\"potentialAction\":[{\"@type\":\"ReadAction\",\"target\":[\"https:\/\/www.sindmoveis.com.br\/es\/pavilhao-c-da-movelsul-brasil-vai-reunir-empresas-com-grande-potencial-de-inovacao\/\"]}]},{\"@type\":\"ImageObject\",\"inLanguage\":\"es\",\"@id\":\"https:\/\/www.sindmoveis.com.br\/es\/pavilhao-c-da-movelsul-brasil-vai-reunir-empresas-com-grande-potencial-de-inovacao\/#primaryimage\",\"url\":\"https:\/\/www.sindmoveis.com.br\/es\/wp-content\/uploads\/2021\/05\/p1579802186.jpg\",\"contentUrl\":\"https:\/\/www.sindmoveis.com.br\/es\/wp-content\/uploads\/2021\/05\/p1579802186.jpg\",\"width\":1575,\"height\":1050},{\"@type\":\"WebSite\",\"@id\":\"https:\/\/www.sindmoveis.com.br\/es\/#website\",\"url\":\"https:\/\/www.sindmoveis.com.br\/es\/\",\"name\":\"Sindm\u00f3veis-RS\",\"description\":\"\",\"potentialAction\":[{\"@type\":\"SearchAction\",\"target\":{\"@type\":\"EntryPoint\",\"urlTemplate\":\"https:\/\/www.sindmoveis.com.br\/es\/?s={search_term_string}\"},\"query-input\":{\"@type\":\"PropertyValueSpecification\",\"valueRequired\":true,\"valueName\":\"search_term_string\"}}],\"inLanguage\":\"es\"},{\"@type\":\"Person\",\"@id\":\"https:\/\/www.sindmoveis.com.br\/es\/#\/schema\/person\/16d379542db1950a17fe188179340d57\",\"name\":\"Imprensa Sindm\u00f3veis\",\"image\":{\"@type\":\"ImageObject\",\"inLanguage\":\"es\",\"@id\":\"https:\/\/www.sindmoveis.com.br\/es\/#\/schema\/person\/image\/\",\"url\":\"https:\/\/secure.gravatar.com\/avatar\/4973e2e2c2a0cb5db30b0c7b770041b8e33d048a16b695a1f99c042449d4bfaf?s=96&d=mm&r=g\",\"contentUrl\":\"https:\/\/secure.gravatar.com\/avatar\/4973e2e2c2a0cb5db30b0c7b770041b8e33d048a16b695a1f99c042449d4bfaf?s=96&d=mm&r=g\",\"caption\":\"Imprensa Sindm\u00f3veis\"},\"url\":\"https:\/\/www.sindmoveis.com.br\/es\/author\/ana\/\"}]}<\/script>\n<!-- \/ Yoast SEO plugin. -->","yoast_head_json":{"title":"Pabell\u00f3n C de Movelsul Brasil va a reunir empresas con gran potencial de innovaci\u00f3n - Sindm\u00f3veis-RS","robots":{"index":"index","follow":"follow","max-snippet":"max-snippet:-1","max-image-preview":"max-image-preview:large","max-video-preview":"max-video-preview:-1"},"canonical":"https:\/\/www.sindmoveis.com.br\/es\/pavilhao-c-da-movelsul-brasil-vai-reunir-empresas-com-grande-potencial-de-inovacao\/","og_locale":"es_ES","og_type":"article","og_title":"Pabell\u00f3n C de Movelsul Brasil va a reunir empresas con gran potencial de innovaci\u00f3n - Sindm\u00f3veis-RS","og_description":"Espacio va a concentrar expositores que estar\u00e1n exponiendo por primera vez o retornando a la feria, especialmente industrias con dise\u00f1o agregado y productos de l\u00ednea media alta","og_url":"https:\/\/www.sindmoveis.com.br\/es\/pavilhao-c-da-movelsul-brasil-vai-reunir-empresas-com-grande-potencial-de-inovacao\/","og_site_name":"Sindm\u00f3veis-RS","article_published_time":"2020-01-23T03:00:00+00:00","article_modified_time":"2021-05-26T13:31:42+00:00","og_image":[{"width":1575,"height":1050,"url":"https:\/\/www.sindmoveis.com.br\/es\/wp-content\/uploads\/2021\/05\/p1579802186.jpg","type":"image\/jpeg"}],"author":"Imprensa Sindm\u00f3veis","twitter_card":"summary_large_image","twitter_misc":{"Escrito por":"Imprensa Sindm\u00f3veis","Tiempo de lectura":"3 minutos"},"schema":{"@context":"https:\/\/schema.org","@graph":[{"@type":"Article","@id":"https:\/\/www.sindmoveis.com.br\/es\/pavilhao-c-da-movelsul-brasil-vai-reunir-empresas-com-grande-potencial-de-inovacao\/#article","isPartOf":{"@id":"https:\/\/www.sindmoveis.com.br\/es\/pavilhao-c-da-movelsul-brasil-vai-reunir-empresas-com-grande-potencial-de-inovacao\/"},"author":{"name":"Imprensa Sindm\u00f3veis","@id":"https:\/\/www.sindmoveis.com.br\/es\/#\/schema\/person\/16d379542db1950a17fe188179340d57"},"headline":"Pabell\u00f3n C de Movelsul Brasil va a reunir empresas con gran potencial de innovaci\u00f3n","datePublished":"2020-01-23T03:00:00+00:00","dateModified":"2021-05-26T13:31:42+00:00","mainEntityOfPage":{"@id":"https:\/\/www.sindmoveis.com.br\/es\/pavilhao-c-da-movelsul-brasil-vai-reunir-empresas-com-grande-potencial-de-inovacao\/"},"wordCount":646,"image":{"@id":"https:\/\/www.sindmoveis.com.br\/es\/pavilhao-c-da-movelsul-brasil-vai-reunir-empresas-com-grande-potencial-de-inovacao\/#primaryimage"},"thumbnailUrl":"https:\/\/www.sindmoveis.com.br\/es\/wp-content\/uploads\/2021\/05\/p1579802186.jpg","articleSection":["Movelsul","Sindm\u00f3veis"],"inLanguage":"es"},{"@type":"WebPage","@id":"https:\/\/www.sindmoveis.com.br\/es\/pavilhao-c-da-movelsul-brasil-vai-reunir-empresas-com-grande-potencial-de-inovacao\/","url":"https:\/\/www.sindmoveis.com.br\/es\/pavilhao-c-da-movelsul-brasil-vai-reunir-empresas-com-grande-potencial-de-inovacao\/","name":"Pabell\u00f3n C de Movelsul Brasil va a reunir empresas con gran potencial de innovaci\u00f3n - Sindm\u00f3veis-RS","isPartOf":{"@id":"https:\/\/www.sindmoveis.com.br\/es\/#website"},"primaryImageOfPage":{"@id":"https:\/\/www.sindmoveis.com.br\/es\/pavilhao-c-da-movelsul-brasil-vai-reunir-empresas-com-grande-potencial-de-inovacao\/#primaryimage"},"image":{"@id":"https:\/\/www.sindmoveis.com.br\/es\/pavilhao-c-da-movelsul-brasil-vai-reunir-empresas-com-grande-potencial-de-inovacao\/#primaryimage"},"thumbnailUrl":"https:\/\/www.sindmoveis.com.br\/es\/wp-content\/uploads\/2021\/05\/p1579802186.jpg","datePublished":"2020-01-23T03:00:00+00:00","dateModified":"2021-05-26T13:31:42+00:00","author":{"@id":"https:\/\/www.sindmoveis.com.br\/es\/#\/schema\/person\/16d379542db1950a17fe188179340d57"},"inLanguage":"es","potentialAction":[{"@type":"ReadAction","target":["https:\/\/www.sindmoveis.com.br\/es\/pavilhao-c-da-movelsul-brasil-vai-reunir-empresas-com-grande-potencial-de-inovacao\/"]}]},{"@type":"ImageObject","inLanguage":"es","@id":"https:\/\/www.sindmoveis.com.br\/es\/pavilhao-c-da-movelsul-brasil-vai-reunir-empresas-com-grande-potencial-de-inovacao\/#primaryimage","url":"https:\/\/www.sindmoveis.com.br\/es\/wp-content\/uploads\/2021\/05\/p1579802186.jpg","contentUrl":"https:\/\/www.sindmoveis.com.br\/es\/wp-content\/uploads\/2021\/05\/p1579802186.jpg","width":1575,"height":1050},{"@type":"WebSite","@id":"https:\/\/www.sindmoveis.com.br\/es\/#website","url":"https:\/\/www.sindmoveis.com.br\/es\/","name":"Sindm\u00f3veis-RS","description":"","potentialAction":[{"@type":"SearchAction","target":{"@type":"EntryPoint","urlTemplate":"https:\/\/www.sindmoveis.com.br\/es\/?s={search_term_string}"},"query-input":{"@type":"PropertyValueSpecification","valueRequired":true,"valueName":"search_term_string"}}],"inLanguage":"es"},{"@type":"Person","@id":"https:\/\/www.sindmoveis.com.br\/es\/#\/schema\/person\/16d379542db1950a17fe188179340d57","name":"Imprensa Sindm\u00f3veis","image":{"@type":"ImageObject","inLanguage":"es","@id":"https:\/\/www.sindmoveis.com.br\/es\/#\/schema\/person\/image\/","url":"https:\/\/secure.gravatar.com\/avatar\/4973e2e2c2a0cb5db30b0c7b770041b8e33d048a16b695a1f99c042449d4bfaf?s=96&d=mm&r=g","contentUrl":"https:\/\/secure.gravatar.com\/avatar\/4973e2e2c2a0cb5db30b0c7b770041b8e33d048a16b695a1f99c042449d4bfaf?s=96&d=mm&r=g","caption":"Imprensa Sindm\u00f3veis"},"url":"https:\/\/www.sindmoveis.com.br\/es\/author\/ana\/"}]}},"_links":{"self":[{"href":"https:\/\/www.sindmoveis.com.br\/es\/wp-json\/wp\/v2\/posts\/1474","targetHints":{"allow":["GET"]}}],"collection":[{"href":"https:\/\/www.sindmoveis.com.br\/es\/wp-json\/wp\/v2\/posts"}],"about":[{"href":"https:\/\/www.sindmoveis.com.br\/es\/wp-json\/wp\/v2\/types\/post"}],"author":[{"embeddable":true,"href":"https:\/\/www.sindmoveis.com.br\/es\/wp-json\/wp\/v2\/users\/5"}],"replies":[{"embeddable":true,"href":"https:\/\/www.sindmoveis.com.br\/es\/wp-json\/wp\/v2\/comments?post=1474"}],"version-history":[{"count":2,"href":"https:\/\/www.sindmoveis.com.br\/es\/wp-json\/wp\/v2\/posts\/1474\/revisions"}],"predecessor-version":[{"id":3762,"href":"https:\/\/www.sindmoveis.com.br\/es\/wp-json\/wp\/v2\/posts\/1474\/revisions\/3762"}],"wp:featuredmedia":[{"embeddable":true,"href":"https:\/\/www.sindmoveis.com.br\/es\/wp-json\/wp\/v2\/media\/3763"}],"wp:attachment":[{"href":"https:\/\/www.sindmoveis.com.br\/es\/wp-json\/wp\/v2\/media?parent=1474"}],"wp:term":[{"taxonomy":"category","embeddable":true,"href":"https:\/\/www.sindmoveis.com.br\/es\/wp-json\/wp\/v2\/categories?post=1474"},{"taxonomy":"post_tag","embeddable":true,"href":"https:\/\/www.sindmoveis.com.br\/es\/wp-json\/wp\/v2\/tags?post=1474"}],"curies":[{"name":"wp","href":"https:\/\/api.w.org\/{rel}","templated":true}]}}