{"id":1472,"date":"2020-01-16T00:00:00","date_gmt":"2020-01-16T03:00:00","guid":{"rendered":"http:\/\/sindmoveis.com.br\/imprensa\/noticias\/contagem-regressiva-faltam-dois-meses-para-a-movelsul-brasil-2020\/"},"modified":"2021-05-26T10:31:42","modified_gmt":"2021-05-26T13:31:42","slug":"contagem-regressiva-faltam-dois-meses-para-a-movelsul-brasil-2020","status":"publish","type":"post","link":"https:\/\/www.sindmoveis.com.br\/es\/contagem-regressiva-faltam-dois-meses-para-a-movelsul-brasil-2020\/","title":{"rendered":"Contaje regresivo: \u00a1faltan dos meses para Movelsul Brasil 2020!"},"content":{"rendered":"<p>Dentro de dos meses, el sector del mobiliario nacional estar&aacute; reunido en Bento Gon&ccedil;alves presentando los lanzamientos de la temporada a, por lo menos. 30 mil profesionales visitantes en Movelsul 2020, mayor feria de muebles de Am&eacute;rica Latina para el revendedor e importador, que ser&aacute; de 16 a 19 de marzo de 2020. Con relaci&oacute;n al metraje, la feria est&aacute; 97% comercializada y, al todo, la organizaci&oacute;n espera 250 expositores de alta escala, decoraci&oacute;n, muebles proyectados, mobiliario corporativo, servicio y afines.<\/p>\n<p>El Sindicato de las Industrias del Mobiliario de Bento Gon&ccedil;alves (Sindm&oacute;veis) entidad promotora de Movelsul Brasil, prev&eacute; una agenda positiva para el sector del mobiliario en 2020, impulsada por las oportunidades que la feria va a generar. La actividad ya ha mejorado en los &uacute;ltimos meses, y se espera que los indicadores de 2019 &ndash;a&uacute;n no disponibles &ndash; hayan favorecido la fabricaci&oacute;n de muebles, a pesar de la ca&iacute;da general en la industria.<\/p>\n<p>Con focalizaci&oacute;n en la generaci&oacute;n de negocios calificados, para la pr&oacute;xima edici&oacute;n de Movlsul Brasil, Sindm&oacute;veis aportar&aacute; un mill&oacute;n de reales para traer 300 revendedores nacionales y 100 importadores con gran potencial de negocios. El Pabell&oacute;n C de la feria est&aacute; siendo tratado como una incubadora para peque&ntilde;as industrias. Empresas que exponen por primera vez y aquellas que retornan a Movelsul Brasil van a presentar todo su potencial de innovaci&oacute;n en ese pabell&oacute;n, que va a ofrecer productos con dise&ntilde;o agregado y de l&iacute;nea media alta.<\/p>\n<p>La edici&oacute;n de 2020 viene con 33% de nuevos expositores y otros que est&aacute;n retornando a la feria, lo que demuestra la inclinaci&oacute;n del sector a realizar inversiones para la retomada. La feria tendr&aacute; como atracciones el stand del Premio Sal&atilde;o Design con los vencedores de esa edici&oacute;n, 100 compradores extranjeros invitados por Movelsul Brasil y un grupo de 300 revendedores nacionales con alto potencial de negocios tambi&eacute;n invitados por el evento &ndash; parte de ellos especialmente para negociar con los expositores de mobiliario corporativo y estudios de dise&ntilde;o.<\/p>\n<p>El presidente de Sindm&oacute;veis, Vinicius Benini, comenta que la estrategia de Movelsul Brasil para potenciar la sinergia entre la industria y los compradores involucra la atracci&oacute;n de revendedores del segmento de e-commerce y mobiliario corporativo; la diversificaci&oacute;n en el mix de expositores y la creaci&oacute;n de espacios de inspiraci&oacute;n dentro de la feria. &ldquo;Movelsul Brasil, con certeza, ser&aacute; crucial en este momento de reanimaci&oacute;n del mercado del mobiliario&rdquo;, resalta.<\/p>\n<p>Con patrocinio de&nbsp;Sayerlack, a Movelsul Brasil &eacute; uma feira profissional, aberta a lojistas, representantes, arquitetos, designers, decoradores, importadores, profissionais da constru&ccedil;&atilde;o civil e imprensa.<\/p>\n<p>Con patrocinio de Sayerlack, Movelsul Brasil es una feria profesional, abierta a revendedores, representantes, arquitectos, dise&ntilde;adores, importadores, profesionales de la construcci&oacute;n civil y prensa.<\/p>\n<p>&nbsp;<\/p>\n<h2><strong>M&aacute;s sobre&nbsp; Movelsul Brasil<\/strong><\/h2>\n<p>Promovida por Sindm&oacute;veis Bento Gon&ccedil;alves, Movelsul Brasil es la mayor plataforma de negocios de Am&eacute;rica Latina para el sector del mobiliario, orquestando un ambiente de ventas e incremento de imagen para la industria de muebles, decoraci&oacute;n y complementos. En su historia, Movelsul Brasil ya ha tenido m&aacute;s de 1.700 empresas expositoras. La feria re&uacute;ne los segmentos de alta escala, decoraci&oacute;n, muebles proyectados y mobiliario corporativo.<\/p>\n<p>Considerada la mayor feria de muebles de Am&eacute;rica Latina, la feria viene promoviendo el desarrollo del sector del mobiliario nacional, estrechando las relaciones comerciales entre la industria y sus clientes e incentivando las exportaciones a trav&eacute;s de acciones dirigidas al mercado internacional, consumidor del mueble brasile&ntilde;o. La primera edici&oacute;n de la feria ocurri&oacute; en 1977, a&ntilde;o en que el sector del mobiliario se consolid&oacute; como actividad l&iacute;der en la econom&iacute;a de Bento Gon&ccedil;alves.<\/p>\n<p>&nbsp;<\/p>\n<h2><strong>Servicio | Movelsul Brasil 2020<\/strong><\/h2>\n<p><strong>Feria de Muebles y complementos para el revendedor e importador<\/strong><\/p>\n<p>&nbsp;<\/p>\n<p><strong>Cu&aacute;ndo<\/strong>: 16 a&nbsp;19 de marzo de 2020, de las 12 a las 19h<\/p>\n<p><strong>D&oacute;nde<\/strong>: Parque de Eventos de Bento Gon&ccedil;alves (Alameda Fenavinho, 481)<\/p>\n<p>Entrada gratuita mediante acreditaci&oacute;n. Abierta apenas al p&uacute;blico profesional.<\/p>\n<p>&nbsp;<\/p>\n<p><strong>Para m&aacute;s informaciones:<\/strong><\/p>\n<p><a href=\"http:\/\/www.movelsul.com.br\/\" target=\"_blank\" rel=\"noopener\">www.movelsul.com.br<\/a><\/p>\n<p><a href=\"http:\/\/www.facebook.com\/movelsul.brasil\" target=\"_blank\" rel=\"noopener\">www.facebook.com\/movelsul.brasil<\/a><\/p>\n<p><a href=\"http:\/\/www.instagram.com\/movelsulbrasil\" target=\"_blank\" rel=\"noopener\">www.instagram.com\/movelsulbrasil<\/a><\/p>\n<p><a href=\"http:\/\/www.salaodesign.com.br\/\" target=\"_blank\" rel=\"noopener\">www.salaodesign.com.br<\/a><\/p>\n<p><a href=\"http:\/\/www.facebook.com\/premiosalaodesign\" target=\"_blank\" rel=\"noopener\">www.facebook.com\/premiosalaodesign<\/a><\/p>\n<p><a href=\"http:\/\/www.instagram.com\/premiosalaodesign\" target=\"_blank\" rel=\"noopener\">www.instagram.com\/premiosalaodesign<\/a><\/p>\n","protected":false},"excerpt":{"rendered":"<p>Ind\u00fastria moveleira apresenta seus lan\u00e7amentos ao varejo nacional e importadores de 16 a 19 de mar\u00e7o de 2020, em Bento Gon\u00e7alves<\/p>\n","protected":false},"author":5,"featured_media":0,"comment_status":"closed","ping_status":"open","sticky":false,"template":"","format":"standard","meta":{"footnotes":"","_links_to":"","_links_to_target":""},"categories":[23,2],"tags":[],"class_list":["post-1472","post","type-post","status-publish","format-standard","hentry","category-movelsul","category-sindmoveis"],"yoast_head":"<!-- This site is optimized with the Yoast SEO plugin v27.0 - https:\/\/yoast.com\/product\/yoast-seo-wordpress\/ -->\n<title>Contaje regresivo: \u00a1faltan dos meses para Movelsul Brasil 2020! - Sindm\u00f3veis-RS<\/title>\n<meta name=\"robots\" content=\"index, follow, max-snippet:-1, max-image-preview:large, max-video-preview:-1\" \/>\n<link rel=\"canonical\" href=\"https:\/\/www.sindmoveis.com.br\/es\/contagem-regressiva-faltam-dois-meses-para-a-movelsul-brasil-2020\/\" \/>\n<meta property=\"og:locale\" content=\"es_ES\" \/>\n<meta property=\"og:type\" content=\"article\" \/>\n<meta property=\"og:title\" content=\"Contaje regresivo: \u00a1faltan dos meses para Movelsul Brasil 2020! - Sindm\u00f3veis-RS\" \/>\n<meta property=\"og:description\" content=\"Ind\u00fastria moveleira apresenta seus lan\u00e7amentos ao varejo nacional e importadores de 16 a 19 de mar\u00e7o de 2020, em Bento Gon\u00e7alves\" \/>\n<meta property=\"og:url\" content=\"https:\/\/www.sindmoveis.com.br\/es\/contagem-regressiva-faltam-dois-meses-para-a-movelsul-brasil-2020\/\" \/>\n<meta property=\"og:site_name\" content=\"Sindm\u00f3veis-RS\" \/>\n<meta property=\"article:published_time\" content=\"2020-01-16T03:00:00+00:00\" \/>\n<meta property=\"article:modified_time\" content=\"2021-05-26T13:31:42+00:00\" \/>\n<meta name=\"author\" content=\"Imprensa Sindm\u00f3veis\" \/>\n<meta name=\"twitter:card\" content=\"summary_large_image\" \/>\n<meta name=\"twitter:label1\" content=\"Escrito por\" \/>\n\t<meta name=\"twitter:data1\" content=\"Imprensa Sindm\u00f3veis\" \/>\n\t<meta name=\"twitter:label2\" content=\"Tiempo de lectura\" \/>\n\t<meta name=\"twitter:data2\" content=\"4 minutos\" \/>\n<script type=\"application\/ld+json\" class=\"yoast-schema-graph\">{\"@context\":\"https:\/\/schema.org\",\"@graph\":[{\"@type\":\"Article\",\"@id\":\"https:\/\/www.sindmoveis.com.br\/es\/contagem-regressiva-faltam-dois-meses-para-a-movelsul-brasil-2020\/#article\",\"isPartOf\":{\"@id\":\"https:\/\/www.sindmoveis.com.br\/es\/contagem-regressiva-faltam-dois-meses-para-a-movelsul-brasil-2020\/\"},\"author\":{\"name\":\"Imprensa Sindm\u00f3veis\",\"@id\":\"https:\/\/www.sindmoveis.com.br\/es\/#\/schema\/person\/16d379542db1950a17fe188179340d57\"},\"headline\":\"Contaje regresivo: \u00a1faltan dos meses para Movelsul Brasil 2020!\",\"datePublished\":\"2020-01-16T03:00:00+00:00\",\"dateModified\":\"2021-05-26T13:31:42+00:00\",\"mainEntityOfPage\":{\"@id\":\"https:\/\/www.sindmoveis.com.br\/es\/contagem-regressiva-faltam-dois-meses-para-a-movelsul-brasil-2020\/\"},\"wordCount\":791,\"articleSection\":[\"Movelsul\",\"Sindm\u00f3veis\"],\"inLanguage\":\"es\"},{\"@type\":\"WebPage\",\"@id\":\"https:\/\/www.sindmoveis.com.br\/es\/contagem-regressiva-faltam-dois-meses-para-a-movelsul-brasil-2020\/\",\"url\":\"https:\/\/www.sindmoveis.com.br\/es\/contagem-regressiva-faltam-dois-meses-para-a-movelsul-brasil-2020\/\",\"name\":\"Contaje regresivo: \u00a1faltan dos meses para Movelsul Brasil 2020! - Sindm\u00f3veis-RS\",\"isPartOf\":{\"@id\":\"https:\/\/www.sindmoveis.com.br\/es\/#website\"},\"datePublished\":\"2020-01-16T03:00:00+00:00\",\"dateModified\":\"2021-05-26T13:31:42+00:00\",\"author\":{\"@id\":\"https:\/\/www.sindmoveis.com.br\/es\/#\/schema\/person\/16d379542db1950a17fe188179340d57\"},\"inLanguage\":\"es\",\"potentialAction\":[{\"@type\":\"ReadAction\",\"target\":[\"https:\/\/www.sindmoveis.com.br\/es\/contagem-regressiva-faltam-dois-meses-para-a-movelsul-brasil-2020\/\"]}]},{\"@type\":\"WebSite\",\"@id\":\"https:\/\/www.sindmoveis.com.br\/es\/#website\",\"url\":\"https:\/\/www.sindmoveis.com.br\/es\/\",\"name\":\"Sindm\u00f3veis-RS\",\"description\":\"\",\"potentialAction\":[{\"@type\":\"SearchAction\",\"target\":{\"@type\":\"EntryPoint\",\"urlTemplate\":\"https:\/\/www.sindmoveis.com.br\/es\/?s={search_term_string}\"},\"query-input\":{\"@type\":\"PropertyValueSpecification\",\"valueRequired\":true,\"valueName\":\"search_term_string\"}}],\"inLanguage\":\"es\"},{\"@type\":\"Person\",\"@id\":\"https:\/\/www.sindmoveis.com.br\/es\/#\/schema\/person\/16d379542db1950a17fe188179340d57\",\"name\":\"Imprensa Sindm\u00f3veis\",\"image\":{\"@type\":\"ImageObject\",\"inLanguage\":\"es\",\"@id\":\"https:\/\/www.sindmoveis.com.br\/es\/#\/schema\/person\/image\/\",\"url\":\"https:\/\/secure.gravatar.com\/avatar\/4973e2e2c2a0cb5db30b0c7b770041b8e33d048a16b695a1f99c042449d4bfaf?s=96&d=mm&r=g\",\"contentUrl\":\"https:\/\/secure.gravatar.com\/avatar\/4973e2e2c2a0cb5db30b0c7b770041b8e33d048a16b695a1f99c042449d4bfaf?s=96&d=mm&r=g\",\"caption\":\"Imprensa Sindm\u00f3veis\"},\"url\":\"https:\/\/www.sindmoveis.com.br\/es\/author\/ana\/\"}]}<\/script>\n<!-- \/ Yoast SEO plugin. -->","yoast_head_json":{"title":"Contaje regresivo: \u00a1faltan dos meses para Movelsul Brasil 2020! - Sindm\u00f3veis-RS","robots":{"index":"index","follow":"follow","max-snippet":"max-snippet:-1","max-image-preview":"max-image-preview:large","max-video-preview":"max-video-preview:-1"},"canonical":"https:\/\/www.sindmoveis.com.br\/es\/contagem-regressiva-faltam-dois-meses-para-a-movelsul-brasil-2020\/","og_locale":"es_ES","og_type":"article","og_title":"Contaje regresivo: \u00a1faltan dos meses para Movelsul Brasil 2020! - Sindm\u00f3veis-RS","og_description":"Ind\u00fastria moveleira apresenta seus lan\u00e7amentos ao varejo nacional e importadores de 16 a 19 de mar\u00e7o de 2020, em Bento Gon\u00e7alves","og_url":"https:\/\/www.sindmoveis.com.br\/es\/contagem-regressiva-faltam-dois-meses-para-a-movelsul-brasil-2020\/","og_site_name":"Sindm\u00f3veis-RS","article_published_time":"2020-01-16T03:00:00+00:00","article_modified_time":"2021-05-26T13:31:42+00:00","author":"Imprensa Sindm\u00f3veis","twitter_card":"summary_large_image","twitter_misc":{"Escrito por":"Imprensa Sindm\u00f3veis","Tiempo de lectura":"4 minutos"},"schema":{"@context":"https:\/\/schema.org","@graph":[{"@type":"Article","@id":"https:\/\/www.sindmoveis.com.br\/es\/contagem-regressiva-faltam-dois-meses-para-a-movelsul-brasil-2020\/#article","isPartOf":{"@id":"https:\/\/www.sindmoveis.com.br\/es\/contagem-regressiva-faltam-dois-meses-para-a-movelsul-brasil-2020\/"},"author":{"name":"Imprensa Sindm\u00f3veis","@id":"https:\/\/www.sindmoveis.com.br\/es\/#\/schema\/person\/16d379542db1950a17fe188179340d57"},"headline":"Contaje regresivo: \u00a1faltan dos meses para Movelsul Brasil 2020!","datePublished":"2020-01-16T03:00:00+00:00","dateModified":"2021-05-26T13:31:42+00:00","mainEntityOfPage":{"@id":"https:\/\/www.sindmoveis.com.br\/es\/contagem-regressiva-faltam-dois-meses-para-a-movelsul-brasil-2020\/"},"wordCount":791,"articleSection":["Movelsul","Sindm\u00f3veis"],"inLanguage":"es"},{"@type":"WebPage","@id":"https:\/\/www.sindmoveis.com.br\/es\/contagem-regressiva-faltam-dois-meses-para-a-movelsul-brasil-2020\/","url":"https:\/\/www.sindmoveis.com.br\/es\/contagem-regressiva-faltam-dois-meses-para-a-movelsul-brasil-2020\/","name":"Contaje regresivo: \u00a1faltan dos meses para Movelsul Brasil 2020! - Sindm\u00f3veis-RS","isPartOf":{"@id":"https:\/\/www.sindmoveis.com.br\/es\/#website"},"datePublished":"2020-01-16T03:00:00+00:00","dateModified":"2021-05-26T13:31:42+00:00","author":{"@id":"https:\/\/www.sindmoveis.com.br\/es\/#\/schema\/person\/16d379542db1950a17fe188179340d57"},"inLanguage":"es","potentialAction":[{"@type":"ReadAction","target":["https:\/\/www.sindmoveis.com.br\/es\/contagem-regressiva-faltam-dois-meses-para-a-movelsul-brasil-2020\/"]}]},{"@type":"WebSite","@id":"https:\/\/www.sindmoveis.com.br\/es\/#website","url":"https:\/\/www.sindmoveis.com.br\/es\/","name":"Sindm\u00f3veis-RS","description":"","potentialAction":[{"@type":"SearchAction","target":{"@type":"EntryPoint","urlTemplate":"https:\/\/www.sindmoveis.com.br\/es\/?s={search_term_string}"},"query-input":{"@type":"PropertyValueSpecification","valueRequired":true,"valueName":"search_term_string"}}],"inLanguage":"es"},{"@type":"Person","@id":"https:\/\/www.sindmoveis.com.br\/es\/#\/schema\/person\/16d379542db1950a17fe188179340d57","name":"Imprensa Sindm\u00f3veis","image":{"@type":"ImageObject","inLanguage":"es","@id":"https:\/\/www.sindmoveis.com.br\/es\/#\/schema\/person\/image\/","url":"https:\/\/secure.gravatar.com\/avatar\/4973e2e2c2a0cb5db30b0c7b770041b8e33d048a16b695a1f99c042449d4bfaf?s=96&d=mm&r=g","contentUrl":"https:\/\/secure.gravatar.com\/avatar\/4973e2e2c2a0cb5db30b0c7b770041b8e33d048a16b695a1f99c042449d4bfaf?s=96&d=mm&r=g","caption":"Imprensa Sindm\u00f3veis"},"url":"https:\/\/www.sindmoveis.com.br\/es\/author\/ana\/"}]}},"_links":{"self":[{"href":"https:\/\/www.sindmoveis.com.br\/es\/wp-json\/wp\/v2\/posts\/1472","targetHints":{"allow":["GET"]}}],"collection":[{"href":"https:\/\/www.sindmoveis.com.br\/es\/wp-json\/wp\/v2\/posts"}],"about":[{"href":"https:\/\/www.sindmoveis.com.br\/es\/wp-json\/wp\/v2\/types\/post"}],"author":[{"embeddable":true,"href":"https:\/\/www.sindmoveis.com.br\/es\/wp-json\/wp\/v2\/users\/5"}],"replies":[{"embeddable":true,"href":"https:\/\/www.sindmoveis.com.br\/es\/wp-json\/wp\/v2\/comments?post=1472"}],"version-history":[{"count":2,"href":"https:\/\/www.sindmoveis.com.br\/es\/wp-json\/wp\/v2\/posts\/1472\/revisions"}],"predecessor-version":[{"id":3761,"href":"https:\/\/www.sindmoveis.com.br\/es\/wp-json\/wp\/v2\/posts\/1472\/revisions\/3761"}],"wp:attachment":[{"href":"https:\/\/www.sindmoveis.com.br\/es\/wp-json\/wp\/v2\/media?parent=1472"}],"wp:term":[{"taxonomy":"category","embeddable":true,"href":"https:\/\/www.sindmoveis.com.br\/es\/wp-json\/wp\/v2\/categories?post=1472"},{"taxonomy":"post_tag","embeddable":true,"href":"https:\/\/www.sindmoveis.com.br\/es\/wp-json\/wp\/v2\/tags?post=1472"}],"curies":[{"name":"wp","href":"https:\/\/api.w.org\/{rel}","templated":true}]}}