{"id":1468,"date":"2019-11-26T00:00:00","date_gmt":"2019-11-26T03:00:00","guid":{"rendered":"http:\/\/sindmoveis.com.br\/imprensa\/noticias\/brasmacol-e-a-nova-patrocinadora-do-premio-salao-design\/"},"modified":"2021-05-26T10:27:46","modified_gmt":"2021-05-26T13:27:46","slug":"brasmacol-e-a-nova-patrocinadora-do-premio-salao-design","status":"publish","type":"post","link":"https:\/\/www.sindmoveis.com.br\/es\/brasmacol-e-a-nova-patrocinadora-do-premio-salao-design\/","title":{"rendered":"Brasmacol es la nueva patrocinadora del Premio Sal\u00e3o Design"},"content":{"rendered":"<p>El <a href=\"http:\/\/www.salaodesign.com.br\/es\/\">Premio Sal&atilde;o Design<\/a> tiene un nuevo patrocinador: es la empresa <a href=\"http:\/\/www.brasmacol.com.br\/\">Brasmacol<\/a>, que se une a quienes de largo tiempo dan su apoyo a la principal premiaci&oacute;n brasile&ntilde;a de dise&ntilde;o de mobiliario: <a href=\"http:\/\/www.berneck.com.br\/\">Berneck <\/a>e <a href=\"https:\/\/www.interprint.com\/\">Interprint<\/a>. Brasmacol con sede en la ciudad de Chopinzinho, estado de Paran&aacute;, es l&iacute;der en el mercado brasile&ntilde;o de componentes para muebles en MDF revestido.<\/p>\n<p>Para la empresa, el dise&ntilde;o es la principal herramienta para la creaci&oacute;n de valor y de soluciones t&eacute;cnicas y creativas para el sector industrial del mobiliario. Patrocinando el premio, <a href=\"http:\/\/www.brasmacol.com.br\/\">Brasmacol <\/a>desea dar soporte, incentivar y divulgar el dise&ntilde;o para que esas innovaciones puedan ser desarrolladas de manera integrada con las industrias, desde el inicio del proceso, generando productos y respuestas m&aacute;s positivas. &ldquo;Tenemos la certeza de que el dise&ntilde;o y los dise&ntilde;adores son el medio para que la creatividad y la innovaci&oacute;n tecnol&oacute;gica se encuentren en la industria, desarrollando y agregando mayor valor a los muebles brasile&ntilde;os&rdquo;, destaca el director de <a href=\"http:\/\/www.brasmacol.com.br\/\">Brasmacol<\/a>, Ronaldo Zanesco.<\/p>\n<p>El Premio Sal&atilde;o Design est&aacute; en su 22&ordf; edici&oacute;n, siendo promovido por el Sindicato de las Industrias del Mobiliario de Rio Grande do Sul de Bento Gon&ccedil;alves (<a href=\"http:\/\/www.sindmoveis.com.br\/portal\/es\/\">Sindm&oacute;veis<\/a>) desde 1988. En esta edici&oacute;n, el premio es de R$ 10 mil reales para profesionales y R$ 6 mil para estudiantes, en cinco categor&iacute;as: Desaf&iacute;o de los Espacios en Transformaci&oacute;n; Desaf&iacute;o de la Identidad Brasile&ntilde;a 2020; Desaf&iacute;o del Uso del Panel; Desaf&iacute;o de la Tecnolog&iacute;a Empotrada y Desaf&iacute;o de las Experiencias Positivistas.<\/p>\n<p>Ya tradicionales en la premiaci&oacute;n, contin&uacute;an siendo concedidos el trofeo Profesor Orientador para los mejores productos de estudiantes y tambi&eacute;n el Premio Maderas Alternativas, este &uacute;ltimo en asociaci&oacute;n con el Servicio Forestal Brasile&ntilde;o que reconoce el uso de maderas consideradas poco utilizadas<\/p>\n<p>En este momento, los 104 finalistas aguardan la fase final del juicio, que ser&aacute; en enero de 2020, cuando los jurados est&eacute;tico creativos se re&uacute;nen en la Sierra Gaucha para evaluar los productos en escala real. Ese grupo es formado por la cr&iacute;tica, historiadora de dise&ntilde;o y autora Adelia Borges, el arquitecto, dise&ntilde;ador y carpintero Fernando Mendes, el s&uacute;per premiado dise&ntilde;ador con m&aacute;s de 50 a&ntilde;os de carrera Freddy Van Camp, la artista pl&aacute;stica Heloisa Cro9cco y la Directora de Contenido de Casa Vogue Taissa Buescu.<\/p>\n<p>La muestra de productos y ceremonia de premiaci&oacute;n ocurrir&aacute;n durante <a href=\"https:\/\/www.movelsul.com\/es\/\">Movelsul <\/a>Brasil 2020, de 16 a 19 de marzo, en Bento Gon&ccedil;alves (Rio Grande do Sul).&nbsp;<\/p>\n<p>&nbsp;<\/p>\n<p><strong>&gt;&gt; CRONOGRAMA DEL PREMIO SAL&Atilde;O DESIGN 2020<\/strong><\/p>\n<p><strong>Entrega de los productos para la etapa final<\/strong>: d&iacute;as 15, 16 e 17 de enero de 2020, de las 9h a las 11h30min y de las 13h30min a las 17h<\/p>\n<p><strong>Etapa final del juicio<\/strong>: 27 y 28 de enero de 2020<\/p>\n<p><strong>Divulgaci&oacute;n de los vencedores<\/strong>: 10 de febrero de 2020<\/p>\n<p><strong>Muestra de los vencedores y menciones<\/strong>: <a href=\"https:\/\/www.movelsul.com\/es\/\">Movelsul <\/a>Brasil 2020, de 16 a 19 de marzo de 2020,&nbsp;en Bento Gon&ccedil;alves<\/p>\n<p><strong>Ceremonia de premiaci&oacute;n<\/strong>: 18 de marzo de 2020, en Bento Gon&ccedil;alves<\/p>\n<p><strong>Segunda muestra de los premiados<\/strong>: S&atilde;o Paulo Design Weekend, agosto de 2020<\/p>\n<p><strong>Siga el Premio Sal&atilde;o Design en los medios sociales: @premiosalaodesign<\/strong><\/p>\n","protected":false},"excerpt":{"rendered":"<p>Fabricante de componentes em MDF une-se \u00e0s patrocinadoras Berneck e Interprint nesta 23\u00aa edi\u00e7\u00e3o do pr\u00eamio<\/p>\n","protected":false},"author":5,"featured_media":3758,"comment_status":"closed","ping_status":"open","sticky":false,"template":"","format":"standard","meta":{"footnotes":"","_links_to":"","_links_to_target":""},"categories":[21,2],"tags":[],"class_list":["post-1468","post","type-post","status-publish","format-standard","has-post-thumbnail","hentry","category-premio-salao-design","category-sindmoveis"],"yoast_head":"<!-- This site is optimized with the Yoast SEO plugin v27.0 - https:\/\/yoast.com\/product\/yoast-seo-wordpress\/ -->\n<title>Brasmacol es la nueva patrocinadora del Premio Sal\u00e3o Design - Sindm\u00f3veis-RS<\/title>\n<meta name=\"robots\" content=\"index, follow, max-snippet:-1, max-image-preview:large, max-video-preview:-1\" \/>\n<link rel=\"canonical\" href=\"https:\/\/www.sindmoveis.com.br\/es\/brasmacol-e-a-nova-patrocinadora-do-premio-salao-design\/\" \/>\n<meta property=\"og:locale\" content=\"es_ES\" \/>\n<meta property=\"og:type\" content=\"article\" \/>\n<meta property=\"og:title\" content=\"Brasmacol es la nueva patrocinadora del Premio Sal\u00e3o Design - Sindm\u00f3veis-RS\" \/>\n<meta property=\"og:description\" content=\"Fabricante de componentes em MDF une-se \u00e0s patrocinadoras Berneck e Interprint nesta 23\u00aa edi\u00e7\u00e3o do pr\u00eamio\" \/>\n<meta property=\"og:url\" content=\"https:\/\/www.sindmoveis.com.br\/es\/brasmacol-e-a-nova-patrocinadora-do-premio-salao-design\/\" \/>\n<meta property=\"og:site_name\" content=\"Sindm\u00f3veis-RS\" \/>\n<meta property=\"article:published_time\" content=\"2019-11-26T03:00:00+00:00\" \/>\n<meta property=\"article:modified_time\" content=\"2021-05-26T13:27:46+00:00\" \/>\n<meta property=\"og:image\" content=\"https:\/\/www.sindmoveis.com.br\/es\/wp-content\/uploads\/2021\/05\/p1574771853.jpg\" \/>\n\t<meta property=\"og:image:width\" content=\"1575\" \/>\n\t<meta property=\"og:image:height\" content=\"1050\" \/>\n\t<meta property=\"og:image:type\" content=\"image\/jpeg\" \/>\n<meta name=\"author\" content=\"Imprensa Sindm\u00f3veis\" \/>\n<meta name=\"twitter:card\" content=\"summary_large_image\" \/>\n<meta name=\"twitter:label1\" content=\"Escrito por\" \/>\n\t<meta name=\"twitter:data1\" content=\"Imprensa Sindm\u00f3veis\" \/>\n\t<meta name=\"twitter:label2\" content=\"Tiempo de lectura\" \/>\n\t<meta name=\"twitter:data2\" content=\"3 minutos\" \/>\n<script type=\"application\/ld+json\" class=\"yoast-schema-graph\">{\"@context\":\"https:\/\/schema.org\",\"@graph\":[{\"@type\":\"Article\",\"@id\":\"https:\/\/www.sindmoveis.com.br\/es\/brasmacol-e-a-nova-patrocinadora-do-premio-salao-design\/#article\",\"isPartOf\":{\"@id\":\"https:\/\/www.sindmoveis.com.br\/es\/brasmacol-e-a-nova-patrocinadora-do-premio-salao-design\/\"},\"author\":{\"name\":\"Imprensa Sindm\u00f3veis\",\"@id\":\"https:\/\/www.sindmoveis.com.br\/es\/#\/schema\/person\/16d379542db1950a17fe188179340d57\"},\"headline\":\"Brasmacol es la nueva patrocinadora del Premio Sal\u00e3o Design\",\"datePublished\":\"2019-11-26T03:00:00+00:00\",\"dateModified\":\"2021-05-26T13:27:46+00:00\",\"mainEntityOfPage\":{\"@id\":\"https:\/\/www.sindmoveis.com.br\/es\/brasmacol-e-a-nova-patrocinadora-do-premio-salao-design\/\"},\"wordCount\":615,\"image\":{\"@id\":\"https:\/\/www.sindmoveis.com.br\/es\/brasmacol-e-a-nova-patrocinadora-do-premio-salao-design\/#primaryimage\"},\"thumbnailUrl\":\"https:\/\/www.sindmoveis.com.br\/es\/wp-content\/uploads\/2021\/05\/p1574771853.jpg\",\"articleSection\":[\"Premio Sal\u00e3o Design\",\"Sindm\u00f3veis\"],\"inLanguage\":\"es\"},{\"@type\":\"WebPage\",\"@id\":\"https:\/\/www.sindmoveis.com.br\/es\/brasmacol-e-a-nova-patrocinadora-do-premio-salao-design\/\",\"url\":\"https:\/\/www.sindmoveis.com.br\/es\/brasmacol-e-a-nova-patrocinadora-do-premio-salao-design\/\",\"name\":\"Brasmacol es la nueva patrocinadora del Premio Sal\u00e3o Design - Sindm\u00f3veis-RS\",\"isPartOf\":{\"@id\":\"https:\/\/www.sindmoveis.com.br\/es\/#website\"},\"primaryImageOfPage\":{\"@id\":\"https:\/\/www.sindmoveis.com.br\/es\/brasmacol-e-a-nova-patrocinadora-do-premio-salao-design\/#primaryimage\"},\"image\":{\"@id\":\"https:\/\/www.sindmoveis.com.br\/es\/brasmacol-e-a-nova-patrocinadora-do-premio-salao-design\/#primaryimage\"},\"thumbnailUrl\":\"https:\/\/www.sindmoveis.com.br\/es\/wp-content\/uploads\/2021\/05\/p1574771853.jpg\",\"datePublished\":\"2019-11-26T03:00:00+00:00\",\"dateModified\":\"2021-05-26T13:27:46+00:00\",\"author\":{\"@id\":\"https:\/\/www.sindmoveis.com.br\/es\/#\/schema\/person\/16d379542db1950a17fe188179340d57\"},\"inLanguage\":\"es\",\"potentialAction\":[{\"@type\":\"ReadAction\",\"target\":[\"https:\/\/www.sindmoveis.com.br\/es\/brasmacol-e-a-nova-patrocinadora-do-premio-salao-design\/\"]}]},{\"@type\":\"ImageObject\",\"inLanguage\":\"es\",\"@id\":\"https:\/\/www.sindmoveis.com.br\/es\/brasmacol-e-a-nova-patrocinadora-do-premio-salao-design\/#primaryimage\",\"url\":\"https:\/\/www.sindmoveis.com.br\/es\/wp-content\/uploads\/2021\/05\/p1574771853.jpg\",\"contentUrl\":\"https:\/\/www.sindmoveis.com.br\/es\/wp-content\/uploads\/2021\/05\/p1574771853.jpg\",\"width\":1575,\"height\":1050},{\"@type\":\"WebSite\",\"@id\":\"https:\/\/www.sindmoveis.com.br\/es\/#website\",\"url\":\"https:\/\/www.sindmoveis.com.br\/es\/\",\"name\":\"Sindm\u00f3veis-RS\",\"description\":\"\",\"potentialAction\":[{\"@type\":\"SearchAction\",\"target\":{\"@type\":\"EntryPoint\",\"urlTemplate\":\"https:\/\/www.sindmoveis.com.br\/es\/?s={search_term_string}\"},\"query-input\":{\"@type\":\"PropertyValueSpecification\",\"valueRequired\":true,\"valueName\":\"search_term_string\"}}],\"inLanguage\":\"es\"},{\"@type\":\"Person\",\"@id\":\"https:\/\/www.sindmoveis.com.br\/es\/#\/schema\/person\/16d379542db1950a17fe188179340d57\",\"name\":\"Imprensa Sindm\u00f3veis\",\"image\":{\"@type\":\"ImageObject\",\"inLanguage\":\"es\",\"@id\":\"https:\/\/www.sindmoveis.com.br\/es\/#\/schema\/person\/image\/\",\"url\":\"https:\/\/secure.gravatar.com\/avatar\/4973e2e2c2a0cb5db30b0c7b770041b8e33d048a16b695a1f99c042449d4bfaf?s=96&d=mm&r=g\",\"contentUrl\":\"https:\/\/secure.gravatar.com\/avatar\/4973e2e2c2a0cb5db30b0c7b770041b8e33d048a16b695a1f99c042449d4bfaf?s=96&d=mm&r=g\",\"caption\":\"Imprensa Sindm\u00f3veis\"},\"url\":\"https:\/\/www.sindmoveis.com.br\/es\/author\/ana\/\"}]}<\/script>\n<!-- \/ Yoast SEO plugin. -->","yoast_head_json":{"title":"Brasmacol es la nueva patrocinadora del Premio Sal\u00e3o Design - Sindm\u00f3veis-RS","robots":{"index":"index","follow":"follow","max-snippet":"max-snippet:-1","max-image-preview":"max-image-preview:large","max-video-preview":"max-video-preview:-1"},"canonical":"https:\/\/www.sindmoveis.com.br\/es\/brasmacol-e-a-nova-patrocinadora-do-premio-salao-design\/","og_locale":"es_ES","og_type":"article","og_title":"Brasmacol es la nueva patrocinadora del Premio Sal\u00e3o Design - Sindm\u00f3veis-RS","og_description":"Fabricante de componentes em MDF une-se \u00e0s patrocinadoras Berneck e Interprint nesta 23\u00aa edi\u00e7\u00e3o do pr\u00eamio","og_url":"https:\/\/www.sindmoveis.com.br\/es\/brasmacol-e-a-nova-patrocinadora-do-premio-salao-design\/","og_site_name":"Sindm\u00f3veis-RS","article_published_time":"2019-11-26T03:00:00+00:00","article_modified_time":"2021-05-26T13:27:46+00:00","og_image":[{"width":1575,"height":1050,"url":"https:\/\/www.sindmoveis.com.br\/es\/wp-content\/uploads\/2021\/05\/p1574771853.jpg","type":"image\/jpeg"}],"author":"Imprensa Sindm\u00f3veis","twitter_card":"summary_large_image","twitter_misc":{"Escrito por":"Imprensa Sindm\u00f3veis","Tiempo de lectura":"3 minutos"},"schema":{"@context":"https:\/\/schema.org","@graph":[{"@type":"Article","@id":"https:\/\/www.sindmoveis.com.br\/es\/brasmacol-e-a-nova-patrocinadora-do-premio-salao-design\/#article","isPartOf":{"@id":"https:\/\/www.sindmoveis.com.br\/es\/brasmacol-e-a-nova-patrocinadora-do-premio-salao-design\/"},"author":{"name":"Imprensa Sindm\u00f3veis","@id":"https:\/\/www.sindmoveis.com.br\/es\/#\/schema\/person\/16d379542db1950a17fe188179340d57"},"headline":"Brasmacol es la nueva patrocinadora del Premio Sal\u00e3o Design","datePublished":"2019-11-26T03:00:00+00:00","dateModified":"2021-05-26T13:27:46+00:00","mainEntityOfPage":{"@id":"https:\/\/www.sindmoveis.com.br\/es\/brasmacol-e-a-nova-patrocinadora-do-premio-salao-design\/"},"wordCount":615,"image":{"@id":"https:\/\/www.sindmoveis.com.br\/es\/brasmacol-e-a-nova-patrocinadora-do-premio-salao-design\/#primaryimage"},"thumbnailUrl":"https:\/\/www.sindmoveis.com.br\/es\/wp-content\/uploads\/2021\/05\/p1574771853.jpg","articleSection":["Premio Sal\u00e3o Design","Sindm\u00f3veis"],"inLanguage":"es"},{"@type":"WebPage","@id":"https:\/\/www.sindmoveis.com.br\/es\/brasmacol-e-a-nova-patrocinadora-do-premio-salao-design\/","url":"https:\/\/www.sindmoveis.com.br\/es\/brasmacol-e-a-nova-patrocinadora-do-premio-salao-design\/","name":"Brasmacol es la nueva patrocinadora del Premio Sal\u00e3o Design - Sindm\u00f3veis-RS","isPartOf":{"@id":"https:\/\/www.sindmoveis.com.br\/es\/#website"},"primaryImageOfPage":{"@id":"https:\/\/www.sindmoveis.com.br\/es\/brasmacol-e-a-nova-patrocinadora-do-premio-salao-design\/#primaryimage"},"image":{"@id":"https:\/\/www.sindmoveis.com.br\/es\/brasmacol-e-a-nova-patrocinadora-do-premio-salao-design\/#primaryimage"},"thumbnailUrl":"https:\/\/www.sindmoveis.com.br\/es\/wp-content\/uploads\/2021\/05\/p1574771853.jpg","datePublished":"2019-11-26T03:00:00+00:00","dateModified":"2021-05-26T13:27:46+00:00","author":{"@id":"https:\/\/www.sindmoveis.com.br\/es\/#\/schema\/person\/16d379542db1950a17fe188179340d57"},"inLanguage":"es","potentialAction":[{"@type":"ReadAction","target":["https:\/\/www.sindmoveis.com.br\/es\/brasmacol-e-a-nova-patrocinadora-do-premio-salao-design\/"]}]},{"@type":"ImageObject","inLanguage":"es","@id":"https:\/\/www.sindmoveis.com.br\/es\/brasmacol-e-a-nova-patrocinadora-do-premio-salao-design\/#primaryimage","url":"https:\/\/www.sindmoveis.com.br\/es\/wp-content\/uploads\/2021\/05\/p1574771853.jpg","contentUrl":"https:\/\/www.sindmoveis.com.br\/es\/wp-content\/uploads\/2021\/05\/p1574771853.jpg","width":1575,"height":1050},{"@type":"WebSite","@id":"https:\/\/www.sindmoveis.com.br\/es\/#website","url":"https:\/\/www.sindmoveis.com.br\/es\/","name":"Sindm\u00f3veis-RS","description":"","potentialAction":[{"@type":"SearchAction","target":{"@type":"EntryPoint","urlTemplate":"https:\/\/www.sindmoveis.com.br\/es\/?s={search_term_string}"},"query-input":{"@type":"PropertyValueSpecification","valueRequired":true,"valueName":"search_term_string"}}],"inLanguage":"es"},{"@type":"Person","@id":"https:\/\/www.sindmoveis.com.br\/es\/#\/schema\/person\/16d379542db1950a17fe188179340d57","name":"Imprensa Sindm\u00f3veis","image":{"@type":"ImageObject","inLanguage":"es","@id":"https:\/\/www.sindmoveis.com.br\/es\/#\/schema\/person\/image\/","url":"https:\/\/secure.gravatar.com\/avatar\/4973e2e2c2a0cb5db30b0c7b770041b8e33d048a16b695a1f99c042449d4bfaf?s=96&d=mm&r=g","contentUrl":"https:\/\/secure.gravatar.com\/avatar\/4973e2e2c2a0cb5db30b0c7b770041b8e33d048a16b695a1f99c042449d4bfaf?s=96&d=mm&r=g","caption":"Imprensa Sindm\u00f3veis"},"url":"https:\/\/www.sindmoveis.com.br\/es\/author\/ana\/"}]}},"_links":{"self":[{"href":"https:\/\/www.sindmoveis.com.br\/es\/wp-json\/wp\/v2\/posts\/1468","targetHints":{"allow":["GET"]}}],"collection":[{"href":"https:\/\/www.sindmoveis.com.br\/es\/wp-json\/wp\/v2\/posts"}],"about":[{"href":"https:\/\/www.sindmoveis.com.br\/es\/wp-json\/wp\/v2\/types\/post"}],"author":[{"embeddable":true,"href":"https:\/\/www.sindmoveis.com.br\/es\/wp-json\/wp\/v2\/users\/5"}],"replies":[{"embeddable":true,"href":"https:\/\/www.sindmoveis.com.br\/es\/wp-json\/wp\/v2\/comments?post=1468"}],"version-history":[{"count":2,"href":"https:\/\/www.sindmoveis.com.br\/es\/wp-json\/wp\/v2\/posts\/1468\/revisions"}],"predecessor-version":[{"id":3757,"href":"https:\/\/www.sindmoveis.com.br\/es\/wp-json\/wp\/v2\/posts\/1468\/revisions\/3757"}],"wp:featuredmedia":[{"embeddable":true,"href":"https:\/\/www.sindmoveis.com.br\/es\/wp-json\/wp\/v2\/media\/3758"}],"wp:attachment":[{"href":"https:\/\/www.sindmoveis.com.br\/es\/wp-json\/wp\/v2\/media?parent=1468"}],"wp:term":[{"taxonomy":"category","embeddable":true,"href":"https:\/\/www.sindmoveis.com.br\/es\/wp-json\/wp\/v2\/categories?post=1468"},{"taxonomy":"post_tag","embeddable":true,"href":"https:\/\/www.sindmoveis.com.br\/es\/wp-json\/wp\/v2\/tags?post=1468"}],"curies":[{"name":"wp","href":"https:\/\/api.w.org\/{rel}","templated":true}]}}