{"id":1462,"date":"2019-10-11T00:00:00","date_gmt":"2019-10-11T03:00:00","guid":{"rendered":"http:\/\/sindmoveis.com.br\/imprensa\/noticias\/premio-salao-design-tem-104-finalistas\/"},"modified":"2021-05-26T10:27:46","modified_gmt":"2021-05-26T13:27:46","slug":"premio-salao-design-tem-104-finalistas","status":"publish","type":"post","link":"https:\/\/www.sindmoveis.com.br\/es\/premio-salao-design-tem-104-finalistas\/","title":{"rendered":"Premio Sal\u00e3o Design tiene 104 finalistas"},"content":{"rendered":"<p>El Premio Sal&atilde;o Design, principal premiaci&oacute;n brasile&ntilde;a de dise&ntilde;o de mobiliario, anuncia la aprobaci&oacute;n de 104 proyectos para la etapa final de esta edici&oacute;n. En las &uacute;ltimas dos semanas, los jurados t&eacute;cnico funcionales evaluaron uno a uno los 827 proyectos inscritos por estudiantes y profesionales de nueve pa&iacute;ses. Los aprobados son concurrentes de Brasil, Argentina y Uruguay.<\/p>\n<p>Ese primer grupo de jurados fue formado por acad&eacute;micos y profesionales del dise&ntilde;o. Les toc&oacute; a ellos analizar las condiciones t&eacute;cnicas de los proyectos inscritos y aspectos como seguridad, materiales utilizados, producci&oacute;n viable y sostenibilidad. Ese grupo fue formado por la directora t&eacute;cnica en el Centro Brasil Design, Ana Brum; la profesora Mar&iacute;a Cecilia Loschiavo dos Santos; el <em>Head Designer<\/em> del Grupo K1 Mateus Concei&ccedil;&atilde;o; el analista de Servicios T&eacute;cnicos y Tecnol&oacute;gicos del Instituto SENAI de Tecnolog&iacute;a de Madera y Mobiliario Ricardo Dal Piva y la presidente de la Asociaci&oacute;n Brasile&ntilde;a de Dise&ntilde;adores de Interiores Silvana Carminati Heckman.<\/p>\n<p>En esta edici&oacute;n, no hubo categor&iacute;as para accesorios e iluminaci&oacute;n, pudiendo ser inscritos apenas proyectos de mobiliario. Las cinco categor&iacute;as pasaron a ser llamadas de desaf&iacute;os: Desaf&iacute;o de los Espacios en Transformaci&oacute;n; Desaf&iacute;o de la Identidad Brasile&ntilde;a 2020; Desaf&iacute;o del Uso del Panel; Desaf&iacute;o de la Tecnolog&iacute;a Empotrada y Desaf&iacute;o de las Experiencias Positivistas. Ya tradicionales en la premiaci&oacute;n, permanecen siendo concedidos el Trofeo Profesor Orientador para los mejores productos de estudiantes y tambi&eacute;n el Premio Maderas Alternativas, este &uacute;ltimo en asociaci&oacute;n con el Servicio Forestal Brasile&ntilde;o y que reconoce el uso de maderas consideradas no muy utilizadas.<\/p>\n<p>&nbsp;<\/p>\n<p><strong>Etapa final de <\/strong><strong>juzgamiento<\/strong><\/p>\n<p>&nbsp;<\/p>\n<p>En la fase final de juzgamiento, en enero de 2020, los finalistas enviar&aacute;n sus productos en escala real para la ciudad de Bento Gon&ccedil;alves, donde est&aacute; la sede de Sindm&oacute;veis &ndash; entidad promotora del Premio Sal&atilde;o Design.<\/p>\n<p>Para la definici&oacute;n de los vencedores, entrar&aacute; en escena un nuevo grupo de jurados est&eacute;tico creativos. Son ellos: la cr&iacute;tica, historiadora y curadora de dise&ntilde;o Adelia Borges; el arquitecto, dise&ntilde;ador y carpintero Fernando Mendes; el dise&ntilde;ador muchas veces premiado, jurado de innumerables concursos, autor y traductor Freddy Van Camp; la artista pl&aacute;stica y dise&ntilde;adora Heloisa Crocco; la directora de contenido de Casa Vogue Taissa Buescu.&nbsp;<\/p>\n<p>Con patroc&iacute;nio de Berneck e Interprint do Brasil, el Premio Sal&atilde;o Design es promovido por el Sindicato de las Industrias del Mobiliario de Bento Gon&ccedil;alves (Sindm&oacute;veis) desde 1988. En esta edici&oacute;n el premio es de 10 mil reales para profesionales y 6 mil reales para estudiantes. La ceremonia de premiaci&oacute;n y muestra de productos ser&aacute; en Movelsul Brasil en marzo de 2020, en Bento Gon&ccedil;alves. Los vencedores participan, tambi&eacute;n, de m&aacute;s una exposici&oacute;n en el pr&oacute;ximo a&ntilde;o, durante S&atilde;o Paulo Design Weekend.<\/p>\n<p>&nbsp;<\/p>\n<p>Para conocer los finalistas, acceda a&nbsp;<a href=\"http:\/\/www.salaodesign.com.br\/blog\" target=\"_blank\" rel=\"noopener\">www.salaodesign.com.br\/blog<\/a>.<\/p>\n<p>&nbsp;&nbsp;<\/p>\n<p><strong>&gt;&gt; PRESTE ATENCI&Oacute;N AL CRONOGRAMA<\/strong><\/p>\n<p><strong>Entrega de los productos para la etapa final<\/strong>: d&iacute;as 15, 16 y&nbsp;17 de enero&nbsp;de 2020, de las 9h a las 11h30min y de las 13h30min a las 17h<\/p>\n<p><strong>Etapa final de juzgamiento<\/strong>: 27 y&nbsp;28 de enero&nbsp;de 2020<\/p>\n<p><strong>Divulgaci&oacute;n de los vencedores<\/strong>:&nbsp;10 de febrero&nbsp;de 2020<\/p>\n<p><strong>Muestra de los vencedores y menciones<\/strong>: Movelsul Brasil 2020, de 16 a 19 de 2020, en Bento Gon&ccedil;alves<\/p>\n<p><strong>Ceremonia de premiaci&oacute;n<\/strong>:&nbsp;18 de marzo de 2020, en Bento Gon&ccedil;alves<\/p>\n<p><strong>Segunda<\/strong>&nbsp;<strong>muestra de los<\/strong><strong> premiados<\/strong>: S&atilde;o Paulo Design Weekend, agosto de 2020<\/p>\n<p>&nbsp;<\/p>\n<p><strong>Siga el Premio Sal&atilde;o Design en los medios de comunicaci&oacute;n: @premiosalaodesign<\/strong><\/p>\n","protected":false},"excerpt":{"rendered":"<p>Para la etapa final de juzgamiento, los concurrentes de Brasil, Argentina y Uruguay deber\u00e1n enviar sus productos para Bento Gon\u00e7alves (RS) en enero<\/p>\n","protected":false},"author":5,"featured_media":3752,"comment_status":"closed","ping_status":"open","sticky":false,"template":"","format":"standard","meta":{"footnotes":"","_links_to":"","_links_to_target":""},"categories":[21,2],"tags":[],"class_list":["post-1462","post","type-post","status-publish","format-standard","has-post-thumbnail","hentry","category-premio-salao-design","category-sindmoveis"],"yoast_head":"<!-- This site is optimized with the Yoast SEO plugin v27.0 - https:\/\/yoast.com\/product\/yoast-seo-wordpress\/ -->\n<title>Premio Sal\u00e3o Design tiene 104 finalistas - Sindm\u00f3veis-RS<\/title>\n<meta name=\"robots\" content=\"index, follow, max-snippet:-1, max-image-preview:large, max-video-preview:-1\" \/>\n<link rel=\"canonical\" href=\"https:\/\/www.sindmoveis.com.br\/es\/premio-salao-design-tem-104-finalistas\/\" \/>\n<meta property=\"og:locale\" content=\"es_ES\" \/>\n<meta property=\"og:type\" content=\"article\" \/>\n<meta property=\"og:title\" content=\"Premio Sal\u00e3o Design tiene 104 finalistas - Sindm\u00f3veis-RS\" \/>\n<meta property=\"og:description\" content=\"Para la etapa final de juzgamiento, los concurrentes de Brasil, Argentina y Uruguay deber\u00e1n enviar sus productos para Bento Gon\u00e7alves (RS) en enero\" \/>\n<meta property=\"og:url\" content=\"https:\/\/www.sindmoveis.com.br\/es\/premio-salao-design-tem-104-finalistas\/\" \/>\n<meta property=\"og:site_name\" content=\"Sindm\u00f3veis-RS\" \/>\n<meta property=\"article:published_time\" content=\"2019-10-11T03:00:00+00:00\" \/>\n<meta property=\"article:modified_time\" content=\"2021-05-26T13:27:46+00:00\" \/>\n<meta property=\"og:image\" content=\"https:\/\/www.sindmoveis.com.br\/es\/wp-content\/uploads\/2021\/05\/p1570814719.jpg\" \/>\n\t<meta property=\"og:image:width\" content=\"1181\" \/>\n\t<meta property=\"og:image:height\" content=\"788\" \/>\n\t<meta property=\"og:image:type\" content=\"image\/jpeg\" \/>\n<meta name=\"author\" content=\"Imprensa Sindm\u00f3veis\" \/>\n<meta name=\"twitter:card\" content=\"summary_large_image\" \/>\n<meta name=\"twitter:label1\" content=\"Escrito por\" \/>\n\t<meta name=\"twitter:data1\" content=\"Imprensa Sindm\u00f3veis\" \/>\n\t<meta name=\"twitter:label2\" content=\"Tiempo de lectura\" \/>\n\t<meta name=\"twitter:data2\" content=\"4 minutos\" \/>\n<script type=\"application\/ld+json\" class=\"yoast-schema-graph\">{\"@context\":\"https:\/\/schema.org\",\"@graph\":[{\"@type\":\"Article\",\"@id\":\"https:\/\/www.sindmoveis.com.br\/es\/premio-salao-design-tem-104-finalistas\/#article\",\"isPartOf\":{\"@id\":\"https:\/\/www.sindmoveis.com.br\/es\/premio-salao-design-tem-104-finalistas\/\"},\"author\":{\"name\":\"Imprensa Sindm\u00f3veis\",\"@id\":\"https:\/\/www.sindmoveis.com.br\/es\/#\/schema\/person\/16d379542db1950a17fe188179340d57\"},\"headline\":\"Premio Sal\u00e3o Design tiene 104 finalistas\",\"datePublished\":\"2019-10-11T03:00:00+00:00\",\"dateModified\":\"2021-05-26T13:27:46+00:00\",\"mainEntityOfPage\":{\"@id\":\"https:\/\/www.sindmoveis.com.br\/es\/premio-salao-design-tem-104-finalistas\/\"},\"wordCount\":711,\"image\":{\"@id\":\"https:\/\/www.sindmoveis.com.br\/es\/premio-salao-design-tem-104-finalistas\/#primaryimage\"},\"thumbnailUrl\":\"https:\/\/www.sindmoveis.com.br\/es\/wp-content\/uploads\/2021\/05\/p1570814719.jpg\",\"articleSection\":[\"Premio Sal\u00e3o Design\",\"Sindm\u00f3veis\"],\"inLanguage\":\"es\"},{\"@type\":\"WebPage\",\"@id\":\"https:\/\/www.sindmoveis.com.br\/es\/premio-salao-design-tem-104-finalistas\/\",\"url\":\"https:\/\/www.sindmoveis.com.br\/es\/premio-salao-design-tem-104-finalistas\/\",\"name\":\"Premio Sal\u00e3o Design tiene 104 finalistas - Sindm\u00f3veis-RS\",\"isPartOf\":{\"@id\":\"https:\/\/www.sindmoveis.com.br\/es\/#website\"},\"primaryImageOfPage\":{\"@id\":\"https:\/\/www.sindmoveis.com.br\/es\/premio-salao-design-tem-104-finalistas\/#primaryimage\"},\"image\":{\"@id\":\"https:\/\/www.sindmoveis.com.br\/es\/premio-salao-design-tem-104-finalistas\/#primaryimage\"},\"thumbnailUrl\":\"https:\/\/www.sindmoveis.com.br\/es\/wp-content\/uploads\/2021\/05\/p1570814719.jpg\",\"datePublished\":\"2019-10-11T03:00:00+00:00\",\"dateModified\":\"2021-05-26T13:27:46+00:00\",\"author\":{\"@id\":\"https:\/\/www.sindmoveis.com.br\/es\/#\/schema\/person\/16d379542db1950a17fe188179340d57\"},\"inLanguage\":\"es\",\"potentialAction\":[{\"@type\":\"ReadAction\",\"target\":[\"https:\/\/www.sindmoveis.com.br\/es\/premio-salao-design-tem-104-finalistas\/\"]}]},{\"@type\":\"ImageObject\",\"inLanguage\":\"es\",\"@id\":\"https:\/\/www.sindmoveis.com.br\/es\/premio-salao-design-tem-104-finalistas\/#primaryimage\",\"url\":\"https:\/\/www.sindmoveis.com.br\/es\/wp-content\/uploads\/2021\/05\/p1570814719.jpg\",\"contentUrl\":\"https:\/\/www.sindmoveis.com.br\/es\/wp-content\/uploads\/2021\/05\/p1570814719.jpg\",\"width\":1181,\"height\":788},{\"@type\":\"WebSite\",\"@id\":\"https:\/\/www.sindmoveis.com.br\/es\/#website\",\"url\":\"https:\/\/www.sindmoveis.com.br\/es\/\",\"name\":\"Sindm\u00f3veis-RS\",\"description\":\"\",\"potentialAction\":[{\"@type\":\"SearchAction\",\"target\":{\"@type\":\"EntryPoint\",\"urlTemplate\":\"https:\/\/www.sindmoveis.com.br\/es\/?s={search_term_string}\"},\"query-input\":{\"@type\":\"PropertyValueSpecification\",\"valueRequired\":true,\"valueName\":\"search_term_string\"}}],\"inLanguage\":\"es\"},{\"@type\":\"Person\",\"@id\":\"https:\/\/www.sindmoveis.com.br\/es\/#\/schema\/person\/16d379542db1950a17fe188179340d57\",\"name\":\"Imprensa Sindm\u00f3veis\",\"image\":{\"@type\":\"ImageObject\",\"inLanguage\":\"es\",\"@id\":\"https:\/\/www.sindmoveis.com.br\/es\/#\/schema\/person\/image\/\",\"url\":\"https:\/\/secure.gravatar.com\/avatar\/4973e2e2c2a0cb5db30b0c7b770041b8e33d048a16b695a1f99c042449d4bfaf?s=96&d=mm&r=g\",\"contentUrl\":\"https:\/\/secure.gravatar.com\/avatar\/4973e2e2c2a0cb5db30b0c7b770041b8e33d048a16b695a1f99c042449d4bfaf?s=96&d=mm&r=g\",\"caption\":\"Imprensa Sindm\u00f3veis\"},\"url\":\"https:\/\/www.sindmoveis.com.br\/es\/author\/ana\/\"}]}<\/script>\n<!-- \/ Yoast SEO plugin. -->","yoast_head_json":{"title":"Premio Sal\u00e3o Design tiene 104 finalistas - Sindm\u00f3veis-RS","robots":{"index":"index","follow":"follow","max-snippet":"max-snippet:-1","max-image-preview":"max-image-preview:large","max-video-preview":"max-video-preview:-1"},"canonical":"https:\/\/www.sindmoveis.com.br\/es\/premio-salao-design-tem-104-finalistas\/","og_locale":"es_ES","og_type":"article","og_title":"Premio Sal\u00e3o Design tiene 104 finalistas - Sindm\u00f3veis-RS","og_description":"Para la etapa final de juzgamiento, los concurrentes de Brasil, Argentina y Uruguay deber\u00e1n enviar sus productos para Bento Gon\u00e7alves (RS) en enero","og_url":"https:\/\/www.sindmoveis.com.br\/es\/premio-salao-design-tem-104-finalistas\/","og_site_name":"Sindm\u00f3veis-RS","article_published_time":"2019-10-11T03:00:00+00:00","article_modified_time":"2021-05-26T13:27:46+00:00","og_image":[{"width":1181,"height":788,"url":"https:\/\/www.sindmoveis.com.br\/es\/wp-content\/uploads\/2021\/05\/p1570814719.jpg","type":"image\/jpeg"}],"author":"Imprensa Sindm\u00f3veis","twitter_card":"summary_large_image","twitter_misc":{"Escrito por":"Imprensa Sindm\u00f3veis","Tiempo de lectura":"4 minutos"},"schema":{"@context":"https:\/\/schema.org","@graph":[{"@type":"Article","@id":"https:\/\/www.sindmoveis.com.br\/es\/premio-salao-design-tem-104-finalistas\/#article","isPartOf":{"@id":"https:\/\/www.sindmoveis.com.br\/es\/premio-salao-design-tem-104-finalistas\/"},"author":{"name":"Imprensa Sindm\u00f3veis","@id":"https:\/\/www.sindmoveis.com.br\/es\/#\/schema\/person\/16d379542db1950a17fe188179340d57"},"headline":"Premio Sal\u00e3o Design tiene 104 finalistas","datePublished":"2019-10-11T03:00:00+00:00","dateModified":"2021-05-26T13:27:46+00:00","mainEntityOfPage":{"@id":"https:\/\/www.sindmoveis.com.br\/es\/premio-salao-design-tem-104-finalistas\/"},"wordCount":711,"image":{"@id":"https:\/\/www.sindmoveis.com.br\/es\/premio-salao-design-tem-104-finalistas\/#primaryimage"},"thumbnailUrl":"https:\/\/www.sindmoveis.com.br\/es\/wp-content\/uploads\/2021\/05\/p1570814719.jpg","articleSection":["Premio Sal\u00e3o Design","Sindm\u00f3veis"],"inLanguage":"es"},{"@type":"WebPage","@id":"https:\/\/www.sindmoveis.com.br\/es\/premio-salao-design-tem-104-finalistas\/","url":"https:\/\/www.sindmoveis.com.br\/es\/premio-salao-design-tem-104-finalistas\/","name":"Premio Sal\u00e3o Design tiene 104 finalistas - Sindm\u00f3veis-RS","isPartOf":{"@id":"https:\/\/www.sindmoveis.com.br\/es\/#website"},"primaryImageOfPage":{"@id":"https:\/\/www.sindmoveis.com.br\/es\/premio-salao-design-tem-104-finalistas\/#primaryimage"},"image":{"@id":"https:\/\/www.sindmoveis.com.br\/es\/premio-salao-design-tem-104-finalistas\/#primaryimage"},"thumbnailUrl":"https:\/\/www.sindmoveis.com.br\/es\/wp-content\/uploads\/2021\/05\/p1570814719.jpg","datePublished":"2019-10-11T03:00:00+00:00","dateModified":"2021-05-26T13:27:46+00:00","author":{"@id":"https:\/\/www.sindmoveis.com.br\/es\/#\/schema\/person\/16d379542db1950a17fe188179340d57"},"inLanguage":"es","potentialAction":[{"@type":"ReadAction","target":["https:\/\/www.sindmoveis.com.br\/es\/premio-salao-design-tem-104-finalistas\/"]}]},{"@type":"ImageObject","inLanguage":"es","@id":"https:\/\/www.sindmoveis.com.br\/es\/premio-salao-design-tem-104-finalistas\/#primaryimage","url":"https:\/\/www.sindmoveis.com.br\/es\/wp-content\/uploads\/2021\/05\/p1570814719.jpg","contentUrl":"https:\/\/www.sindmoveis.com.br\/es\/wp-content\/uploads\/2021\/05\/p1570814719.jpg","width":1181,"height":788},{"@type":"WebSite","@id":"https:\/\/www.sindmoveis.com.br\/es\/#website","url":"https:\/\/www.sindmoveis.com.br\/es\/","name":"Sindm\u00f3veis-RS","description":"","potentialAction":[{"@type":"SearchAction","target":{"@type":"EntryPoint","urlTemplate":"https:\/\/www.sindmoveis.com.br\/es\/?s={search_term_string}"},"query-input":{"@type":"PropertyValueSpecification","valueRequired":true,"valueName":"search_term_string"}}],"inLanguage":"es"},{"@type":"Person","@id":"https:\/\/www.sindmoveis.com.br\/es\/#\/schema\/person\/16d379542db1950a17fe188179340d57","name":"Imprensa Sindm\u00f3veis","image":{"@type":"ImageObject","inLanguage":"es","@id":"https:\/\/www.sindmoveis.com.br\/es\/#\/schema\/person\/image\/","url":"https:\/\/secure.gravatar.com\/avatar\/4973e2e2c2a0cb5db30b0c7b770041b8e33d048a16b695a1f99c042449d4bfaf?s=96&d=mm&r=g","contentUrl":"https:\/\/secure.gravatar.com\/avatar\/4973e2e2c2a0cb5db30b0c7b770041b8e33d048a16b695a1f99c042449d4bfaf?s=96&d=mm&r=g","caption":"Imprensa Sindm\u00f3veis"},"url":"https:\/\/www.sindmoveis.com.br\/es\/author\/ana\/"}]}},"_links":{"self":[{"href":"https:\/\/www.sindmoveis.com.br\/es\/wp-json\/wp\/v2\/posts\/1462","targetHints":{"allow":["GET"]}}],"collection":[{"href":"https:\/\/www.sindmoveis.com.br\/es\/wp-json\/wp\/v2\/posts"}],"about":[{"href":"https:\/\/www.sindmoveis.com.br\/es\/wp-json\/wp\/v2\/types\/post"}],"author":[{"embeddable":true,"href":"https:\/\/www.sindmoveis.com.br\/es\/wp-json\/wp\/v2\/users\/5"}],"replies":[{"embeddable":true,"href":"https:\/\/www.sindmoveis.com.br\/es\/wp-json\/wp\/v2\/comments?post=1462"}],"version-history":[{"count":2,"href":"https:\/\/www.sindmoveis.com.br\/es\/wp-json\/wp\/v2\/posts\/1462\/revisions"}],"predecessor-version":[{"id":3751,"href":"https:\/\/www.sindmoveis.com.br\/es\/wp-json\/wp\/v2\/posts\/1462\/revisions\/3751"}],"wp:featuredmedia":[{"embeddable":true,"href":"https:\/\/www.sindmoveis.com.br\/es\/wp-json\/wp\/v2\/media\/3752"}],"wp:attachment":[{"href":"https:\/\/www.sindmoveis.com.br\/es\/wp-json\/wp\/v2\/media?parent=1462"}],"wp:term":[{"taxonomy":"category","embeddable":true,"href":"https:\/\/www.sindmoveis.com.br\/es\/wp-json\/wp\/v2\/categories?post=1462"},{"taxonomy":"post_tag","embeddable":true,"href":"https:\/\/www.sindmoveis.com.br\/es\/wp-json\/wp\/v2\/tags?post=1462"}],"curies":[{"name":"wp","href":"https:\/\/api.w.org\/{rel}","templated":true}]}}