{"id":1461,"date":"2019-10-09T00:00:00","date_gmt":"2019-10-09T03:00:00","guid":{"rendered":"http:\/\/sindmoveis.com.br\/imprensa\/noticias\/sindmoveis-apoia-exposicao-de-designers-brasileiros-na-alemanha\/"},"modified":"2021-05-26T10:24:19","modified_gmt":"2021-05-26T13:24:19","slug":"sindmoveis-apoia-exposicao-de-designers-brasileiros-na-alemanha","status":"publish","type":"post","link":"https:\/\/www.sindmoveis.com.br\/es\/sindmoveis-apoia-exposicao-de-designers-brasileiros-na-alemanha\/","title":{"rendered":"Sindm\u00f3veis apoya exposici\u00f3n de dise\u00f1adores brasile\u00f1os en Alemania"},"content":{"rendered":"<p>Entre los d&iacute;as 16 y 31 de octubre, los dise&ntilde;adores brasile&ntilde;os apoyados por el Proyecto Ra&iacute;z de incentivo a la internacionalizaci&oacute;n &#8211;&nbsp; promovido por el Sindicato de las Industrias del Mobiliario de Bento Gon&ccedil;alves (<a href=\"http:\/\/www.sindmoveis.com.br\">Sindm&oacute;veis<\/a>) y por la Agencia de Promoci&oacute;n de Exportaciones e Inversiones (Apex-Brasil) &ndash; participan de m&aacute;s una muestra itinerante en embajadas brasile&ntilde;as por el mundo. La exposici&oacute;n itinerante &ldquo;<em>O sentar do brasileiro<\/em>&rdquo;, compuesta por 25 creaciones de mobiliario autoral, podr&aacute; ser vista en la Embajada de Brasil en Berl&iacute;n, Alemania. Las piezas seleccionadas destacan los principales atributos del dise&ntilde;o nacional: creatividad, innovaci&oacute;n y sostenibilidad.<\/p>\n<p>La idea de la muestra, que ocurre paralela a la semana de dise&ntilde;o de Berl&iacute;n, es llevar al mundo las m&uacute;ltiples caracter&iacute;sticas que componen el dise&ntilde;o brasile&ntilde;o. El gran mestizaje del pa&iacute;s y la consiguiente variedad de culturas son traducidas en una invitaci&oacute;n para observar el modo de sentar sea por las v&iacute;as de la celebraci&oacute;n, trabajo, religi&oacute;n o reposo. La periodista e historiadora Ethel Leon contribuy&oacute; con una historia sobre el sentar del brasile&ntilde;o, que conduce la narrativa de la exposici&oacute;n. Las piezas participantes son firmadas por los estudios Alessandra Delgado, Andrea Macruz, Aristeu Pires, Carol Gay, Daniela Ziegler Design, estudiobola, Faro Design\/Ilse Lang, Gisela Simas, Gustavo Martini, Holaria, Indio da Costa Design, Jader Almeida, Larissa Batista, Latoog, Leo Romano, Noemi Saga Atelier, Paulo Alves, Plataforma 4, Reboh Design, Renata Rubim Design &amp; Cores, Ricardo Rodrigues\/NDT Design, Roberta Rampazzo Design, Studio Alfaia, Studio Marta Manente y Tora Brasil.<\/p>\n<p>El d&iacute;a 16 de octubre, para inaugurar la exposici&oacute;n y contextualizar la importancia del dise&ntilde;o brasile&ntilde;o en el mundo, tres dise&ntilde;adores integrantes del Proyecto Ra&iacute;z hablan sobre sus procesos productivos y experiencias alrededor del mundo. Participan Andrea Macruz, Aristeu Pires y Ricardo Rodrigues.<\/p>\n<p>La exposici&oacute;n &ldquo;O sentar do brasileiro&rdquo; hace parte del circuito de muestras del Proyecto Ra&iacute;z iniciado durante la Semana de Dise&ntilde;o de Mil&aacute;n de 2018. El Proyecto Ra&iacute;z estimula la participaci&oacute;n y el fortalecimiento de los dise&ntilde;adores brasile&ntilde;os en el exterior a trav&eacute;s de acciones estrat&eacute;gicas personalizadas y participaci&oacute;n en muestras como &eacute;sta. Las muestras itinerantes cuentan con el apoyo de las embajadas brasile&ntilde;as\/Ministerio de Relaciones Exteriores. Esta muestra en Berl&iacute;n cuenta con el apoyo de la Embajada de Brasil en esa ciudad.<\/p>\n<p><strong>Trayectoria del Proyecto&nbsp;&nbsp;&nbsp;&nbsp; <\/strong><\/p>\n<p>La cultura brasile&ntilde;a tiene reconocimiento internacional y el mobiliario autoral de Brasil ha dejado su marca en los principales circuitos de dise&ntilde;o del mundo. Esta es la percepci&oacute;n de Sindm&oacute;veis Bento Gon&ccedil;alves, instituci&oacute;n que desde hace 60 a&ntilde;os desarrolla industrias de mobiliario en el pa&iacute;s, y de Apex-Brasil, que a trav&eacute;s del Proyecto Ra&iacute;z estimulan la generaci&oacute;n de negocios para dise&ntilde;adores en el exterior.<\/p>\n<p>&nbsp;<\/p>\n<p>El Proyecto Ra&iacute;z naci&oacute; como un brazo del Proyecto Orchestra Brasil &ndash; existente desde 2006 y volcado para la internacionalizaci&oacute;n de la cadena de proveedores de la industria del mobiliario brasile&ntilde;a. En 2012, fue entonces incluido el segmento de dise&ntilde;o que en 2014 recibi&oacute; el nombre de Proyecto Ra&iacute;z y se volvi&oacute; independiente. La nueva marca expresa la suma de culturas que alimenta la creatividad nacional bajo la supervisi&oacute;n de Sindm&oacute;veis Bento Gon&ccedil;alves.<\/p>\n<p>Adem&aacute;s de la participaci&oacute;n en grandes ferias y eventos, principalmente en Am&eacute;rica del Norte y en Europa, el Proyecto Ra&iacute;z cuenta con las tradicionales muestras itinerantes como &eacute;sta en Berl&iacute;n, Alemania. Desde 2017, las Embajadas Brasile&ntilde;as en Roma, Par&iacute;s, Estocolmo, Londres y Barcelona ya recibieron la exposici&oacute;n de productos firmados por dise&ntilde;adores brasile&ntilde;os que integran el Proyecto Ra&iacute;z.<\/p>\n<p>El cronograma de acciones del Proyecto incluye acciones que pueden ocurrir en diferentes pa&iacute;ses, junto a ferias del sector de mobiliario y dise&ntilde;o y junto a <em>design week<\/em> locales que capten el p&uacute;blico norteamericano e ingl&eacute;s. Para el pr&oacute;ximo a&ntilde;o, la direcci&oacute;n prev&eacute; participar de los siguientes eventos: <a href=\"https:\/\/www.movelsul.com\/es\/\">Movelsul Brasil<\/a> (marzo 2020), con exposici&oacute;n de los dise&ntilde;adores, lounge internacional e invitaci&oacute;n a m&aacute;s de 100 compradores internacionales. Semana del Dise&ntilde;o de Mil&aacute;n (abril\/2020); ICF Nueva York (mayo\/2020); Semana de Dise&ntilde;o de S&atilde;o Paulo (agosto\/2020).<\/p>\n<p>Exposici&oacute;n &ldquo;<em>O Sentar do Brasileiro<\/em>&rdquo; | Berl&iacute;n<\/p>\n<p>fecha: 16 a 31 de octubre de 2019<\/p>\n<p>Local: Embajada de Brasil en Berl&iacute;n, Alemania<\/p>\n<p>Wallstra&szlig;e 57, 10179 Berlin, Alemania<\/p>\n<p><a href=\"https:\/\/www.raizproject.com\/\">www.raizproject.com<\/a><\/p>\n<p><a href=\"https:\/\/www.facebook.com\/raizprojectoficial\">www.facebook.com\/raizprojectoficial<\/a><\/p>\n<p><a href=\"https:\/\/www.instagram.com\/raizproject\/\">@raizproject<\/a><\/p>\n","protected":false},"excerpt":{"rendered":"<p>Despu\u00e9s de pasar por Barcelona, acci\u00f3n itinerante promovida por el Proyecto Ra\u00edz desembarca en Berl\u00edn con piezas firmadas por 25 dise\u00f1adores brasile\u00f1os<\/p>\n","protected":false},"author":5,"featured_media":3750,"comment_status":"closed","ping_status":"open","sticky":false,"template":"","format":"standard","meta":{"footnotes":"","_links_to":"","_links_to_target":""},"categories":[2],"tags":[],"class_list":["post-1461","post","type-post","status-publish","format-standard","has-post-thumbnail","hentry","category-sindmoveis"],"yoast_head":"<!-- This site is optimized with the Yoast SEO plugin v27.0 - https:\/\/yoast.com\/product\/yoast-seo-wordpress\/ -->\n<title>Sindm\u00f3veis apoya exposici\u00f3n de dise\u00f1adores brasile\u00f1os en Alemania - Sindm\u00f3veis-RS<\/title>\n<meta name=\"robots\" content=\"index, follow, max-snippet:-1, max-image-preview:large, max-video-preview:-1\" \/>\n<link rel=\"canonical\" href=\"https:\/\/www.sindmoveis.com.br\/es\/sindmoveis-apoia-exposicao-de-designers-brasileiros-na-alemanha\/\" \/>\n<meta property=\"og:locale\" content=\"es_ES\" \/>\n<meta property=\"og:type\" content=\"article\" \/>\n<meta property=\"og:title\" content=\"Sindm\u00f3veis apoya exposici\u00f3n de dise\u00f1adores brasile\u00f1os en Alemania - Sindm\u00f3veis-RS\" \/>\n<meta property=\"og:description\" content=\"Despu\u00e9s de pasar por Barcelona, acci\u00f3n itinerante promovida por el Proyecto Ra\u00edz desembarca en Berl\u00edn con piezas firmadas por 25 dise\u00f1adores brasile\u00f1os\" \/>\n<meta property=\"og:url\" content=\"https:\/\/www.sindmoveis.com.br\/es\/sindmoveis-apoia-exposicao-de-designers-brasileiros-na-alemanha\/\" \/>\n<meta property=\"og:site_name\" content=\"Sindm\u00f3veis-RS\" \/>\n<meta property=\"article:published_time\" content=\"2019-10-09T03:00:00+00:00\" \/>\n<meta property=\"article:modified_time\" content=\"2021-05-26T13:24:19+00:00\" \/>\n<meta property=\"og:image\" content=\"https:\/\/www.sindmoveis.com.br\/es\/wp-content\/uploads\/2021\/05\/p1570644060.jpg\" \/>\n\t<meta property=\"og:image:width\" content=\"985\" \/>\n\t<meta property=\"og:image:height\" content=\"657\" \/>\n\t<meta property=\"og:image:type\" content=\"image\/jpeg\" \/>\n<meta name=\"author\" content=\"Imprensa Sindm\u00f3veis\" \/>\n<meta name=\"twitter:card\" content=\"summary_large_image\" \/>\n<meta name=\"twitter:label1\" content=\"Escrito por\" \/>\n\t<meta name=\"twitter:data1\" content=\"Imprensa Sindm\u00f3veis\" \/>\n\t<meta name=\"twitter:label2\" content=\"Tiempo de lectura\" \/>\n\t<meta name=\"twitter:data2\" content=\"4 minutos\" \/>\n<script type=\"application\/ld+json\" class=\"yoast-schema-graph\">{\"@context\":\"https:\/\/schema.org\",\"@graph\":[{\"@type\":\"Article\",\"@id\":\"https:\/\/www.sindmoveis.com.br\/es\/sindmoveis-apoia-exposicao-de-designers-brasileiros-na-alemanha\/#article\",\"isPartOf\":{\"@id\":\"https:\/\/www.sindmoveis.com.br\/es\/sindmoveis-apoia-exposicao-de-designers-brasileiros-na-alemanha\/\"},\"author\":{\"name\":\"Imprensa Sindm\u00f3veis\",\"@id\":\"https:\/\/www.sindmoveis.com.br\/es\/#\/schema\/person\/16d379542db1950a17fe188179340d57\"},\"headline\":\"Sindm\u00f3veis apoya exposici\u00f3n de dise\u00f1adores brasile\u00f1os en Alemania\",\"datePublished\":\"2019-10-09T03:00:00+00:00\",\"dateModified\":\"2021-05-26T13:24:19+00:00\",\"mainEntityOfPage\":{\"@id\":\"https:\/\/www.sindmoveis.com.br\/es\/sindmoveis-apoia-exposicao-de-designers-brasileiros-na-alemanha\/\"},\"wordCount\":898,\"image\":{\"@id\":\"https:\/\/www.sindmoveis.com.br\/es\/sindmoveis-apoia-exposicao-de-designers-brasileiros-na-alemanha\/#primaryimage\"},\"thumbnailUrl\":\"https:\/\/www.sindmoveis.com.br\/es\/wp-content\/uploads\/2021\/05\/p1570644060.jpg\",\"articleSection\":[\"Sindm\u00f3veis\"],\"inLanguage\":\"es\"},{\"@type\":\"WebPage\",\"@id\":\"https:\/\/www.sindmoveis.com.br\/es\/sindmoveis-apoia-exposicao-de-designers-brasileiros-na-alemanha\/\",\"url\":\"https:\/\/www.sindmoveis.com.br\/es\/sindmoveis-apoia-exposicao-de-designers-brasileiros-na-alemanha\/\",\"name\":\"Sindm\u00f3veis apoya exposici\u00f3n de dise\u00f1adores brasile\u00f1os en Alemania - Sindm\u00f3veis-RS\",\"isPartOf\":{\"@id\":\"https:\/\/www.sindmoveis.com.br\/es\/#website\"},\"primaryImageOfPage\":{\"@id\":\"https:\/\/www.sindmoveis.com.br\/es\/sindmoveis-apoia-exposicao-de-designers-brasileiros-na-alemanha\/#primaryimage\"},\"image\":{\"@id\":\"https:\/\/www.sindmoveis.com.br\/es\/sindmoveis-apoia-exposicao-de-designers-brasileiros-na-alemanha\/#primaryimage\"},\"thumbnailUrl\":\"https:\/\/www.sindmoveis.com.br\/es\/wp-content\/uploads\/2021\/05\/p1570644060.jpg\",\"datePublished\":\"2019-10-09T03:00:00+00:00\",\"dateModified\":\"2021-05-26T13:24:19+00:00\",\"author\":{\"@id\":\"https:\/\/www.sindmoveis.com.br\/es\/#\/schema\/person\/16d379542db1950a17fe188179340d57\"},\"inLanguage\":\"es\",\"potentialAction\":[{\"@type\":\"ReadAction\",\"target\":[\"https:\/\/www.sindmoveis.com.br\/es\/sindmoveis-apoia-exposicao-de-designers-brasileiros-na-alemanha\/\"]}]},{\"@type\":\"ImageObject\",\"inLanguage\":\"es\",\"@id\":\"https:\/\/www.sindmoveis.com.br\/es\/sindmoveis-apoia-exposicao-de-designers-brasileiros-na-alemanha\/#primaryimage\",\"url\":\"https:\/\/www.sindmoveis.com.br\/es\/wp-content\/uploads\/2021\/05\/p1570644060.jpg\",\"contentUrl\":\"https:\/\/www.sindmoveis.com.br\/es\/wp-content\/uploads\/2021\/05\/p1570644060.jpg\",\"width\":985,\"height\":657},{\"@type\":\"WebSite\",\"@id\":\"https:\/\/www.sindmoveis.com.br\/es\/#website\",\"url\":\"https:\/\/www.sindmoveis.com.br\/es\/\",\"name\":\"Sindm\u00f3veis-RS\",\"description\":\"\",\"potentialAction\":[{\"@type\":\"SearchAction\",\"target\":{\"@type\":\"EntryPoint\",\"urlTemplate\":\"https:\/\/www.sindmoveis.com.br\/es\/?s={search_term_string}\"},\"query-input\":{\"@type\":\"PropertyValueSpecification\",\"valueRequired\":true,\"valueName\":\"search_term_string\"}}],\"inLanguage\":\"es\"},{\"@type\":\"Person\",\"@id\":\"https:\/\/www.sindmoveis.com.br\/es\/#\/schema\/person\/16d379542db1950a17fe188179340d57\",\"name\":\"Imprensa Sindm\u00f3veis\",\"image\":{\"@type\":\"ImageObject\",\"inLanguage\":\"es\",\"@id\":\"https:\/\/www.sindmoveis.com.br\/es\/#\/schema\/person\/image\/\",\"url\":\"https:\/\/secure.gravatar.com\/avatar\/4973e2e2c2a0cb5db30b0c7b770041b8e33d048a16b695a1f99c042449d4bfaf?s=96&d=mm&r=g\",\"contentUrl\":\"https:\/\/secure.gravatar.com\/avatar\/4973e2e2c2a0cb5db30b0c7b770041b8e33d048a16b695a1f99c042449d4bfaf?s=96&d=mm&r=g\",\"caption\":\"Imprensa Sindm\u00f3veis\"},\"url\":\"https:\/\/www.sindmoveis.com.br\/es\/author\/ana\/\"}]}<\/script>\n<!-- \/ Yoast SEO plugin. -->","yoast_head_json":{"title":"Sindm\u00f3veis apoya exposici\u00f3n de dise\u00f1adores brasile\u00f1os en Alemania - Sindm\u00f3veis-RS","robots":{"index":"index","follow":"follow","max-snippet":"max-snippet:-1","max-image-preview":"max-image-preview:large","max-video-preview":"max-video-preview:-1"},"canonical":"https:\/\/www.sindmoveis.com.br\/es\/sindmoveis-apoia-exposicao-de-designers-brasileiros-na-alemanha\/","og_locale":"es_ES","og_type":"article","og_title":"Sindm\u00f3veis apoya exposici\u00f3n de dise\u00f1adores brasile\u00f1os en Alemania - Sindm\u00f3veis-RS","og_description":"Despu\u00e9s de pasar por Barcelona, acci\u00f3n itinerante promovida por el Proyecto Ra\u00edz desembarca en Berl\u00edn con piezas firmadas por 25 dise\u00f1adores brasile\u00f1os","og_url":"https:\/\/www.sindmoveis.com.br\/es\/sindmoveis-apoia-exposicao-de-designers-brasileiros-na-alemanha\/","og_site_name":"Sindm\u00f3veis-RS","article_published_time":"2019-10-09T03:00:00+00:00","article_modified_time":"2021-05-26T13:24:19+00:00","og_image":[{"width":985,"height":657,"url":"https:\/\/www.sindmoveis.com.br\/es\/wp-content\/uploads\/2021\/05\/p1570644060.jpg","type":"image\/jpeg"}],"author":"Imprensa Sindm\u00f3veis","twitter_card":"summary_large_image","twitter_misc":{"Escrito por":"Imprensa Sindm\u00f3veis","Tiempo de lectura":"4 minutos"},"schema":{"@context":"https:\/\/schema.org","@graph":[{"@type":"Article","@id":"https:\/\/www.sindmoveis.com.br\/es\/sindmoveis-apoia-exposicao-de-designers-brasileiros-na-alemanha\/#article","isPartOf":{"@id":"https:\/\/www.sindmoveis.com.br\/es\/sindmoveis-apoia-exposicao-de-designers-brasileiros-na-alemanha\/"},"author":{"name":"Imprensa Sindm\u00f3veis","@id":"https:\/\/www.sindmoveis.com.br\/es\/#\/schema\/person\/16d379542db1950a17fe188179340d57"},"headline":"Sindm\u00f3veis apoya exposici\u00f3n de dise\u00f1adores brasile\u00f1os en Alemania","datePublished":"2019-10-09T03:00:00+00:00","dateModified":"2021-05-26T13:24:19+00:00","mainEntityOfPage":{"@id":"https:\/\/www.sindmoveis.com.br\/es\/sindmoveis-apoia-exposicao-de-designers-brasileiros-na-alemanha\/"},"wordCount":898,"image":{"@id":"https:\/\/www.sindmoveis.com.br\/es\/sindmoveis-apoia-exposicao-de-designers-brasileiros-na-alemanha\/#primaryimage"},"thumbnailUrl":"https:\/\/www.sindmoveis.com.br\/es\/wp-content\/uploads\/2021\/05\/p1570644060.jpg","articleSection":["Sindm\u00f3veis"],"inLanguage":"es"},{"@type":"WebPage","@id":"https:\/\/www.sindmoveis.com.br\/es\/sindmoveis-apoia-exposicao-de-designers-brasileiros-na-alemanha\/","url":"https:\/\/www.sindmoveis.com.br\/es\/sindmoveis-apoia-exposicao-de-designers-brasileiros-na-alemanha\/","name":"Sindm\u00f3veis apoya exposici\u00f3n de dise\u00f1adores brasile\u00f1os en Alemania - Sindm\u00f3veis-RS","isPartOf":{"@id":"https:\/\/www.sindmoveis.com.br\/es\/#website"},"primaryImageOfPage":{"@id":"https:\/\/www.sindmoveis.com.br\/es\/sindmoveis-apoia-exposicao-de-designers-brasileiros-na-alemanha\/#primaryimage"},"image":{"@id":"https:\/\/www.sindmoveis.com.br\/es\/sindmoveis-apoia-exposicao-de-designers-brasileiros-na-alemanha\/#primaryimage"},"thumbnailUrl":"https:\/\/www.sindmoveis.com.br\/es\/wp-content\/uploads\/2021\/05\/p1570644060.jpg","datePublished":"2019-10-09T03:00:00+00:00","dateModified":"2021-05-26T13:24:19+00:00","author":{"@id":"https:\/\/www.sindmoveis.com.br\/es\/#\/schema\/person\/16d379542db1950a17fe188179340d57"},"inLanguage":"es","potentialAction":[{"@type":"ReadAction","target":["https:\/\/www.sindmoveis.com.br\/es\/sindmoveis-apoia-exposicao-de-designers-brasileiros-na-alemanha\/"]}]},{"@type":"ImageObject","inLanguage":"es","@id":"https:\/\/www.sindmoveis.com.br\/es\/sindmoveis-apoia-exposicao-de-designers-brasileiros-na-alemanha\/#primaryimage","url":"https:\/\/www.sindmoveis.com.br\/es\/wp-content\/uploads\/2021\/05\/p1570644060.jpg","contentUrl":"https:\/\/www.sindmoveis.com.br\/es\/wp-content\/uploads\/2021\/05\/p1570644060.jpg","width":985,"height":657},{"@type":"WebSite","@id":"https:\/\/www.sindmoveis.com.br\/es\/#website","url":"https:\/\/www.sindmoveis.com.br\/es\/","name":"Sindm\u00f3veis-RS","description":"","potentialAction":[{"@type":"SearchAction","target":{"@type":"EntryPoint","urlTemplate":"https:\/\/www.sindmoveis.com.br\/es\/?s={search_term_string}"},"query-input":{"@type":"PropertyValueSpecification","valueRequired":true,"valueName":"search_term_string"}}],"inLanguage":"es"},{"@type":"Person","@id":"https:\/\/www.sindmoveis.com.br\/es\/#\/schema\/person\/16d379542db1950a17fe188179340d57","name":"Imprensa Sindm\u00f3veis","image":{"@type":"ImageObject","inLanguage":"es","@id":"https:\/\/www.sindmoveis.com.br\/es\/#\/schema\/person\/image\/","url":"https:\/\/secure.gravatar.com\/avatar\/4973e2e2c2a0cb5db30b0c7b770041b8e33d048a16b695a1f99c042449d4bfaf?s=96&d=mm&r=g","contentUrl":"https:\/\/secure.gravatar.com\/avatar\/4973e2e2c2a0cb5db30b0c7b770041b8e33d048a16b695a1f99c042449d4bfaf?s=96&d=mm&r=g","caption":"Imprensa Sindm\u00f3veis"},"url":"https:\/\/www.sindmoveis.com.br\/es\/author\/ana\/"}]}},"_links":{"self":[{"href":"https:\/\/www.sindmoveis.com.br\/es\/wp-json\/wp\/v2\/posts\/1461","targetHints":{"allow":["GET"]}}],"collection":[{"href":"https:\/\/www.sindmoveis.com.br\/es\/wp-json\/wp\/v2\/posts"}],"about":[{"href":"https:\/\/www.sindmoveis.com.br\/es\/wp-json\/wp\/v2\/types\/post"}],"author":[{"embeddable":true,"href":"https:\/\/www.sindmoveis.com.br\/es\/wp-json\/wp\/v2\/users\/5"}],"replies":[{"embeddable":true,"href":"https:\/\/www.sindmoveis.com.br\/es\/wp-json\/wp\/v2\/comments?post=1461"}],"version-history":[{"count":2,"href":"https:\/\/www.sindmoveis.com.br\/es\/wp-json\/wp\/v2\/posts\/1461\/revisions"}],"predecessor-version":[{"id":3749,"href":"https:\/\/www.sindmoveis.com.br\/es\/wp-json\/wp\/v2\/posts\/1461\/revisions\/3749"}],"wp:featuredmedia":[{"embeddable":true,"href":"https:\/\/www.sindmoveis.com.br\/es\/wp-json\/wp\/v2\/media\/3750"}],"wp:attachment":[{"href":"https:\/\/www.sindmoveis.com.br\/es\/wp-json\/wp\/v2\/media?parent=1461"}],"wp:term":[{"taxonomy":"category","embeddable":true,"href":"https:\/\/www.sindmoveis.com.br\/es\/wp-json\/wp\/v2\/categories?post=1461"},{"taxonomy":"post_tag","embeddable":true,"href":"https:\/\/www.sindmoveis.com.br\/es\/wp-json\/wp\/v2\/tags?post=1461"}],"curies":[{"name":"wp","href":"https:\/\/api.w.org\/{rel}","templated":true}]}}