{"id":1460,"date":"2019-10-07T00:00:00","date_gmt":"2019-10-07T03:00:00","guid":{"rendered":"http:\/\/sindmoveis.com.br\/imprensa\/noticias\/sindmoveis-promove-missao-a-feira-alema-imm-cologne\/"},"modified":"2021-05-26T10:24:19","modified_gmt":"2021-05-26T13:24:19","slug":"sindmoveis-promove-missao-a-feira-alema-imm-cologne","status":"publish","type":"post","link":"https:\/\/www.sindmoveis.com.br\/es\/sindmoveis-promove-missao-a-feira-alema-imm-cologne\/","title":{"rendered":"Sindm\u00f3veis promueve misi\u00f3n a la feria alemana IMM Cologne"},"content":{"rendered":"<p>El Sindicato de las Empresas del Mobiliario de Bento Gon&ccedil;alves &ndash; Sindm&oacute;veis, est&aacute; promoviendo una misi&oacute;n empresarial a la Feria Internacional de Muebles de Cologne (IMM Cologne 2020), que se realizar&aacute; en Alemania, en enero del pr&oacute;ximo a&ntilde;o. La propuesta es reunir un grupo de empresas que tendr&aacute; acceso a contactos exclusivos y una agenda ampliada durante el periodo del evento. Est&aacute;n abiertos 12 lugares con plazo final de adhesi&oacute;n hasta el d&iacute;a 20 de octubre.<\/p>\n<p>El presidente de Sindm&oacute;veis, Vinicius Benini, resalta que se trata de una oportunidad &uacute;nica para las empresas del polo y expositores de Movelsul Brasil &ndash; especialmente en virtud de las reuniones y visitas t&eacute;cnicas previstas. &ldquo;Consideramos que la mayor competitividad mundial del mueble brasile&ntilde;o en la actualidad proviene de los atributos de dise&ntilde;o e innovaci&oacute;n. Estar presentes en los eventos del circuito es crucial para entender el clima mundial del sector e intercambiar experiencias con otras empresas&rdquo;, destaca.<\/p>\n<p>Considerada una de las principales ferias europeas de dise&ntilde;o de interiores, IMM Cologne re&uacute;ne lanzamientos de todo el mundo, adem&aacute;s de presentar tendencias futuras para el segmento. Para tener una idea de la dimensi&oacute;n de la feria, en 2019, IMM Cologne tuvo m&aacute;s de 1,150 expositores distribuidos en 14 pabellones. Al todo, fueron 246 mil metros cuadrados de &aacute;rea de exposici&oacute;n y casi 150 mil profesionales visitantes.<\/p>\n<p>A miss&atilde;o promovida pelo Sindm&oacute;veis ter&aacute; sa&iacute;da do Brasil dia&nbsp;10 de janeiro&nbsp;de 2020 e retorno dia 19. O pacote inclui passagem a&eacute;rea com sa&iacute;da de Porto Alegre voando Latam e Lufthansa; 7 di&aacute;rias de hotel em apto duplo com caf&eacute; da manh&atilde;; 3 dias de visitas &agrave; feira com ingresso incluso; 3 visitas t&eacute;cnicas (f&aacute;bricas e varejo); Int&eacute;rprete + headset (limitado a um headset por empresa); transporte aeroporto\/hotel\/aeroporto; transporte para as visitas t&eacute;cnicas; guia \/acompanhante in loco e seguro viagem.<\/p>\n<p>La misi&oacute;n promovida por Sindm&oacute;veis tendr&aacute; salida de Brasil el 10 de enero de 2020 y regreso el d&iacute;a 19. El paquete incluye pasaje a&eacute;reo con salida de Porto Alegre en vuelos de Latam y Lufthansa; 7 d&iacute;as de hospedaje en hotel en habitaci&oacute;n doble con desayuno; 3 visitas t&eacute;cnicas (f&aacute;bricas y comercio minorista); int&eacute;rprete + <em>headset (<\/em>limitado a un <em>headseat<\/em> por empresa); transporte aeropuerto\/hotel\/aeropuerto; transporte para las visitas t&eacute;cnica; gu&iacute;a\/acompa&ntilde;ante in loco y seguro de viaje.<\/p>\n<p>Para formalizar inter&eacute;s en el paquete, es necesario entrar en contacto directamente con Rymcatur Agencia de Viajes:&nbsp;<a href=\"mailto:marcelo@rymcatur.com.br\" target=\"_blank\" rel=\"noopener\">marcelo@rymcatur.com.br<\/a>&nbsp;o (5<a href=\"callto:4)%202621.4481\">4) 2621.4481<\/a>, con Marcelo.<\/p>\n","protected":false},"excerpt":{"rendered":"<p>Entidad busca cerrar grupo con 12 empresas para participar de inmersi\u00f3n al evento y visitas t\u00e9cnicas. Fecha l\u00edmite de adhesi\u00f3n es el d\u00eda 20 de octubre<\/p>\n","protected":false},"author":5,"featured_media":3748,"comment_status":"closed","ping_status":"open","sticky":false,"template":"","format":"standard","meta":{"footnotes":"","_links_to":"","_links_to_target":""},"categories":[2],"tags":[],"class_list":["post-1460","post","type-post","status-publish","format-standard","has-post-thumbnail","hentry","category-sindmoveis"],"yoast_head":"<!-- This site is optimized with the Yoast SEO plugin v27.0 - https:\/\/yoast.com\/product\/yoast-seo-wordpress\/ -->\n<title>Sindm\u00f3veis promueve misi\u00f3n a la feria alemana IMM Cologne - Sindm\u00f3veis-RS<\/title>\n<meta name=\"robots\" content=\"index, follow, max-snippet:-1, max-image-preview:large, max-video-preview:-1\" \/>\n<link rel=\"canonical\" href=\"https:\/\/www.sindmoveis.com.br\/es\/sindmoveis-promove-missao-a-feira-alema-imm-cologne\/\" \/>\n<meta property=\"og:locale\" content=\"es_ES\" \/>\n<meta property=\"og:type\" content=\"article\" \/>\n<meta property=\"og:title\" content=\"Sindm\u00f3veis promueve misi\u00f3n a la feria alemana IMM Cologne - Sindm\u00f3veis-RS\" \/>\n<meta property=\"og:description\" content=\"Entidad busca cerrar grupo con 12 empresas para participar de inmersi\u00f3n al evento y visitas t\u00e9cnicas. Fecha l\u00edmite de adhesi\u00f3n es el d\u00eda 20 de octubre\" \/>\n<meta property=\"og:url\" content=\"https:\/\/www.sindmoveis.com.br\/es\/sindmoveis-promove-missao-a-feira-alema-imm-cologne\/\" \/>\n<meta property=\"og:site_name\" content=\"Sindm\u00f3veis-RS\" \/>\n<meta property=\"article:published_time\" content=\"2019-10-07T03:00:00+00:00\" \/>\n<meta property=\"article:modified_time\" content=\"2021-05-26T13:24:19+00:00\" \/>\n<meta property=\"og:image\" content=\"https:\/\/www.sindmoveis.com.br\/es\/wp-content\/uploads\/2021\/05\/p1570477343-scaled.jpg\" \/>\n\t<meta property=\"og:image:width\" content=\"2560\" \/>\n\t<meta property=\"og:image:height\" content=\"1707\" \/>\n\t<meta property=\"og:image:type\" content=\"image\/jpeg\" \/>\n<meta name=\"author\" content=\"Imprensa Sindm\u00f3veis\" \/>\n<meta name=\"twitter:card\" content=\"summary_large_image\" \/>\n<meta name=\"twitter:label1\" content=\"Escrito por\" \/>\n\t<meta name=\"twitter:data1\" content=\"Imprensa Sindm\u00f3veis\" \/>\n\t<meta name=\"twitter:label2\" content=\"Tiempo de lectura\" \/>\n\t<meta name=\"twitter:data2\" content=\"2 minutos\" \/>\n<script type=\"application\/ld+json\" class=\"yoast-schema-graph\">{\"@context\":\"https:\/\/schema.org\",\"@graph\":[{\"@type\":\"Article\",\"@id\":\"https:\/\/www.sindmoveis.com.br\/es\/sindmoveis-promove-missao-a-feira-alema-imm-cologne\/#article\",\"isPartOf\":{\"@id\":\"https:\/\/www.sindmoveis.com.br\/es\/sindmoveis-promove-missao-a-feira-alema-imm-cologne\/\"},\"author\":{\"name\":\"Imprensa Sindm\u00f3veis\",\"@id\":\"https:\/\/www.sindmoveis.com.br\/es\/#\/schema\/person\/16d379542db1950a17fe188179340d57\"},\"headline\":\"Sindm\u00f3veis promueve misi\u00f3n a la feria alemana IMM Cologne\",\"datePublished\":\"2019-10-07T03:00:00+00:00\",\"dateModified\":\"2021-05-26T13:24:19+00:00\",\"mainEntityOfPage\":{\"@id\":\"https:\/\/www.sindmoveis.com.br\/es\/sindmoveis-promove-missao-a-feira-alema-imm-cologne\/\"},\"wordCount\":498,\"image\":{\"@id\":\"https:\/\/www.sindmoveis.com.br\/es\/sindmoveis-promove-missao-a-feira-alema-imm-cologne\/#primaryimage\"},\"thumbnailUrl\":\"https:\/\/www.sindmoveis.com.br\/es\/wp-content\/uploads\/2021\/05\/p1570477343-scaled.jpg\",\"articleSection\":[\"Sindm\u00f3veis\"],\"inLanguage\":\"es\"},{\"@type\":\"WebPage\",\"@id\":\"https:\/\/www.sindmoveis.com.br\/es\/sindmoveis-promove-missao-a-feira-alema-imm-cologne\/\",\"url\":\"https:\/\/www.sindmoveis.com.br\/es\/sindmoveis-promove-missao-a-feira-alema-imm-cologne\/\",\"name\":\"Sindm\u00f3veis promueve misi\u00f3n a la feria alemana IMM Cologne - Sindm\u00f3veis-RS\",\"isPartOf\":{\"@id\":\"https:\/\/www.sindmoveis.com.br\/es\/#website\"},\"primaryImageOfPage\":{\"@id\":\"https:\/\/www.sindmoveis.com.br\/es\/sindmoveis-promove-missao-a-feira-alema-imm-cologne\/#primaryimage\"},\"image\":{\"@id\":\"https:\/\/www.sindmoveis.com.br\/es\/sindmoveis-promove-missao-a-feira-alema-imm-cologne\/#primaryimage\"},\"thumbnailUrl\":\"https:\/\/www.sindmoveis.com.br\/es\/wp-content\/uploads\/2021\/05\/p1570477343-scaled.jpg\",\"datePublished\":\"2019-10-07T03:00:00+00:00\",\"dateModified\":\"2021-05-26T13:24:19+00:00\",\"author\":{\"@id\":\"https:\/\/www.sindmoveis.com.br\/es\/#\/schema\/person\/16d379542db1950a17fe188179340d57\"},\"inLanguage\":\"es\",\"potentialAction\":[{\"@type\":\"ReadAction\",\"target\":[\"https:\/\/www.sindmoveis.com.br\/es\/sindmoveis-promove-missao-a-feira-alema-imm-cologne\/\"]}]},{\"@type\":\"ImageObject\",\"inLanguage\":\"es\",\"@id\":\"https:\/\/www.sindmoveis.com.br\/es\/sindmoveis-promove-missao-a-feira-alema-imm-cologne\/#primaryimage\",\"url\":\"https:\/\/www.sindmoveis.com.br\/es\/wp-content\/uploads\/2021\/05\/p1570477343-scaled.jpg\",\"contentUrl\":\"https:\/\/www.sindmoveis.com.br\/es\/wp-content\/uploads\/2021\/05\/p1570477343-scaled.jpg\",\"width\":2560,\"height\":1707},{\"@type\":\"WebSite\",\"@id\":\"https:\/\/www.sindmoveis.com.br\/es\/#website\",\"url\":\"https:\/\/www.sindmoveis.com.br\/es\/\",\"name\":\"Sindm\u00f3veis-RS\",\"description\":\"\",\"potentialAction\":[{\"@type\":\"SearchAction\",\"target\":{\"@type\":\"EntryPoint\",\"urlTemplate\":\"https:\/\/www.sindmoveis.com.br\/es\/?s={search_term_string}\"},\"query-input\":{\"@type\":\"PropertyValueSpecification\",\"valueRequired\":true,\"valueName\":\"search_term_string\"}}],\"inLanguage\":\"es\"},{\"@type\":\"Person\",\"@id\":\"https:\/\/www.sindmoveis.com.br\/es\/#\/schema\/person\/16d379542db1950a17fe188179340d57\",\"name\":\"Imprensa Sindm\u00f3veis\",\"image\":{\"@type\":\"ImageObject\",\"inLanguage\":\"es\",\"@id\":\"https:\/\/www.sindmoveis.com.br\/es\/#\/schema\/person\/image\/\",\"url\":\"https:\/\/secure.gravatar.com\/avatar\/4973e2e2c2a0cb5db30b0c7b770041b8e33d048a16b695a1f99c042449d4bfaf?s=96&d=mm&r=g\",\"contentUrl\":\"https:\/\/secure.gravatar.com\/avatar\/4973e2e2c2a0cb5db30b0c7b770041b8e33d048a16b695a1f99c042449d4bfaf?s=96&d=mm&r=g\",\"caption\":\"Imprensa Sindm\u00f3veis\"},\"url\":\"https:\/\/www.sindmoveis.com.br\/es\/author\/ana\/\"}]}<\/script>\n<!-- \/ Yoast SEO plugin. -->","yoast_head_json":{"title":"Sindm\u00f3veis promueve misi\u00f3n a la feria alemana IMM Cologne - Sindm\u00f3veis-RS","robots":{"index":"index","follow":"follow","max-snippet":"max-snippet:-1","max-image-preview":"max-image-preview:large","max-video-preview":"max-video-preview:-1"},"canonical":"https:\/\/www.sindmoveis.com.br\/es\/sindmoveis-promove-missao-a-feira-alema-imm-cologne\/","og_locale":"es_ES","og_type":"article","og_title":"Sindm\u00f3veis promueve misi\u00f3n a la feria alemana IMM Cologne - Sindm\u00f3veis-RS","og_description":"Entidad busca cerrar grupo con 12 empresas para participar de inmersi\u00f3n al evento y visitas t\u00e9cnicas. Fecha l\u00edmite de adhesi\u00f3n es el d\u00eda 20 de octubre","og_url":"https:\/\/www.sindmoveis.com.br\/es\/sindmoveis-promove-missao-a-feira-alema-imm-cologne\/","og_site_name":"Sindm\u00f3veis-RS","article_published_time":"2019-10-07T03:00:00+00:00","article_modified_time":"2021-05-26T13:24:19+00:00","og_image":[{"width":2560,"height":1707,"url":"https:\/\/www.sindmoveis.com.br\/es\/wp-content\/uploads\/2021\/05\/p1570477343-scaled.jpg","type":"image\/jpeg"}],"author":"Imprensa Sindm\u00f3veis","twitter_card":"summary_large_image","twitter_misc":{"Escrito por":"Imprensa Sindm\u00f3veis","Tiempo de lectura":"2 minutos"},"schema":{"@context":"https:\/\/schema.org","@graph":[{"@type":"Article","@id":"https:\/\/www.sindmoveis.com.br\/es\/sindmoveis-promove-missao-a-feira-alema-imm-cologne\/#article","isPartOf":{"@id":"https:\/\/www.sindmoveis.com.br\/es\/sindmoveis-promove-missao-a-feira-alema-imm-cologne\/"},"author":{"name":"Imprensa Sindm\u00f3veis","@id":"https:\/\/www.sindmoveis.com.br\/es\/#\/schema\/person\/16d379542db1950a17fe188179340d57"},"headline":"Sindm\u00f3veis promueve misi\u00f3n a la feria alemana IMM Cologne","datePublished":"2019-10-07T03:00:00+00:00","dateModified":"2021-05-26T13:24:19+00:00","mainEntityOfPage":{"@id":"https:\/\/www.sindmoveis.com.br\/es\/sindmoveis-promove-missao-a-feira-alema-imm-cologne\/"},"wordCount":498,"image":{"@id":"https:\/\/www.sindmoveis.com.br\/es\/sindmoveis-promove-missao-a-feira-alema-imm-cologne\/#primaryimage"},"thumbnailUrl":"https:\/\/www.sindmoveis.com.br\/es\/wp-content\/uploads\/2021\/05\/p1570477343-scaled.jpg","articleSection":["Sindm\u00f3veis"],"inLanguage":"es"},{"@type":"WebPage","@id":"https:\/\/www.sindmoveis.com.br\/es\/sindmoveis-promove-missao-a-feira-alema-imm-cologne\/","url":"https:\/\/www.sindmoveis.com.br\/es\/sindmoveis-promove-missao-a-feira-alema-imm-cologne\/","name":"Sindm\u00f3veis promueve misi\u00f3n a la feria alemana IMM Cologne - Sindm\u00f3veis-RS","isPartOf":{"@id":"https:\/\/www.sindmoveis.com.br\/es\/#website"},"primaryImageOfPage":{"@id":"https:\/\/www.sindmoveis.com.br\/es\/sindmoveis-promove-missao-a-feira-alema-imm-cologne\/#primaryimage"},"image":{"@id":"https:\/\/www.sindmoveis.com.br\/es\/sindmoveis-promove-missao-a-feira-alema-imm-cologne\/#primaryimage"},"thumbnailUrl":"https:\/\/www.sindmoveis.com.br\/es\/wp-content\/uploads\/2021\/05\/p1570477343-scaled.jpg","datePublished":"2019-10-07T03:00:00+00:00","dateModified":"2021-05-26T13:24:19+00:00","author":{"@id":"https:\/\/www.sindmoveis.com.br\/es\/#\/schema\/person\/16d379542db1950a17fe188179340d57"},"inLanguage":"es","potentialAction":[{"@type":"ReadAction","target":["https:\/\/www.sindmoveis.com.br\/es\/sindmoveis-promove-missao-a-feira-alema-imm-cologne\/"]}]},{"@type":"ImageObject","inLanguage":"es","@id":"https:\/\/www.sindmoveis.com.br\/es\/sindmoveis-promove-missao-a-feira-alema-imm-cologne\/#primaryimage","url":"https:\/\/www.sindmoveis.com.br\/es\/wp-content\/uploads\/2021\/05\/p1570477343-scaled.jpg","contentUrl":"https:\/\/www.sindmoveis.com.br\/es\/wp-content\/uploads\/2021\/05\/p1570477343-scaled.jpg","width":2560,"height":1707},{"@type":"WebSite","@id":"https:\/\/www.sindmoveis.com.br\/es\/#website","url":"https:\/\/www.sindmoveis.com.br\/es\/","name":"Sindm\u00f3veis-RS","description":"","potentialAction":[{"@type":"SearchAction","target":{"@type":"EntryPoint","urlTemplate":"https:\/\/www.sindmoveis.com.br\/es\/?s={search_term_string}"},"query-input":{"@type":"PropertyValueSpecification","valueRequired":true,"valueName":"search_term_string"}}],"inLanguage":"es"},{"@type":"Person","@id":"https:\/\/www.sindmoveis.com.br\/es\/#\/schema\/person\/16d379542db1950a17fe188179340d57","name":"Imprensa Sindm\u00f3veis","image":{"@type":"ImageObject","inLanguage":"es","@id":"https:\/\/www.sindmoveis.com.br\/es\/#\/schema\/person\/image\/","url":"https:\/\/secure.gravatar.com\/avatar\/4973e2e2c2a0cb5db30b0c7b770041b8e33d048a16b695a1f99c042449d4bfaf?s=96&d=mm&r=g","contentUrl":"https:\/\/secure.gravatar.com\/avatar\/4973e2e2c2a0cb5db30b0c7b770041b8e33d048a16b695a1f99c042449d4bfaf?s=96&d=mm&r=g","caption":"Imprensa Sindm\u00f3veis"},"url":"https:\/\/www.sindmoveis.com.br\/es\/author\/ana\/"}]}},"_links":{"self":[{"href":"https:\/\/www.sindmoveis.com.br\/es\/wp-json\/wp\/v2\/posts\/1460","targetHints":{"allow":["GET"]}}],"collection":[{"href":"https:\/\/www.sindmoveis.com.br\/es\/wp-json\/wp\/v2\/posts"}],"about":[{"href":"https:\/\/www.sindmoveis.com.br\/es\/wp-json\/wp\/v2\/types\/post"}],"author":[{"embeddable":true,"href":"https:\/\/www.sindmoveis.com.br\/es\/wp-json\/wp\/v2\/users\/5"}],"replies":[{"embeddable":true,"href":"https:\/\/www.sindmoveis.com.br\/es\/wp-json\/wp\/v2\/comments?post=1460"}],"version-history":[{"count":2,"href":"https:\/\/www.sindmoveis.com.br\/es\/wp-json\/wp\/v2\/posts\/1460\/revisions"}],"predecessor-version":[{"id":3747,"href":"https:\/\/www.sindmoveis.com.br\/es\/wp-json\/wp\/v2\/posts\/1460\/revisions\/3747"}],"wp:featuredmedia":[{"embeddable":true,"href":"https:\/\/www.sindmoveis.com.br\/es\/wp-json\/wp\/v2\/media\/3748"}],"wp:attachment":[{"href":"https:\/\/www.sindmoveis.com.br\/es\/wp-json\/wp\/v2\/media?parent=1460"}],"wp:term":[{"taxonomy":"category","embeddable":true,"href":"https:\/\/www.sindmoveis.com.br\/es\/wp-json\/wp\/v2\/categories?post=1460"},{"taxonomy":"post_tag","embeddable":true,"href":"https:\/\/www.sindmoveis.com.br\/es\/wp-json\/wp\/v2\/tags?post=1460"}],"curies":[{"name":"wp","href":"https:\/\/api.w.org\/{rel}","templated":true}]}}