{"id":1457,"date":"2019-09-17T00:00:00","date_gmt":"2019-09-17T03:00:00","guid":{"rendered":"http:\/\/sindmoveis.com.br\/imprensa\/noticias\/premio-salao-design-2020-tem-827-inscritos\/"},"modified":"2021-05-26T10:27:46","modified_gmt":"2021-05-26T13:27:46","slug":"premio-salao-design-2020-tem-827-inscritos","status":"publish","type":"post","link":"https:\/\/www.sindmoveis.com.br\/es\/premio-salao-design-2020-tem-827-inscritos\/","title":{"rendered":"Premio Sal\u00e3o Design 2020 tiene 827 inscritos"},"content":{"rendered":"<p>El Sindicato de las Industrias del Mobiliario de Bento Gon&ccedil;alves &ndash; Sindm&oacute;veis, entidad promotora del Premio Sal&atilde;o Design, conmemora el n&uacute;mero final de 827 proyectos inscritos en esta 23&ordf; edici&oacute;n &ndash; casi 200 m&aacute;s con relaci&oacute;n a la edici&oacute;n pasada, cuando hubo 629 proyectos concurrentes. Las inscripciones finalizaron la &uacute;ltima semana y est&aacute;n inscritos proyectos de mobiliario de nueve pa&iacute;ses: Argentina, Bolivia, Brasil, Chile, Colombia, Cuba, M&eacute;xico, Per&uacute; y Uruguay.<\/p>\n<p>Los vencedores ser&aacute;n escogidos en dos etapas por grupos distintos de jurados. En esta primera fase, la comisi&oacute;n t&eacute;cnico funcional va a analizar uno a uno los proyectos inscritos en el sitio web, analizando los dibujos t&eacute;cnicos, im&aacute;genes y memoriales descriptivos. Ese grupo es formado por la directora t&eacute;cnica en el Centro Brasil Design, Ana Brum; la profesora Mar&iacute;a Cecilia Loschiavo dos Santos; el Head Designer del Grupo K1 Mateus Concei&ccedil;&atilde;o; el analista de Servicios T&eacute;cnicos y Tecnol&oacute;gicos del Instituto SENAI de Tecnolog&iacute;a de Madera y Mobiliario Ricardo Dal Piva y la presidente de la Asociaci&oacute;n Brasile&ntilde;a de Dise&ntilde;adores de Interiores Silvana Carminati Heckman.<\/p>\n<p>En esta edici&oacute;n, no hubo categor&iacute;as para accesorios e iluminaci&oacute;n, pudiendo ser inscritos apenas proyectos de mobiliario. Las cinco categor&iacute;as pasaron a ser llamadas de desaf&iacute;os: Desaf&iacute;o de los Espacios en Transformaci&oacute;n; Desaf&iacute;o de la Identidad Brasile&ntilde;a 2020; Desaf&iacute;o del Uso de Panel; Desaf&iacute;o de la Tecnolog&iacute;a Empotrada y Desaf&iacute;o de las Experiencias Positivistas.<\/p>\n<p>La evaluaci&oacute;n de los proyectos inscritos ser&aacute; en la segunda quincena de septiembre y la divulgaci&oacute;n de los seleccionados para la segunda etapa, d&iacute;a 10 de octubre. En el mes de enero, los finalistas deber&aacute;n enviar sus productos para la etapa final de juicio, en Bento Gon&ccedil;alves. Ah&iacute;, entonces, un nuevo grupo de jurados har&aacute; la evaluaci&oacute;n est&eacute;tico creativa y selecci&oacute;n de los estudiantes y profesionales vencedores.<\/p>\n<p>Con patrocinio de Berneck e Interprint do Brasil, el Premio Sal&atilde;o Design es promovido por el Sindicato de las Industrias del Mobiliario de Bento Gon&ccedil;alves (Sindm&oacute;veis) desde 1988. En esta edici&oacute;n, el premio es de R$ 10 mil para profesionales y R$ 6 mil para estudiantes. La ceremonia de premiaci&oacute;n y muestra de productos ser&aacute; en Movelsul Brasil, en marzo de 2020, en Bento Gon&ccedil;alves. Los vencedores participan, tambi&eacute;n, de m&aacute;s una exposici&oacute;n el pr&oacute;ximo a&ntilde;o, durante S&atilde;o Paulo Design Weekend.<\/p>\n<p><strong>Acompa&ntilde;e el Premio Sal&atilde;o Design en las redes sociales:<\/strong><\/p>\n<p><a href=\"http:\/\/www.facebook.com\/premiosalaodesign\" target=\"_blank\" rel=\"noopener\">www.facebook.com\/premiosalaodesign<\/a><\/p>\n<p><a href=\"http:\/\/www.instagram.com\/premiosalaodesign\" target=\"_blank\" rel=\"noopener\">www.instagram.com\/premiosalaodesign<\/a><\/p>\n<p><a href=\"https:\/\/br.pinterest.com\/salaodesign\/\" target=\"_blank\" rel=\"noopener\">https:\/\/br.pinterest.com\/salaodesign\/<\/a><\/p>\n<p><a href=\"http:\/\/www.salaodesign.com.br\/\" target=\"_blank\" rel=\"noopener\">www.salaodesign.com.br<\/a><\/p>\n<p>&nbsp;<\/p>\n","protected":false},"excerpt":{"rendered":"<p>Proyectos de nueve pa\u00edses ser\u00e1n evaluados por los jurados t\u00e9cnico-funcionales a\u00fan en este mes de septiembre<\/p>\n","protected":false},"author":5,"featured_media":3746,"comment_status":"closed","ping_status":"open","sticky":false,"template":"","format":"standard","meta":{"footnotes":"","_links_to":"","_links_to_target":""},"categories":[21,2],"tags":[],"class_list":["post-1457","post","type-post","status-publish","format-standard","has-post-thumbnail","hentry","category-premio-salao-design","category-sindmoveis"],"yoast_head":"<!-- This site is optimized with the Yoast SEO plugin v27.0 - https:\/\/yoast.com\/product\/yoast-seo-wordpress\/ -->\n<title>Premio Sal\u00e3o Design 2020 tiene 827 inscritos - Sindm\u00f3veis-RS<\/title>\n<meta name=\"robots\" content=\"index, follow, max-snippet:-1, max-image-preview:large, max-video-preview:-1\" \/>\n<link rel=\"canonical\" href=\"https:\/\/www.sindmoveis.com.br\/es\/premio-salao-design-2020-tem-827-inscritos\/\" \/>\n<meta property=\"og:locale\" content=\"es_ES\" \/>\n<meta property=\"og:type\" content=\"article\" \/>\n<meta property=\"og:title\" content=\"Premio Sal\u00e3o Design 2020 tiene 827 inscritos - Sindm\u00f3veis-RS\" \/>\n<meta property=\"og:description\" content=\"Proyectos de nueve pa\u00edses ser\u00e1n evaluados por los jurados t\u00e9cnico-funcionales a\u00fan en este mes de septiembre\" \/>\n<meta property=\"og:url\" content=\"https:\/\/www.sindmoveis.com.br\/es\/premio-salao-design-2020-tem-827-inscritos\/\" \/>\n<meta property=\"og:site_name\" content=\"Sindm\u00f3veis-RS\" \/>\n<meta property=\"article:published_time\" content=\"2019-09-17T03:00:00+00:00\" \/>\n<meta property=\"article:modified_time\" content=\"2021-05-26T13:27:46+00:00\" \/>\n<meta property=\"og:image\" content=\"https:\/\/www.sindmoveis.com.br\/es\/wp-content\/uploads\/2021\/05\/p1568738367.jpg\" \/>\n\t<meta property=\"og:image:width\" content=\"1213\" \/>\n\t<meta property=\"og:image:height\" content=\"438\" \/>\n\t<meta property=\"og:image:type\" content=\"image\/jpeg\" \/>\n<meta name=\"author\" content=\"Imprensa Sindm\u00f3veis\" \/>\n<meta name=\"twitter:card\" content=\"summary_large_image\" \/>\n<meta name=\"twitter:label1\" content=\"Escrito por\" \/>\n\t<meta name=\"twitter:data1\" content=\"Imprensa Sindm\u00f3veis\" \/>\n\t<meta name=\"twitter:label2\" content=\"Tiempo de lectura\" \/>\n\t<meta name=\"twitter:data2\" content=\"3 minutos\" \/>\n<script type=\"application\/ld+json\" class=\"yoast-schema-graph\">{\"@context\":\"https:\/\/schema.org\",\"@graph\":[{\"@type\":\"Article\",\"@id\":\"https:\/\/www.sindmoveis.com.br\/es\/premio-salao-design-2020-tem-827-inscritos\/#article\",\"isPartOf\":{\"@id\":\"https:\/\/www.sindmoveis.com.br\/es\/premio-salao-design-2020-tem-827-inscritos\/\"},\"author\":{\"name\":\"Imprensa Sindm\u00f3veis\",\"@id\":\"https:\/\/www.sindmoveis.com.br\/es\/#\/schema\/person\/16d379542db1950a17fe188179340d57\"},\"headline\":\"Premio Sal\u00e3o Design 2020 tiene 827 inscritos\",\"datePublished\":\"2019-09-17T03:00:00+00:00\",\"dateModified\":\"2021-05-26T13:27:46+00:00\",\"mainEntityOfPage\":{\"@id\":\"https:\/\/www.sindmoveis.com.br\/es\/premio-salao-design-2020-tem-827-inscritos\/\"},\"wordCount\":527,\"image\":{\"@id\":\"https:\/\/www.sindmoveis.com.br\/es\/premio-salao-design-2020-tem-827-inscritos\/#primaryimage\"},\"thumbnailUrl\":\"https:\/\/www.sindmoveis.com.br\/es\/wp-content\/uploads\/2021\/05\/p1568738367.jpg\",\"articleSection\":[\"Premio Sal\u00e3o Design\",\"Sindm\u00f3veis\"],\"inLanguage\":\"es\"},{\"@type\":\"WebPage\",\"@id\":\"https:\/\/www.sindmoveis.com.br\/es\/premio-salao-design-2020-tem-827-inscritos\/\",\"url\":\"https:\/\/www.sindmoveis.com.br\/es\/premio-salao-design-2020-tem-827-inscritos\/\",\"name\":\"Premio Sal\u00e3o Design 2020 tiene 827 inscritos - Sindm\u00f3veis-RS\",\"isPartOf\":{\"@id\":\"https:\/\/www.sindmoveis.com.br\/es\/#website\"},\"primaryImageOfPage\":{\"@id\":\"https:\/\/www.sindmoveis.com.br\/es\/premio-salao-design-2020-tem-827-inscritos\/#primaryimage\"},\"image\":{\"@id\":\"https:\/\/www.sindmoveis.com.br\/es\/premio-salao-design-2020-tem-827-inscritos\/#primaryimage\"},\"thumbnailUrl\":\"https:\/\/www.sindmoveis.com.br\/es\/wp-content\/uploads\/2021\/05\/p1568738367.jpg\",\"datePublished\":\"2019-09-17T03:00:00+00:00\",\"dateModified\":\"2021-05-26T13:27:46+00:00\",\"author\":{\"@id\":\"https:\/\/www.sindmoveis.com.br\/es\/#\/schema\/person\/16d379542db1950a17fe188179340d57\"},\"inLanguage\":\"es\",\"potentialAction\":[{\"@type\":\"ReadAction\",\"target\":[\"https:\/\/www.sindmoveis.com.br\/es\/premio-salao-design-2020-tem-827-inscritos\/\"]}]},{\"@type\":\"ImageObject\",\"inLanguage\":\"es\",\"@id\":\"https:\/\/www.sindmoveis.com.br\/es\/premio-salao-design-2020-tem-827-inscritos\/#primaryimage\",\"url\":\"https:\/\/www.sindmoveis.com.br\/es\/wp-content\/uploads\/2021\/05\/p1568738367.jpg\",\"contentUrl\":\"https:\/\/www.sindmoveis.com.br\/es\/wp-content\/uploads\/2021\/05\/p1568738367.jpg\",\"width\":1213,\"height\":438},{\"@type\":\"WebSite\",\"@id\":\"https:\/\/www.sindmoveis.com.br\/es\/#website\",\"url\":\"https:\/\/www.sindmoveis.com.br\/es\/\",\"name\":\"Sindm\u00f3veis-RS\",\"description\":\"\",\"potentialAction\":[{\"@type\":\"SearchAction\",\"target\":{\"@type\":\"EntryPoint\",\"urlTemplate\":\"https:\/\/www.sindmoveis.com.br\/es\/?s={search_term_string}\"},\"query-input\":{\"@type\":\"PropertyValueSpecification\",\"valueRequired\":true,\"valueName\":\"search_term_string\"}}],\"inLanguage\":\"es\"},{\"@type\":\"Person\",\"@id\":\"https:\/\/www.sindmoveis.com.br\/es\/#\/schema\/person\/16d379542db1950a17fe188179340d57\",\"name\":\"Imprensa Sindm\u00f3veis\",\"image\":{\"@type\":\"ImageObject\",\"inLanguage\":\"es\",\"@id\":\"https:\/\/www.sindmoveis.com.br\/es\/#\/schema\/person\/image\/\",\"url\":\"https:\/\/secure.gravatar.com\/avatar\/4973e2e2c2a0cb5db30b0c7b770041b8e33d048a16b695a1f99c042449d4bfaf?s=96&d=mm&r=g\",\"contentUrl\":\"https:\/\/secure.gravatar.com\/avatar\/4973e2e2c2a0cb5db30b0c7b770041b8e33d048a16b695a1f99c042449d4bfaf?s=96&d=mm&r=g\",\"caption\":\"Imprensa Sindm\u00f3veis\"},\"url\":\"https:\/\/www.sindmoveis.com.br\/es\/author\/ana\/\"}]}<\/script>\n<!-- \/ Yoast SEO plugin. -->","yoast_head_json":{"title":"Premio Sal\u00e3o Design 2020 tiene 827 inscritos - Sindm\u00f3veis-RS","robots":{"index":"index","follow":"follow","max-snippet":"max-snippet:-1","max-image-preview":"max-image-preview:large","max-video-preview":"max-video-preview:-1"},"canonical":"https:\/\/www.sindmoveis.com.br\/es\/premio-salao-design-2020-tem-827-inscritos\/","og_locale":"es_ES","og_type":"article","og_title":"Premio Sal\u00e3o Design 2020 tiene 827 inscritos - Sindm\u00f3veis-RS","og_description":"Proyectos de nueve pa\u00edses ser\u00e1n evaluados por los jurados t\u00e9cnico-funcionales a\u00fan en este mes de septiembre","og_url":"https:\/\/www.sindmoveis.com.br\/es\/premio-salao-design-2020-tem-827-inscritos\/","og_site_name":"Sindm\u00f3veis-RS","article_published_time":"2019-09-17T03:00:00+00:00","article_modified_time":"2021-05-26T13:27:46+00:00","og_image":[{"width":1213,"height":438,"url":"https:\/\/www.sindmoveis.com.br\/es\/wp-content\/uploads\/2021\/05\/p1568738367.jpg","type":"image\/jpeg"}],"author":"Imprensa Sindm\u00f3veis","twitter_card":"summary_large_image","twitter_misc":{"Escrito por":"Imprensa Sindm\u00f3veis","Tiempo de lectura":"3 minutos"},"schema":{"@context":"https:\/\/schema.org","@graph":[{"@type":"Article","@id":"https:\/\/www.sindmoveis.com.br\/es\/premio-salao-design-2020-tem-827-inscritos\/#article","isPartOf":{"@id":"https:\/\/www.sindmoveis.com.br\/es\/premio-salao-design-2020-tem-827-inscritos\/"},"author":{"name":"Imprensa Sindm\u00f3veis","@id":"https:\/\/www.sindmoveis.com.br\/es\/#\/schema\/person\/16d379542db1950a17fe188179340d57"},"headline":"Premio Sal\u00e3o Design 2020 tiene 827 inscritos","datePublished":"2019-09-17T03:00:00+00:00","dateModified":"2021-05-26T13:27:46+00:00","mainEntityOfPage":{"@id":"https:\/\/www.sindmoveis.com.br\/es\/premio-salao-design-2020-tem-827-inscritos\/"},"wordCount":527,"image":{"@id":"https:\/\/www.sindmoveis.com.br\/es\/premio-salao-design-2020-tem-827-inscritos\/#primaryimage"},"thumbnailUrl":"https:\/\/www.sindmoveis.com.br\/es\/wp-content\/uploads\/2021\/05\/p1568738367.jpg","articleSection":["Premio Sal\u00e3o Design","Sindm\u00f3veis"],"inLanguage":"es"},{"@type":"WebPage","@id":"https:\/\/www.sindmoveis.com.br\/es\/premio-salao-design-2020-tem-827-inscritos\/","url":"https:\/\/www.sindmoveis.com.br\/es\/premio-salao-design-2020-tem-827-inscritos\/","name":"Premio Sal\u00e3o Design 2020 tiene 827 inscritos - Sindm\u00f3veis-RS","isPartOf":{"@id":"https:\/\/www.sindmoveis.com.br\/es\/#website"},"primaryImageOfPage":{"@id":"https:\/\/www.sindmoveis.com.br\/es\/premio-salao-design-2020-tem-827-inscritos\/#primaryimage"},"image":{"@id":"https:\/\/www.sindmoveis.com.br\/es\/premio-salao-design-2020-tem-827-inscritos\/#primaryimage"},"thumbnailUrl":"https:\/\/www.sindmoveis.com.br\/es\/wp-content\/uploads\/2021\/05\/p1568738367.jpg","datePublished":"2019-09-17T03:00:00+00:00","dateModified":"2021-05-26T13:27:46+00:00","author":{"@id":"https:\/\/www.sindmoveis.com.br\/es\/#\/schema\/person\/16d379542db1950a17fe188179340d57"},"inLanguage":"es","potentialAction":[{"@type":"ReadAction","target":["https:\/\/www.sindmoveis.com.br\/es\/premio-salao-design-2020-tem-827-inscritos\/"]}]},{"@type":"ImageObject","inLanguage":"es","@id":"https:\/\/www.sindmoveis.com.br\/es\/premio-salao-design-2020-tem-827-inscritos\/#primaryimage","url":"https:\/\/www.sindmoveis.com.br\/es\/wp-content\/uploads\/2021\/05\/p1568738367.jpg","contentUrl":"https:\/\/www.sindmoveis.com.br\/es\/wp-content\/uploads\/2021\/05\/p1568738367.jpg","width":1213,"height":438},{"@type":"WebSite","@id":"https:\/\/www.sindmoveis.com.br\/es\/#website","url":"https:\/\/www.sindmoveis.com.br\/es\/","name":"Sindm\u00f3veis-RS","description":"","potentialAction":[{"@type":"SearchAction","target":{"@type":"EntryPoint","urlTemplate":"https:\/\/www.sindmoveis.com.br\/es\/?s={search_term_string}"},"query-input":{"@type":"PropertyValueSpecification","valueRequired":true,"valueName":"search_term_string"}}],"inLanguage":"es"},{"@type":"Person","@id":"https:\/\/www.sindmoveis.com.br\/es\/#\/schema\/person\/16d379542db1950a17fe188179340d57","name":"Imprensa Sindm\u00f3veis","image":{"@type":"ImageObject","inLanguage":"es","@id":"https:\/\/www.sindmoveis.com.br\/es\/#\/schema\/person\/image\/","url":"https:\/\/secure.gravatar.com\/avatar\/4973e2e2c2a0cb5db30b0c7b770041b8e33d048a16b695a1f99c042449d4bfaf?s=96&d=mm&r=g","contentUrl":"https:\/\/secure.gravatar.com\/avatar\/4973e2e2c2a0cb5db30b0c7b770041b8e33d048a16b695a1f99c042449d4bfaf?s=96&d=mm&r=g","caption":"Imprensa Sindm\u00f3veis"},"url":"https:\/\/www.sindmoveis.com.br\/es\/author\/ana\/"}]}},"_links":{"self":[{"href":"https:\/\/www.sindmoveis.com.br\/es\/wp-json\/wp\/v2\/posts\/1457","targetHints":{"allow":["GET"]}}],"collection":[{"href":"https:\/\/www.sindmoveis.com.br\/es\/wp-json\/wp\/v2\/posts"}],"about":[{"href":"https:\/\/www.sindmoveis.com.br\/es\/wp-json\/wp\/v2\/types\/post"}],"author":[{"embeddable":true,"href":"https:\/\/www.sindmoveis.com.br\/es\/wp-json\/wp\/v2\/users\/5"}],"replies":[{"embeddable":true,"href":"https:\/\/www.sindmoveis.com.br\/es\/wp-json\/wp\/v2\/comments?post=1457"}],"version-history":[{"count":2,"href":"https:\/\/www.sindmoveis.com.br\/es\/wp-json\/wp\/v2\/posts\/1457\/revisions"}],"predecessor-version":[{"id":3745,"href":"https:\/\/www.sindmoveis.com.br\/es\/wp-json\/wp\/v2\/posts\/1457\/revisions\/3745"}],"wp:featuredmedia":[{"embeddable":true,"href":"https:\/\/www.sindmoveis.com.br\/es\/wp-json\/wp\/v2\/media\/3746"}],"wp:attachment":[{"href":"https:\/\/www.sindmoveis.com.br\/es\/wp-json\/wp\/v2\/media?parent=1457"}],"wp:term":[{"taxonomy":"category","embeddable":true,"href":"https:\/\/www.sindmoveis.com.br\/es\/wp-json\/wp\/v2\/categories?post=1457"},{"taxonomy":"post_tag","embeddable":true,"href":"https:\/\/www.sindmoveis.com.br\/es\/wp-json\/wp\/v2\/tags?post=1457"}],"curies":[{"name":"wp","href":"https:\/\/api.w.org\/{rel}","templated":true}]}}