{"id":1456,"date":"2019-09-02T00:00:00","date_gmt":"2019-09-02T03:00:00","guid":{"rendered":"http:\/\/sindmoveis.com.br\/imprensa\/noticias\/movelsul-brasil-anuncia-area-inedita-voltada-a-projetos-empresariais\/"},"modified":"2021-05-26T10:28:34","modified_gmt":"2021-05-26T13:28:34","slug":"movelsul-brasil-anuncia-area-inedita-voltada-a-projetos-empresariais","status":"publish","type":"post","link":"https:\/\/www.sindmoveis.com.br\/es\/movelsul-brasil-anuncia-area-inedita-voltada-a-projetos-empresariais\/","title":{"rendered":"Proyecto Orchestra Brasil lleva empresas a Tecno Mueble Guadalajara"},"content":{"rendered":"<p>Un pabell&oacute;n in&eacute;dito para &oacute;ptimos negocios. Movelsul Brasil 2020 presenta una gran novedad para su pr&oacute;xima edici&oacute;n: el Espacio Corporativo &amp; Tecno Comercio Minorista, ubicado en el Pabell&oacute;n F, que reunir&aacute; expositores del segmento corporativo, de muebles proyectados, decoraci&oacute;n y tecnolog&iacute;as, ofreciendo soluciones de varios niveles para el p&uacute;blico visitante de la feria.<\/p>\n<p>Con la iniciativa, el pabell&oacute;n F pasa a abrigar espec&iacute;ficamente tres segmentos: muebles proyectados, decoraci&oacute;n y soluciones para el comercio minorista. Adem&aacute;s de la exposici&oacute;n, la feria va a articular rondas de negocios espec&iacute;ficas entre los expositores y compradores de mobiliario corporativo, inversionistas y especificadores de ese segmento.<\/p>\n<p>para a melhoria da gest&atilde;o e produtividade no varejo&rdquo;, pontua.<\/p>\n<p>El espacio de soluciones para el comercio minorista, por su vez, va a incluir empresas que desarrollan productos y servicios en las &aacute;reas de tecnolog&iacute;a, log&iacute;stica, gesti&oacute;n y cr&eacute;dito, entre otros. El presidente de Sindm&oacute;veis, Vinicius Benini, conmemora m&aacute;s esa innovaci&oacute;n. &ldquo;Es un ambiente in&eacute;dito y necesario para fomentar grandes negocios y ofrecer herramientas para la mejora de la gesti&oacute;n y productividad en las ventas al po0r menor&rdquo;, puntualiza.<\/p>\n<p>&nbsp;<\/p>\n<p><strong>Tienda del futuro<\/strong>&nbsp;<\/p>\n<p>A intelig&ecirc;ncia artificial tamb&eacute;m vai ser aplicada, mostrando como o varejo pode entender a fundo quem &eacute; o cliente e o que funciona ou n&atilde;o dentro do espa&ccedil;o de venda. Ser&aacute; um estande de inspira&ccedil;&atilde;o para a ind&uacute;stria se preparar para o futuro que j&aacute; bate &agrave; porta.<\/p>\n<p>La inteligencia artificial tambi&eacute;n va a ser aplicada, mostrando como el comercio minorista puede entender a fondo qui&eacute;n es el cliente y lo que funciona o no dentro del espacio de venta. Ser&aacute; un stand de inspiraci&oacute;n para la industria prepararse para el futuro que ya toca a nuestra puerta.<\/p>\n<p>&nbsp;&nbsp;<\/p>\n<p><strong>Mais sobre a Movelsul Brasil<\/strong><\/p>\n<p>Promovida por Sindm&oacute;veis Bento Gon&ccedil;alves, Movelsul es la mayor plataforma de negocios de Am&eacute;rica Latina para el sector del mobiliario, orquestando un ambiente de ventas e incremento de imagen para la industria de muebles, decoraci&oacute;n y complementos. En su historia, Movelsul Brasil ya tuvo m&aacute;s de 1.700 empresas expositoras. La primera edici&oacute;n de la feria ocurri&oacute; en 1977, a&ntilde;o en que el sector del mobiliario se consolid&oacute; como actividad l&iacute;der en la econom&iacute;a de Bento Gon&ccedil;alves.<\/p>\n<p>La feria es promovida a cada dos a&ntilde;os, reuniendo expositores de los segmentos de oficina, cocina, dormitorios, &aacute;rea de servicio\/lavadero, ba&ntilde;o, muebles para jard&iacute;n, electrodom&eacute;sticos, comedores de diario, juegos de comedor, salas de estar, alfombras, muebles tapizados y colchones. Adem&aacute;s del p&uacute;blico calificado de revendedores brasile&ntilde;os, Movelsul Brasil tiene un fuerte posicionamiento internacional en los<\/p>\n<p>La campa&ntilde;a de comunicaci&oacute;n de Movelsul Brasil 2020 valora los atributos tur&iacute;sticos locales, que hacen de Movelsul una feria &uacute;nica en su segmento. El &ldquo;<em>terroir <\/em>mobiliario&rdquo; que la campa&ntilde;a exalta es traducido por el eslogan &ldquo;Dise&ntilde;o es de Nuestra Naturaleza&rdquo;,<\/p>\n<p>permeando toda la identidad visual d la feria y piezas publicitarias. El concepto defiende que el dise&ntilde;o est&aacute; en el ADN del polo mobiliario de Bento Gon&ccedil;alves, que este es un ambiente colaborativo, innovador, en que la belleza encuadra el cotidiano de las personas y donde la necesidad de hacer m&aacute;s con menos estructur&oacute; la econom&iacute;a de colonizaci&oacute;n italiana. Todo ello es dise&ntilde;o: belleza, colaboraci&oacute;n, innovaci&oacute;n y econom&iacute;a.<\/p>\n<p>En 2020, Movelsul Brasil ser&aacute; realizada de 16 a&nbsp;19 de marzo, en el Parque de Eventos de Bento Gon&ccedil;alves.<\/p>\n<p>&nbsp;<\/p>\n<p><strong>Movelsul Brasil 2020<\/strong><\/p>\n<p><strong>Feria de Muebles y complementos para el revendedor e importador<\/strong><\/p>\n<p>&nbsp;<\/p>\n<p><strong>Cu&aacute;ndo<\/strong>: 16 a&nbsp;19 de marzo de 2020, de las 12 a las 19h<\/p>\n<p><strong>D&oacute;nde<\/strong>: Parque de Eventos de Bento Gon&ccedil;alves (Alameda Fenavinho, 481)<\/p>\n<p>Entrada gratuita mediante acreditaci&oacute;n. Abierta apenas al p&uacute;blico profesional (revendedores, representantes, arquitectos, dise&ntilde;adores, decoradores, importadores, profesionales de la construcci&oacute;n civil y prensa).<\/p>\n<p>&nbsp;<\/p>\n<p><strong>Para m&aacute;s <\/strong><strong>informaciones:<\/strong><\/p>\n<p><a href=\"http:\/\/www.movelsul.com.br\/\" target=\"_blank\" rel=\"noopener\">www.movelsul.com.br<\/a><\/p>\n<p><a href=\"http:\/\/www.facebook.com\/movelsul.brasil\" target=\"_blank\" rel=\"noopener\">www.facebook.com\/movelsul.brasil<\/a><\/p>\n<p><a href=\"http:\/\/www.instagram.com\/movelsulbrasil\" target=\"_blank\" rel=\"noopener\">www.instagram.com\/movelsulbrasil<\/a><\/p>\n","protected":false},"excerpt":{"rendered":"<p>Pabell\u00f3n F va a concentrar expositores de muebles proyectados, decoraci\u00f3n, tecnolog\u00eda, log\u00edstica, gesti\u00f3n, cr\u00e9dito y el espacio interactivo \u201cTienda del Futuro\u201d<\/p>\n","protected":false},"author":5,"featured_media":3744,"comment_status":"closed","ping_status":"open","sticky":false,"template":"","format":"standard","meta":{"footnotes":"","_links_to":"","_links_to_target":""},"categories":[22,2],"tags":[],"class_list":["post-1456","post","type-post","status-publish","format-standard","has-post-thumbnail","hentry","category-proyecto-orchestra-brasil","category-sindmoveis"],"yoast_head":"<!-- This site is optimized with the Yoast SEO plugin v27.0 - https:\/\/yoast.com\/product\/yoast-seo-wordpress\/ -->\n<title>Proyecto Orchestra Brasil lleva empresas a Tecno Mueble Guadalajara - Sindm\u00f3veis-RS<\/title>\n<meta name=\"robots\" content=\"index, follow, max-snippet:-1, max-image-preview:large, max-video-preview:-1\" \/>\n<link rel=\"canonical\" href=\"https:\/\/www.sindmoveis.com.br\/es\/movelsul-brasil-anuncia-area-inedita-voltada-a-projetos-empresariais\/\" \/>\n<meta property=\"og:locale\" content=\"es_ES\" \/>\n<meta property=\"og:type\" content=\"article\" \/>\n<meta property=\"og:title\" content=\"Proyecto Orchestra Brasil lleva empresas a Tecno Mueble Guadalajara - Sindm\u00f3veis-RS\" \/>\n<meta property=\"og:description\" content=\"Pabell\u00f3n F va a concentrar expositores de muebles proyectados, decoraci\u00f3n, tecnolog\u00eda, log\u00edstica, gesti\u00f3n, cr\u00e9dito y el espacio interactivo \u201cTienda del Futuro\u201d\" \/>\n<meta property=\"og:url\" content=\"https:\/\/www.sindmoveis.com.br\/es\/movelsul-brasil-anuncia-area-inedita-voltada-a-projetos-empresariais\/\" \/>\n<meta property=\"og:site_name\" content=\"Sindm\u00f3veis-RS\" \/>\n<meta property=\"article:published_time\" content=\"2019-09-02T03:00:00+00:00\" \/>\n<meta property=\"article:modified_time\" content=\"2021-05-26T13:28:34+00:00\" \/>\n<meta property=\"og:image\" content=\"https:\/\/www.sindmoveis.com.br\/es\/wp-content\/uploads\/2021\/05\/p1567422020.jpg\" \/>\n\t<meta property=\"og:image:width\" content=\"1260\" \/>\n\t<meta property=\"og:image:height\" content=\"840\" \/>\n\t<meta property=\"og:image:type\" content=\"image\/jpeg\" \/>\n<meta name=\"author\" content=\"Imprensa Sindm\u00f3veis\" \/>\n<meta name=\"twitter:card\" content=\"summary_large_image\" \/>\n<meta name=\"twitter:label1\" content=\"Escrito por\" \/>\n\t<meta name=\"twitter:data1\" content=\"Imprensa Sindm\u00f3veis\" \/>\n\t<meta name=\"twitter:label2\" content=\"Tiempo de lectura\" \/>\n\t<meta name=\"twitter:data2\" content=\"4 minutos\" \/>\n<script type=\"application\/ld+json\" class=\"yoast-schema-graph\">{\"@context\":\"https:\/\/schema.org\",\"@graph\":[{\"@type\":\"Article\",\"@id\":\"https:\/\/www.sindmoveis.com.br\/es\/movelsul-brasil-anuncia-area-inedita-voltada-a-projetos-empresariais\/#article\",\"isPartOf\":{\"@id\":\"https:\/\/www.sindmoveis.com.br\/es\/movelsul-brasil-anuncia-area-inedita-voltada-a-projetos-empresariais\/\"},\"author\":{\"name\":\"Imprensa Sindm\u00f3veis\",\"@id\":\"https:\/\/www.sindmoveis.com.br\/es\/#\/schema\/person\/16d379542db1950a17fe188179340d57\"},\"headline\":\"Proyecto Orchestra Brasil lleva empresas a Tecno Mueble Guadalajara\",\"datePublished\":\"2019-09-02T03:00:00+00:00\",\"dateModified\":\"2021-05-26T13:28:34+00:00\",\"mainEntityOfPage\":{\"@id\":\"https:\/\/www.sindmoveis.com.br\/es\/movelsul-brasil-anuncia-area-inedita-voltada-a-projetos-empresariais\/\"},\"wordCount\":794,\"image\":{\"@id\":\"https:\/\/www.sindmoveis.com.br\/es\/movelsul-brasil-anuncia-area-inedita-voltada-a-projetos-empresariais\/#primaryimage\"},\"thumbnailUrl\":\"https:\/\/www.sindmoveis.com.br\/es\/wp-content\/uploads\/2021\/05\/p1567422020.jpg\",\"articleSection\":[\"Proyecto Orchestra Brasil\",\"Sindm\u00f3veis\"],\"inLanguage\":\"es\"},{\"@type\":\"WebPage\",\"@id\":\"https:\/\/www.sindmoveis.com.br\/es\/movelsul-brasil-anuncia-area-inedita-voltada-a-projetos-empresariais\/\",\"url\":\"https:\/\/www.sindmoveis.com.br\/es\/movelsul-brasil-anuncia-area-inedita-voltada-a-projetos-empresariais\/\",\"name\":\"Proyecto Orchestra Brasil lleva empresas a Tecno Mueble Guadalajara - Sindm\u00f3veis-RS\",\"isPartOf\":{\"@id\":\"https:\/\/www.sindmoveis.com.br\/es\/#website\"},\"primaryImageOfPage\":{\"@id\":\"https:\/\/www.sindmoveis.com.br\/es\/movelsul-brasil-anuncia-area-inedita-voltada-a-projetos-empresariais\/#primaryimage\"},\"image\":{\"@id\":\"https:\/\/www.sindmoveis.com.br\/es\/movelsul-brasil-anuncia-area-inedita-voltada-a-projetos-empresariais\/#primaryimage\"},\"thumbnailUrl\":\"https:\/\/www.sindmoveis.com.br\/es\/wp-content\/uploads\/2021\/05\/p1567422020.jpg\",\"datePublished\":\"2019-09-02T03:00:00+00:00\",\"dateModified\":\"2021-05-26T13:28:34+00:00\",\"author\":{\"@id\":\"https:\/\/www.sindmoveis.com.br\/es\/#\/schema\/person\/16d379542db1950a17fe188179340d57\"},\"inLanguage\":\"es\",\"potentialAction\":[{\"@type\":\"ReadAction\",\"target\":[\"https:\/\/www.sindmoveis.com.br\/es\/movelsul-brasil-anuncia-area-inedita-voltada-a-projetos-empresariais\/\"]}]},{\"@type\":\"ImageObject\",\"inLanguage\":\"es\",\"@id\":\"https:\/\/www.sindmoveis.com.br\/es\/movelsul-brasil-anuncia-area-inedita-voltada-a-projetos-empresariais\/#primaryimage\",\"url\":\"https:\/\/www.sindmoveis.com.br\/es\/wp-content\/uploads\/2021\/05\/p1567422020.jpg\",\"contentUrl\":\"https:\/\/www.sindmoveis.com.br\/es\/wp-content\/uploads\/2021\/05\/p1567422020.jpg\",\"width\":1260,\"height\":840},{\"@type\":\"WebSite\",\"@id\":\"https:\/\/www.sindmoveis.com.br\/es\/#website\",\"url\":\"https:\/\/www.sindmoveis.com.br\/es\/\",\"name\":\"Sindm\u00f3veis-RS\",\"description\":\"\",\"potentialAction\":[{\"@type\":\"SearchAction\",\"target\":{\"@type\":\"EntryPoint\",\"urlTemplate\":\"https:\/\/www.sindmoveis.com.br\/es\/?s={search_term_string}\"},\"query-input\":{\"@type\":\"PropertyValueSpecification\",\"valueRequired\":true,\"valueName\":\"search_term_string\"}}],\"inLanguage\":\"es\"},{\"@type\":\"Person\",\"@id\":\"https:\/\/www.sindmoveis.com.br\/es\/#\/schema\/person\/16d379542db1950a17fe188179340d57\",\"name\":\"Imprensa Sindm\u00f3veis\",\"image\":{\"@type\":\"ImageObject\",\"inLanguage\":\"es\",\"@id\":\"https:\/\/www.sindmoveis.com.br\/es\/#\/schema\/person\/image\/\",\"url\":\"https:\/\/secure.gravatar.com\/avatar\/4973e2e2c2a0cb5db30b0c7b770041b8e33d048a16b695a1f99c042449d4bfaf?s=96&d=mm&r=g\",\"contentUrl\":\"https:\/\/secure.gravatar.com\/avatar\/4973e2e2c2a0cb5db30b0c7b770041b8e33d048a16b695a1f99c042449d4bfaf?s=96&d=mm&r=g\",\"caption\":\"Imprensa Sindm\u00f3veis\"},\"url\":\"https:\/\/www.sindmoveis.com.br\/es\/author\/ana\/\"}]}<\/script>\n<!-- \/ Yoast SEO plugin. -->","yoast_head_json":{"title":"Proyecto Orchestra Brasil lleva empresas a Tecno Mueble Guadalajara - Sindm\u00f3veis-RS","robots":{"index":"index","follow":"follow","max-snippet":"max-snippet:-1","max-image-preview":"max-image-preview:large","max-video-preview":"max-video-preview:-1"},"canonical":"https:\/\/www.sindmoveis.com.br\/es\/movelsul-brasil-anuncia-area-inedita-voltada-a-projetos-empresariais\/","og_locale":"es_ES","og_type":"article","og_title":"Proyecto Orchestra Brasil lleva empresas a Tecno Mueble Guadalajara - Sindm\u00f3veis-RS","og_description":"Pabell\u00f3n F va a concentrar expositores de muebles proyectados, decoraci\u00f3n, tecnolog\u00eda, log\u00edstica, gesti\u00f3n, cr\u00e9dito y el espacio interactivo \u201cTienda del Futuro\u201d","og_url":"https:\/\/www.sindmoveis.com.br\/es\/movelsul-brasil-anuncia-area-inedita-voltada-a-projetos-empresariais\/","og_site_name":"Sindm\u00f3veis-RS","article_published_time":"2019-09-02T03:00:00+00:00","article_modified_time":"2021-05-26T13:28:34+00:00","og_image":[{"width":1260,"height":840,"url":"https:\/\/www.sindmoveis.com.br\/es\/wp-content\/uploads\/2021\/05\/p1567422020.jpg","type":"image\/jpeg"}],"author":"Imprensa Sindm\u00f3veis","twitter_card":"summary_large_image","twitter_misc":{"Escrito por":"Imprensa Sindm\u00f3veis","Tiempo de lectura":"4 minutos"},"schema":{"@context":"https:\/\/schema.org","@graph":[{"@type":"Article","@id":"https:\/\/www.sindmoveis.com.br\/es\/movelsul-brasil-anuncia-area-inedita-voltada-a-projetos-empresariais\/#article","isPartOf":{"@id":"https:\/\/www.sindmoveis.com.br\/es\/movelsul-brasil-anuncia-area-inedita-voltada-a-projetos-empresariais\/"},"author":{"name":"Imprensa Sindm\u00f3veis","@id":"https:\/\/www.sindmoveis.com.br\/es\/#\/schema\/person\/16d379542db1950a17fe188179340d57"},"headline":"Proyecto Orchestra Brasil lleva empresas a Tecno Mueble Guadalajara","datePublished":"2019-09-02T03:00:00+00:00","dateModified":"2021-05-26T13:28:34+00:00","mainEntityOfPage":{"@id":"https:\/\/www.sindmoveis.com.br\/es\/movelsul-brasil-anuncia-area-inedita-voltada-a-projetos-empresariais\/"},"wordCount":794,"image":{"@id":"https:\/\/www.sindmoveis.com.br\/es\/movelsul-brasil-anuncia-area-inedita-voltada-a-projetos-empresariais\/#primaryimage"},"thumbnailUrl":"https:\/\/www.sindmoveis.com.br\/es\/wp-content\/uploads\/2021\/05\/p1567422020.jpg","articleSection":["Proyecto Orchestra Brasil","Sindm\u00f3veis"],"inLanguage":"es"},{"@type":"WebPage","@id":"https:\/\/www.sindmoveis.com.br\/es\/movelsul-brasil-anuncia-area-inedita-voltada-a-projetos-empresariais\/","url":"https:\/\/www.sindmoveis.com.br\/es\/movelsul-brasil-anuncia-area-inedita-voltada-a-projetos-empresariais\/","name":"Proyecto Orchestra Brasil lleva empresas a Tecno Mueble Guadalajara - Sindm\u00f3veis-RS","isPartOf":{"@id":"https:\/\/www.sindmoveis.com.br\/es\/#website"},"primaryImageOfPage":{"@id":"https:\/\/www.sindmoveis.com.br\/es\/movelsul-brasil-anuncia-area-inedita-voltada-a-projetos-empresariais\/#primaryimage"},"image":{"@id":"https:\/\/www.sindmoveis.com.br\/es\/movelsul-brasil-anuncia-area-inedita-voltada-a-projetos-empresariais\/#primaryimage"},"thumbnailUrl":"https:\/\/www.sindmoveis.com.br\/es\/wp-content\/uploads\/2021\/05\/p1567422020.jpg","datePublished":"2019-09-02T03:00:00+00:00","dateModified":"2021-05-26T13:28:34+00:00","author":{"@id":"https:\/\/www.sindmoveis.com.br\/es\/#\/schema\/person\/16d379542db1950a17fe188179340d57"},"inLanguage":"es","potentialAction":[{"@type":"ReadAction","target":["https:\/\/www.sindmoveis.com.br\/es\/movelsul-brasil-anuncia-area-inedita-voltada-a-projetos-empresariais\/"]}]},{"@type":"ImageObject","inLanguage":"es","@id":"https:\/\/www.sindmoveis.com.br\/es\/movelsul-brasil-anuncia-area-inedita-voltada-a-projetos-empresariais\/#primaryimage","url":"https:\/\/www.sindmoveis.com.br\/es\/wp-content\/uploads\/2021\/05\/p1567422020.jpg","contentUrl":"https:\/\/www.sindmoveis.com.br\/es\/wp-content\/uploads\/2021\/05\/p1567422020.jpg","width":1260,"height":840},{"@type":"WebSite","@id":"https:\/\/www.sindmoveis.com.br\/es\/#website","url":"https:\/\/www.sindmoveis.com.br\/es\/","name":"Sindm\u00f3veis-RS","description":"","potentialAction":[{"@type":"SearchAction","target":{"@type":"EntryPoint","urlTemplate":"https:\/\/www.sindmoveis.com.br\/es\/?s={search_term_string}"},"query-input":{"@type":"PropertyValueSpecification","valueRequired":true,"valueName":"search_term_string"}}],"inLanguage":"es"},{"@type":"Person","@id":"https:\/\/www.sindmoveis.com.br\/es\/#\/schema\/person\/16d379542db1950a17fe188179340d57","name":"Imprensa Sindm\u00f3veis","image":{"@type":"ImageObject","inLanguage":"es","@id":"https:\/\/www.sindmoveis.com.br\/es\/#\/schema\/person\/image\/","url":"https:\/\/secure.gravatar.com\/avatar\/4973e2e2c2a0cb5db30b0c7b770041b8e33d048a16b695a1f99c042449d4bfaf?s=96&d=mm&r=g","contentUrl":"https:\/\/secure.gravatar.com\/avatar\/4973e2e2c2a0cb5db30b0c7b770041b8e33d048a16b695a1f99c042449d4bfaf?s=96&d=mm&r=g","caption":"Imprensa Sindm\u00f3veis"},"url":"https:\/\/www.sindmoveis.com.br\/es\/author\/ana\/"}]}},"_links":{"self":[{"href":"https:\/\/www.sindmoveis.com.br\/es\/wp-json\/wp\/v2\/posts\/1456","targetHints":{"allow":["GET"]}}],"collection":[{"href":"https:\/\/www.sindmoveis.com.br\/es\/wp-json\/wp\/v2\/posts"}],"about":[{"href":"https:\/\/www.sindmoveis.com.br\/es\/wp-json\/wp\/v2\/types\/post"}],"author":[{"embeddable":true,"href":"https:\/\/www.sindmoveis.com.br\/es\/wp-json\/wp\/v2\/users\/5"}],"replies":[{"embeddable":true,"href":"https:\/\/www.sindmoveis.com.br\/es\/wp-json\/wp\/v2\/comments?post=1456"}],"version-history":[{"count":2,"href":"https:\/\/www.sindmoveis.com.br\/es\/wp-json\/wp\/v2\/posts\/1456\/revisions"}],"predecessor-version":[{"id":3743,"href":"https:\/\/www.sindmoveis.com.br\/es\/wp-json\/wp\/v2\/posts\/1456\/revisions\/3743"}],"wp:featuredmedia":[{"embeddable":true,"href":"https:\/\/www.sindmoveis.com.br\/es\/wp-json\/wp\/v2\/media\/3744"}],"wp:attachment":[{"href":"https:\/\/www.sindmoveis.com.br\/es\/wp-json\/wp\/v2\/media?parent=1456"}],"wp:term":[{"taxonomy":"category","embeddable":true,"href":"https:\/\/www.sindmoveis.com.br\/es\/wp-json\/wp\/v2\/categories?post=1456"},{"taxonomy":"post_tag","embeddable":true,"href":"https:\/\/www.sindmoveis.com.br\/es\/wp-json\/wp\/v2\/tags?post=1456"}],"curies":[{"name":"wp","href":"https:\/\/api.w.org\/{rel}","templated":true}]}}