{"id":1455,"date":"2019-08-30T00:00:00","date_gmt":"2019-08-30T03:00:00","guid":{"rendered":"http:\/\/sindmoveis.com.br\/imprensa\/noticias\/inscricoes-para-o-premio-salao-design-encerram-dia-5-de-setembro\/"},"modified":"2021-05-26T10:27:46","modified_gmt":"2021-05-26T13:27:46","slug":"inscricoes-para-o-premio-salao-design-encerram-dia-5-de-setembro","status":"publish","type":"post","link":"https:\/\/www.sindmoveis.com.br\/es\/inscricoes-para-o-premio-salao-design-encerram-dia-5-de-setembro\/","title":{"rendered":"Inscripciones para el Premio Sal\u00e3o Design acaban d\u00eda 5 de septiembre"},"content":{"rendered":"<p>Las inscripciones para la 23&ordf; edici&oacute;n del Premio Sal&atilde;o Design finalizan el d&iacute;a 05 de septiembre. Pueden participar brasile&ntilde;os y extranjeros &ndash; estudiantes de graduaci&oacute;n o cursos t&eacute;cnicos relacionados con el &aacute;rea de dise&ntilde;o y arquitectura y tambi&eacute;n profesionales como dise&ntilde;adores, arquitectos, estudios u oficinas de dise&ntilde;o y arquitectura, carpinter&iacute;as, comercio minorista e industrias. El premio es de R$ 10 mil para profesionales y R$ 6 mil para estudiantes.<\/p>\n<p>El principal cambio en el reglamento este a&ntilde;o se refiere a la tipolog&iacute;a de productos que pueden concurrir al premio. En esta edici&oacute;n, no habr&aacute; categor&iacute;as para accesorios e iluminaci&oacute;n, pudiendo ser inscritos apenas proyectos d mobiliario. Son cinco categor&iacute;as, ahora llamadas de desaf&iacute;os: Desaf&iacute;o de los Espacios en Transformaci&oacute;n; Desaf&iacute;o de la Identidad Brasile&ntilde;a 2020; Desaf&iacute;o del Uso del Panel; Desaf&iacute;o de la Tecnolog&iacute;a Empotrada y Desaf&iacute;o de las Experiencias Positivistas.<\/p>\n<p>Con patrocinio de Berneck e Interprint do Brasil, el Premio Sal&atilde;o Design es promovido por el Sindicato de las Industrias del Mobiliario de Bento Gon&ccedil;alves (Sindm&oacute;veis) desde 1988. El modelo de evaluaci&oacute;n de los proyectos inscritos tambi&eacute;n ha cambiado. El director del Premio Sal&atilde;o Design, Eduardo Nuncio, explica que ser&aacute;n 10 jurados, divididos en dos grupos. Los primeros cinco invitados har&aacute;n la evaluaci&oacute;n t&eacute;cnico funcional de las piezas gr&aacute;ficas inscritas. En la segunda etapa eliminatoria, otros cinco jurados har&aacute;n la evaluaci&oacute;n est&eacute;tico creativa de los productos finalistas y la selecci&oacute;n de los vencedores.<\/p>\n<p>La evaluaci&oacute;n de los inscritos ser&aacute; en septiembre y la divulgaci&oacute;n de los seleccionados para la segunda etapa, d&iacute;a 10 de octubre. Ser&aacute;n dos grupos de jurados:<\/p>\n<p>&nbsp;<\/p>\n<p>JURADOS T&Eacute;CNICO-FUNCIONALES<\/p>\n<p>&#8211; Ana Brum: directora t&eacute;cnica en el centro Brasil Design, coordinadora general del portal&nbsp;<a href=\"http:\/\/designbrasil.org.br\/\" target=\"_blank\" rel=\"noopener\">DesignBrasil.org.br<\/a><\/p>\n<p>&#8211; Maria Cecilia Loschiavo dos Santos: profesora titular de Dise&ntilde;o de la Facultad de Arquitectura y Urbanismo de la Universidad de S&atilde;o Paulo -USP. Autora de varios libros sobre dise&ntilde;o.<\/p>\n<p>&#8211; Mateus Concei&ccedil;&atilde;o: dise&ntilde;ador de producto con 20 a&ntilde;os de experiencia en el sector del mobiliario, siendo Head Designer del Grupo K1 en los &uacute;ltimos 11 a&ntilde;os.<\/p>\n<p>&#8211; Ricardo Dal Piva: analista de Servicios T&eacute;cnicos y Tecnol&oacute;gicos del Instituto SENAI de Tecnolog&iacute;a de Madera y Mobiliario, prestando consultor&iacute;a t&eacute;cnica y tecnol&oacute;gica en el &aacute;rea de Madera y Mobiliario.<\/p>\n<p>&#8211; Silvana Carminati Heckman: 20 a&ntilde;os de experiencia como ejecutiva en la gesti&oacute;n comercial en importantes empresas del segmento de dise&ntilde;o brasile&ntilde;o. Actualmente preside la ABD &ndash; Asociaci&oacute;n Brasile&ntilde;a de Dise&ntilde;adores de Interiores.<\/p>\n<p>&nbsp;<\/p>\n<p>JURADOS EST&Eacute;TICO-CREATIVOS<\/p>\n<p>&#8211; Ad&eacute;lia Borges: cr&iacute;tica, historiadora de dise&ntilde;o y artesan&iacute;a y curadora. Es autora de m&aacute;s de una decena de libros, entre ellos Design + Artesanato: O Caminho Brasileiro, de 2011.<\/p>\n<p>&#8211; Fernando Mendes: arquitecto, dise&ntilde;ador y carpintero. Trabaj&oacute; y convivi&oacute; por m&aacute;s de veinte a&ntilde;os con el maestro Sergio Rodrigues.<\/p>\n<p>&#8211; Freddy Van Camp: dise&ntilde;ador con m&aacute;s de 50 a&ntilde;os de carrera, premiado diversas veces, jurado de innumerable concursos, autor y traductor de libros sobre dise&ntilde;o.<\/p>\n<p>&#8211; Helo&iacute;sa Crocco: artista pl&aacute;stica y dise&ntilde;adora, se dedica&nbsp;hoy&nbsp;a una obra que se inspira directamente en la naturaleza.<\/p>\n<p>&#8211; Taissa Buescu: Ya colabor&oacute; con decenas de revistas italianas, brasile&ntilde;as e inglesas del segmento de dise&ntilde;o, arquitetura y <em>lifestyle<\/em>. Desde 2010, es Directora de Contenido de Casa Vogue.<\/p>\n<p>&nbsp;<\/p>\n<p><strong>M&aacute;s sobre el Premio Sal&atilde;o Design<\/strong><\/p>\n<p>El Premio Sal&atilde;o Design es promovido desde 1988 por el Sindicato de las Industrias del Mobiliario de Bento Gon&ccedil;alves (Sindm&oacute;veis) y naci&oacute; en el mayor polo mobiliario del pa&iacute;s para atender las demandas de innovaci&oacute;n del sector en aquella &eacute;poca. En su trayectoria de 30 a&ntilde;os, ya son casi 15 mil proyectos inscritos. Esta edici&oacute;n tendr&aacute; ceremonia de premiaci&oacute;n y muestra de los vencedores en la feria Movelsul Brasil, en marco de 2020, en Bento Gon&ccedil;alves, R&iacute;o Grande do Sul. Despu&eacute;s los premiados de la edici&oacute;n tambi&eacute;n participan de exposici&oacute;n en agosto, en la programaci&oacute;n de&nbsp;Design Weekend S&atilde;o Paulo.<\/p>\n<p>&nbsp;<\/p>\n<p><strong>Siga el Premio Sal&atilde;o Design en los medios:<\/strong><\/p>\n<p><a href=\"http:\/\/www.facebook.com\/premiosalaodesign\" target=\"_blank\" rel=\"noopener\">www.facebook.com\/premiosalaodesign<\/a><\/p>\n<p><a href=\"http:\/\/www.instagram.com\/premiosalaodesign\" target=\"_blank\" rel=\"noopener\">www.instagram.com\/premiosalaodesign<\/a><\/p>\n<p><a href=\"https:\/\/br.pinterest.com\/salaodesign\/\" target=\"_blank\" rel=\"noopener\">https:\/\/br.pinterest.com\/salaodesign\/<\/a><\/p>\n<p><a href=\"http:\/\/www.salaodesign.com.br\/\" target=\"_blank\" rel=\"noopener\">www.salaodesign.com.br<\/a><\/p>\n","protected":false},"excerpt":{"rendered":"<p>Pueden concurrir proyectos de mobiliario de estudiantes y profesionales brasile\u00f1os o extranjeros<\/p>\n","protected":false},"author":5,"featured_media":3742,"comment_status":"closed","ping_status":"open","sticky":false,"template":"","format":"standard","meta":{"footnotes":"","_links_to":"","_links_to_target":""},"categories":[21,2],"tags":[],"class_list":["post-1455","post","type-post","status-publish","format-standard","has-post-thumbnail","hentry","category-premio-salao-design","category-sindmoveis"],"yoast_head":"<!-- This site is optimized with the Yoast SEO plugin v27.0 - https:\/\/yoast.com\/product\/yoast-seo-wordpress\/ -->\n<title>Inscripciones para el Premio Sal\u00e3o Design acaban d\u00eda 5 de septiembre - Sindm\u00f3veis-RS<\/title>\n<meta name=\"robots\" content=\"index, follow, max-snippet:-1, max-image-preview:large, max-video-preview:-1\" \/>\n<link rel=\"canonical\" href=\"https:\/\/www.sindmoveis.com.br\/es\/inscricoes-para-o-premio-salao-design-encerram-dia-5-de-setembro\/\" \/>\n<meta property=\"og:locale\" content=\"es_ES\" \/>\n<meta property=\"og:type\" content=\"article\" \/>\n<meta property=\"og:title\" content=\"Inscripciones para el Premio Sal\u00e3o Design acaban d\u00eda 5 de septiembre - Sindm\u00f3veis-RS\" \/>\n<meta property=\"og:description\" content=\"Pueden concurrir proyectos de mobiliario de estudiantes y profesionales brasile\u00f1os o extranjeros\" \/>\n<meta property=\"og:url\" content=\"https:\/\/www.sindmoveis.com.br\/es\/inscricoes-para-o-premio-salao-design-encerram-dia-5-de-setembro\/\" \/>\n<meta property=\"og:site_name\" content=\"Sindm\u00f3veis-RS\" \/>\n<meta property=\"article:published_time\" content=\"2019-08-30T03:00:00+00:00\" \/>\n<meta property=\"article:modified_time\" content=\"2021-05-26T13:27:46+00:00\" \/>\n<meta property=\"og:image\" content=\"https:\/\/www.sindmoveis.com.br\/es\/wp-content\/uploads\/2021\/05\/p1567182208.jpg\" \/>\n\t<meta property=\"og:image:width\" content=\"1024\" \/>\n\t<meta property=\"og:image:height\" content=\"1024\" \/>\n\t<meta property=\"og:image:type\" content=\"image\/jpeg\" \/>\n<meta name=\"author\" content=\"Imprensa Sindm\u00f3veis\" \/>\n<meta name=\"twitter:card\" content=\"summary_large_image\" \/>\n<meta name=\"twitter:label1\" content=\"Escrito por\" \/>\n\t<meta name=\"twitter:data1\" content=\"Imprensa Sindm\u00f3veis\" \/>\n\t<meta name=\"twitter:label2\" content=\"Tiempo de lectura\" \/>\n\t<meta name=\"twitter:data2\" content=\"4 minutos\" \/>\n<script type=\"application\/ld+json\" class=\"yoast-schema-graph\">{\"@context\":\"https:\/\/schema.org\",\"@graph\":[{\"@type\":\"Article\",\"@id\":\"https:\/\/www.sindmoveis.com.br\/es\/inscricoes-para-o-premio-salao-design-encerram-dia-5-de-setembro\/#article\",\"isPartOf\":{\"@id\":\"https:\/\/www.sindmoveis.com.br\/es\/inscricoes-para-o-premio-salao-design-encerram-dia-5-de-setembro\/\"},\"author\":{\"name\":\"Imprensa Sindm\u00f3veis\",\"@id\":\"https:\/\/www.sindmoveis.com.br\/es\/#\/schema\/person\/16d379542db1950a17fe188179340d57\"},\"headline\":\"Inscripciones para el Premio Sal\u00e3o Design acaban d\u00eda 5 de septiembre\",\"datePublished\":\"2019-08-30T03:00:00+00:00\",\"dateModified\":\"2021-05-26T13:27:46+00:00\",\"mainEntityOfPage\":{\"@id\":\"https:\/\/www.sindmoveis.com.br\/es\/inscricoes-para-o-premio-salao-design-encerram-dia-5-de-setembro\/\"},\"wordCount\":881,\"image\":{\"@id\":\"https:\/\/www.sindmoveis.com.br\/es\/inscricoes-para-o-premio-salao-design-encerram-dia-5-de-setembro\/#primaryimage\"},\"thumbnailUrl\":\"https:\/\/www.sindmoveis.com.br\/es\/wp-content\/uploads\/2021\/05\/p1567182208.jpg\",\"articleSection\":[\"Premio Sal\u00e3o Design\",\"Sindm\u00f3veis\"],\"inLanguage\":\"es\"},{\"@type\":\"WebPage\",\"@id\":\"https:\/\/www.sindmoveis.com.br\/es\/inscricoes-para-o-premio-salao-design-encerram-dia-5-de-setembro\/\",\"url\":\"https:\/\/www.sindmoveis.com.br\/es\/inscricoes-para-o-premio-salao-design-encerram-dia-5-de-setembro\/\",\"name\":\"Inscripciones para el Premio Sal\u00e3o Design acaban d\u00eda 5 de septiembre - Sindm\u00f3veis-RS\",\"isPartOf\":{\"@id\":\"https:\/\/www.sindmoveis.com.br\/es\/#website\"},\"primaryImageOfPage\":{\"@id\":\"https:\/\/www.sindmoveis.com.br\/es\/inscricoes-para-o-premio-salao-design-encerram-dia-5-de-setembro\/#primaryimage\"},\"image\":{\"@id\":\"https:\/\/www.sindmoveis.com.br\/es\/inscricoes-para-o-premio-salao-design-encerram-dia-5-de-setembro\/#primaryimage\"},\"thumbnailUrl\":\"https:\/\/www.sindmoveis.com.br\/es\/wp-content\/uploads\/2021\/05\/p1567182208.jpg\",\"datePublished\":\"2019-08-30T03:00:00+00:00\",\"dateModified\":\"2021-05-26T13:27:46+00:00\",\"author\":{\"@id\":\"https:\/\/www.sindmoveis.com.br\/es\/#\/schema\/person\/16d379542db1950a17fe188179340d57\"},\"inLanguage\":\"es\",\"potentialAction\":[{\"@type\":\"ReadAction\",\"target\":[\"https:\/\/www.sindmoveis.com.br\/es\/inscricoes-para-o-premio-salao-design-encerram-dia-5-de-setembro\/\"]}]},{\"@type\":\"ImageObject\",\"inLanguage\":\"es\",\"@id\":\"https:\/\/www.sindmoveis.com.br\/es\/inscricoes-para-o-premio-salao-design-encerram-dia-5-de-setembro\/#primaryimage\",\"url\":\"https:\/\/www.sindmoveis.com.br\/es\/wp-content\/uploads\/2021\/05\/p1567182208.jpg\",\"contentUrl\":\"https:\/\/www.sindmoveis.com.br\/es\/wp-content\/uploads\/2021\/05\/p1567182208.jpg\",\"width\":1024,\"height\":1024},{\"@type\":\"WebSite\",\"@id\":\"https:\/\/www.sindmoveis.com.br\/es\/#website\",\"url\":\"https:\/\/www.sindmoveis.com.br\/es\/\",\"name\":\"Sindm\u00f3veis-RS\",\"description\":\"\",\"potentialAction\":[{\"@type\":\"SearchAction\",\"target\":{\"@type\":\"EntryPoint\",\"urlTemplate\":\"https:\/\/www.sindmoveis.com.br\/es\/?s={search_term_string}\"},\"query-input\":{\"@type\":\"PropertyValueSpecification\",\"valueRequired\":true,\"valueName\":\"search_term_string\"}}],\"inLanguage\":\"es\"},{\"@type\":\"Person\",\"@id\":\"https:\/\/www.sindmoveis.com.br\/es\/#\/schema\/person\/16d379542db1950a17fe188179340d57\",\"name\":\"Imprensa Sindm\u00f3veis\",\"image\":{\"@type\":\"ImageObject\",\"inLanguage\":\"es\",\"@id\":\"https:\/\/www.sindmoveis.com.br\/es\/#\/schema\/person\/image\/\",\"url\":\"https:\/\/secure.gravatar.com\/avatar\/4973e2e2c2a0cb5db30b0c7b770041b8e33d048a16b695a1f99c042449d4bfaf?s=96&d=mm&r=g\",\"contentUrl\":\"https:\/\/secure.gravatar.com\/avatar\/4973e2e2c2a0cb5db30b0c7b770041b8e33d048a16b695a1f99c042449d4bfaf?s=96&d=mm&r=g\",\"caption\":\"Imprensa Sindm\u00f3veis\"},\"url\":\"https:\/\/www.sindmoveis.com.br\/es\/author\/ana\/\"}]}<\/script>\n<!-- \/ Yoast SEO plugin. -->","yoast_head_json":{"title":"Inscripciones para el Premio Sal\u00e3o Design acaban d\u00eda 5 de septiembre - Sindm\u00f3veis-RS","robots":{"index":"index","follow":"follow","max-snippet":"max-snippet:-1","max-image-preview":"max-image-preview:large","max-video-preview":"max-video-preview:-1"},"canonical":"https:\/\/www.sindmoveis.com.br\/es\/inscricoes-para-o-premio-salao-design-encerram-dia-5-de-setembro\/","og_locale":"es_ES","og_type":"article","og_title":"Inscripciones para el Premio Sal\u00e3o Design acaban d\u00eda 5 de septiembre - Sindm\u00f3veis-RS","og_description":"Pueden concurrir proyectos de mobiliario de estudiantes y profesionales brasile\u00f1os o extranjeros","og_url":"https:\/\/www.sindmoveis.com.br\/es\/inscricoes-para-o-premio-salao-design-encerram-dia-5-de-setembro\/","og_site_name":"Sindm\u00f3veis-RS","article_published_time":"2019-08-30T03:00:00+00:00","article_modified_time":"2021-05-26T13:27:46+00:00","og_image":[{"width":1024,"height":1024,"url":"https:\/\/www.sindmoveis.com.br\/es\/wp-content\/uploads\/2021\/05\/p1567182208.jpg","type":"image\/jpeg"}],"author":"Imprensa Sindm\u00f3veis","twitter_card":"summary_large_image","twitter_misc":{"Escrito por":"Imprensa Sindm\u00f3veis","Tiempo de lectura":"4 minutos"},"schema":{"@context":"https:\/\/schema.org","@graph":[{"@type":"Article","@id":"https:\/\/www.sindmoveis.com.br\/es\/inscricoes-para-o-premio-salao-design-encerram-dia-5-de-setembro\/#article","isPartOf":{"@id":"https:\/\/www.sindmoveis.com.br\/es\/inscricoes-para-o-premio-salao-design-encerram-dia-5-de-setembro\/"},"author":{"name":"Imprensa Sindm\u00f3veis","@id":"https:\/\/www.sindmoveis.com.br\/es\/#\/schema\/person\/16d379542db1950a17fe188179340d57"},"headline":"Inscripciones para el Premio Sal\u00e3o Design acaban d\u00eda 5 de septiembre","datePublished":"2019-08-30T03:00:00+00:00","dateModified":"2021-05-26T13:27:46+00:00","mainEntityOfPage":{"@id":"https:\/\/www.sindmoveis.com.br\/es\/inscricoes-para-o-premio-salao-design-encerram-dia-5-de-setembro\/"},"wordCount":881,"image":{"@id":"https:\/\/www.sindmoveis.com.br\/es\/inscricoes-para-o-premio-salao-design-encerram-dia-5-de-setembro\/#primaryimage"},"thumbnailUrl":"https:\/\/www.sindmoveis.com.br\/es\/wp-content\/uploads\/2021\/05\/p1567182208.jpg","articleSection":["Premio Sal\u00e3o Design","Sindm\u00f3veis"],"inLanguage":"es"},{"@type":"WebPage","@id":"https:\/\/www.sindmoveis.com.br\/es\/inscricoes-para-o-premio-salao-design-encerram-dia-5-de-setembro\/","url":"https:\/\/www.sindmoveis.com.br\/es\/inscricoes-para-o-premio-salao-design-encerram-dia-5-de-setembro\/","name":"Inscripciones para el Premio Sal\u00e3o Design acaban d\u00eda 5 de septiembre - Sindm\u00f3veis-RS","isPartOf":{"@id":"https:\/\/www.sindmoveis.com.br\/es\/#website"},"primaryImageOfPage":{"@id":"https:\/\/www.sindmoveis.com.br\/es\/inscricoes-para-o-premio-salao-design-encerram-dia-5-de-setembro\/#primaryimage"},"image":{"@id":"https:\/\/www.sindmoveis.com.br\/es\/inscricoes-para-o-premio-salao-design-encerram-dia-5-de-setembro\/#primaryimage"},"thumbnailUrl":"https:\/\/www.sindmoveis.com.br\/es\/wp-content\/uploads\/2021\/05\/p1567182208.jpg","datePublished":"2019-08-30T03:00:00+00:00","dateModified":"2021-05-26T13:27:46+00:00","author":{"@id":"https:\/\/www.sindmoveis.com.br\/es\/#\/schema\/person\/16d379542db1950a17fe188179340d57"},"inLanguage":"es","potentialAction":[{"@type":"ReadAction","target":["https:\/\/www.sindmoveis.com.br\/es\/inscricoes-para-o-premio-salao-design-encerram-dia-5-de-setembro\/"]}]},{"@type":"ImageObject","inLanguage":"es","@id":"https:\/\/www.sindmoveis.com.br\/es\/inscricoes-para-o-premio-salao-design-encerram-dia-5-de-setembro\/#primaryimage","url":"https:\/\/www.sindmoveis.com.br\/es\/wp-content\/uploads\/2021\/05\/p1567182208.jpg","contentUrl":"https:\/\/www.sindmoveis.com.br\/es\/wp-content\/uploads\/2021\/05\/p1567182208.jpg","width":1024,"height":1024},{"@type":"WebSite","@id":"https:\/\/www.sindmoveis.com.br\/es\/#website","url":"https:\/\/www.sindmoveis.com.br\/es\/","name":"Sindm\u00f3veis-RS","description":"","potentialAction":[{"@type":"SearchAction","target":{"@type":"EntryPoint","urlTemplate":"https:\/\/www.sindmoveis.com.br\/es\/?s={search_term_string}"},"query-input":{"@type":"PropertyValueSpecification","valueRequired":true,"valueName":"search_term_string"}}],"inLanguage":"es"},{"@type":"Person","@id":"https:\/\/www.sindmoveis.com.br\/es\/#\/schema\/person\/16d379542db1950a17fe188179340d57","name":"Imprensa Sindm\u00f3veis","image":{"@type":"ImageObject","inLanguage":"es","@id":"https:\/\/www.sindmoveis.com.br\/es\/#\/schema\/person\/image\/","url":"https:\/\/secure.gravatar.com\/avatar\/4973e2e2c2a0cb5db30b0c7b770041b8e33d048a16b695a1f99c042449d4bfaf?s=96&d=mm&r=g","contentUrl":"https:\/\/secure.gravatar.com\/avatar\/4973e2e2c2a0cb5db30b0c7b770041b8e33d048a16b695a1f99c042449d4bfaf?s=96&d=mm&r=g","caption":"Imprensa Sindm\u00f3veis"},"url":"https:\/\/www.sindmoveis.com.br\/es\/author\/ana\/"}]}},"_links":{"self":[{"href":"https:\/\/www.sindmoveis.com.br\/es\/wp-json\/wp\/v2\/posts\/1455","targetHints":{"allow":["GET"]}}],"collection":[{"href":"https:\/\/www.sindmoveis.com.br\/es\/wp-json\/wp\/v2\/posts"}],"about":[{"href":"https:\/\/www.sindmoveis.com.br\/es\/wp-json\/wp\/v2\/types\/post"}],"author":[{"embeddable":true,"href":"https:\/\/www.sindmoveis.com.br\/es\/wp-json\/wp\/v2\/users\/5"}],"replies":[{"embeddable":true,"href":"https:\/\/www.sindmoveis.com.br\/es\/wp-json\/wp\/v2\/comments?post=1455"}],"version-history":[{"count":2,"href":"https:\/\/www.sindmoveis.com.br\/es\/wp-json\/wp\/v2\/posts\/1455\/revisions"}],"predecessor-version":[{"id":3741,"href":"https:\/\/www.sindmoveis.com.br\/es\/wp-json\/wp\/v2\/posts\/1455\/revisions\/3741"}],"wp:featuredmedia":[{"embeddable":true,"href":"https:\/\/www.sindmoveis.com.br\/es\/wp-json\/wp\/v2\/media\/3742"}],"wp:attachment":[{"href":"https:\/\/www.sindmoveis.com.br\/es\/wp-json\/wp\/v2\/media?parent=1455"}],"wp:term":[{"taxonomy":"category","embeddable":true,"href":"https:\/\/www.sindmoveis.com.br\/es\/wp-json\/wp\/v2\/categories?post=1455"},{"taxonomy":"post_tag","embeddable":true,"href":"https:\/\/www.sindmoveis.com.br\/es\/wp-json\/wp\/v2\/tags?post=1455"}],"curies":[{"name":"wp","href":"https:\/\/api.w.org\/{rel}","templated":true}]}}