{"id":1452,"date":"2019-08-14T00:00:00","date_gmt":"2019-08-14T03:00:00","guid":{"rendered":"http:\/\/sindmoveis.com.br\/imprensa\/noticias\/projeto-orchestra-brasil-apoia-participacao-de-empresas-brasileiras-na-tecno-mueble-guadalajara\/"},"modified":"2021-05-26T10:28:34","modified_gmt":"2021-05-26T13:28:34","slug":"projeto-orchestra-brasil-apoia-participacao-de-empresas-brasileiras-na-tecno-mueble-guadalajara","status":"publish","type":"post","link":"https:\/\/www.sindmoveis.com.br\/es\/projeto-orchestra-brasil-apoia-participacao-de-empresas-brasileiras-na-tecno-mueble-guadalajara\/","title":{"rendered":"Proyecto Orchestra Brasil apoya participaci\u00f3n de empresas brasile\u00f1as en Tecno Mueble Guadalajara"},"content":{"rendered":"<p>El Proyecto Orchestra Brasil de incentivo a las exportaciones &ndash; promovido por el Sindicato de las Industrias del Mobiliario de Bento Gon&ccedil;alves (Sindm&oacute;veis) en asociaci&oacute;n con la Agencia Brasile&ntilde;a de Promoci&oacute;n de Exportaciones e Inversiones (Apex-Brasil) &ndash; apoya la participaci&oacute;n de 14 empresas brasile&ntilde;as en Tecno Mueble Internacional 2019, en Guadalajara. La feria mexicana se realiza de 14 a 17 de agosto y la participaci&oacute;n tiene como objetivo incrementar las exportaciones de los proveedores de la industria del mobiliario para M&eacute;xico y Am&eacute;rica Central.<\/p>\n<p>El apoyo a la participaci&oacute;n en Tecno Mueble es para las empresas Arpi, Crippa, Gaidzinski M&aacute;quinas, Lamiecco, Lidear, LRB Qu&iacute;mica, Lufati, Maquinapack, PCR, Projepack, Promob, Tecbril, Renner y Tramontina. La intenci&oacute;n es fortalecer tanto las negociaciones como el posicionamiento de este segmento en el exterior. Esta feria es considerada una de las principales de Am&eacute;rica Latina para proveedores de la industria del mobiliario.<\/p>\n<p>M&eacute;xico es la segunda mayor econom&iacute;a de Am&eacute;rica Latina. Es uno de los 10 mayores destinos de las exportaciones de las empresas apoyadas por el Proyecto Orchestra Brasil y, de modo general, se percibe un aumento generalizado de las importaciones mexicanas de los productos apoyados provenientes de Brasil, en especial m&aacute;quinas y equipamientos.<\/p>\n<p><strong>M&aacute;s sobre el Proyecto Orchestra Brasil<\/strong><\/p>\n<p>El Proyecto Orchestra Brasil, resultado de la asociaci&oacute;n entre el Sindicato de las Industrias del Mobiliario de Bento Gon&ccedil;alves (Sindm&oacute;veis) y la Agencia Brasile&ntilde;a de Promoci&oacute;n de Exportaciones e Inversiones (Apex-Brasil), intensifica y promueve la inserci&oacute;n competitiva de empresas brasile&ntilde;as proveedoras de la industria del mobiliario en el mercado internacional. Las acciones promovidas en el &aacute;mbito del proyecto van desde la participaci&oacute;n en ferias internacionales hasta los proyectos Comprador y Vendedor, misiones comerciales y t&eacute;cnicas. Participan del proyecto cerca de 50 empresas brasile&ntilde;as fabricantes de accesorios, componentes, herramientas, m&aacute;quinas, softwares para layout y materias primas.<\/p>\n","protected":false},"excerpt":{"rendered":"<p>Al todo, 14 fabricantes de m\u00e1quinas, materias primas y accesorios est\u00e1n participando de la feria, que es una de las principales en Am\u00e9rica Latina para proveedores de la industria del mobiliario<\/p>\n","protected":false},"author":5,"featured_media":3740,"comment_status":"closed","ping_status":"open","sticky":false,"template":"","format":"standard","meta":{"footnotes":"","_links_to":"","_links_to_target":""},"categories":[22,2],"tags":[],"class_list":["post-1452","post","type-post","status-publish","format-standard","has-post-thumbnail","hentry","category-proyecto-orchestra-brasil","category-sindmoveis"],"yoast_head":"<!-- This site is optimized with the Yoast SEO plugin v27.0 - https:\/\/yoast.com\/product\/yoast-seo-wordpress\/ -->\n<title>Proyecto Orchestra Brasil apoya participaci\u00f3n de empresas brasile\u00f1as en Tecno Mueble Guadalajara - Sindm\u00f3veis-RS<\/title>\n<meta name=\"robots\" content=\"index, follow, max-snippet:-1, max-image-preview:large, max-video-preview:-1\" \/>\n<link rel=\"canonical\" href=\"https:\/\/www.sindmoveis.com.br\/es\/projeto-orchestra-brasil-apoia-participacao-de-empresas-brasileiras-na-tecno-mueble-guadalajara\/\" \/>\n<meta property=\"og:locale\" content=\"es_ES\" \/>\n<meta property=\"og:type\" content=\"article\" \/>\n<meta property=\"og:title\" content=\"Proyecto Orchestra Brasil apoya participaci\u00f3n de empresas brasile\u00f1as en Tecno Mueble Guadalajara - Sindm\u00f3veis-RS\" \/>\n<meta property=\"og:description\" content=\"Al todo, 14 fabricantes de m\u00e1quinas, materias primas y accesorios est\u00e1n participando de la feria, que es una de las principales en Am\u00e9rica Latina para proveedores de la industria del mobiliario\" \/>\n<meta property=\"og:url\" content=\"https:\/\/www.sindmoveis.com.br\/es\/projeto-orchestra-brasil-apoia-participacao-de-empresas-brasileiras-na-tecno-mueble-guadalajara\/\" \/>\n<meta property=\"og:site_name\" content=\"Sindm\u00f3veis-RS\" \/>\n<meta property=\"article:published_time\" content=\"2019-08-14T03:00:00+00:00\" \/>\n<meta property=\"article:modified_time\" content=\"2021-05-26T13:28:34+00:00\" \/>\n<meta property=\"og:image\" content=\"https:\/\/www.sindmoveis.com.br\/es\/wp-content\/uploads\/2021\/05\/p1565794586.jpg\" \/>\n\t<meta property=\"og:image:width\" content=\"964\" \/>\n\t<meta property=\"og:image:height\" content=\"650\" \/>\n\t<meta property=\"og:image:type\" content=\"image\/jpeg\" \/>\n<meta name=\"author\" content=\"Imprensa Sindm\u00f3veis\" \/>\n<meta name=\"twitter:card\" content=\"summary_large_image\" \/>\n<meta name=\"twitter:label1\" content=\"Escrito por\" \/>\n\t<meta name=\"twitter:data1\" content=\"Imprensa Sindm\u00f3veis\" \/>\n\t<meta name=\"twitter:label2\" content=\"Tiempo de lectura\" \/>\n\t<meta name=\"twitter:data2\" content=\"2 minutos\" \/>\n<script type=\"application\/ld+json\" class=\"yoast-schema-graph\">{\"@context\":\"https:\/\/schema.org\",\"@graph\":[{\"@type\":\"Article\",\"@id\":\"https:\/\/www.sindmoveis.com.br\/es\/projeto-orchestra-brasil-apoia-participacao-de-empresas-brasileiras-na-tecno-mueble-guadalajara\/#article\",\"isPartOf\":{\"@id\":\"https:\/\/www.sindmoveis.com.br\/es\/projeto-orchestra-brasil-apoia-participacao-de-empresas-brasileiras-na-tecno-mueble-guadalajara\/\"},\"author\":{\"name\":\"Imprensa Sindm\u00f3veis\",\"@id\":\"https:\/\/www.sindmoveis.com.br\/es\/#\/schema\/person\/16d379542db1950a17fe188179340d57\"},\"headline\":\"Proyecto Orchestra Brasil apoya participaci\u00f3n de empresas brasile\u00f1as en Tecno Mueble Guadalajara\",\"datePublished\":\"2019-08-14T03:00:00+00:00\",\"dateModified\":\"2021-05-26T13:28:34+00:00\",\"mainEntityOfPage\":{\"@id\":\"https:\/\/www.sindmoveis.com.br\/es\/projeto-orchestra-brasil-apoia-participacao-de-empresas-brasileiras-na-tecno-mueble-guadalajara\/\"},\"wordCount\":372,\"image\":{\"@id\":\"https:\/\/www.sindmoveis.com.br\/es\/projeto-orchestra-brasil-apoia-participacao-de-empresas-brasileiras-na-tecno-mueble-guadalajara\/#primaryimage\"},\"thumbnailUrl\":\"https:\/\/www.sindmoveis.com.br\/es\/wp-content\/uploads\/2021\/05\/p1565794586.jpg\",\"articleSection\":[\"Proyecto Orchestra Brasil\",\"Sindm\u00f3veis\"],\"inLanguage\":\"es\"},{\"@type\":\"WebPage\",\"@id\":\"https:\/\/www.sindmoveis.com.br\/es\/projeto-orchestra-brasil-apoia-participacao-de-empresas-brasileiras-na-tecno-mueble-guadalajara\/\",\"url\":\"https:\/\/www.sindmoveis.com.br\/es\/projeto-orchestra-brasil-apoia-participacao-de-empresas-brasileiras-na-tecno-mueble-guadalajara\/\",\"name\":\"Proyecto Orchestra Brasil apoya participaci\u00f3n de empresas brasile\u00f1as en Tecno Mueble Guadalajara - Sindm\u00f3veis-RS\",\"isPartOf\":{\"@id\":\"https:\/\/www.sindmoveis.com.br\/es\/#website\"},\"primaryImageOfPage\":{\"@id\":\"https:\/\/www.sindmoveis.com.br\/es\/projeto-orchestra-brasil-apoia-participacao-de-empresas-brasileiras-na-tecno-mueble-guadalajara\/#primaryimage\"},\"image\":{\"@id\":\"https:\/\/www.sindmoveis.com.br\/es\/projeto-orchestra-brasil-apoia-participacao-de-empresas-brasileiras-na-tecno-mueble-guadalajara\/#primaryimage\"},\"thumbnailUrl\":\"https:\/\/www.sindmoveis.com.br\/es\/wp-content\/uploads\/2021\/05\/p1565794586.jpg\",\"datePublished\":\"2019-08-14T03:00:00+00:00\",\"dateModified\":\"2021-05-26T13:28:34+00:00\",\"author\":{\"@id\":\"https:\/\/www.sindmoveis.com.br\/es\/#\/schema\/person\/16d379542db1950a17fe188179340d57\"},\"inLanguage\":\"es\",\"potentialAction\":[{\"@type\":\"ReadAction\",\"target\":[\"https:\/\/www.sindmoveis.com.br\/es\/projeto-orchestra-brasil-apoia-participacao-de-empresas-brasileiras-na-tecno-mueble-guadalajara\/\"]}]},{\"@type\":\"ImageObject\",\"inLanguage\":\"es\",\"@id\":\"https:\/\/www.sindmoveis.com.br\/es\/projeto-orchestra-brasil-apoia-participacao-de-empresas-brasileiras-na-tecno-mueble-guadalajara\/#primaryimage\",\"url\":\"https:\/\/www.sindmoveis.com.br\/es\/wp-content\/uploads\/2021\/05\/p1565794586.jpg\",\"contentUrl\":\"https:\/\/www.sindmoveis.com.br\/es\/wp-content\/uploads\/2021\/05\/p1565794586.jpg\",\"width\":964,\"height\":650},{\"@type\":\"WebSite\",\"@id\":\"https:\/\/www.sindmoveis.com.br\/es\/#website\",\"url\":\"https:\/\/www.sindmoveis.com.br\/es\/\",\"name\":\"Sindm\u00f3veis-RS\",\"description\":\"\",\"potentialAction\":[{\"@type\":\"SearchAction\",\"target\":{\"@type\":\"EntryPoint\",\"urlTemplate\":\"https:\/\/www.sindmoveis.com.br\/es\/?s={search_term_string}\"},\"query-input\":{\"@type\":\"PropertyValueSpecification\",\"valueRequired\":true,\"valueName\":\"search_term_string\"}}],\"inLanguage\":\"es\"},{\"@type\":\"Person\",\"@id\":\"https:\/\/www.sindmoveis.com.br\/es\/#\/schema\/person\/16d379542db1950a17fe188179340d57\",\"name\":\"Imprensa Sindm\u00f3veis\",\"image\":{\"@type\":\"ImageObject\",\"inLanguage\":\"es\",\"@id\":\"https:\/\/www.sindmoveis.com.br\/es\/#\/schema\/person\/image\/\",\"url\":\"https:\/\/secure.gravatar.com\/avatar\/4973e2e2c2a0cb5db30b0c7b770041b8e33d048a16b695a1f99c042449d4bfaf?s=96&d=mm&r=g\",\"contentUrl\":\"https:\/\/secure.gravatar.com\/avatar\/4973e2e2c2a0cb5db30b0c7b770041b8e33d048a16b695a1f99c042449d4bfaf?s=96&d=mm&r=g\",\"caption\":\"Imprensa Sindm\u00f3veis\"},\"url\":\"https:\/\/www.sindmoveis.com.br\/es\/author\/ana\/\"}]}<\/script>\n<!-- \/ Yoast SEO plugin. -->","yoast_head_json":{"title":"Proyecto Orchestra Brasil apoya participaci\u00f3n de empresas brasile\u00f1as en Tecno Mueble Guadalajara - Sindm\u00f3veis-RS","robots":{"index":"index","follow":"follow","max-snippet":"max-snippet:-1","max-image-preview":"max-image-preview:large","max-video-preview":"max-video-preview:-1"},"canonical":"https:\/\/www.sindmoveis.com.br\/es\/projeto-orchestra-brasil-apoia-participacao-de-empresas-brasileiras-na-tecno-mueble-guadalajara\/","og_locale":"es_ES","og_type":"article","og_title":"Proyecto Orchestra Brasil apoya participaci\u00f3n de empresas brasile\u00f1as en Tecno Mueble Guadalajara - Sindm\u00f3veis-RS","og_description":"Al todo, 14 fabricantes de m\u00e1quinas, materias primas y accesorios est\u00e1n participando de la feria, que es una de las principales en Am\u00e9rica Latina para proveedores de la industria del mobiliario","og_url":"https:\/\/www.sindmoveis.com.br\/es\/projeto-orchestra-brasil-apoia-participacao-de-empresas-brasileiras-na-tecno-mueble-guadalajara\/","og_site_name":"Sindm\u00f3veis-RS","article_published_time":"2019-08-14T03:00:00+00:00","article_modified_time":"2021-05-26T13:28:34+00:00","og_image":[{"width":964,"height":650,"url":"https:\/\/www.sindmoveis.com.br\/es\/wp-content\/uploads\/2021\/05\/p1565794586.jpg","type":"image\/jpeg"}],"author":"Imprensa Sindm\u00f3veis","twitter_card":"summary_large_image","twitter_misc":{"Escrito por":"Imprensa Sindm\u00f3veis","Tiempo de lectura":"2 minutos"},"schema":{"@context":"https:\/\/schema.org","@graph":[{"@type":"Article","@id":"https:\/\/www.sindmoveis.com.br\/es\/projeto-orchestra-brasil-apoia-participacao-de-empresas-brasileiras-na-tecno-mueble-guadalajara\/#article","isPartOf":{"@id":"https:\/\/www.sindmoveis.com.br\/es\/projeto-orchestra-brasil-apoia-participacao-de-empresas-brasileiras-na-tecno-mueble-guadalajara\/"},"author":{"name":"Imprensa Sindm\u00f3veis","@id":"https:\/\/www.sindmoveis.com.br\/es\/#\/schema\/person\/16d379542db1950a17fe188179340d57"},"headline":"Proyecto Orchestra Brasil apoya participaci\u00f3n de empresas brasile\u00f1as en Tecno Mueble Guadalajara","datePublished":"2019-08-14T03:00:00+00:00","dateModified":"2021-05-26T13:28:34+00:00","mainEntityOfPage":{"@id":"https:\/\/www.sindmoveis.com.br\/es\/projeto-orchestra-brasil-apoia-participacao-de-empresas-brasileiras-na-tecno-mueble-guadalajara\/"},"wordCount":372,"image":{"@id":"https:\/\/www.sindmoveis.com.br\/es\/projeto-orchestra-brasil-apoia-participacao-de-empresas-brasileiras-na-tecno-mueble-guadalajara\/#primaryimage"},"thumbnailUrl":"https:\/\/www.sindmoveis.com.br\/es\/wp-content\/uploads\/2021\/05\/p1565794586.jpg","articleSection":["Proyecto Orchestra Brasil","Sindm\u00f3veis"],"inLanguage":"es"},{"@type":"WebPage","@id":"https:\/\/www.sindmoveis.com.br\/es\/projeto-orchestra-brasil-apoia-participacao-de-empresas-brasileiras-na-tecno-mueble-guadalajara\/","url":"https:\/\/www.sindmoveis.com.br\/es\/projeto-orchestra-brasil-apoia-participacao-de-empresas-brasileiras-na-tecno-mueble-guadalajara\/","name":"Proyecto Orchestra Brasil apoya participaci\u00f3n de empresas brasile\u00f1as en Tecno Mueble Guadalajara - Sindm\u00f3veis-RS","isPartOf":{"@id":"https:\/\/www.sindmoveis.com.br\/es\/#website"},"primaryImageOfPage":{"@id":"https:\/\/www.sindmoveis.com.br\/es\/projeto-orchestra-brasil-apoia-participacao-de-empresas-brasileiras-na-tecno-mueble-guadalajara\/#primaryimage"},"image":{"@id":"https:\/\/www.sindmoveis.com.br\/es\/projeto-orchestra-brasil-apoia-participacao-de-empresas-brasileiras-na-tecno-mueble-guadalajara\/#primaryimage"},"thumbnailUrl":"https:\/\/www.sindmoveis.com.br\/es\/wp-content\/uploads\/2021\/05\/p1565794586.jpg","datePublished":"2019-08-14T03:00:00+00:00","dateModified":"2021-05-26T13:28:34+00:00","author":{"@id":"https:\/\/www.sindmoveis.com.br\/es\/#\/schema\/person\/16d379542db1950a17fe188179340d57"},"inLanguage":"es","potentialAction":[{"@type":"ReadAction","target":["https:\/\/www.sindmoveis.com.br\/es\/projeto-orchestra-brasil-apoia-participacao-de-empresas-brasileiras-na-tecno-mueble-guadalajara\/"]}]},{"@type":"ImageObject","inLanguage":"es","@id":"https:\/\/www.sindmoveis.com.br\/es\/projeto-orchestra-brasil-apoia-participacao-de-empresas-brasileiras-na-tecno-mueble-guadalajara\/#primaryimage","url":"https:\/\/www.sindmoveis.com.br\/es\/wp-content\/uploads\/2021\/05\/p1565794586.jpg","contentUrl":"https:\/\/www.sindmoveis.com.br\/es\/wp-content\/uploads\/2021\/05\/p1565794586.jpg","width":964,"height":650},{"@type":"WebSite","@id":"https:\/\/www.sindmoveis.com.br\/es\/#website","url":"https:\/\/www.sindmoveis.com.br\/es\/","name":"Sindm\u00f3veis-RS","description":"","potentialAction":[{"@type":"SearchAction","target":{"@type":"EntryPoint","urlTemplate":"https:\/\/www.sindmoveis.com.br\/es\/?s={search_term_string}"},"query-input":{"@type":"PropertyValueSpecification","valueRequired":true,"valueName":"search_term_string"}}],"inLanguage":"es"},{"@type":"Person","@id":"https:\/\/www.sindmoveis.com.br\/es\/#\/schema\/person\/16d379542db1950a17fe188179340d57","name":"Imprensa Sindm\u00f3veis","image":{"@type":"ImageObject","inLanguage":"es","@id":"https:\/\/www.sindmoveis.com.br\/es\/#\/schema\/person\/image\/","url":"https:\/\/secure.gravatar.com\/avatar\/4973e2e2c2a0cb5db30b0c7b770041b8e33d048a16b695a1f99c042449d4bfaf?s=96&d=mm&r=g","contentUrl":"https:\/\/secure.gravatar.com\/avatar\/4973e2e2c2a0cb5db30b0c7b770041b8e33d048a16b695a1f99c042449d4bfaf?s=96&d=mm&r=g","caption":"Imprensa Sindm\u00f3veis"},"url":"https:\/\/www.sindmoveis.com.br\/es\/author\/ana\/"}]}},"_links":{"self":[{"href":"https:\/\/www.sindmoveis.com.br\/es\/wp-json\/wp\/v2\/posts\/1452","targetHints":{"allow":["GET"]}}],"collection":[{"href":"https:\/\/www.sindmoveis.com.br\/es\/wp-json\/wp\/v2\/posts"}],"about":[{"href":"https:\/\/www.sindmoveis.com.br\/es\/wp-json\/wp\/v2\/types\/post"}],"author":[{"embeddable":true,"href":"https:\/\/www.sindmoveis.com.br\/es\/wp-json\/wp\/v2\/users\/5"}],"replies":[{"embeddable":true,"href":"https:\/\/www.sindmoveis.com.br\/es\/wp-json\/wp\/v2\/comments?post=1452"}],"version-history":[{"count":2,"href":"https:\/\/www.sindmoveis.com.br\/es\/wp-json\/wp\/v2\/posts\/1452\/revisions"}],"predecessor-version":[{"id":3739,"href":"https:\/\/www.sindmoveis.com.br\/es\/wp-json\/wp\/v2\/posts\/1452\/revisions\/3739"}],"wp:featuredmedia":[{"embeddable":true,"href":"https:\/\/www.sindmoveis.com.br\/es\/wp-json\/wp\/v2\/media\/3740"}],"wp:attachment":[{"href":"https:\/\/www.sindmoveis.com.br\/es\/wp-json\/wp\/v2\/media?parent=1452"}],"wp:term":[{"taxonomy":"category","embeddable":true,"href":"https:\/\/www.sindmoveis.com.br\/es\/wp-json\/wp\/v2\/categories?post=1452"},{"taxonomy":"post_tag","embeddable":true,"href":"https:\/\/www.sindmoveis.com.br\/es\/wp-json\/wp\/v2\/tags?post=1452"}],"curies":[{"name":"wp","href":"https:\/\/api.w.org\/{rel}","templated":true}]}}