{"id":1451,"date":"2019-08-12T00:00:00","date_gmt":"2019-08-12T03:00:00","guid":{"rendered":"http:\/\/sindmoveis.com.br\/imprensa\/noticias\/movelsul-brasil-tem-80-dos-espacos-comercializados\/"},"modified":"2021-05-26T10:31:42","modified_gmt":"2021-05-26T13:31:42","slug":"movelsul-brasil-tem-80-dos-espacos-comercializados","status":"publish","type":"post","link":"https:\/\/www.sindmoveis.com.br\/es\/movelsul-brasil-tem-80-dos-espacos-comercializados\/","title":{"rendered":"Movelsul Brasil tiene 80% de los espacios comercializados"},"content":{"rendered":"<p>Faltando siete meses para Movelsul Brasil 2020, la principal feria de muebles de Am&eacute;rica Latina para el revendedor e importador, la organizaci&oacute;n de la feria est&aacute; cada vez m&aacute;s pr&oacute;xima de la ocupaci&oacute;n total de los espacios. Hasta el momento, 80% del metraje disponible est&aacute; comercializado. Ser&aacute;n cinco pabellones con expositores de alta escala, decoraci&oacute;n, muebles proyectadas y mobiliario corporativo.<\/p>\n<p>Grandes empresas ya han confirmado presencia en la feria, promovida por el Sindicato de las Empresas del Mobiliario de Bento Gon&ccedil;alves &ndash; Sindm&oacute;veis, y uma agenda intensa de proyectos paralelos ampl&iacute;a los atractivos para el p&uacute;blico nacional y extranjero. Empresas como Bertolini, Carraro, Castor Colch&otilde;es, Caemmun, Henn, Herval, Kappesberg, Moval, Santos Andir&aacute; y Tramontina est&aacute;n entre as confirmadas.<\/p>\n<p>A siete meses del inicio de Movelsul Brasil 2020, el directorio de la feria conduce acciones para la atracci&oacute;n de visitantes calificados y otros proyectos especiales para potenciar la generaci&oacute;n de negocios &ndash; a ejemplo de la atracci&oacute;n de revendedores del segmento de <em>e-commerce<\/em> y mobiliario corporativo; la planificaci&oacute;n de rondas de negocios con 100 importadores; la venida de otros 300 compradores nacionales invitados por la feria y la diversificaci&oacute;n del mix de expositores.<\/p>\n<p>El presidente de Sindm&oacute;veis Bento Gon&ccedil;alves, Vinicius Benini, destaca el &eacute;xito de la acci&oacute;n in&eacute;dita de subsidio de stands para micro y peque&ntilde;as empresas. Esa modalidad de apoyo fue creada para empresas locales asociadas de la entidad y el apoyo fue concedido a 20 stands del pabell&oacute;n C de la feria &ndash; con metraje de 25 metros cuadrados, montaje b&aacute;sico incluido y subsidio de 50% por Sindm&oacute;veis. Todos esos espacios ya fueron comercializados. &ldquo;Movelsul tiene espacio para todos: al final, crecer tambi&eacute;n es cuesti&oacute;n de oportunidad&rdquo;, destaca el presidente de Sindm&oacute;veis y de Movelsul Brasil, Vinicius Benini.<\/p>\n<p>&nbsp;<\/p>\n<p><strong>M&aacute;s sobre Movelsul Brasil<\/strong><\/p>\n<p>&nbsp;<\/p>\n<p>Promovida por Sindm&oacute;veis Bento Gon&ccedil;alves, Movelsul Brasil es la mayor plataforma de negocios de Am&eacute;rica Latina para el sector del mobiliario, orquestando un ambiente de ventas e incremento de imagen para la industria de muebles, decoraci&oacute;n y complementos. En su historia, Movelsul Brasil ya tuvo m&aacute;s de 1.700 empresas expositoras. La primera edici&oacute;n de la feria ocurri&oacute; en 1977, a&ntilde;o en que el sector del mobiliario se consolid&oacute; como actividad l&iacute;der en la econom&iacute;a de Bento Gon&ccedil;alves.<\/p>\n<p>La feria es promovida a cada dos a&ntilde;os, reuniendo expositores de los segmentos de oficina, cocina, dormitorios, &aacute;rea de servicio\/lavadero, ba&ntilde;o, muebles para jard&iacute;n, electrodom&eacute;sticos, comedores de diario, juegos de comedor y salas de estar, alfombras, muebles tapizados y colchones. Adem&aacute;s del p&uacute;blico calificado de revendedores brasile&ntilde;os, Movelsul Brasil tiene un fuerte posicionamiento internacional en los mercados de inter&eacute;s para la industria brasile&ntilde;a de muebles<\/p>\n<p>La campa&ntilde;a de comunicaci&oacute;n de Movelsul Brasil 2020 valora los atributos tur&iacute;sticos locales que hacen de Movelsul una feria &uacute;nica en su segmento. El &ldquo;<em>terroir <\/em>mobiliario&rdquo; que la campa&ntilde;a exalta es traducido por el eslogan &ldquo;Dise&ntilde;o es de nuestra Naturaleza&rdquo;, permeando toda la identidad visual de la feria y piezas publicitarias. El concepto defiende que el dise&ntilde;o est&aacute; en el ADN del polo mobiliario de Bento Gon&ccedil;alves, que ese es un ambiente colaborativo, innovador, en que la belleza encuadra el cotidiano de las personas y donde la necesidad de hacer m&aacute;s con menos estructur&oacute; la econom&iacute;a de la colonizaci&oacute;n italiana. Todo ello es dise&ntilde;o: belleza, colaboraci&oacute;n, innovaci&oacute;n y econom&iacute;a.<\/p>\n<p>En 2020, Movelsul Brasil ser&aacute; realizada de 16 a&nbsp;19 de marzo, en el Parque de Eventos de Bento Gon&ccedil;alves.<\/p>\n<p>&nbsp;<\/p>\n<p><strong>Movelsul Brasil 2020<\/strong><\/p>\n<p><strong>Feria de Muebles y complementos para el revendedor e importador<\/strong><\/p>\n<p>&nbsp;<\/p>\n<p><strong>Cu&aacute;ndo<\/strong>: 16 a&nbsp;19 de marzo de 2020, das 12 a las 19h<\/p>\n<p><strong>D&oacute;nde<\/strong>: Parque de Eventos de Bento Gon&ccedil;alves (Alameda Fenavinho, 481)<\/p>\n<p>Entrada gratuita mediante acreditaci&oacute;n. Abierta apenas al p&uacute;blico profesional (revendedores, representantes, arquitectos, dise&ntilde;adores, decoradores, importadores, profesionales de la construcci&oacute;n civil y prensa)<\/p>\n<p>&nbsp;<\/p>\n<p>Para m&aacute;s informaciones:<\/p>\n<p><a href=\"http:\/\/www.movelsul.com.br\/\" target=\"_blank\" rel=\"noopener\">www.movelsul.com.br<\/a><\/p>\n<p><a href=\"http:\/\/www.facebook.com\/movelsul.brasil\" target=\"_blank\" rel=\"noopener\">www.facebook.com\/movelsul.brasil<\/a><\/p>\n<p><a href=\"http:\/\/www.instagram.com\/movelsulbrasil\" target=\"_blank\" rel=\"noopener\">www.instagram.com\/movelsulbrasil<\/a><\/p>\n","protected":false},"excerpt":{"rendered":"<p>Sindm\u00f3veis est\u00e1 recogiendo buenos frutos de proyectos innovadores, como o subsidio de stands para micro y peque\u00f1as empresas asociadas<\/p>\n","protected":false},"author":5,"featured_media":3738,"comment_status":"closed","ping_status":"open","sticky":false,"template":"","format":"standard","meta":{"footnotes":"","_links_to":"","_links_to_target":""},"categories":[23,2],"tags":[],"class_list":["post-1451","post","type-post","status-publish","format-standard","has-post-thumbnail","hentry","category-movelsul","category-sindmoveis"],"yoast_head":"<!-- This site is optimized with the Yoast SEO plugin v27.0 - https:\/\/yoast.com\/product\/yoast-seo-wordpress\/ -->\n<title>Movelsul Brasil tiene 80% de los espacios comercializados - Sindm\u00f3veis-RS<\/title>\n<meta name=\"robots\" content=\"index, follow, max-snippet:-1, max-image-preview:large, max-video-preview:-1\" \/>\n<link rel=\"canonical\" href=\"https:\/\/www.sindmoveis.com.br\/es\/movelsul-brasil-tem-80-dos-espacos-comercializados\/\" \/>\n<meta property=\"og:locale\" content=\"es_ES\" \/>\n<meta property=\"og:type\" content=\"article\" \/>\n<meta property=\"og:title\" content=\"Movelsul Brasil tiene 80% de los espacios comercializados - Sindm\u00f3veis-RS\" \/>\n<meta property=\"og:description\" content=\"Sindm\u00f3veis est\u00e1 recogiendo buenos frutos de proyectos innovadores, como o subsidio de stands para micro y peque\u00f1as empresas asociadas\" \/>\n<meta property=\"og:url\" content=\"https:\/\/www.sindmoveis.com.br\/es\/movelsul-brasil-tem-80-dos-espacos-comercializados\/\" \/>\n<meta property=\"og:site_name\" content=\"Sindm\u00f3veis-RS\" \/>\n<meta property=\"article:published_time\" content=\"2019-08-12T03:00:00+00:00\" \/>\n<meta property=\"article:modified_time\" content=\"2021-05-26T13:31:42+00:00\" \/>\n<meta property=\"og:image\" content=\"https:\/\/www.sindmoveis.com.br\/es\/wp-content\/uploads\/2021\/05\/p1565610273.jpg\" \/>\n\t<meta property=\"og:image:width\" content=\"1969\" \/>\n\t<meta property=\"og:image:height\" content=\"1312\" \/>\n\t<meta property=\"og:image:type\" content=\"image\/jpeg\" \/>\n<meta name=\"author\" content=\"Imprensa Sindm\u00f3veis\" \/>\n<meta name=\"twitter:card\" content=\"summary_large_image\" \/>\n<meta name=\"twitter:label1\" content=\"Escrito por\" \/>\n\t<meta name=\"twitter:data1\" content=\"Imprensa Sindm\u00f3veis\" \/>\n\t<meta name=\"twitter:label2\" content=\"Tiempo de lectura\" \/>\n\t<meta name=\"twitter:data2\" content=\"4 minutos\" \/>\n<script type=\"application\/ld+json\" class=\"yoast-schema-graph\">{\"@context\":\"https:\/\/schema.org\",\"@graph\":[{\"@type\":\"Article\",\"@id\":\"https:\/\/www.sindmoveis.com.br\/es\/movelsul-brasil-tem-80-dos-espacos-comercializados\/#article\",\"isPartOf\":{\"@id\":\"https:\/\/www.sindmoveis.com.br\/es\/movelsul-brasil-tem-80-dos-espacos-comercializados\/\"},\"author\":{\"name\":\"Imprensa Sindm\u00f3veis\",\"@id\":\"https:\/\/www.sindmoveis.com.br\/es\/#\/schema\/person\/16d379542db1950a17fe188179340d57\"},\"headline\":\"Movelsul Brasil tiene 80% de los espacios comercializados\",\"datePublished\":\"2019-08-12T03:00:00+00:00\",\"dateModified\":\"2021-05-26T13:31:42+00:00\",\"mainEntityOfPage\":{\"@id\":\"https:\/\/www.sindmoveis.com.br\/es\/movelsul-brasil-tem-80-dos-espacos-comercializados\/\"},\"wordCount\":794,\"image\":{\"@id\":\"https:\/\/www.sindmoveis.com.br\/es\/movelsul-brasil-tem-80-dos-espacos-comercializados\/#primaryimage\"},\"thumbnailUrl\":\"https:\/\/www.sindmoveis.com.br\/es\/wp-content\/uploads\/2021\/05\/p1565610273.jpg\",\"articleSection\":[\"Movelsul\",\"Sindm\u00f3veis\"],\"inLanguage\":\"es\"},{\"@type\":\"WebPage\",\"@id\":\"https:\/\/www.sindmoveis.com.br\/es\/movelsul-brasil-tem-80-dos-espacos-comercializados\/\",\"url\":\"https:\/\/www.sindmoveis.com.br\/es\/movelsul-brasil-tem-80-dos-espacos-comercializados\/\",\"name\":\"Movelsul Brasil tiene 80% de los espacios comercializados - Sindm\u00f3veis-RS\",\"isPartOf\":{\"@id\":\"https:\/\/www.sindmoveis.com.br\/es\/#website\"},\"primaryImageOfPage\":{\"@id\":\"https:\/\/www.sindmoveis.com.br\/es\/movelsul-brasil-tem-80-dos-espacos-comercializados\/#primaryimage\"},\"image\":{\"@id\":\"https:\/\/www.sindmoveis.com.br\/es\/movelsul-brasil-tem-80-dos-espacos-comercializados\/#primaryimage\"},\"thumbnailUrl\":\"https:\/\/www.sindmoveis.com.br\/es\/wp-content\/uploads\/2021\/05\/p1565610273.jpg\",\"datePublished\":\"2019-08-12T03:00:00+00:00\",\"dateModified\":\"2021-05-26T13:31:42+00:00\",\"author\":{\"@id\":\"https:\/\/www.sindmoveis.com.br\/es\/#\/schema\/person\/16d379542db1950a17fe188179340d57\"},\"inLanguage\":\"es\",\"potentialAction\":[{\"@type\":\"ReadAction\",\"target\":[\"https:\/\/www.sindmoveis.com.br\/es\/movelsul-brasil-tem-80-dos-espacos-comercializados\/\"]}]},{\"@type\":\"ImageObject\",\"inLanguage\":\"es\",\"@id\":\"https:\/\/www.sindmoveis.com.br\/es\/movelsul-brasil-tem-80-dos-espacos-comercializados\/#primaryimage\",\"url\":\"https:\/\/www.sindmoveis.com.br\/es\/wp-content\/uploads\/2021\/05\/p1565610273.jpg\",\"contentUrl\":\"https:\/\/www.sindmoveis.com.br\/es\/wp-content\/uploads\/2021\/05\/p1565610273.jpg\",\"width\":1969,\"height\":1312},{\"@type\":\"WebSite\",\"@id\":\"https:\/\/www.sindmoveis.com.br\/es\/#website\",\"url\":\"https:\/\/www.sindmoveis.com.br\/es\/\",\"name\":\"Sindm\u00f3veis-RS\",\"description\":\"\",\"potentialAction\":[{\"@type\":\"SearchAction\",\"target\":{\"@type\":\"EntryPoint\",\"urlTemplate\":\"https:\/\/www.sindmoveis.com.br\/es\/?s={search_term_string}\"},\"query-input\":{\"@type\":\"PropertyValueSpecification\",\"valueRequired\":true,\"valueName\":\"search_term_string\"}}],\"inLanguage\":\"es\"},{\"@type\":\"Person\",\"@id\":\"https:\/\/www.sindmoveis.com.br\/es\/#\/schema\/person\/16d379542db1950a17fe188179340d57\",\"name\":\"Imprensa Sindm\u00f3veis\",\"image\":{\"@type\":\"ImageObject\",\"inLanguage\":\"es\",\"@id\":\"https:\/\/www.sindmoveis.com.br\/es\/#\/schema\/person\/image\/\",\"url\":\"https:\/\/secure.gravatar.com\/avatar\/4973e2e2c2a0cb5db30b0c7b770041b8e33d048a16b695a1f99c042449d4bfaf?s=96&d=mm&r=g\",\"contentUrl\":\"https:\/\/secure.gravatar.com\/avatar\/4973e2e2c2a0cb5db30b0c7b770041b8e33d048a16b695a1f99c042449d4bfaf?s=96&d=mm&r=g\",\"caption\":\"Imprensa Sindm\u00f3veis\"},\"url\":\"https:\/\/www.sindmoveis.com.br\/es\/author\/ana\/\"}]}<\/script>\n<!-- \/ Yoast SEO plugin. -->","yoast_head_json":{"title":"Movelsul Brasil tiene 80% de los espacios comercializados - Sindm\u00f3veis-RS","robots":{"index":"index","follow":"follow","max-snippet":"max-snippet:-1","max-image-preview":"max-image-preview:large","max-video-preview":"max-video-preview:-1"},"canonical":"https:\/\/www.sindmoveis.com.br\/es\/movelsul-brasil-tem-80-dos-espacos-comercializados\/","og_locale":"es_ES","og_type":"article","og_title":"Movelsul Brasil tiene 80% de los espacios comercializados - Sindm\u00f3veis-RS","og_description":"Sindm\u00f3veis est\u00e1 recogiendo buenos frutos de proyectos innovadores, como o subsidio de stands para micro y peque\u00f1as empresas asociadas","og_url":"https:\/\/www.sindmoveis.com.br\/es\/movelsul-brasil-tem-80-dos-espacos-comercializados\/","og_site_name":"Sindm\u00f3veis-RS","article_published_time":"2019-08-12T03:00:00+00:00","article_modified_time":"2021-05-26T13:31:42+00:00","og_image":[{"width":1969,"height":1312,"url":"https:\/\/www.sindmoveis.com.br\/es\/wp-content\/uploads\/2021\/05\/p1565610273.jpg","type":"image\/jpeg"}],"author":"Imprensa Sindm\u00f3veis","twitter_card":"summary_large_image","twitter_misc":{"Escrito por":"Imprensa Sindm\u00f3veis","Tiempo de lectura":"4 minutos"},"schema":{"@context":"https:\/\/schema.org","@graph":[{"@type":"Article","@id":"https:\/\/www.sindmoveis.com.br\/es\/movelsul-brasil-tem-80-dos-espacos-comercializados\/#article","isPartOf":{"@id":"https:\/\/www.sindmoveis.com.br\/es\/movelsul-brasil-tem-80-dos-espacos-comercializados\/"},"author":{"name":"Imprensa Sindm\u00f3veis","@id":"https:\/\/www.sindmoveis.com.br\/es\/#\/schema\/person\/16d379542db1950a17fe188179340d57"},"headline":"Movelsul Brasil tiene 80% de los espacios comercializados","datePublished":"2019-08-12T03:00:00+00:00","dateModified":"2021-05-26T13:31:42+00:00","mainEntityOfPage":{"@id":"https:\/\/www.sindmoveis.com.br\/es\/movelsul-brasil-tem-80-dos-espacos-comercializados\/"},"wordCount":794,"image":{"@id":"https:\/\/www.sindmoveis.com.br\/es\/movelsul-brasil-tem-80-dos-espacos-comercializados\/#primaryimage"},"thumbnailUrl":"https:\/\/www.sindmoveis.com.br\/es\/wp-content\/uploads\/2021\/05\/p1565610273.jpg","articleSection":["Movelsul","Sindm\u00f3veis"],"inLanguage":"es"},{"@type":"WebPage","@id":"https:\/\/www.sindmoveis.com.br\/es\/movelsul-brasil-tem-80-dos-espacos-comercializados\/","url":"https:\/\/www.sindmoveis.com.br\/es\/movelsul-brasil-tem-80-dos-espacos-comercializados\/","name":"Movelsul Brasil tiene 80% de los espacios comercializados - Sindm\u00f3veis-RS","isPartOf":{"@id":"https:\/\/www.sindmoveis.com.br\/es\/#website"},"primaryImageOfPage":{"@id":"https:\/\/www.sindmoveis.com.br\/es\/movelsul-brasil-tem-80-dos-espacos-comercializados\/#primaryimage"},"image":{"@id":"https:\/\/www.sindmoveis.com.br\/es\/movelsul-brasil-tem-80-dos-espacos-comercializados\/#primaryimage"},"thumbnailUrl":"https:\/\/www.sindmoveis.com.br\/es\/wp-content\/uploads\/2021\/05\/p1565610273.jpg","datePublished":"2019-08-12T03:00:00+00:00","dateModified":"2021-05-26T13:31:42+00:00","author":{"@id":"https:\/\/www.sindmoveis.com.br\/es\/#\/schema\/person\/16d379542db1950a17fe188179340d57"},"inLanguage":"es","potentialAction":[{"@type":"ReadAction","target":["https:\/\/www.sindmoveis.com.br\/es\/movelsul-brasil-tem-80-dos-espacos-comercializados\/"]}]},{"@type":"ImageObject","inLanguage":"es","@id":"https:\/\/www.sindmoveis.com.br\/es\/movelsul-brasil-tem-80-dos-espacos-comercializados\/#primaryimage","url":"https:\/\/www.sindmoveis.com.br\/es\/wp-content\/uploads\/2021\/05\/p1565610273.jpg","contentUrl":"https:\/\/www.sindmoveis.com.br\/es\/wp-content\/uploads\/2021\/05\/p1565610273.jpg","width":1969,"height":1312},{"@type":"WebSite","@id":"https:\/\/www.sindmoveis.com.br\/es\/#website","url":"https:\/\/www.sindmoveis.com.br\/es\/","name":"Sindm\u00f3veis-RS","description":"","potentialAction":[{"@type":"SearchAction","target":{"@type":"EntryPoint","urlTemplate":"https:\/\/www.sindmoveis.com.br\/es\/?s={search_term_string}"},"query-input":{"@type":"PropertyValueSpecification","valueRequired":true,"valueName":"search_term_string"}}],"inLanguage":"es"},{"@type":"Person","@id":"https:\/\/www.sindmoveis.com.br\/es\/#\/schema\/person\/16d379542db1950a17fe188179340d57","name":"Imprensa Sindm\u00f3veis","image":{"@type":"ImageObject","inLanguage":"es","@id":"https:\/\/www.sindmoveis.com.br\/es\/#\/schema\/person\/image\/","url":"https:\/\/secure.gravatar.com\/avatar\/4973e2e2c2a0cb5db30b0c7b770041b8e33d048a16b695a1f99c042449d4bfaf?s=96&d=mm&r=g","contentUrl":"https:\/\/secure.gravatar.com\/avatar\/4973e2e2c2a0cb5db30b0c7b770041b8e33d048a16b695a1f99c042449d4bfaf?s=96&d=mm&r=g","caption":"Imprensa Sindm\u00f3veis"},"url":"https:\/\/www.sindmoveis.com.br\/es\/author\/ana\/"}]}},"_links":{"self":[{"href":"https:\/\/www.sindmoveis.com.br\/es\/wp-json\/wp\/v2\/posts\/1451","targetHints":{"allow":["GET"]}}],"collection":[{"href":"https:\/\/www.sindmoveis.com.br\/es\/wp-json\/wp\/v2\/posts"}],"about":[{"href":"https:\/\/www.sindmoveis.com.br\/es\/wp-json\/wp\/v2\/types\/post"}],"author":[{"embeddable":true,"href":"https:\/\/www.sindmoveis.com.br\/es\/wp-json\/wp\/v2\/users\/5"}],"replies":[{"embeddable":true,"href":"https:\/\/www.sindmoveis.com.br\/es\/wp-json\/wp\/v2\/comments?post=1451"}],"version-history":[{"count":2,"href":"https:\/\/www.sindmoveis.com.br\/es\/wp-json\/wp\/v2\/posts\/1451\/revisions"}],"predecessor-version":[{"id":3737,"href":"https:\/\/www.sindmoveis.com.br\/es\/wp-json\/wp\/v2\/posts\/1451\/revisions\/3737"}],"wp:featuredmedia":[{"embeddable":true,"href":"https:\/\/www.sindmoveis.com.br\/es\/wp-json\/wp\/v2\/media\/3738"}],"wp:attachment":[{"href":"https:\/\/www.sindmoveis.com.br\/es\/wp-json\/wp\/v2\/media?parent=1451"}],"wp:term":[{"taxonomy":"category","embeddable":true,"href":"https:\/\/www.sindmoveis.com.br\/es\/wp-json\/wp\/v2\/categories?post=1451"},{"taxonomy":"post_tag","embeddable":true,"href":"https:\/\/www.sindmoveis.com.br\/es\/wp-json\/wp\/v2\/tags?post=1451"}],"curies":[{"name":"wp","href":"https:\/\/api.w.org\/{rel}","templated":true}]}}